{"id":34276,"date":"2023-08-06T14:42:42","date_gmt":"2023-08-06T13:42:42","guid":{"rendered":"https:\/\/wirtschaftlichefreiheit.de\/wordpress\/?p=34276"},"modified":"2026-04-22T17:00:45","modified_gmt":"2026-04-22T16:00:45","slug":"podcastein-industriestromtarif-fuer-deutschlandfuehrt-die-bruecke-ins-nichts","status":"publish","type":"post","link":"https:\/\/wirtschaftlichefreiheit.de\/wordpress\/?p=34276","title":{"rendered":"<b>Podcast<\/b><br>Industriestromtarif f\u00fcr Deutschland<br><b>Eine Br\u00fccke ins Nichts?<\/b>"},"content":{"rendered":"\n<p>Der industrielle Sektor ist noch immer das Herzst\u00fcck der deutschen Wirtschaft. Nun droht aber die Gefahr einer schleichenden De-Industrialisierung. Energieintensive Industriebranchen, wie Chemie, Stahl und Glas, sind in Schwierigkeiten. Hohe Energie- und Strompreise machen ihnen das Leben schwer. Sie fordern staatliche Hilfe. Und Robert Habeck, der gr\u00fcne Wirtschaftsminister, ist bereit, sie zu gew\u00e4hren. Ein staatlich subventionierter Industriestrompreis soll es richten. Das sehen nicht alle als sinnvoll an. Der unabh\u00e4ngige Wissenschaftliche Beirat beim Bundesministerium der Finanzen hat Mitte Juli 2023 eine Stellungnahme zu einem Industriestromtarif in Deutschland ver\u00f6ffentlicht. Er sieht den Vorschlag kritisch und r\u00e4t der Bundesregierung davon ab, ihn einzuf\u00fchren. Auch die Mehrheit der Mitglieder des Sachverst\u00e4ndigenrates hat sich skeptisch ge\u00e4u\u00dfert. Mit Alfons Weichenrieder, dem stellvertretenden Vorsitzenden des Wissenschaftlichen Beirats beim BMF, habe ich \u00fcber die Idee eines Industriestrompreises und m\u00f6glicher ordnungskonformer Alternativen gesprochen.<\/p>\n\n\n\n<p><strong>Prof. Dr. Norbert Berthold<\/strong> (Julius-Maximillians-Universit\u00e4t W\u00fcrzburg) im Gespr\u00e4ch mit <strong>Prof. Dr. Alfons Weichenrieder <\/strong>(Johann Wolfgang Goethe-Universit\u00e4t Frankfurt)<\/p>\n\n\n\n<!--more-->\n\n\n\n<p><strong>Aus dem Inhalt:<\/strong><\/p>\n\n\n\n<p>Einleitung (00:26) +++<\/p>\n\n\n\n<p>Warum sind einzelne Branchen in Schwierigkeiten und fordern einen subventionierten Industriestrompreis? Weshalb ist der Strompreis zu einem Problem f\u00fcr die Industrie geworden? (1:51) +++<\/p>\n\n\n\n<p>Die Industrie subventioniert den Strom schon l\u00e4nger. Was sind die wichtigsten Subventionen? Warum werden sie gew\u00e4hrt? (09:00) +++<\/p>\n\n\n\n<p>Wie will die Politik einen Industriestrompreis ausgestalten? Welche Auflagen sollen mit dem \u201eBr\u00fcckenstrompreis\u201c verbunden werden? (13:29) +++<\/p>\n\n\n\n<p>Die Stellungnahme des Wissenschaftlichen Beirats: Aus welchen Gr\u00fcnden lehnt der Beirat den Industriestrompreis ab? (20:42) +++<\/p>\n\n\n\n<p>Was w\u00e4ren m\u00f6gliche Alternativen zum angedachten Industriestrompreis? (31:11) +++<\/p>\n\n\n\n<figure class=\"wp-block-embed is-type-rich is-provider-spotify wp-block-embed-spotify wp-embed-aspect-21-9 wp-has-aspect-ratio\"><div class=\"wp-block-embed__wrapper\">\n<iframe title=\"Spotify Embed: Ein Industriestrompreis f\u00fcr Deutschland \u2013 F\u00fchrt die Br\u00fccke ins Nichts?\" style=\"border-radius: 12px\" width=\"100%\" height=\"152\" frameborder=\"0\" allowfullscreen allow=\"autoplay; clipboard-write; encrypted-media; fullscreen; picture-in-picture\" loading=\"lazy\" src=\"https:\/\/open.spotify.com\/embed\/episode\/5RuvGjdaQBFea376IjxTON?si=CMQY1SijT8SqKP4mbqfrdA&#038;utm_source=oembed\"><\/iframe>\n<\/div><\/figure>\n\n\n\n<p><strong>Die Teilnehmer:<\/strong><\/p>\n\n\n\n<p><strong>Prof. Dr. Alfons Weichenrieder <\/strong>ist Professor f\u00fcr Finanzwissenschaft an der Johann Wolfgang Goethe-Universit\u00e4t Frankfurt. Er war an der LMU in M\u00fcnchen und der Woodrow Wilson School der Princeton University t\u00e4tig. Seit 2010 ist er auch Gastprofessor an der Wirtschaftsuniversit\u00e4t Wien, seit 2023 stellvertretender Vorsitzender des Wissenschaftlichen Beirats beim BMF.<\/p>\n\n\n\n<p><strong>Prof. Dr. Norbert Berthold <\/strong>ist Professor (em.) f\u00fcr Volkswirtschaftslehre, insbesondere Wirtschaftsordnung und Sozialpolitik an der Julius-Maximilians-Universit\u00e4t W\u00fcrzburg. Er war an den Universit\u00e4ten Freiburg, M\u00fcnster, Basel, Hamburg, Konstanz, D\u00fcsseldorf und W\u00fcrzburg t\u00e4tig.&nbsp;Norbert Berthold ist Initiator und Betreiber des \u00d6konomen-Blogs \u201eWirtschaftliche Freiheit\u201c und damit auch Namensgeber und Initiator dieses Podcasts.<\/p>\n\n\n\n<p><strong>Blog-Beitrag zum Thema:<\/strong><\/p>\n\n\n\n<p>Norbert Berthold (JMU, 2023): <a href=\"https:\/\/wirtschaftlichefreiheit.de\/wordpress\/?p=34363\">Industriestrompreis. Eine Br\u00fccke nach Nirgendwo? An schlechter Politik herrscht kein Mangel<\/a><\/p>\n\n\n\n<p>Ver\u00f6ffentlicht am <a href=\"https:\/\/wirtschaftlichefreiheit.de\/wordpress\/?p=34363\"><time datetime=\"2023-08-14T00:13:00+01:00\">14. August 2023<\/time><\/a> von <a href=\"https:\/\/wirtschaftlichefreiheit.de\/wordpress\/?author=7\">Norbert Berthold<\/a><\/p>\n<!-- AddThis Advanced Settings generic via filter on the_content --><!-- AddThis Share Buttons generic via filter on the_content --><!-- AddThis Related Posts generic via filter on the_content -->","protected":false},"excerpt":{"rendered":"<p>Der industrielle Sektor ist noch immer das Herzst\u00fcck der deutschen Wirtschaft. Nun droht aber die Gefahr einer schleichenden De-Industrialisierung. Energieintensive Industriebranchen, wie Chemie, Stahl und &hellip; <\/p>\n<p class=\"link-more\"><a href=\"https:\/\/wirtschaftlichefreiheit.de\/wordpress\/?p=34276\" class=\"more-link\"><span class=\"screen-reader-text\">\u201e<b>Podcast<\/b><br \/>Industriestromtarif f\u00fcr Deutschland<br \/><b>Eine Br\u00fccke ins Nichts?<\/b>\u201c <\/span>weiterlesen<\/a><\/p>\n<p><!-- AddThis Advanced Settings generic via filter on wp_trim_excerpt --><!-- AddThis Share Buttons generic via filter on wp_trim_excerpt --><!-- AddThis Related Posts generic via filter on wp_trim_excerpt --><\/p>\n","protected":false},"author":58,"featured_media":34306,"comment_status":"open","ping_status":"open","sticky":false,"template":"","format":"standard","meta":{"footnotes":""},"categories":[10,4378,4289],"tags":[4504,4505,4506],"class_list":["post-34276","post","type-post","status-publish","format-standard","has-post-thumbnail","hentry","category-fiskalisches","category-podcasts","category-strukturpolitisches","tag-industriestromtarif","tag-weichenrieder","tag-wissenschaflicher-beirat-beim-bmf"],"yoast_head":"<!-- This site is optimized with the Yoast SEO plugin v27.2 - https:\/\/yoast.com\/product\/yoast-seo-wordpress\/ -->\n<title>PodcastIndustriestromtarif f\u00fcr DeutschlandEine Br\u00fccke ins Nichts? - Wirtschaftliche Freiheit<\/title>\n<meta name=\"robots\" content=\"index, follow, max-snippet:-1, max-image-preview:large, max-video-preview:-1\" \/>\n<link rel=\"canonical\" href=\"https:\/\/wirtschaftlichefreiheit.de\/wordpress\/?p=34276\" \/>\n<meta property=\"og:locale\" content=\"de_DE\" \/>\n<meta property=\"og:type\" content=\"article\" \/>\n<meta property=\"og:title\" content=\"PodcastIndustriestromtarif f\u00fcr DeutschlandEine Br\u00fccke ins Nichts? - Wirtschaftliche Freiheit\" \/>\n<meta property=\"og:description\" content=\"Der industrielle Sektor ist noch immer das Herzst\u00fcck der deutschen Wirtschaft. Nun droht aber die Gefahr einer schleichenden De-Industrialisierung. Energieintensive Industriebranchen, wie Chemie, Stahl und &hellip; \u201ePodcastIndustriestromtarif f\u00fcr DeutschlandEine Br\u00fccke ins Nichts?\u201c weiterlesen\" \/>\n<meta property=\"og:url\" content=\"https:\/\/wirtschaftlichefreiheit.de\/wordpress\/?p=34276\" \/>\n<meta property=\"og:site_name\" content=\"Wirtschaftliche Freiheit\" \/>\n<meta property=\"article:published_time\" content=\"2023-08-06T13:42:42+00:00\" \/>\n<meta property=\"article:modified_time\" content=\"2026-04-22T16:00:45+00:00\" \/>\n<meta property=\"og:image\" content=\"http:\/\/wirtschaftlichefreiheit.de\/wordpress\/bilder\/weichbert3.png\" \/>\n\t<meta property=\"og:image:width\" content=\"2079\" \/>\n\t<meta property=\"og:image:height\" content=\"1299\" \/>\n\t<meta property=\"og:image:type\" content=\"image\/png\" \/>\n<meta name=\"author\" content=\"Wirtschaftliche Freiheit\" \/>\n<meta name=\"twitter:card\" content=\"summary_large_image\" \/>\n<meta name=\"twitter:label1\" content=\"Verfasst von\" \/>\n\t<meta name=\"twitter:data1\" content=\"Wirtschaftliche Freiheit\" \/>\n\t<meta name=\"twitter:label2\" content=\"Gesch\u00e4tzte Lesezeit\" \/>\n\t<meta name=\"twitter:data2\" content=\"3\u00a0Minuten\" \/>\n<script type=\"application\/ld+json\" class=\"yoast-schema-graph\">{\"@context\":\"https:\/\/schema.org\",\"@graph\":[{\"@type\":\"Article\",\"@id\":\"https:\/\/wirtschaftlichefreiheit.de\/wordpress\/?p=34276#article\",\"isPartOf\":{\"@id\":\"https:\/\/wirtschaftlichefreiheit.de\/wordpress\/?p=34276\"},\"author\":{\"name\":\"Wirtschaftliche Freiheit\",\"@id\":\"https:\/\/wirtschaftlichefreiheit.de\/wordpress\/#\/schema\/person\/788618a184d31b0801c59c1fadd473c4\"},\"headline\":\"Podcast Industriestromtarif f\u00fcr Deutschland Eine Br\u00fccke ins Nichts?\",\"datePublished\":\"2023-08-06T13:42:42+00:00\",\"dateModified\":\"2026-04-22T16:00:45+00:00\",\"mainEntityOfPage\":{\"@id\":\"https:\/\/wirtschaftlichefreiheit.de\/wordpress\/?p=34276\"},\"wordCount\":409,\"commentCount\":0,\"image\":{\"@id\":\"https:\/\/wirtschaftlichefreiheit.de\/wordpress\/?p=34276#primaryimage\"},\"thumbnailUrl\":\"https:\/\/wirtschaftlichefreiheit.de\/wordpress\/bilder\/weichbert3.png\",\"keywords\":[\"Industriestromtarif\",\"Weichenrieder\",\"Wissenschaflicher Beirat beim BMF\"],\"articleSection\":[\"Fiskalisches\",\"Podcasts (neu)\",\"Strukturpolitisches\"],\"inLanguage\":\"de\",\"potentialAction\":[{\"@type\":\"CommentAction\",\"name\":\"Comment\",\"target\":[\"https:\/\/wirtschaftlichefreiheit.de\/wordpress\/?p=34276#respond\"]}]},{\"@type\":\"WebPage\",\"@id\":\"https:\/\/wirtschaftlichefreiheit.de\/wordpress\/?p=34276\",\"url\":\"https:\/\/wirtschaftlichefreiheit.de\/wordpress\/?p=34276\",\"name\":\"Podcast Industriestromtarif f\u00fcr Deutschland Eine Br\u00fccke ins Nichts? - Wirtschaftliche Freiheit\",\"isPartOf\":{\"@id\":\"https:\/\/wirtschaftlichefreiheit.de\/wordpress\/#website\"},\"primaryImageOfPage\":{\"@id\":\"https:\/\/wirtschaftlichefreiheit.de\/wordpress\/?p=34276#primaryimage\"},\"image\":{\"@id\":\"https:\/\/wirtschaftlichefreiheit.de\/wordpress\/?p=34276#primaryimage\"},\"thumbnailUrl\":\"https:\/\/wirtschaftlichefreiheit.de\/wordpress\/bilder\/weichbert3.png\",\"datePublished\":\"2023-08-06T13:42:42+00:00\",\"dateModified\":\"2026-04-22T16:00:45+00:00\",\"author\":{\"@id\":\"https:\/\/wirtschaftlichefreiheit.de\/wordpress\/#\/schema\/person\/788618a184d31b0801c59c1fadd473c4\"},\"breadcrumb\":{\"@id\":\"https:\/\/wirtschaftlichefreiheit.de\/wordpress\/?p=34276#breadcrumb\"},\"inLanguage\":\"de\",\"potentialAction\":[{\"@type\":\"ReadAction\",\"target\":[\"https:\/\/wirtschaftlichefreiheit.de\/wordpress\/?p=34276\"]}]},{\"@type\":\"ImageObject\",\"inLanguage\":\"de\",\"@id\":\"https:\/\/wirtschaftlichefreiheit.de\/wordpress\/?p=34276#primaryimage\",\"url\":\"https:\/\/wirtschaftlichefreiheit.de\/wordpress\/bilder\/weichbert3.png\",\"contentUrl\":\"https:\/\/wirtschaftlichefreiheit.de\/wordpress\/bilder\/weichbert3.png\",\"width\":2079,\"height\":1299},{\"@type\":\"BreadcrumbList\",\"@id\":\"https:\/\/wirtschaftlichefreiheit.de\/wordpress\/?p=34276#breadcrumb\",\"itemListElement\":[{\"@type\":\"ListItem\",\"position\":1,\"name\":\"Startseite\",\"item\":\"https:\/\/wirtschaftlichefreiheit.de\/wordpress\"},{\"@type\":\"ListItem\",\"position\":2,\"name\":\"PodcastIndustriestromtarif f\u00fcr DeutschlandEine Br\u00fccke ins Nichts?\"}]},{\"@type\":\"WebSite\",\"@id\":\"https:\/\/wirtschaftlichefreiheit.de\/wordpress\/#website\",\"url\":\"https:\/\/wirtschaftlichefreiheit.de\/wordpress\/\",\"name\":\"Wirtschaftliche Freiheit\",\"description\":\"Das ordnungspolitische Journal\",\"potentialAction\":[{\"@type\":\"SearchAction\",\"target\":{\"@type\":\"EntryPoint\",\"urlTemplate\":\"https:\/\/wirtschaftlichefreiheit.de\/wordpress\/?s={search_term_string}\"},\"query-input\":{\"@type\":\"PropertyValueSpecification\",\"valueRequired\":true,\"valueName\":\"search_term_string\"}}],\"inLanguage\":\"de\"},{\"@type\":\"Person\",\"@id\":\"https:\/\/wirtschaftlichefreiheit.de\/wordpress\/#\/schema\/person\/788618a184d31b0801c59c1fadd473c4\",\"name\":\"Wirtschaftliche Freiheit\",\"image\":{\"@type\":\"ImageObject\",\"inLanguage\":\"de\",\"@id\":\"https:\/\/wirtschaftlichefreiheit.de\/wordpress\/bilder\/189780_211178845564593_6670846_n.jpg\",\"url\":\"https:\/\/wirtschaftlichefreiheit.de\/wordpress\/bilder\/189780_211178845564593_6670846_n.jpg\",\"contentUrl\":\"https:\/\/wirtschaftlichefreiheit.de\/wordpress\/bilder\/189780_211178845564593_6670846_n.jpg\",\"caption\":\"Wirtschaftliche Freiheit\"},\"description\":\"Das ordnungspolitische Journal\",\"url\":\"https:\/\/wirtschaftlichefreiheit.de\/wordpress\/?author=58\"}]}<\/script>\n<!-- \/ Yoast SEO plugin. -->","yoast_head_json":{"title":"PodcastIndustriestromtarif f\u00fcr DeutschlandEine Br\u00fccke ins Nichts? - Wirtschaftliche Freiheit","robots":{"index":"index","follow":"follow","max-snippet":"max-snippet:-1","max-image-preview":"max-image-preview:large","max-video-preview":"max-video-preview:-1"},"canonical":"https:\/\/wirtschaftlichefreiheit.de\/wordpress\/?p=34276","og_locale":"de_DE","og_type":"article","og_title":"PodcastIndustriestromtarif f\u00fcr DeutschlandEine Br\u00fccke ins Nichts? - Wirtschaftliche Freiheit","og_description":"Der industrielle Sektor ist noch immer das Herzst\u00fcck der deutschen Wirtschaft. Nun droht aber die Gefahr einer schleichenden De-Industrialisierung. Energieintensive Industriebranchen, wie Chemie, Stahl und &hellip; \u201ePodcastIndustriestromtarif f\u00fcr DeutschlandEine Br\u00fccke ins Nichts?\u201c weiterlesen","og_url":"https:\/\/wirtschaftlichefreiheit.de\/wordpress\/?p=34276","og_site_name":"Wirtschaftliche Freiheit","article_published_time":"2023-08-06T13:42:42+00:00","article_modified_time":"2026-04-22T16:00:45+00:00","og_image":[{"width":2079,"height":1299,"url":"http:\/\/wirtschaftlichefreiheit.de\/wordpress\/bilder\/weichbert3.png","type":"image\/png"}],"author":"Wirtschaftliche Freiheit","twitter_card":"summary_large_image","twitter_misc":{"Verfasst von":"Wirtschaftliche Freiheit","Gesch\u00e4tzte Lesezeit":"3\u00a0Minuten"},"schema":{"@context":"https:\/\/schema.org","@graph":[{"@type":"Article","@id":"https:\/\/wirtschaftlichefreiheit.de\/wordpress\/?p=34276#article","isPartOf":{"@id":"https:\/\/wirtschaftlichefreiheit.de\/wordpress\/?p=34276"},"author":{"name":"Wirtschaftliche Freiheit","@id":"https:\/\/wirtschaftlichefreiheit.de\/wordpress\/#\/schema\/person\/788618a184d31b0801c59c1fadd473c4"},"headline":"Podcast Industriestromtarif f\u00fcr Deutschland Eine Br\u00fccke ins Nichts?","datePublished":"2023-08-06T13:42:42+00:00","dateModified":"2026-04-22T16:00:45+00:00","mainEntityOfPage":{"@id":"https:\/\/wirtschaftlichefreiheit.de\/wordpress\/?p=34276"},"wordCount":409,"commentCount":0,"image":{"@id":"https:\/\/wirtschaftlichefreiheit.de\/wordpress\/?p=34276#primaryimage"},"thumbnailUrl":"https:\/\/wirtschaftlichefreiheit.de\/wordpress\/bilder\/weichbert3.png","keywords":["Industriestromtarif","Weichenrieder","Wissenschaflicher Beirat beim BMF"],"articleSection":["Fiskalisches","Podcasts (neu)","Strukturpolitisches"],"inLanguage":"de","potentialAction":[{"@type":"CommentAction","name":"Comment","target":["https:\/\/wirtschaftlichefreiheit.de\/wordpress\/?p=34276#respond"]}]},{"@type":"WebPage","@id":"https:\/\/wirtschaftlichefreiheit.de\/wordpress\/?p=34276","url":"https:\/\/wirtschaftlichefreiheit.de\/wordpress\/?p=34276","name":"Podcast Industriestromtarif f\u00fcr Deutschland Eine Br\u00fccke ins Nichts? - Wirtschaftliche Freiheit","isPartOf":{"@id":"https:\/\/wirtschaftlichefreiheit.de\/wordpress\/#website"},"primaryImageOfPage":{"@id":"https:\/\/wirtschaftlichefreiheit.de\/wordpress\/?p=34276#primaryimage"},"image":{"@id":"https:\/\/wirtschaftlichefreiheit.de\/wordpress\/?p=34276#primaryimage"},"thumbnailUrl":"https:\/\/wirtschaftlichefreiheit.de\/wordpress\/bilder\/weichbert3.png","datePublished":"2023-08-06T13:42:42+00:00","dateModified":"2026-04-22T16:00:45+00:00","author":{"@id":"https:\/\/wirtschaftlichefreiheit.de\/wordpress\/#\/schema\/person\/788618a184d31b0801c59c1fadd473c4"},"breadcrumb":{"@id":"https:\/\/wirtschaftlichefreiheit.de\/wordpress\/?p=34276#breadcrumb"},"inLanguage":"de","potentialAction":[{"@type":"ReadAction","target":["https:\/\/wirtschaftlichefreiheit.de\/wordpress\/?p=34276"]}]},{"@type":"ImageObject","inLanguage":"de","@id":"https:\/\/wirtschaftlichefreiheit.de\/wordpress\/?p=34276#primaryimage","url":"https:\/\/wirtschaftlichefreiheit.de\/wordpress\/bilder\/weichbert3.png","contentUrl":"https:\/\/wirtschaftlichefreiheit.de\/wordpress\/bilder\/weichbert3.png","width":2079,"height":1299},{"@type":"BreadcrumbList","@id":"https:\/\/wirtschaftlichefreiheit.de\/wordpress\/?p=34276#breadcrumb","itemListElement":[{"@type":"ListItem","position":1,"name":"Startseite","item":"https:\/\/wirtschaftlichefreiheit.de\/wordpress"},{"@type":"ListItem","position":2,"name":"PodcastIndustriestromtarif f\u00fcr DeutschlandEine Br\u00fccke ins Nichts?"}]},{"@type":"WebSite","@id":"https:\/\/wirtschaftlichefreiheit.de\/wordpress\/#website","url":"https:\/\/wirtschaftlichefreiheit.de\/wordpress\/","name":"Wirtschaftliche Freiheit","description":"Das ordnungspolitische Journal","potentialAction":[{"@type":"SearchAction","target":{"@type":"EntryPoint","urlTemplate":"https:\/\/wirtschaftlichefreiheit.de\/wordpress\/?s={search_term_string}"},"query-input":{"@type":"PropertyValueSpecification","valueRequired":true,"valueName":"search_term_string"}}],"inLanguage":"de"},{"@type":"Person","@id":"https:\/\/wirtschaftlichefreiheit.de\/wordpress\/#\/schema\/person\/788618a184d31b0801c59c1fadd473c4","name":"Wirtschaftliche Freiheit","image":{"@type":"ImageObject","inLanguage":"de","@id":"https:\/\/wirtschaftlichefreiheit.de\/wordpress\/bilder\/189780_211178845564593_6670846_n.jpg","url":"https:\/\/wirtschaftlichefreiheit.de\/wordpress\/bilder\/189780_211178845564593_6670846_n.jpg","contentUrl":"https:\/\/wirtschaftlichefreiheit.de\/wordpress\/bilder\/189780_211178845564593_6670846_n.jpg","caption":"Wirtschaftliche Freiheit"},"description":"Das ordnungspolitische Journal","url":"https:\/\/wirtschaftlichefreiheit.de\/wordpress\/?author=58"}]}},"_links":{"self":[{"href":"https:\/\/wirtschaftlichefreiheit.de\/wordpress\/index.php?rest_route=\/wp\/v2\/posts\/34276","targetHints":{"allow":["GET"]}}],"collection":[{"href":"https:\/\/wirtschaftlichefreiheit.de\/wordpress\/index.php?rest_route=\/wp\/v2\/posts"}],"about":[{"href":"https:\/\/wirtschaftlichefreiheit.de\/wordpress\/index.php?rest_route=\/wp\/v2\/types\/post"}],"author":[{"embeddable":true,"href":"https:\/\/wirtschaftlichefreiheit.de\/wordpress\/index.php?rest_route=\/wp\/v2\/users\/58"}],"replies":[{"embeddable":true,"href":"https:\/\/wirtschaftlichefreiheit.de\/wordpress\/index.php?rest_route=%2Fwp%2Fv2%2Fcomments&post=34276"}],"version-history":[{"count":18,"href":"https:\/\/wirtschaftlichefreiheit.de\/wordpress\/index.php?rest_route=\/wp\/v2\/posts\/34276\/revisions"}],"predecessor-version":[{"id":38331,"href":"https:\/\/wirtschaftlichefreiheit.de\/wordpress\/index.php?rest_route=\/wp\/v2\/posts\/34276\/revisions\/38331"}],"wp:featuredmedia":[{"embeddable":true,"href":"https:\/\/wirtschaftlichefreiheit.de\/wordpress\/index.php?rest_route=\/wp\/v2\/media\/34306"}],"wp:attachment":[{"href":"https:\/\/wirtschaftlichefreiheit.de\/wordpress\/index.php?rest_route=%2Fwp%2Fv2%2Fmedia&parent=34276"}],"wp:term":[{"taxonomy":"category","embeddable":true,"href":"https:\/\/wirtschaftlichefreiheit.de\/wordpress\/index.php?rest_route=%2Fwp%2Fv2%2Fcategories&post=34276"},{"taxonomy":"post_tag","embeddable":true,"href":"https:\/\/wirtschaftlichefreiheit.de\/wordpress\/index.php?rest_route=%2Fwp%2Fv2%2Ftags&post=34276"}],"curies":[{"name":"wp","href":"https:\/\/api.w.org\/{rel}","templated":true}]}}