{"id":34919,"date":"2023-10-16T00:03:00","date_gmt":"2023-10-15T23:03:00","guid":{"rendered":"https:\/\/wirtschaftlichefreiheit.de\/wordpress\/?p=34919"},"modified":"2023-10-16T06:01:11","modified_gmt":"2023-10-16T05:01:11","slug":"oekonomie-in-bildernder-naechste-winter-kommt-bestimmt","status":"publish","type":"post","link":"https:\/\/wirtschaftlichefreiheit.de\/wordpress\/?p=34919","title":{"rendered":"<b>\u00d6konomie in Bildern<\/b><br>Der n\u00e4chste Winter kommt bestimmt"},"content":{"rendered":"\n<p>Gro\u00dfe Sorgen um kalte Heizungen im kommenden Winter machen sich in Deutschland aktuell wohl nur wenige Menschen. Zurecht. Der F\u00fcllstand der Gasspeicher liegt hierzulande bei 97 Prozent und damit deutlich h\u00f6her als vor einem Jahr. Die Speicher decken den deutschen Gasbedarf etwa zwei kalte Wintermonate lang. Auch bei den Preisen hat sich die Lage entspannt. Der durchschnittliche Erdgaspreis f\u00fcr Haushalte in Einfamilienh\u00e4usern ist im bisherigen Jahresmittel 2023 gegen\u00fcber dem vergangenen Jahr um rund ein Viertel gesunken; er ist allerdings weiter deutlich h\u00f6her als vor der Energiekrise in Folge der russischen Invasion in der Ukraine. \u2013 Text und Foto (aus dem Schwarzwald):&nbsp;<a href=\"https:\/\/pixeloekonom.de\" target=\"_blank\" rel=\"noreferrer noopener\">Pixel\u00f6konom<\/a><\/p>\n<!-- AddThis Advanced Settings generic via filter on the_content --><!-- AddThis Share Buttons generic via filter on the_content --><!-- AddThis Related Posts generic via filter on the_content -->","protected":false},"excerpt":{"rendered":"<p>Gro\u00dfe Sorgen um kalte Heizungen im kommenden Winter machen sich in Deutschland aktuell wohl nur wenige Menschen. Zurecht. Der F\u00fcllstand der Gasspeicher liegt hierzulande bei &hellip; <\/p>\n<p class=\"link-more\"><a href=\"https:\/\/wirtschaftlichefreiheit.de\/wordpress\/?p=34919\" class=\"more-link\"><span class=\"screen-reader-text\">\u201e<b>\u00d6konomie in Bildern<\/b><br \/>Der n\u00e4chste Winter kommt bestimmt\u201c <\/span>weiterlesen<\/a><\/p>\n<p><!-- AddThis Advanced Settings generic via filter on wp_trim_excerpt --><!-- AddThis Share Buttons generic via filter on wp_trim_excerpt --><!-- AddThis Related Posts generic via filter on wp_trim_excerpt --><\/p>\n","protected":false},"author":422,"featured_media":34921,"comment_status":"open","ping_status":"open","sticky":false,"template":"","format":"standard","meta":{"footnotes":""},"categories":[1213],"tags":[3938,4553,4542],"class_list":["post-34919","post","type-post","status-publish","format-standard","has-post-thumbnail","hentry","category-energiepolitisches","tag-eber","tag-gasspeicher","tag-wintersport"],"yoast_head":"<!-- This site is optimized with the Yoast SEO plugin v27.2 - https:\/\/yoast.com\/product\/yoast-seo-wordpress\/ -->\n<title>\u00d6konomie in BildernDer n\u00e4chste Winter kommt bestimmt - Wirtschaftliche Freiheit<\/title>\n<meta name=\"robots\" content=\"index, follow, max-snippet:-1, max-image-preview:large, max-video-preview:-1\" \/>\n<link rel=\"canonical\" href=\"https:\/\/wirtschaftlichefreiheit.de\/wordpress\/?p=34919\" \/>\n<meta property=\"og:locale\" content=\"de_DE\" \/>\n<meta property=\"og:type\" content=\"article\" \/>\n<meta property=\"og:title\" content=\"\u00d6konomie in BildernDer n\u00e4chste Winter kommt bestimmt - Wirtschaftliche Freiheit\" \/>\n<meta property=\"og:description\" content=\"Gro\u00dfe Sorgen um kalte Heizungen im kommenden Winter machen sich in Deutschland aktuell wohl nur wenige Menschen. Zurecht. Der F\u00fcllstand der Gasspeicher liegt hierzulande bei &hellip; \u201e\u00d6konomie in BildernDer n\u00e4chste Winter kommt bestimmt\u201c weiterlesen\" \/>\n<meta property=\"og:url\" content=\"https:\/\/wirtschaftlichefreiheit.de\/wordpress\/?p=34919\" \/>\n<meta property=\"og:site_name\" content=\"Wirtschaftliche Freiheit\" \/>\n<meta property=\"article:published_time\" content=\"2023-10-15T23:03:00+00:00\" \/>\n<meta property=\"article:modified_time\" content=\"2023-10-16T05:01:11+00:00\" \/>\n<meta property=\"og:image\" content=\"http:\/\/wirtschaftlichefreiheit.de\/wordpress\/bilder\/schwarz.jpeg\" \/>\n\t<meta property=\"og:image:width\" content=\"1280\" \/>\n\t<meta property=\"og:image:height\" content=\"853\" \/>\n\t<meta property=\"og:image:type\" content=\"image\/jpeg\" \/>\n<meta name=\"author\" content=\"The Strolling Economist\" \/>\n<meta name=\"twitter:card\" content=\"summary_large_image\" \/>\n<meta name=\"twitter:label1\" content=\"Verfasst von\" \/>\n\t<meta name=\"twitter:data1\" content=\"The Strolling Economist\" \/>\n\t<meta name=\"twitter:label2\" content=\"Gesch\u00e4tzte Lesezeit\" \/>\n\t<meta name=\"twitter:data2\" content=\"1\u00a0Minute\" \/>\n<script type=\"application\/ld+json\" class=\"yoast-schema-graph\">{\"@context\":\"https:\/\/schema.org\",\"@graph\":[{\"@type\":\"Article\",\"@id\":\"https:\/\/wirtschaftlichefreiheit.de\/wordpress\/?p=34919#article\",\"isPartOf\":{\"@id\":\"https:\/\/wirtschaftlichefreiheit.de\/wordpress\/?p=34919\"},\"author\":{\"name\":\"The Strolling Economist\",\"@id\":\"https:\/\/wirtschaftlichefreiheit.de\/wordpress\/#\/schema\/person\/44d935ad87e803cf017d7b8a812da015\"},\"headline\":\"\u00d6konomie in Bildern Der n\u00e4chste Winter kommt bestimmt\",\"datePublished\":\"2023-10-15T23:03:00+00:00\",\"dateModified\":\"2023-10-16T05:01:11+00:00\",\"mainEntityOfPage\":{\"@id\":\"https:\/\/wirtschaftlichefreiheit.de\/wordpress\/?p=34919\"},\"wordCount\":117,\"commentCount\":0,\"image\":{\"@id\":\"https:\/\/wirtschaftlichefreiheit.de\/wordpress\/?p=34919#primaryimage\"},\"thumbnailUrl\":\"https:\/\/wirtschaftlichefreiheit.de\/wordpress\/bilder\/schwarz.jpeg\",\"keywords\":[\"Eber\",\"Gasspeicher\",\"Wintersport\"],\"articleSection\":[\"Energiepolitisches\"],\"inLanguage\":\"de\",\"potentialAction\":[{\"@type\":\"CommentAction\",\"name\":\"Comment\",\"target\":[\"https:\/\/wirtschaftlichefreiheit.de\/wordpress\/?p=34919#respond\"]}]},{\"@type\":\"WebPage\",\"@id\":\"https:\/\/wirtschaftlichefreiheit.de\/wordpress\/?p=34919\",\"url\":\"https:\/\/wirtschaftlichefreiheit.de\/wordpress\/?p=34919\",\"name\":\"\u00d6konomie in Bildern Der n\u00e4chste Winter kommt bestimmt - Wirtschaftliche Freiheit\",\"isPartOf\":{\"@id\":\"https:\/\/wirtschaftlichefreiheit.de\/wordpress\/#website\"},\"primaryImageOfPage\":{\"@id\":\"https:\/\/wirtschaftlichefreiheit.de\/wordpress\/?p=34919#primaryimage\"},\"image\":{\"@id\":\"https:\/\/wirtschaftlichefreiheit.de\/wordpress\/?p=34919#primaryimage\"},\"thumbnailUrl\":\"https:\/\/wirtschaftlichefreiheit.de\/wordpress\/bilder\/schwarz.jpeg\",\"datePublished\":\"2023-10-15T23:03:00+00:00\",\"dateModified\":\"2023-10-16T05:01:11+00:00\",\"author\":{\"@id\":\"https:\/\/wirtschaftlichefreiheit.de\/wordpress\/#\/schema\/person\/44d935ad87e803cf017d7b8a812da015\"},\"breadcrumb\":{\"@id\":\"https:\/\/wirtschaftlichefreiheit.de\/wordpress\/?p=34919#breadcrumb\"},\"inLanguage\":\"de\",\"potentialAction\":[{\"@type\":\"ReadAction\",\"target\":[\"https:\/\/wirtschaftlichefreiheit.de\/wordpress\/?p=34919\"]}]},{\"@type\":\"ImageObject\",\"inLanguage\":\"de\",\"@id\":\"https:\/\/wirtschaftlichefreiheit.de\/wordpress\/?p=34919#primaryimage\",\"url\":\"https:\/\/wirtschaftlichefreiheit.de\/wordpress\/bilder\/schwarz.jpeg\",\"contentUrl\":\"https:\/\/wirtschaftlichefreiheit.de\/wordpress\/bilder\/schwarz.jpeg\",\"width\":1280,\"height\":853},{\"@type\":\"BreadcrumbList\",\"@id\":\"https:\/\/wirtschaftlichefreiheit.de\/wordpress\/?p=34919#breadcrumb\",\"itemListElement\":[{\"@type\":\"ListItem\",\"position\":1,\"name\":\"Startseite\",\"item\":\"https:\/\/wirtschaftlichefreiheit.de\/wordpress\"},{\"@type\":\"ListItem\",\"position\":2,\"name\":\"\u00d6konomie in BildernDer n\u00e4chste Winter kommt bestimmt\"}]},{\"@type\":\"WebSite\",\"@id\":\"https:\/\/wirtschaftlichefreiheit.de\/wordpress\/#website\",\"url\":\"https:\/\/wirtschaftlichefreiheit.de\/wordpress\/\",\"name\":\"Wirtschaftliche Freiheit\",\"description\":\"Das ordnungspolitische Journal\",\"potentialAction\":[{\"@type\":\"SearchAction\",\"target\":{\"@type\":\"EntryPoint\",\"urlTemplate\":\"https:\/\/wirtschaftlichefreiheit.de\/wordpress\/?s={search_term_string}\"},\"query-input\":{\"@type\":\"PropertyValueSpecification\",\"valueRequired\":true,\"valueName\":\"search_term_string\"}}],\"inLanguage\":\"de\"},{\"@type\":\"Person\",\"@id\":\"https:\/\/wirtschaftlichefreiheit.de\/wordpress\/#\/schema\/person\/44d935ad87e803cf017d7b8a812da015\",\"name\":\"The Strolling Economist\",\"image\":{\"@type\":\"ImageObject\",\"inLanguage\":\"de\",\"@id\":\"https:\/\/wirtschaftlichefreiheit.de\/wordpress\/bilder\/eber123.jpg\",\"url\":\"https:\/\/wirtschaftlichefreiheit.de\/wordpress\/bilder\/eber123.jpg\",\"contentUrl\":\"https:\/\/wirtschaftlichefreiheit.de\/wordpress\/bilder\/eber123.jpg\",\"caption\":\"The Strolling Economist\"},\"description\":\"Johannes Eber ist der Strolling Economist. Er ist \u00d6konom aus Berlin mit einer Vorliebe f\u00fcr Fotografie.\",\"url\":\"https:\/\/wirtschaftlichefreiheit.de\/wordpress\/?author=422\"}]}<\/script>\n<!-- \/ Yoast SEO plugin. -->","yoast_head_json":{"title":"\u00d6konomie in BildernDer n\u00e4chste Winter kommt bestimmt - Wirtschaftliche Freiheit","robots":{"index":"index","follow":"follow","max-snippet":"max-snippet:-1","max-image-preview":"max-image-preview:large","max-video-preview":"max-video-preview:-1"},"canonical":"https:\/\/wirtschaftlichefreiheit.de\/wordpress\/?p=34919","og_locale":"de_DE","og_type":"article","og_title":"\u00d6konomie in BildernDer n\u00e4chste Winter kommt bestimmt - Wirtschaftliche Freiheit","og_description":"Gro\u00dfe Sorgen um kalte Heizungen im kommenden Winter machen sich in Deutschland aktuell wohl nur wenige Menschen. Zurecht. Der F\u00fcllstand der Gasspeicher liegt hierzulande bei &hellip; \u201e\u00d6konomie in BildernDer n\u00e4chste Winter kommt bestimmt\u201c weiterlesen","og_url":"https:\/\/wirtschaftlichefreiheit.de\/wordpress\/?p=34919","og_site_name":"Wirtschaftliche Freiheit","article_published_time":"2023-10-15T23:03:00+00:00","article_modified_time":"2023-10-16T05:01:11+00:00","og_image":[{"width":1280,"height":853,"url":"http:\/\/wirtschaftlichefreiheit.de\/wordpress\/bilder\/schwarz.jpeg","type":"image\/jpeg"}],"author":"The Strolling Economist","twitter_card":"summary_large_image","twitter_misc":{"Verfasst von":"The Strolling Economist","Gesch\u00e4tzte Lesezeit":"1\u00a0Minute"},"schema":{"@context":"https:\/\/schema.org","@graph":[{"@type":"Article","@id":"https:\/\/wirtschaftlichefreiheit.de\/wordpress\/?p=34919#article","isPartOf":{"@id":"https:\/\/wirtschaftlichefreiheit.de\/wordpress\/?p=34919"},"author":{"name":"The Strolling Economist","@id":"https:\/\/wirtschaftlichefreiheit.de\/wordpress\/#\/schema\/person\/44d935ad87e803cf017d7b8a812da015"},"headline":"\u00d6konomie in Bildern Der n\u00e4chste Winter kommt bestimmt","datePublished":"2023-10-15T23:03:00+00:00","dateModified":"2023-10-16T05:01:11+00:00","mainEntityOfPage":{"@id":"https:\/\/wirtschaftlichefreiheit.de\/wordpress\/?p=34919"},"wordCount":117,"commentCount":0,"image":{"@id":"https:\/\/wirtschaftlichefreiheit.de\/wordpress\/?p=34919#primaryimage"},"thumbnailUrl":"https:\/\/wirtschaftlichefreiheit.de\/wordpress\/bilder\/schwarz.jpeg","keywords":["Eber","Gasspeicher","Wintersport"],"articleSection":["Energiepolitisches"],"inLanguage":"de","potentialAction":[{"@type":"CommentAction","name":"Comment","target":["https:\/\/wirtschaftlichefreiheit.de\/wordpress\/?p=34919#respond"]}]},{"@type":"WebPage","@id":"https:\/\/wirtschaftlichefreiheit.de\/wordpress\/?p=34919","url":"https:\/\/wirtschaftlichefreiheit.de\/wordpress\/?p=34919","name":"\u00d6konomie in Bildern Der n\u00e4chste Winter kommt bestimmt - Wirtschaftliche Freiheit","isPartOf":{"@id":"https:\/\/wirtschaftlichefreiheit.de\/wordpress\/#website"},"primaryImageOfPage":{"@id":"https:\/\/wirtschaftlichefreiheit.de\/wordpress\/?p=34919#primaryimage"},"image":{"@id":"https:\/\/wirtschaftlichefreiheit.de\/wordpress\/?p=34919#primaryimage"},"thumbnailUrl":"https:\/\/wirtschaftlichefreiheit.de\/wordpress\/bilder\/schwarz.jpeg","datePublished":"2023-10-15T23:03:00+00:00","dateModified":"2023-10-16T05:01:11+00:00","author":{"@id":"https:\/\/wirtschaftlichefreiheit.de\/wordpress\/#\/schema\/person\/44d935ad87e803cf017d7b8a812da015"},"breadcrumb":{"@id":"https:\/\/wirtschaftlichefreiheit.de\/wordpress\/?p=34919#breadcrumb"},"inLanguage":"de","potentialAction":[{"@type":"ReadAction","target":["https:\/\/wirtschaftlichefreiheit.de\/wordpress\/?p=34919"]}]},{"@type":"ImageObject","inLanguage":"de","@id":"https:\/\/wirtschaftlichefreiheit.de\/wordpress\/?p=34919#primaryimage","url":"https:\/\/wirtschaftlichefreiheit.de\/wordpress\/bilder\/schwarz.jpeg","contentUrl":"https:\/\/wirtschaftlichefreiheit.de\/wordpress\/bilder\/schwarz.jpeg","width":1280,"height":853},{"@type":"BreadcrumbList","@id":"https:\/\/wirtschaftlichefreiheit.de\/wordpress\/?p=34919#breadcrumb","itemListElement":[{"@type":"ListItem","position":1,"name":"Startseite","item":"https:\/\/wirtschaftlichefreiheit.de\/wordpress"},{"@type":"ListItem","position":2,"name":"\u00d6konomie in BildernDer n\u00e4chste Winter kommt bestimmt"}]},{"@type":"WebSite","@id":"https:\/\/wirtschaftlichefreiheit.de\/wordpress\/#website","url":"https:\/\/wirtschaftlichefreiheit.de\/wordpress\/","name":"Wirtschaftliche Freiheit","description":"Das ordnungspolitische Journal","potentialAction":[{"@type":"SearchAction","target":{"@type":"EntryPoint","urlTemplate":"https:\/\/wirtschaftlichefreiheit.de\/wordpress\/?s={search_term_string}"},"query-input":{"@type":"PropertyValueSpecification","valueRequired":true,"valueName":"search_term_string"}}],"inLanguage":"de"},{"@type":"Person","@id":"https:\/\/wirtschaftlichefreiheit.de\/wordpress\/#\/schema\/person\/44d935ad87e803cf017d7b8a812da015","name":"The Strolling Economist","image":{"@type":"ImageObject","inLanguage":"de","@id":"https:\/\/wirtschaftlichefreiheit.de\/wordpress\/bilder\/eber123.jpg","url":"https:\/\/wirtschaftlichefreiheit.de\/wordpress\/bilder\/eber123.jpg","contentUrl":"https:\/\/wirtschaftlichefreiheit.de\/wordpress\/bilder\/eber123.jpg","caption":"The Strolling Economist"},"description":"Johannes Eber ist der Strolling Economist. Er ist \u00d6konom aus Berlin mit einer Vorliebe f\u00fcr Fotografie.","url":"https:\/\/wirtschaftlichefreiheit.de\/wordpress\/?author=422"}]}},"_links":{"self":[{"href":"https:\/\/wirtschaftlichefreiheit.de\/wordpress\/index.php?rest_route=\/wp\/v2\/posts\/34919","targetHints":{"allow":["GET"]}}],"collection":[{"href":"https:\/\/wirtschaftlichefreiheit.de\/wordpress\/index.php?rest_route=\/wp\/v2\/posts"}],"about":[{"href":"https:\/\/wirtschaftlichefreiheit.de\/wordpress\/index.php?rest_route=\/wp\/v2\/types\/post"}],"author":[{"embeddable":true,"href":"https:\/\/wirtschaftlichefreiheit.de\/wordpress\/index.php?rest_route=\/wp\/v2\/users\/422"}],"replies":[{"embeddable":true,"href":"https:\/\/wirtschaftlichefreiheit.de\/wordpress\/index.php?rest_route=%2Fwp%2Fv2%2Fcomments&post=34919"}],"version-history":[{"count":3,"href":"https:\/\/wirtschaftlichefreiheit.de\/wordpress\/index.php?rest_route=\/wp\/v2\/posts\/34919\/revisions"}],"predecessor-version":[{"id":35112,"href":"https:\/\/wirtschaftlichefreiheit.de\/wordpress\/index.php?rest_route=\/wp\/v2\/posts\/34919\/revisions\/35112"}],"wp:featuredmedia":[{"embeddable":true,"href":"https:\/\/wirtschaftlichefreiheit.de\/wordpress\/index.php?rest_route=\/wp\/v2\/media\/34921"}],"wp:attachment":[{"href":"https:\/\/wirtschaftlichefreiheit.de\/wordpress\/index.php?rest_route=%2Fwp%2Fv2%2Fmedia&parent=34919"}],"wp:term":[{"taxonomy":"category","embeddable":true,"href":"https:\/\/wirtschaftlichefreiheit.de\/wordpress\/index.php?rest_route=%2Fwp%2Fv2%2Fcategories&post=34919"},{"taxonomy":"post_tag","embeddable":true,"href":"https:\/\/wirtschaftlichefreiheit.de\/wordpress\/index.php?rest_route=%2Fwp%2Fv2%2Ftags&post=34919"}],"curies":[{"name":"wp","href":"https:\/\/api.w.org\/{rel}","templated":true}]}}