{"id":35466,"date":"2023-12-17T00:10:00","date_gmt":"2023-12-16T23:10:00","guid":{"rendered":"https:\/\/wirtschaftlichefreiheit.de\/wordpress\/?p=35466"},"modified":"2023-12-17T08:01:20","modified_gmt":"2023-12-17T07:01:20","slug":"gastbeitragdie-klimakonferenz-ist-tot-es-lebe-der-klimaklub","status":"publish","type":"post","link":"https:\/\/wirtschaftlichefreiheit.de\/wordpress\/?p=35466","title":{"rendered":"<b>Gastbeitrag<\/b><br>Die Klimakonferenz ist tot, es lebe der Klimaklub"},"content":{"rendered":"\n<p>Die Weltklimakonferenz in Dubai ist mit einem Minimalkompromiss zu Ende gegangen, welche dem Weltklima vermutlich wenig helfen wird. Das liegt nicht an der Unf\u00e4hig- oder Unwilligkeit der Akteure, sondern an der Systematik der Konferenz.&nbsp;<\/p>\n\n\n\n<p>Was ich damit meine.&nbsp;&nbsp;<\/p>\n\n\n\n<p>Die Vereinbarungen der Weltklimakonferenzen beruhen auf Freiwilligkeit. Sie bleiben in der Folge regelm\u00e4\u00dfig hinter den notwendigen Ma\u00dfnahmen zur\u00fcck. Es wird zu wenig getan. Weil jedes Handeln in der kurzen Frist Geld, Ressourcen, Wohlstand kostet. Und weil die einen hoffen, dass die anderen handeln. Weil das am profitabelsten ist. Nichts tun und trotzdem profitieren.<\/p>\n\n\n\n<p>Freiwilligkeit ist nicht die L\u00f6sung des globalen Klimaproblems, sie ist deren Ursache.&nbsp;<\/p>\n\n\n\n<p>Es sei die einzige M\u00f6glichkeit, die wir haben, sagen viele. Wir h\u00e4tten eben keine Weltregierung, die eine konsistente Klimapolitik durchsetzen k\u00f6nnte. Das stimmt. Und vielleicht ist das auch gut so, denn was w\u00e4re zum Beispiel, wenn diese Weltregierung eine nicht-demokratische w\u00e4re?<\/p>\n\n\n\n<p>Der Punkt aber ist: Wir brauchen gar keine Weltregierung, um alle Staaten zum effektiven Mitmachen beim Klimaschutz zu bewegen.&nbsp;&nbsp;&nbsp;<\/p>\n\n\n\n<p>Die \u00d6konomik hat schon lange erkannt, warum es das Klimaproblem gibt und was dagegen zu tun ist.&nbsp;<\/p>\n\n\n\n<p>Das Mitmach-Problem der Staaten liegt am sogenannten Trittbrettfahrer-Verhalten (free-rider behavior). Es ist ein typisches Dilemma menschlicher Interaktion. Es entsteht, wenn etwas geschaffen oder vorhanden ist, das von allen genutzt werden kann, eben auch von denen, die zu deren Bereitstellung nichts beigetragen haben und die bei der Mitnutzung nicht belangt werden k\u00f6nnen.&nbsp;<\/p>\n\n\n\n<p>Viele dieser \u201eG\u00fcter\u201c sind so selbstverst\u00e4ndlich, dass wir dar\u00fcber nie nachdenken. Warum etwa ist die Stra\u00dfenbeleuchtung kein privates Gut? Warum gibt es nicht Anbieter von Stra\u00dfenbeleuchtung, die von denen nachgefragt werden, die sich Stra\u00dfenbeleuchtung w\u00fcnschen? Warum also gibt es keinen Markt f\u00fcr Stra\u00dfenlaternen? Weil Stra\u00dfenbeleuchtung ein \u00f6ffentliches Gut ist. W\u00fcrde es wie ein privates Gut behandelt, w\u00fcrde sich ein Trittbrettfahrerverhalten einstellen. Nicht alle Nutzer dieser G\u00fcter w\u00e4ren bereit, f\u00fcr deren Entstehungs- und Unterhaltskosten aufzukommen. Warum soll ich Stra\u00dfenlaternen kaufen, wenn andere sie kostenlos mitnutzen k\u00f6nnen? Sollen doch andere ihr Geld daf\u00fcr ausgeben! Das Ende vom Lied: In der Stadt w\u00e4re es nachts weitgehend dunkel. Es g\u00e4be viel zu wenig Stra\u00dfenlaternen, obwohl sich doch fast alle eine Stra\u00dfenbeleuchtung w\u00fcnschen. Jeder handelt aus seiner Sicht bestm\u00f6glich, im Ergebnis stellen sich alle schlechter. Ein Dilemma.<\/p>\n\n\n\n<p>Weil es \u00f6ffentliche G\u00fcter gibt, braucht es den Staat. Er l\u00f6st das Dilemma auf, er repariert das Marktversagen, wie \u00d6konomen sagen. Der Staat stellt die Stra\u00dfenbeleuchtung bereit und finanziert sie \u00fcber Abgaben und Steuern. Zum Wohle aller.<\/p>\n\n\n\n<p>Die Stra\u00dfenbeleuchtung ist nur <em>ein <\/em>Beispiel. Das Trittbrettfahrer-Problem gibt es in vielen Bereichen menschlichen Zusammenlebens. Die \u00fcberm\u00e4\u00dfige Nutzung unserer Lebensgrundlagen geh\u00f6rt ebenfalls dazu. Die Abholzung von W\u00e4ldern, die \u00dcberfischung der Meere und eben auch der viel zu hohe CO2-Aussto\u00df.&nbsp;<\/p>\n\n\n\n<p>Jedes neuere Lehrbuch der \u00d6konomik kennt diese Beispiele. Und jedes enth\u00e4lt auch L\u00f6sungen. Und zwar eben auch, wenn das Trittbrettfahrerverhalten \u00fcber L\u00e4ndergrenzen hinweg stattfindet, wenn also die CO2-Reduzierungsbem\u00fchungen des einen Landes dazu f\u00fchren, die Reduzierungsbem\u00fchungen des anderen Landes zu schm\u00e4lern, weil eben dieses andere Land von den Anstrengungen des CO2-reduzierenden Landes profitiert, ohne selbst die Kosten daf\u00fcr tragen zu m\u00fcssen.&nbsp;<\/p>\n\n\n\n<p>Appelle und Zielvereinbarungen, wie sie etwa auf Weltklimakonferenzen beschlossen werden, z\u00e4hlen nicht zu diesen \u00f6konomischen L\u00f6sungsvorschl\u00e4gen.&nbsp;<\/p>\n\n\n\n<p>Was dagegen die \u00d6konomik r\u00e4t: Findet Regeln, die es f\u00fcr alle Beteiligten lohnend machen, sich am Klimaschutz zu beteiligen!<\/p>\n\n\n\n<p>Denn Menschen wie Staaten stehen auf Anreize. K\u00f6nnen sie ihre eigene Situation besser machen, tun sie das in der Regel. Profitieren dagegen vom eigenen Aufwand vor allem Dritte, wird die Bereitschaft deutlich niedriger ausfallen.<\/p>\n\n\n\n<p>Was wir also brauchen, ist ein weltweites System, das CO2-Einsparung lohnend macht, und zwar konkret f\u00fcr jene, die CO2 einsparen. Wie aber l\u00f6sen wir also das Trittbrettfahrer-Problem, wenn es keine Weltregierung gibt?<\/p>\n\n\n\n<p>Indem willige Klimaschutz-L\u00e4nder einen Klimaklub gr\u00fcnden. Der \u00d6konom William Nordhaus hat unter anderem daf\u00fcr den Nobelpreis erhalten. Die Klimaklub-L\u00e4nder vereinbaren Reduktionsziele f\u00fcr jedes Klubland; noch besser, sie gr\u00fcnden einen Emissionshandelssystem an dem sich alle Klubstaaten beteiligen. Wer sich an die vereinbarten Ziele h\u00e4lt, ist Teil des Klubs. Und erh\u00e4lt Klubvorteile. Wer nicht dabei ist, hat mit deutlichen Nachteilen zu rechnen. So gro\u00dfen Nachteilen, dass es sich lohnt, Teil des Klimaklubs zu werden.&nbsp;<\/p>\n\n\n\n<p>Die Vorteile f\u00fcr Klubstaaten w\u00e4ren im Kern der Freihandel innerhalb dieser Staaten. Wer nicht dabei ist, m\u00fcsste f\u00fcr seine (CO2-intensiven) Importe in die Klubstaaten eine Steuer bezahlen. Und zwar eine so hohe Steuer, dass es sich lohnt, Teil des Klubs zu werden \u2013 und damit sich den Emissionszielen zu verpflichten. Sanfter Druck statt Weltregierung. Anreize statt Appelle. Die Europ\u00e4ische Union geht aktuell mit ihrem <a href=\"http:\/\/wikipedia\/\" target=\"_blank\" rel=\"noreferrer noopener\">CO2-Grenzausgleichssystem<\/a> bereits in diese Richtung.&nbsp;&nbsp;<\/p>\n\n\n\n<p>Klimarettung w\u00fcrde so zur Win-Win-Situation f\u00fcr alle. Das Ringen um Zielvereinbarungen auf Klimakonferenzen, von denen schon bei der Unterschrift jeder wei\u00df, dass sie erstens nicht ausreichend sind und zweitens in vollem Umfang nie erf\u00fcllt werden, w\u00fcrde so Geschichte werden.&nbsp;<\/p>\n\n\n\n<p>Das w\u00e4re dann nicht schlimm, wenn die Krise als Chance gesehen w\u00fcrde. Hin zu mehr Ordnungspolitik in der Weltpolitik. Die setzt nicht auf Appelle, sondern auf Regeln und Anreize. Gesellschaften leben dann in Wohlstand, wenn diese so gesetzt sind, dass individuelles Handeln zum Wohle aller f\u00fchrt. Wir sollten dieses Prinzip auch bei der Rettung des Klimas anwenden. Minimalkompromisse wie<a href=\"https:\/\/www.ndr.de\/nachrichten\/info\/COP28-Beschluss-Entwurf-ohne-verbindlichen-Ausstieg-aus-Fossilen,audio1528112.html\" target=\"_blank\" rel=\"noreferrer noopener\"> bei der COP28 in Dubai<\/a> helfen der Politik, ihr Gesicht zu wahren. Sie werden vermutlich nicht das Weltklima retten.<\/p>\n<!-- AddThis Advanced Settings generic via filter on the_content --><!-- AddThis Share Buttons generic via filter on the_content --><!-- AddThis Related Posts generic via filter on the_content -->","protected":false},"excerpt":{"rendered":"<p>Die Weltklimakonferenz in Dubai ist mit einem Minimalkompromiss zu Ende gegangen, welche dem Weltklima vermutlich wenig helfen wird. Das liegt nicht an der Unf\u00e4hig- oder &hellip; <\/p>\n<p class=\"link-more\"><a href=\"https:\/\/wirtschaftlichefreiheit.de\/wordpress\/?p=35466\" class=\"more-link\"><span class=\"screen-reader-text\">\u201e<b>Gastbeitrag<\/b><br \/>Die Klimakonferenz ist tot, es lebe der Klimaklub\u201c <\/span>weiterlesen<\/a><\/p>\n<p><!-- AddThis Advanced Settings generic via filter on wp_trim_excerpt --><!-- AddThis Share Buttons generic via filter on wp_trim_excerpt --><!-- AddThis Related Posts generic via filter on wp_trim_excerpt --><\/p>\n","protected":false},"author":53,"featured_media":35470,"comment_status":"open","ping_status":"open","sticky":false,"template":"","format":"standard","meta":{"footnotes":""},"categories":[1841],"tags":[3938,3984,4578],"class_list":["post-35466","post","type-post","status-publish","format-standard","has-post-thumbnail","hentry","category-klimatisches","tag-eber","tag-klimaclub","tag-klimakonferenz"],"yoast_head":"<!-- This site is optimized with the Yoast SEO plugin v27.2 - https:\/\/yoast.com\/product\/yoast-seo-wordpress\/ -->\n<title>GastbeitragDie Klimakonferenz ist tot, es lebe der Klimaklub - Wirtschaftliche Freiheit<\/title>\n<meta name=\"robots\" content=\"index, follow, max-snippet:-1, max-image-preview:large, max-video-preview:-1\" \/>\n<link rel=\"canonical\" href=\"https:\/\/wirtschaftlichefreiheit.de\/wordpress\/?p=35466\" \/>\n<meta property=\"og:locale\" content=\"de_DE\" \/>\n<meta property=\"og:type\" content=\"article\" \/>\n<meta property=\"og:title\" content=\"GastbeitragDie Klimakonferenz ist tot, es lebe der Klimaklub - Wirtschaftliche Freiheit\" \/>\n<meta property=\"og:description\" content=\"Die Weltklimakonferenz in Dubai ist mit einem Minimalkompromiss zu Ende gegangen, welche dem Weltklima vermutlich wenig helfen wird. Das liegt nicht an der Unf\u00e4hig- oder &hellip; \u201eGastbeitragDie Klimakonferenz ist tot, es lebe der Klimaklub\u201c weiterlesen\" \/>\n<meta property=\"og:url\" content=\"https:\/\/wirtschaftlichefreiheit.de\/wordpress\/?p=35466\" \/>\n<meta property=\"og:site_name\" content=\"Wirtschaftliche Freiheit\" \/>\n<meta property=\"article:published_time\" content=\"2023-12-16T23:10:00+00:00\" \/>\n<meta property=\"article:modified_time\" content=\"2023-12-17T07:01:20+00:00\" \/>\n<meta property=\"og:image\" content=\"http:\/\/wirtschaftlichefreiheit.de\/wordpress\/bilder\/a56-1024x683.png\" \/>\n\t<meta property=\"og:image:width\" content=\"1024\" \/>\n\t<meta property=\"og:image:height\" content=\"683\" \/>\n\t<meta property=\"og:image:type\" content=\"image\/png\" \/>\n<meta name=\"author\" content=\"Johannes Eber\" \/>\n<meta name=\"twitter:card\" content=\"summary_large_image\" \/>\n<meta name=\"twitter:label1\" content=\"Verfasst von\" \/>\n\t<meta name=\"twitter:data1\" content=\"Johannes Eber\" \/>\n\t<meta name=\"twitter:label2\" content=\"Gesch\u00e4tzte Lesezeit\" \/>\n\t<meta name=\"twitter:data2\" content=\"5\u00a0Minuten\" \/>\n<script type=\"application\/ld+json\" class=\"yoast-schema-graph\">{\"@context\":\"https:\/\/schema.org\",\"@graph\":[{\"@type\":\"Article\",\"@id\":\"https:\/\/wirtschaftlichefreiheit.de\/wordpress\/?p=35466#article\",\"isPartOf\":{\"@id\":\"https:\/\/wirtschaftlichefreiheit.de\/wordpress\/?p=35466\"},\"author\":{\"name\":\"Johannes Eber\",\"@id\":\"https:\/\/wirtschaftlichefreiheit.de\/wordpress\/#\/schema\/person\/e74b7eff5611632f30a15af3918bd0bb\"},\"headline\":\"Gastbeitrag Die Klimakonferenz ist tot, es lebe der Klimaklub\",\"datePublished\":\"2023-12-16T23:10:00+00:00\",\"dateModified\":\"2023-12-17T07:01:20+00:00\",\"mainEntityOfPage\":{\"@id\":\"https:\/\/wirtschaftlichefreiheit.de\/wordpress\/?p=35466\"},\"wordCount\":968,\"commentCount\":0,\"image\":{\"@id\":\"https:\/\/wirtschaftlichefreiheit.de\/wordpress\/?p=35466#primaryimage\"},\"thumbnailUrl\":\"https:\/\/wirtschaftlichefreiheit.de\/wordpress\/bilder\/a56.png\",\"keywords\":[\"Eber\",\"Klimaclub\",\"Klimakonferenz\"],\"articleSection\":[\"Klimatisches\"],\"inLanguage\":\"de\",\"potentialAction\":[{\"@type\":\"CommentAction\",\"name\":\"Comment\",\"target\":[\"https:\/\/wirtschaftlichefreiheit.de\/wordpress\/?p=35466#respond\"]}]},{\"@type\":\"WebPage\",\"@id\":\"https:\/\/wirtschaftlichefreiheit.de\/wordpress\/?p=35466\",\"url\":\"https:\/\/wirtschaftlichefreiheit.de\/wordpress\/?p=35466\",\"name\":\"Gastbeitrag Die Klimakonferenz ist tot, es lebe der Klimaklub - Wirtschaftliche Freiheit\",\"isPartOf\":{\"@id\":\"https:\/\/wirtschaftlichefreiheit.de\/wordpress\/#website\"},\"primaryImageOfPage\":{\"@id\":\"https:\/\/wirtschaftlichefreiheit.de\/wordpress\/?p=35466#primaryimage\"},\"image\":{\"@id\":\"https:\/\/wirtschaftlichefreiheit.de\/wordpress\/?p=35466#primaryimage\"},\"thumbnailUrl\":\"https:\/\/wirtschaftlichefreiheit.de\/wordpress\/bilder\/a56.png\",\"datePublished\":\"2023-12-16T23:10:00+00:00\",\"dateModified\":\"2023-12-17T07:01:20+00:00\",\"author\":{\"@id\":\"https:\/\/wirtschaftlichefreiheit.de\/wordpress\/#\/schema\/person\/e74b7eff5611632f30a15af3918bd0bb\"},\"breadcrumb\":{\"@id\":\"https:\/\/wirtschaftlichefreiheit.de\/wordpress\/?p=35466#breadcrumb\"},\"inLanguage\":\"de\",\"potentialAction\":[{\"@type\":\"ReadAction\",\"target\":[\"https:\/\/wirtschaftlichefreiheit.de\/wordpress\/?p=35466\"]}]},{\"@type\":\"ImageObject\",\"inLanguage\":\"de\",\"@id\":\"https:\/\/wirtschaftlichefreiheit.de\/wordpress\/?p=35466#primaryimage\",\"url\":\"https:\/\/wirtschaftlichefreiheit.de\/wordpress\/bilder\/a56.png\",\"contentUrl\":\"https:\/\/wirtschaftlichefreiheit.de\/wordpress\/bilder\/a56.png\",\"width\":1948,\"height\":1300},{\"@type\":\"BreadcrumbList\",\"@id\":\"https:\/\/wirtschaftlichefreiheit.de\/wordpress\/?p=35466#breadcrumb\",\"itemListElement\":[{\"@type\":\"ListItem\",\"position\":1,\"name\":\"Startseite\",\"item\":\"https:\/\/wirtschaftlichefreiheit.de\/wordpress\"},{\"@type\":\"ListItem\",\"position\":2,\"name\":\"GastbeitragDie Klimakonferenz ist tot, es lebe der Klimaklub\"}]},{\"@type\":\"WebSite\",\"@id\":\"https:\/\/wirtschaftlichefreiheit.de\/wordpress\/#website\",\"url\":\"https:\/\/wirtschaftlichefreiheit.de\/wordpress\/\",\"name\":\"Wirtschaftliche Freiheit\",\"description\":\"Das ordnungspolitische Journal\",\"potentialAction\":[{\"@type\":\"SearchAction\",\"target\":{\"@type\":\"EntryPoint\",\"urlTemplate\":\"https:\/\/wirtschaftlichefreiheit.de\/wordpress\/?s={search_term_string}\"},\"query-input\":{\"@type\":\"PropertyValueSpecification\",\"valueRequired\":true,\"valueName\":\"search_term_string\"}}],\"inLanguage\":\"de\"},{\"@type\":\"Person\",\"@id\":\"https:\/\/wirtschaftlichefreiheit.de\/wordpress\/#\/schema\/person\/e74b7eff5611632f30a15af3918bd0bb\",\"name\":\"Johannes Eber\",\"image\":{\"@type\":\"ImageObject\",\"inLanguage\":\"de\",\"@id\":\"https:\/\/wirtschaftlichefreiheit.de\/wordpress\/bilder\/eberde.png\",\"url\":\"https:\/\/wirtschaftlichefreiheit.de\/wordpress\/bilder\/eberde.png\",\"contentUrl\":\"https:\/\/wirtschaftlichefreiheit.de\/wordpress\/bilder\/eberde.png\",\"caption\":\"Johannes Eber\"},\"description\":\"Johannes Eber ist \u00d6konom, lebt in Berlin und fotografiert gerne.\",\"url\":\"https:\/\/wirtschaftlichefreiheit.de\/wordpress\/?author=53\"}]}<\/script>\n<!-- \/ Yoast SEO plugin. -->","yoast_head_json":{"title":"GastbeitragDie Klimakonferenz ist tot, es lebe der Klimaklub - Wirtschaftliche Freiheit","robots":{"index":"index","follow":"follow","max-snippet":"max-snippet:-1","max-image-preview":"max-image-preview:large","max-video-preview":"max-video-preview:-1"},"canonical":"https:\/\/wirtschaftlichefreiheit.de\/wordpress\/?p=35466","og_locale":"de_DE","og_type":"article","og_title":"GastbeitragDie Klimakonferenz ist tot, es lebe der Klimaklub - Wirtschaftliche Freiheit","og_description":"Die Weltklimakonferenz in Dubai ist mit einem Minimalkompromiss zu Ende gegangen, welche dem Weltklima vermutlich wenig helfen wird. Das liegt nicht an der Unf\u00e4hig- oder &hellip; \u201eGastbeitragDie Klimakonferenz ist tot, es lebe der Klimaklub\u201c weiterlesen","og_url":"https:\/\/wirtschaftlichefreiheit.de\/wordpress\/?p=35466","og_site_name":"Wirtschaftliche Freiheit","article_published_time":"2023-12-16T23:10:00+00:00","article_modified_time":"2023-12-17T07:01:20+00:00","og_image":[{"width":1024,"height":683,"url":"http:\/\/wirtschaftlichefreiheit.de\/wordpress\/bilder\/a56-1024x683.png","type":"image\/png"}],"author":"Johannes Eber","twitter_card":"summary_large_image","twitter_misc":{"Verfasst von":"Johannes Eber","Gesch\u00e4tzte Lesezeit":"5\u00a0Minuten"},"schema":{"@context":"https:\/\/schema.org","@graph":[{"@type":"Article","@id":"https:\/\/wirtschaftlichefreiheit.de\/wordpress\/?p=35466#article","isPartOf":{"@id":"https:\/\/wirtschaftlichefreiheit.de\/wordpress\/?p=35466"},"author":{"name":"Johannes Eber","@id":"https:\/\/wirtschaftlichefreiheit.de\/wordpress\/#\/schema\/person\/e74b7eff5611632f30a15af3918bd0bb"},"headline":"Gastbeitrag Die Klimakonferenz ist tot, es lebe der Klimaklub","datePublished":"2023-12-16T23:10:00+00:00","dateModified":"2023-12-17T07:01:20+00:00","mainEntityOfPage":{"@id":"https:\/\/wirtschaftlichefreiheit.de\/wordpress\/?p=35466"},"wordCount":968,"commentCount":0,"image":{"@id":"https:\/\/wirtschaftlichefreiheit.de\/wordpress\/?p=35466#primaryimage"},"thumbnailUrl":"https:\/\/wirtschaftlichefreiheit.de\/wordpress\/bilder\/a56.png","keywords":["Eber","Klimaclub","Klimakonferenz"],"articleSection":["Klimatisches"],"inLanguage":"de","potentialAction":[{"@type":"CommentAction","name":"Comment","target":["https:\/\/wirtschaftlichefreiheit.de\/wordpress\/?p=35466#respond"]}]},{"@type":"WebPage","@id":"https:\/\/wirtschaftlichefreiheit.de\/wordpress\/?p=35466","url":"https:\/\/wirtschaftlichefreiheit.de\/wordpress\/?p=35466","name":"Gastbeitrag Die Klimakonferenz ist tot, es lebe der Klimaklub - Wirtschaftliche Freiheit","isPartOf":{"@id":"https:\/\/wirtschaftlichefreiheit.de\/wordpress\/#website"},"primaryImageOfPage":{"@id":"https:\/\/wirtschaftlichefreiheit.de\/wordpress\/?p=35466#primaryimage"},"image":{"@id":"https:\/\/wirtschaftlichefreiheit.de\/wordpress\/?p=35466#primaryimage"},"thumbnailUrl":"https:\/\/wirtschaftlichefreiheit.de\/wordpress\/bilder\/a56.png","datePublished":"2023-12-16T23:10:00+00:00","dateModified":"2023-12-17T07:01:20+00:00","author":{"@id":"https:\/\/wirtschaftlichefreiheit.de\/wordpress\/#\/schema\/person\/e74b7eff5611632f30a15af3918bd0bb"},"breadcrumb":{"@id":"https:\/\/wirtschaftlichefreiheit.de\/wordpress\/?p=35466#breadcrumb"},"inLanguage":"de","potentialAction":[{"@type":"ReadAction","target":["https:\/\/wirtschaftlichefreiheit.de\/wordpress\/?p=35466"]}]},{"@type":"ImageObject","inLanguage":"de","@id":"https:\/\/wirtschaftlichefreiheit.de\/wordpress\/?p=35466#primaryimage","url":"https:\/\/wirtschaftlichefreiheit.de\/wordpress\/bilder\/a56.png","contentUrl":"https:\/\/wirtschaftlichefreiheit.de\/wordpress\/bilder\/a56.png","width":1948,"height":1300},{"@type":"BreadcrumbList","@id":"https:\/\/wirtschaftlichefreiheit.de\/wordpress\/?p=35466#breadcrumb","itemListElement":[{"@type":"ListItem","position":1,"name":"Startseite","item":"https:\/\/wirtschaftlichefreiheit.de\/wordpress"},{"@type":"ListItem","position":2,"name":"GastbeitragDie Klimakonferenz ist tot, es lebe der Klimaklub"}]},{"@type":"WebSite","@id":"https:\/\/wirtschaftlichefreiheit.de\/wordpress\/#website","url":"https:\/\/wirtschaftlichefreiheit.de\/wordpress\/","name":"Wirtschaftliche Freiheit","description":"Das ordnungspolitische Journal","potentialAction":[{"@type":"SearchAction","target":{"@type":"EntryPoint","urlTemplate":"https:\/\/wirtschaftlichefreiheit.de\/wordpress\/?s={search_term_string}"},"query-input":{"@type":"PropertyValueSpecification","valueRequired":true,"valueName":"search_term_string"}}],"inLanguage":"de"},{"@type":"Person","@id":"https:\/\/wirtschaftlichefreiheit.de\/wordpress\/#\/schema\/person\/e74b7eff5611632f30a15af3918bd0bb","name":"Johannes Eber","image":{"@type":"ImageObject","inLanguage":"de","@id":"https:\/\/wirtschaftlichefreiheit.de\/wordpress\/bilder\/eberde.png","url":"https:\/\/wirtschaftlichefreiheit.de\/wordpress\/bilder\/eberde.png","contentUrl":"https:\/\/wirtschaftlichefreiheit.de\/wordpress\/bilder\/eberde.png","caption":"Johannes Eber"},"description":"Johannes Eber ist \u00d6konom, lebt in Berlin und fotografiert gerne.","url":"https:\/\/wirtschaftlichefreiheit.de\/wordpress\/?author=53"}]}},"_links":{"self":[{"href":"https:\/\/wirtschaftlichefreiheit.de\/wordpress\/index.php?rest_route=\/wp\/v2\/posts\/35466","targetHints":{"allow":["GET"]}}],"collection":[{"href":"https:\/\/wirtschaftlichefreiheit.de\/wordpress\/index.php?rest_route=\/wp\/v2\/posts"}],"about":[{"href":"https:\/\/wirtschaftlichefreiheit.de\/wordpress\/index.php?rest_route=\/wp\/v2\/types\/post"}],"author":[{"embeddable":true,"href":"https:\/\/wirtschaftlichefreiheit.de\/wordpress\/index.php?rest_route=\/wp\/v2\/users\/53"}],"replies":[{"embeddable":true,"href":"https:\/\/wirtschaftlichefreiheit.de\/wordpress\/index.php?rest_route=%2Fwp%2Fv2%2Fcomments&post=35466"}],"version-history":[{"count":1,"href":"https:\/\/wirtschaftlichefreiheit.de\/wordpress\/index.php?rest_route=\/wp\/v2\/posts\/35466\/revisions"}],"predecessor-version":[{"id":35467,"href":"https:\/\/wirtschaftlichefreiheit.de\/wordpress\/index.php?rest_route=\/wp\/v2\/posts\/35466\/revisions\/35467"}],"wp:featuredmedia":[{"embeddable":true,"href":"https:\/\/wirtschaftlichefreiheit.de\/wordpress\/index.php?rest_route=\/wp\/v2\/media\/35470"}],"wp:attachment":[{"href":"https:\/\/wirtschaftlichefreiheit.de\/wordpress\/index.php?rest_route=%2Fwp%2Fv2%2Fmedia&parent=35466"}],"wp:term":[{"taxonomy":"category","embeddable":true,"href":"https:\/\/wirtschaftlichefreiheit.de\/wordpress\/index.php?rest_route=%2Fwp%2Fv2%2Fcategories&post=35466"},{"taxonomy":"post_tag","embeddable":true,"href":"https:\/\/wirtschaftlichefreiheit.de\/wordpress\/index.php?rest_route=%2Fwp%2Fv2%2Ftags&post=35466"}],"curies":[{"name":"wp","href":"https:\/\/api.w.org\/{rel}","templated":true}]}}