{"id":35601,"date":"2024-02-13T08:34:44","date_gmt":"2024-02-13T07:34:44","guid":{"rendered":"https:\/\/wirtschaftlichefreiheit.de\/wordpress\/?p=35601"},"modified":"2024-08-04T11:37:21","modified_gmt":"2024-08-04T10:37:21","slug":"mehr-wettbewerb-in-der-politikfundament-der-sozialen-marktwirtschaft","status":"publish","type":"post","link":"https:\/\/wirtschaftlichefreiheit.de\/wordpress\/?p=35601","title":{"rendered":"Mehr Wettbewerb in der Politik<br><b>Fundament der sozialen Marktwirtschaft<\/b>"},"content":{"rendered":"\n<p><em>Die soziale Marktwirtschaft kann Wohlstand f\u00fcr alle schaffen, wird jedoch h\u00e4ufig von politischen Entscheidungstr\u00e4gern untergraben. Um dies zu verhindern, braucht es mehr Wettbewerb in der Politik.<\/em><\/p>\n\n\n\n<!--more-->\n\n\n\n<p>Soziale Marktwirtschaft als gesellschaftliches und wirtschaftliches Leitbild gilt heute als nahezu selbstverst\u00e4ndlich. Man k\u00f6nnte sogar das W\u00f6rtchen \u201e\u00f6ko\u201c hinzuf\u00fcgen. Niemand ist ernsthaft gegen \u201e\u00f6ko\u201c und \u201esozial\u201c, insbesondere, wenn man sich beides dank Marktwirtschaft leisten kann.<\/p>\n\n\n\n<p>Doch die soziale Marktwirtschaft ist weit mehr als eine modische Wortkombination. Sie vereinigt heute drei Zieldimensionen, die den B\u00fcrgern wichtig sind: gute materielle Lebensbedingungen bei wirksamem sozialen Ausgleich und dem Erhalt der Umwelt. Ihre Leistung besteht nicht darin, dass sie diese drei Ziele anstrebt, sondern wie sie die inh\u00e4renten Zielkonflikte angeht und l\u00f6st.<\/p>\n\n\n\n<p>Aber viele naheliegende und f\u00fcr die politischen Entscheidungstr\u00e4ger attraktive Ma\u00dfnahmen zur kurzfristigen F\u00f6rderung von Wirtschaft, Sozialem und Umwelt drohen l\u00e4ngerfristig das Fundament der sozialen Marktwirtschaft zu untergraben. Deshalb braucht es f\u00fcr robustere politische Institutionen, die den Entscheidungstr\u00e4gern Anreize geben, die Ziele mit marktwirtschaftlichen Instrumenten anzugehen.<\/p>\n\n\n\n<h2 class=\"wp-block-heading\">Nat\u00fcrliche Zielkonflikte<\/h2>\n\n\n\n<p>Die Sozial- und Umweltziele sind oft typische \u00f6ffentliche G\u00fcte. &nbsp;Der pers\u00f6nliche Einsatz f\u00fcr eine sozial gerechte Gesellschaft und die Umwelt ist mit Kosten verbunden, die Nutzen davon kommen der Allgemeinheit zugute. Deshalb liefert der Markt allein den gew\u00fcnschten sozialen Ausgleich und Umweltschutz nicht. Zugleich sind soziale Sicherheit und der Erhalt der Umwelt nicht gratis. Die Kosten dieser beiden Ziele \u00e4u\u00dfern sich unter anderem in materiell eingeschr\u00e4nkteren Lebensbedingungen. Die Zielkonflikte sind offensichtlich, denn man kann einen Euro nur einmal ausgeben.<\/p>\n\n\n\n<p>Damit die Kosten der Zielerreichung m\u00f6glichst klein bleiben, braucht es kluge Politik. Gute L\u00f6sungsans\u00e4tze sind oft marktlich inspiriert. Bei staatlichem Engagement im Sozialbereich ist direkte Hilfe in Form von Umverteilung \u00fcber Steuern oft zielf\u00fchrender als Eingriffe durch Mindestl\u00f6hne oder Mietpreisregulierungen. Genau so ist im Umweltbereich das Setzen von Preisanreizen im Regelfall besser als das Regulieren mit Geboten und Verboten. Grunds\u00e4tzlich geht es dabei immer um Kostenwahrheit. In der Sozialpolitik soll Kostenwahrheit m\u00f6glichst durch Hilfe f\u00fcr das Individuum geschaffen werden, in der Umweltpolitik durch Bepreisung umweltsch\u00e4digender Aktivit\u00e4ten.<\/p>\n\n\n\n<p>Kostenwahrheit ist aus zwei Gr\u00fcnden zentral:&nbsp; Erstens gibt sie den Individuen Anreize, die gesellschaftlichen Kosten ihres Tuns bei ihren wirtschaftlichen Handlungen zu ber\u00fccksichtigen und schr\u00e4nkt die Handlungsfreiheit weniger ein als Gebote und Verbote. Zweitens \u2013 und das wird oft vernachl\u00e4ssigt \u2013 gibt sie den Individuen Anreizen, die Kosten ihres Tuns bei ihren politischen Aktivit\u00e4ten zu ber\u00fccksichtigen. Wer die von ihm verursachen Kosten nicht selbst tr\u00e4gt, stellt weit \u00fcbertriebene Anspr\u00fcche an die Politik.<\/p>\n\n\n\n<h2 class=\"wp-block-heading\">Untergrabung der Ziele<\/h2>\n\n\n\n<p>Doch die systematische Vereinigung der Dimensionen Wirtschaft, Soziales und Umwelt birgt ernste Gefahren f\u00fcr die soziale Marktwirtschaft insgesamt. Wirtschaft, Soziales und Umwelt stehen nicht nur im Zielkonflikt zueinander. Vielmehr hat jede Dimension f\u00fcr sich zerst\u00f6rerische Sprengkraft.<\/p>\n\n\n\n<p>In der Sozial- und Umweltpolitik drohen Anreize gesetzt werden, die die Marktwirtschaft untergraben. So m\u00f6chten viele Menschen eine \u201egerechte\u201c Einkommensverteilung. Diese entsteht nicht von selbst und w\u00e4re Staatsaufgabe. Viele politische Parteien interpretieren den Wunsch der Bev\u00f6lkerung als Auftrag zur Einkommensumverteilung. Allerdings hat die Geschichte immer wieder massives Politikversagen bei Umverteilungsma\u00dfnahmen aufgezeigt. Das liegt mitunter daran, dass gro\u00dfe Umverteilungsstr\u00f6me f\u00fcr das Soziale auf der Geber- und der Empf\u00e4ngerseite systematisch Anreize zur Verf\u00e4lschung der Einkommenssituation sowie der eigenen Bed\u00fcrfnisse setzen.<\/p>\n\n\n\n<p>\u00c4hnlich bietet die Umweltpolitik riesiges Potential, das von einzelnen Industrien f\u00fcr Subventionen oder f\u00fcr sie n\u00fctzliche Marktregulierungen missbraucht werden kann. Und manche B\u00fcrger wollen zwar Gr\u00fcnstrom aus der Steckdose, blockieren aber Hochspannungsleitungen durch ihre Gemeinden.<\/p>\n\n\n\n<p>In der Politik bestehen Anreize insbesondere dann viel Sozial- und Umweltpolitik zu betreiben, wenn die Kosten nicht sofort, sondern erst in Zukunft anfallen. Die verzerrte Vertretung gegenw\u00e4rtiger und zuk\u00fcnftiger Interessen durch Organisierbarkeit und Politikerinteressen gef\u00e4hrdet durch schwer einl\u00f6sbare Wahlversprechen und Verschuldung die materiellen Lebensbedingungen der Zukunft.<\/p>\n\n\n\n<h2 class=\"wp-block-heading\">Robustes institutionelles Fundament Entscheidend<\/h2>\n\n\n\n<p>Von einer gelungenen Vereinigung der Dimensionen Wirtschaft, Soziales und Umwelt unter Ber\u00fccksichtigung der nat\u00fcrlichen Zielkonflikte profitieren alle. Doch gro\u00df sind die Anreize aller Entscheidungstr\u00e4ger, auf Kosten der Allgemeinheit die eigenen Ziele zu verfolgen. Die dauernde Untergrabung der sozialen Marktwirtschaft ist nicht erstaunlich, denn in der Politik agieren nur Menschen. Sie verfolgen zwar m\u00f6glicherweise das Gemeinwohl, aber eben auch ihr eigenes Wohl sowie die ihnen besonders nahestehenden Interessen, seien diese von Unternehmen, NGOs, Aktivisten oder ihres engen W\u00e4hlerklientels.<\/p>\n\n\n\n<p>Die soziale Marktwirtschaft erm\u00f6glicht Wohlstand f\u00fcr alle, wenn die Politik die richtigen Anreize hat. Zentral daf\u00fcr sind wettbewerbliche Rahmenbedingungen in der Politik. Wettbewerb in M\u00e4rkten bringt Produzenten n\u00e4her zu den W\u00fcnschen der Konsumenten, vermag Innovation zu stimulieren, womit nachhaltige Sozial- und Umweltpolitik ebenfalls einfacher wird. \u00c4hnlich f\u00fchren wettbewerbliche Rahmenbedingungen in der Politik dazu, dass die eigentlichen Kunden der Politik, die B\u00fcrgerinnen und B\u00fcrger, st\u00e4rker in den Vordergrund r\u00fccken und neue Politikideen entwickelt werden.<\/p>\n\n\n\n<p>Mehr Wettbewerb in der Politik ist auf vielf\u00e4ltige Weise realisierbar: F\u00f6deralismus und Dezentralisierung f\u00f6rdern den Wettbewerb zwischen den Gebietsk\u00f6rperschaften und den verschiedenen Staatsebenen. Mehr Wettbewerb zwischen L\u00e4ndern und auch innerhalb der Europ\u00e4ischen Union erlaubt Vergleiche und die \u00dcbernahme guter Politikl\u00f6sungen. Wettbewerb in der repr\u00e4sentativen Demokratie kann durch den Ausbau der Direktwahlen von Politiker sowie getrennter Wahlen f\u00fcr die Legislative und Exekutive gest\u00e4rkt werden. Instrumente der B\u00fcrgerbeteiligung helfen, bestehende politische Machtkartelle zu sprengen und schaffen gleichzeitig Informationen \u00fcber die Anliegen der B\u00fcrger.<\/p>\n\n\n\n<p>All diese Elemente bilden bereits ein gewisses institutionelles Fundament f\u00fcr die Zukunft der sozialen Marktwirtschaft. Dieses Fundament muss aber noch robuster werden, damit sich alle Entscheidungstr\u00e4ger im politischen Wettbewerb st\u00e4rker und dauerhafter an den Zielen der B\u00fcrger ausrichten.<\/p>\n\n\n\n<p><em>Eine gek\u00fcrzte und modifizierte Version dieses Textes erscheint in Heft 2 (2024) der Fachzeitschrift <a href=\"https:\/\/rsw.beck.de\/zeitschriften\/wist\">WiSt \u2013 Wirtschaftswissenschaftliches Studium<\/a>.<\/em><\/p>\n<!-- AddThis Advanced Settings generic via filter on the_content --><!-- AddThis Share Buttons generic via filter on the_content --><!-- AddThis Related Posts generic via filter on the_content -->","protected":false},"excerpt":{"rendered":"<p>Die soziale Marktwirtschaft kann Wohlstand f\u00fcr alle schaffen, wird jedoch h\u00e4ufig von politischen Entscheidungstr\u00e4gern untergraben. Um dies zu verhindern, braucht es mehr Wettbewerb in der &hellip; <\/p>\n<p class=\"link-more\"><a href=\"https:\/\/wirtschaftlichefreiheit.de\/wordpress\/?p=35601\" class=\"more-link\"><span class=\"screen-reader-text\">\u201eMehr Wettbewerb in der Politik<br \/><b>Fundament der sozialen Marktwirtschaft<\/b>\u201c <\/span>weiterlesen<\/a><\/p>\n<p><!-- AddThis Advanced Settings generic via filter on wp_trim_excerpt --><!-- AddThis Share Buttons generic via filter on wp_trim_excerpt --><!-- AddThis Related Posts generic via filter on wp_trim_excerpt --><\/p>\n","protected":false},"author":260,"featured_media":37594,"comment_status":"open","ping_status":"open","sticky":false,"template":"","format":"standard","meta":{"footnotes":""},"categories":[2646,31,23],"tags":[849,2749,80],"class_list":["post-35601","post","type-post","status-publish","format-standard","has-post-thumbnail","hentry","category-marktwirtschaftliches","category-politisches","category-wettbewerbliches","tag-soziale-marktwirtschaft","tag-stadelmann","tag-wettbewerb"],"yoast_head":"<!-- This site is optimized with the Yoast SEO plugin v27.2 - https:\/\/yoast.com\/product\/yoast-seo-wordpress\/ -->\n<title>Mehr Wettbewerb in der PolitikFundament der sozialen Marktwirtschaft - Wirtschaftliche Freiheit<\/title>\n<meta name=\"robots\" content=\"index, follow, max-snippet:-1, max-image-preview:large, max-video-preview:-1\" \/>\n<link rel=\"canonical\" href=\"https:\/\/wirtschaftlichefreiheit.de\/wordpress\/?p=35601\" \/>\n<meta property=\"og:locale\" content=\"de_DE\" \/>\n<meta property=\"og:type\" content=\"article\" \/>\n<meta property=\"og:title\" content=\"Mehr Wettbewerb in der PolitikFundament der sozialen Marktwirtschaft - Wirtschaftliche Freiheit\" \/>\n<meta property=\"og:description\" content=\"Die soziale Marktwirtschaft kann Wohlstand f\u00fcr alle schaffen, wird jedoch h\u00e4ufig von politischen Entscheidungstr\u00e4gern untergraben. Um dies zu verhindern, braucht es mehr Wettbewerb in der &hellip; \u201eMehr Wettbewerb in der PolitikFundament der sozialen Marktwirtschaft\u201c weiterlesen\" \/>\n<meta property=\"og:url\" content=\"https:\/\/wirtschaftlichefreiheit.de\/wordpress\/?p=35601\" \/>\n<meta property=\"og:site_name\" content=\"Wirtschaftliche Freiheit\" \/>\n<meta property=\"article:published_time\" content=\"2024-02-13T07:34:44+00:00\" \/>\n<meta property=\"article:modified_time\" content=\"2024-08-04T10:37:21+00:00\" \/>\n<meta property=\"og:image\" content=\"http:\/\/wirtschaftlichefreiheit.de\/wordpress\/bilder\/politik-1-1024x682.png\" \/>\n\t<meta property=\"og:image:width\" content=\"1024\" \/>\n\t<meta property=\"og:image:height\" content=\"682\" \/>\n\t<meta property=\"og:image:type\" content=\"image\/png\" \/>\n<meta name=\"author\" content=\"David Stadelmann\" \/>\n<meta name=\"twitter:card\" content=\"summary_large_image\" \/>\n<meta name=\"twitter:label1\" content=\"Verfasst von\" \/>\n\t<meta name=\"twitter:data1\" content=\"David Stadelmann\" \/>\n\t<meta name=\"twitter:label2\" content=\"Gesch\u00e4tzte Lesezeit\" \/>\n\t<meta name=\"twitter:data2\" content=\"6\u00a0Minuten\" \/>\n<script type=\"application\/ld+json\" class=\"yoast-schema-graph\">{\"@context\":\"https:\/\/schema.org\",\"@graph\":[{\"@type\":\"Article\",\"@id\":\"https:\/\/wirtschaftlichefreiheit.de\/wordpress\/?p=35601#article\",\"isPartOf\":{\"@id\":\"https:\/\/wirtschaftlichefreiheit.de\/wordpress\/?p=35601\"},\"author\":{\"name\":\"David Stadelmann\",\"@id\":\"https:\/\/wirtschaftlichefreiheit.de\/wordpress\/#\/schema\/person\/4d65ac3dcb9df8edaee905e65c1af4b0\"},\"headline\":\"Mehr Wettbewerb in der Politik Fundament der sozialen Marktwirtschaft\",\"datePublished\":\"2024-02-13T07:34:44+00:00\",\"dateModified\":\"2024-08-04T10:37:21+00:00\",\"mainEntityOfPage\":{\"@id\":\"https:\/\/wirtschaftlichefreiheit.de\/wordpress\/?p=35601\"},\"wordCount\":990,\"commentCount\":0,\"image\":{\"@id\":\"https:\/\/wirtschaftlichefreiheit.de\/wordpress\/?p=35601#primaryimage\"},\"thumbnailUrl\":\"https:\/\/wirtschaftlichefreiheit.de\/wordpress\/bilder\/politik-1.png\",\"keywords\":[\"Soziale Marktwirtschaft\",\"Stadelmann\",\"Wettbewerb\"],\"articleSection\":[\"Marktwirtschaftliches\",\"Politisches\",\"Wettbewerbliches\"],\"inLanguage\":\"de\",\"potentialAction\":[{\"@type\":\"CommentAction\",\"name\":\"Comment\",\"target\":[\"https:\/\/wirtschaftlichefreiheit.de\/wordpress\/?p=35601#respond\"]}]},{\"@type\":\"WebPage\",\"@id\":\"https:\/\/wirtschaftlichefreiheit.de\/wordpress\/?p=35601\",\"url\":\"https:\/\/wirtschaftlichefreiheit.de\/wordpress\/?p=35601\",\"name\":\"Mehr Wettbewerb in der Politik Fundament der sozialen Marktwirtschaft - Wirtschaftliche Freiheit\",\"isPartOf\":{\"@id\":\"https:\/\/wirtschaftlichefreiheit.de\/wordpress\/#website\"},\"primaryImageOfPage\":{\"@id\":\"https:\/\/wirtschaftlichefreiheit.de\/wordpress\/?p=35601#primaryimage\"},\"image\":{\"@id\":\"https:\/\/wirtschaftlichefreiheit.de\/wordpress\/?p=35601#primaryimage\"},\"thumbnailUrl\":\"https:\/\/wirtschaftlichefreiheit.de\/wordpress\/bilder\/politik-1.png\",\"datePublished\":\"2024-02-13T07:34:44+00:00\",\"dateModified\":\"2024-08-04T10:37:21+00:00\",\"author\":{\"@id\":\"https:\/\/wirtschaftlichefreiheit.de\/wordpress\/#\/schema\/person\/4d65ac3dcb9df8edaee905e65c1af4b0\"},\"breadcrumb\":{\"@id\":\"https:\/\/wirtschaftlichefreiheit.de\/wordpress\/?p=35601#breadcrumb\"},\"inLanguage\":\"de\",\"potentialAction\":[{\"@type\":\"ReadAction\",\"target\":[\"https:\/\/wirtschaftlichefreiheit.de\/wordpress\/?p=35601\"]}]},{\"@type\":\"ImageObject\",\"inLanguage\":\"de\",\"@id\":\"https:\/\/wirtschaftlichefreiheit.de\/wordpress\/?p=35601#primaryimage\",\"url\":\"https:\/\/wirtschaftlichefreiheit.de\/wordpress\/bilder\/politik-1.png\",\"contentUrl\":\"https:\/\/wirtschaftlichefreiheit.de\/wordpress\/bilder\/politik-1.png\",\"width\":1949,\"height\":1299},{\"@type\":\"BreadcrumbList\",\"@id\":\"https:\/\/wirtschaftlichefreiheit.de\/wordpress\/?p=35601#breadcrumb\",\"itemListElement\":[{\"@type\":\"ListItem\",\"position\":1,\"name\":\"Startseite\",\"item\":\"https:\/\/wirtschaftlichefreiheit.de\/wordpress\"},{\"@type\":\"ListItem\",\"position\":2,\"name\":\"Mehr Wettbewerb in der PolitikFundament der sozialen Marktwirtschaft\"}]},{\"@type\":\"WebSite\",\"@id\":\"https:\/\/wirtschaftlichefreiheit.de\/wordpress\/#website\",\"url\":\"https:\/\/wirtschaftlichefreiheit.de\/wordpress\/\",\"name\":\"Wirtschaftliche Freiheit\",\"description\":\"Das ordnungspolitische Journal\",\"potentialAction\":[{\"@type\":\"SearchAction\",\"target\":{\"@type\":\"EntryPoint\",\"urlTemplate\":\"https:\/\/wirtschaftlichefreiheit.de\/wordpress\/?s={search_term_string}\"},\"query-input\":{\"@type\":\"PropertyValueSpecification\",\"valueRequired\":true,\"valueName\":\"search_term_string\"}}],\"inLanguage\":\"de\"},{\"@type\":\"Person\",\"@id\":\"https:\/\/wirtschaftlichefreiheit.de\/wordpress\/#\/schema\/person\/4d65ac3dcb9df8edaee905e65c1af4b0\",\"name\":\"David Stadelmann\",\"image\":{\"@type\":\"ImageObject\",\"inLanguage\":\"de\",\"@id\":\"https:\/\/wirtschaftlichefreiheit.de\/wordpress\/bilder\/379.jpg\",\"url\":\"https:\/\/wirtschaftlichefreiheit.de\/wordpress\/bilder\/379.jpg\",\"contentUrl\":\"https:\/\/wirtschaftlichefreiheit.de\/wordpress\/bilder\/379.jpg\",\"caption\":\"David Stadelmann\"},\"description\":\"Universit\u00e4t Bayreuth\",\"url\":\"https:\/\/wirtschaftlichefreiheit.de\/wordpress\/?author=260\"}]}<\/script>\n<!-- \/ Yoast SEO plugin. -->","yoast_head_json":{"title":"Mehr Wettbewerb in der PolitikFundament der sozialen Marktwirtschaft - Wirtschaftliche Freiheit","robots":{"index":"index","follow":"follow","max-snippet":"max-snippet:-1","max-image-preview":"max-image-preview:large","max-video-preview":"max-video-preview:-1"},"canonical":"https:\/\/wirtschaftlichefreiheit.de\/wordpress\/?p=35601","og_locale":"de_DE","og_type":"article","og_title":"Mehr Wettbewerb in der PolitikFundament der sozialen Marktwirtschaft - Wirtschaftliche Freiheit","og_description":"Die soziale Marktwirtschaft kann Wohlstand f\u00fcr alle schaffen, wird jedoch h\u00e4ufig von politischen Entscheidungstr\u00e4gern untergraben. Um dies zu verhindern, braucht es mehr Wettbewerb in der &hellip; \u201eMehr Wettbewerb in der PolitikFundament der sozialen Marktwirtschaft\u201c weiterlesen","og_url":"https:\/\/wirtschaftlichefreiheit.de\/wordpress\/?p=35601","og_site_name":"Wirtschaftliche Freiheit","article_published_time":"2024-02-13T07:34:44+00:00","article_modified_time":"2024-08-04T10:37:21+00:00","og_image":[{"width":1024,"height":682,"url":"http:\/\/wirtschaftlichefreiheit.de\/wordpress\/bilder\/politik-1-1024x682.png","type":"image\/png"}],"author":"David Stadelmann","twitter_card":"summary_large_image","twitter_misc":{"Verfasst von":"David Stadelmann","Gesch\u00e4tzte Lesezeit":"6\u00a0Minuten"},"schema":{"@context":"https:\/\/schema.org","@graph":[{"@type":"Article","@id":"https:\/\/wirtschaftlichefreiheit.de\/wordpress\/?p=35601#article","isPartOf":{"@id":"https:\/\/wirtschaftlichefreiheit.de\/wordpress\/?p=35601"},"author":{"name":"David Stadelmann","@id":"https:\/\/wirtschaftlichefreiheit.de\/wordpress\/#\/schema\/person\/4d65ac3dcb9df8edaee905e65c1af4b0"},"headline":"Mehr Wettbewerb in der Politik Fundament der sozialen Marktwirtschaft","datePublished":"2024-02-13T07:34:44+00:00","dateModified":"2024-08-04T10:37:21+00:00","mainEntityOfPage":{"@id":"https:\/\/wirtschaftlichefreiheit.de\/wordpress\/?p=35601"},"wordCount":990,"commentCount":0,"image":{"@id":"https:\/\/wirtschaftlichefreiheit.de\/wordpress\/?p=35601#primaryimage"},"thumbnailUrl":"https:\/\/wirtschaftlichefreiheit.de\/wordpress\/bilder\/politik-1.png","keywords":["Soziale Marktwirtschaft","Stadelmann","Wettbewerb"],"articleSection":["Marktwirtschaftliches","Politisches","Wettbewerbliches"],"inLanguage":"de","potentialAction":[{"@type":"CommentAction","name":"Comment","target":["https:\/\/wirtschaftlichefreiheit.de\/wordpress\/?p=35601#respond"]}]},{"@type":"WebPage","@id":"https:\/\/wirtschaftlichefreiheit.de\/wordpress\/?p=35601","url":"https:\/\/wirtschaftlichefreiheit.de\/wordpress\/?p=35601","name":"Mehr Wettbewerb in der Politik Fundament der sozialen Marktwirtschaft - Wirtschaftliche Freiheit","isPartOf":{"@id":"https:\/\/wirtschaftlichefreiheit.de\/wordpress\/#website"},"primaryImageOfPage":{"@id":"https:\/\/wirtschaftlichefreiheit.de\/wordpress\/?p=35601#primaryimage"},"image":{"@id":"https:\/\/wirtschaftlichefreiheit.de\/wordpress\/?p=35601#primaryimage"},"thumbnailUrl":"https:\/\/wirtschaftlichefreiheit.de\/wordpress\/bilder\/politik-1.png","datePublished":"2024-02-13T07:34:44+00:00","dateModified":"2024-08-04T10:37:21+00:00","author":{"@id":"https:\/\/wirtschaftlichefreiheit.de\/wordpress\/#\/schema\/person\/4d65ac3dcb9df8edaee905e65c1af4b0"},"breadcrumb":{"@id":"https:\/\/wirtschaftlichefreiheit.de\/wordpress\/?p=35601#breadcrumb"},"inLanguage":"de","potentialAction":[{"@type":"ReadAction","target":["https:\/\/wirtschaftlichefreiheit.de\/wordpress\/?p=35601"]}]},{"@type":"ImageObject","inLanguage":"de","@id":"https:\/\/wirtschaftlichefreiheit.de\/wordpress\/?p=35601#primaryimage","url":"https:\/\/wirtschaftlichefreiheit.de\/wordpress\/bilder\/politik-1.png","contentUrl":"https:\/\/wirtschaftlichefreiheit.de\/wordpress\/bilder\/politik-1.png","width":1949,"height":1299},{"@type":"BreadcrumbList","@id":"https:\/\/wirtschaftlichefreiheit.de\/wordpress\/?p=35601#breadcrumb","itemListElement":[{"@type":"ListItem","position":1,"name":"Startseite","item":"https:\/\/wirtschaftlichefreiheit.de\/wordpress"},{"@type":"ListItem","position":2,"name":"Mehr Wettbewerb in der PolitikFundament der sozialen Marktwirtschaft"}]},{"@type":"WebSite","@id":"https:\/\/wirtschaftlichefreiheit.de\/wordpress\/#website","url":"https:\/\/wirtschaftlichefreiheit.de\/wordpress\/","name":"Wirtschaftliche Freiheit","description":"Das ordnungspolitische Journal","potentialAction":[{"@type":"SearchAction","target":{"@type":"EntryPoint","urlTemplate":"https:\/\/wirtschaftlichefreiheit.de\/wordpress\/?s={search_term_string}"},"query-input":{"@type":"PropertyValueSpecification","valueRequired":true,"valueName":"search_term_string"}}],"inLanguage":"de"},{"@type":"Person","@id":"https:\/\/wirtschaftlichefreiheit.de\/wordpress\/#\/schema\/person\/4d65ac3dcb9df8edaee905e65c1af4b0","name":"David Stadelmann","image":{"@type":"ImageObject","inLanguage":"de","@id":"https:\/\/wirtschaftlichefreiheit.de\/wordpress\/bilder\/379.jpg","url":"https:\/\/wirtschaftlichefreiheit.de\/wordpress\/bilder\/379.jpg","contentUrl":"https:\/\/wirtschaftlichefreiheit.de\/wordpress\/bilder\/379.jpg","caption":"David Stadelmann"},"description":"Universit\u00e4t Bayreuth","url":"https:\/\/wirtschaftlichefreiheit.de\/wordpress\/?author=260"}]}},"_links":{"self":[{"href":"https:\/\/wirtschaftlichefreiheit.de\/wordpress\/index.php?rest_route=\/wp\/v2\/posts\/35601","targetHints":{"allow":["GET"]}}],"collection":[{"href":"https:\/\/wirtschaftlichefreiheit.de\/wordpress\/index.php?rest_route=\/wp\/v2\/posts"}],"about":[{"href":"https:\/\/wirtschaftlichefreiheit.de\/wordpress\/index.php?rest_route=\/wp\/v2\/types\/post"}],"author":[{"embeddable":true,"href":"https:\/\/wirtschaftlichefreiheit.de\/wordpress\/index.php?rest_route=\/wp\/v2\/users\/260"}],"replies":[{"embeddable":true,"href":"https:\/\/wirtschaftlichefreiheit.de\/wordpress\/index.php?rest_route=%2Fwp%2Fv2%2Fcomments&post=35601"}],"version-history":[{"count":3,"href":"https:\/\/wirtschaftlichefreiheit.de\/wordpress\/index.php?rest_route=\/wp\/v2\/posts\/35601\/revisions"}],"predecessor-version":[{"id":37596,"href":"https:\/\/wirtschaftlichefreiheit.de\/wordpress\/index.php?rest_route=\/wp\/v2\/posts\/35601\/revisions\/37596"}],"wp:featuredmedia":[{"embeddable":true,"href":"https:\/\/wirtschaftlichefreiheit.de\/wordpress\/index.php?rest_route=\/wp\/v2\/media\/37594"}],"wp:attachment":[{"href":"https:\/\/wirtschaftlichefreiheit.de\/wordpress\/index.php?rest_route=%2Fwp%2Fv2%2Fmedia&parent=35601"}],"wp:term":[{"taxonomy":"category","embeddable":true,"href":"https:\/\/wirtschaftlichefreiheit.de\/wordpress\/index.php?rest_route=%2Fwp%2Fv2%2Fcategories&post=35601"},{"taxonomy":"post_tag","embeddable":true,"href":"https:\/\/wirtschaftlichefreiheit.de\/wordpress\/index.php?rest_route=%2Fwp%2Fv2%2Ftags&post=35601"}],"curies":[{"name":"wp","href":"https:\/\/api.w.org\/{rel}","templated":true}]}}