{"id":35748,"date":"2024-03-08T00:29:00","date_gmt":"2024-03-07T23:29:00","guid":{"rendered":"https:\/\/wirtschaftlichefreiheit.de\/wordpress\/?p=35748"},"modified":"2024-08-04T09:32:36","modified_gmt":"2024-08-04T08:32:36","slug":"das-comeback-der-geldmenge","status":"publish","type":"post","link":"https:\/\/wirtschaftlichefreiheit.de\/wordpress\/?p=35748","title":{"rendered":"<b>Gastbeitrag <\/b><br>Das Comeback der Geldmenge"},"content":{"rendered":"\n<p><strong>M3 spielt im Denken der EZB anders als fr\u00fcher bei der Bundesbank keine Rolle mehr. Ich zeige, warum man wieder auf sie schauen sollte.<\/strong><\/p>\n\n\n\n<!--more-->\n\n\n\n<p>Das Comeback der Geldmenge als Inflationsindikator begann kurz nach Ausbruch von Corona Anfang 2020. Damals beschleunigte sich das Wachstum der Geldmenge M3, die Bargeld, Sicht-, Termin-, Spareinlagen und andere geldnahe Anlagen umfasst. Ab dem Fr\u00fchjahr 2021 zog die Inflation an und lag Ende des Jahres mit f\u00fcnf Prozent schon weit \u00fcber dem Zwei-Prozent-Ziel der EZB, bevor Russland die Ukraine \u00fcberfiel und die Rohstoffpreise nach oben schossen. H\u00e4tte man auf die Geldmenge geschaut, w\u00e4ren die Inflationsprognose f\u00fcr 2021 und 2022 viel besser ausgefallen, zeigt eine <a href=\"https:\/\/www.bis.org\/publ\/bisbull67.pdf\" target=\"_blank\" rel=\"noreferrer noopener\">Studie der Bank f\u00fcr Internationalen Zahlungsausgleich<\/a> (BIZ).<\/p>\n\n\n\n<p><strong>Monet\u00e4r alimentierter Nachfrageschub<\/strong><\/p>\n\n\n\n<p>Dass die Geldmenge vorab vor der hohen Inflation warnte, hat gute Gr\u00fcnde. Denn nach Ausbruch von Corona hatte die EZB den Banken in gro\u00dfem Stil Staatsanleihen abgekauft und ihnen die Gegenwerte auf ihren EZB-Konten gutgeschrieben. Mit diesem Geld kauften die Banken von den Finanzministern neue Staatsanleihen. Die Finanzminister \u00fcberwiesen die Einnahmen in Form von Corona-Hilfen auf die Konten der Unternehmen und B\u00fcrger, was die Geldmenge M3 stark steigen lie\u00df. Als die Empf\u00e4nger die milliardenschweren Staatshilfen ausgaben, traf die staatlich angefachte Nachfrage auf ein wegen der Lockdowns stark gesunkenes G\u00fcterangebot. Das von der EZB monet\u00e4r alimentierte Ungleichgewicht zwischen Nachfrage und Angebot lie\u00df die Inflation wie im Lehrbuch anspringen.<\/p>\n\n\n\n<p>Das gute Abschneiden der Geldmenge in der Pandemie war kein Zufallstreffer. In Zeiten hoher Inflation gibt es regelm\u00e4\u00dfig einen engen Zusammenhang zwischen dem Geldmengenwachstum und der Inflation. Das l\u00e4sst sich f\u00fcr die USA, Italien und viele andere L\u00e4nder bis weit in die 80er Jahre hinein zeigen.<\/p>\n\n\n\n<p>Die Daten best\u00e4tigen die Quantit\u00e4tstheorie des Geldes, nach der die Inflation umso h\u00f6her ausf\u00e4llt, je st\u00e4rker das Wachstum der Geldmenge das Wachstum des G\u00fcterangebots \u00fcbersteigt. Wenn die Geldmenge schneller steigt als das Angebot an G\u00fctern, jagt zu viel Geld den G\u00fctern hinterher und die Preise ziehen an.<\/p>\n\n\n\n<p><strong>Warum die Geldmenge in den Jahren vor Corona nicht gut funktionierte<\/strong><\/p>\n\n\n\n<p>Dass der Zusammenhang zwischen Geldmengenwachstum und Inflation ab Mitte der 80er Jahre in vielen L\u00e4ndern lockerer wurde und nur noch sehr langfristig bestand, widerlegt nicht die Quantit\u00e4tstheorie des Geldes.<\/p>\n\n\n\n<p><strong>Opfer des eigenen Erfolgs:<\/strong> Nachdem ab Ende der 70er Jahre immer mehr Notenbanken zu einer stabilit\u00e4tsorientierten Geldpolitik \u00fcbergingen, brachten sie die Inflation schrittweise unter Kontrolle. Immer mehr B\u00fcrger glaubten dem Versprechen der Zentralbanken, dass sie auch langfristig f\u00fcr Preisstabilit\u00e4t sorgen. Die Inflationserwartungen waren fest verankert. Die Inflation spielte im Denken der Menschen keine Rolle mehr. Gewerkschaften streikten seltener f\u00fcr h\u00f6here L\u00f6hne, weil sich ihre Mitglieder nicht um Inflation sorgten, wenn die Preise vor\u00fcbergehend ein wenig st\u00e4rker stiegen. Weil die L\u00f6hne nur moderat zulegten, belie\u00dfen es die Unternehmen bei geringen Preissteigerungen. Kurzum: Die Inflation war stabil niedrig. Wenn die Teuerungsrate aber kaum noch schwankt und allenfalls durch Zufallseinfl\u00fcsse bewegt wird, l\u00e4sst sich statistisch kein Zusammenhang zwischen Inflation und Geldmengenwachstum feststellen.<\/p>\n\n\n\n<p><strong>Steigende Rolle des Anlagemotivs:<\/strong> Wenn die Inflation niedrig ist, sind es auch die Zinsen f\u00fcr Anleihen. Das Halten weitgehend zinsloser Bankeinlagen, die zur Geldmenge M3 z\u00e4hlen, kostete in dem Sinne immer weniger, als die entgangenen Zinseinnahmen aus dem Halten von Anleihen niedrig waren. Die Opportunit\u00e4tskosten der Geldhaltung sanken. Die Anleger verwendeten einen steigenden Teil der Geldmenge f\u00fcr Investitionszwecke und nicht f\u00fcr potentiell inflationstreibende G\u00fcterk\u00e4ufe. Das schw\u00e4chte den Zusammenhang zwischen dem Geldmengenwachstum und der Inflation in den drei Jahrzehnten vor Corona.<\/p>\n\n\n\n<p><strong>Die Geldmenge bleibt ein wichtiger Inflationsindikator<\/strong><\/p>\n\n\n\n<p>Aber all das bedeutet nicht, dass es den Zusammenhang grunds\u00e4tzlich nicht mehr gab. Er existierte immer, hat nur eine l\u00e4ngere Zeit geschlummert. Aber wenn die Geldpolitik sehr locker ist und ein negativer Angebotsschock wie die Pandemie hinzukommt, lebt der Zusammenhang wieder auf. Die Geldmenge bleibe ein wichtiger Inflationsindikator, sagte j\u00fcngst zu Recht EZB-Direktoriumsmitglied Isabel Schnabel in einer <a href=\"https:\/\/www.ecb.europa.eu\/press\/key\/date\/2023\/html\/ecb.sp230925_1~7ad8ef22e2.en.html\" target=\"_blank\" rel=\"noreferrer noopener\">Rede.<\/a> Schade, dass das die meisten ihrer Kollegen anders sehen.<\/p>\n\n\n\n<p><strong>Blog-Beitr\u00e4ge zum Thema:<\/strong><\/p>\n\n\n\n<p><strong>Roland Vaubel (Uni Mannheim, 2023)<\/strong>: <a href=\"https:\/\/wirtschaftlichefreiheit.de\/wordpress\/?p=34542\">Die EZB ist orientierungslos, weil sie die Geldmenge ignoriert<\/a><\/p>\n\n\n\n<p><strong>Uwe Vollmer (Uni Leipzig, 2023)<\/strong>: <a href=\"https:\/\/wirtschaftlichefreiheit.de\/wordpress\/?p=32808\">Zum Niedergang der \u201emonet\u00e4ren Analyse\u201c in der geldpolitischen Strategie des Eurosystems<\/a><\/p>\n\n\n\n<p><strong>Roland Vaubel (Uni Mannheim, 2020)<\/strong>: <a href=\"https:\/\/wirtschaftlichefreiheit.de\/wordpress\/?p=33329\">Die Inflation heute ist die Folge des zu hohen Geldmengenwachstums 2020<\/a><\/p>\n<!-- AddThis Advanced Settings generic via filter on the_content --><!-- AddThis Share Buttons generic via filter on the_content --><!-- AddThis Related Posts generic via filter on the_content -->","protected":false},"excerpt":{"rendered":"<p>M3 spielt im Denken der EZB anders als fr\u00fcher bei der Bundesbank keine Rolle mehr. Ich zeige, warum man wieder auf sie schauen sollte.<!-- AddThis Advanced Settings generic via filter on wp_trim_excerpt --><!-- AddThis Share Buttons generic via filter on wp_trim_excerpt --><!-- AddThis Related Posts generic via filter on wp_trim_excerpt --><\/p>\n","protected":false},"author":323,"featured_media":37582,"comment_status":"open","ping_status":"open","sticky":false,"template":"","format":"standard","meta":{"footnotes":""},"categories":[12],"tags":[121,165,3269],"class_list":["post-35748","post","type-post","status-publish","format-standard","has-post-thumbnail","hentry","category-monetares","tag-ezb","tag-geldmenge","tag-kraemer"],"yoast_head":"<!-- This site is optimized with the Yoast SEO plugin v27.2 - https:\/\/yoast.com\/product\/yoast-seo-wordpress\/ -->\n<title>Gastbeitrag Das Comeback der Geldmenge - Wirtschaftliche Freiheit<\/title>\n<meta name=\"robots\" content=\"index, follow, max-snippet:-1, max-image-preview:large, max-video-preview:-1\" \/>\n<link rel=\"canonical\" href=\"https:\/\/wirtschaftlichefreiheit.de\/wordpress\/?p=35748\" \/>\n<meta property=\"og:locale\" content=\"de_DE\" \/>\n<meta property=\"og:type\" content=\"article\" \/>\n<meta property=\"og:title\" content=\"Gastbeitrag Das Comeback der Geldmenge - Wirtschaftliche Freiheit\" \/>\n<meta property=\"og:description\" content=\"M3 spielt im Denken der EZB anders als fr\u00fcher bei der Bundesbank keine Rolle mehr. Ich zeige, warum man wieder auf sie schauen sollte.\" \/>\n<meta property=\"og:url\" content=\"https:\/\/wirtschaftlichefreiheit.de\/wordpress\/?p=35748\" \/>\n<meta property=\"og:site_name\" content=\"Wirtschaftliche Freiheit\" \/>\n<meta property=\"article:published_time\" content=\"2024-03-07T23:29:00+00:00\" \/>\n<meta property=\"article:modified_time\" content=\"2024-08-04T08:32:36+00:00\" \/>\n<meta property=\"og:image\" content=\"http:\/\/wirtschaftlichefreiheit.de\/wordpress\/bilder\/geld-1-1024x768.png\" \/>\n\t<meta property=\"og:image:width\" content=\"1024\" \/>\n\t<meta property=\"og:image:height\" content=\"768\" \/>\n\t<meta property=\"og:image:type\" content=\"image\/png\" \/>\n<meta name=\"author\" content=\"J\u00f6rg Kr\u00e4mer\" \/>\n<meta name=\"twitter:card\" content=\"summary_large_image\" \/>\n<meta name=\"twitter:label1\" content=\"Verfasst von\" \/>\n\t<meta name=\"twitter:data1\" content=\"J\u00f6rg Kr\u00e4mer\" \/>\n\t<meta name=\"twitter:label2\" content=\"Gesch\u00e4tzte Lesezeit\" \/>\n\t<meta name=\"twitter:data2\" content=\"4\u00a0Minuten\" \/>\n<script type=\"application\/ld+json\" class=\"yoast-schema-graph\">{\"@context\":\"https:\/\/schema.org\",\"@graph\":[{\"@type\":\"Article\",\"@id\":\"https:\/\/wirtschaftlichefreiheit.de\/wordpress\/?p=35748#article\",\"isPartOf\":{\"@id\":\"https:\/\/wirtschaftlichefreiheit.de\/wordpress\/?p=35748\"},\"author\":{\"name\":\"J\u00f6rg Kr\u00e4mer\",\"@id\":\"https:\/\/wirtschaftlichefreiheit.de\/wordpress\/#\/schema\/person\/fd5c106a98459af272f71e1312f49eec\"},\"headline\":\"Gastbeitrag Das Comeback der Geldmenge\",\"datePublished\":\"2024-03-07T23:29:00+00:00\",\"dateModified\":\"2024-08-04T08:32:36+00:00\",\"mainEntityOfPage\":{\"@id\":\"https:\/\/wirtschaftlichefreiheit.de\/wordpress\/?p=35748\"},\"wordCount\":730,\"commentCount\":0,\"image\":{\"@id\":\"https:\/\/wirtschaftlichefreiheit.de\/wordpress\/?p=35748#primaryimage\"},\"thumbnailUrl\":\"https:\/\/wirtschaftlichefreiheit.de\/wordpress\/bilder\/geld-1.png\",\"keywords\":[\"EZB\",\"Geldmenge\",\"Kr\u00e4mer\"],\"articleSection\":[\"Monet\u00e4res\"],\"inLanguage\":\"de\",\"potentialAction\":[{\"@type\":\"CommentAction\",\"name\":\"Comment\",\"target\":[\"https:\/\/wirtschaftlichefreiheit.de\/wordpress\/?p=35748#respond\"]}]},{\"@type\":\"WebPage\",\"@id\":\"https:\/\/wirtschaftlichefreiheit.de\/wordpress\/?p=35748\",\"url\":\"https:\/\/wirtschaftlichefreiheit.de\/wordpress\/?p=35748\",\"name\":\"Gastbeitrag Das Comeback der Geldmenge - Wirtschaftliche Freiheit\",\"isPartOf\":{\"@id\":\"https:\/\/wirtschaftlichefreiheit.de\/wordpress\/#website\"},\"primaryImageOfPage\":{\"@id\":\"https:\/\/wirtschaftlichefreiheit.de\/wordpress\/?p=35748#primaryimage\"},\"image\":{\"@id\":\"https:\/\/wirtschaftlichefreiheit.de\/wordpress\/?p=35748#primaryimage\"},\"thumbnailUrl\":\"https:\/\/wirtschaftlichefreiheit.de\/wordpress\/bilder\/geld-1.png\",\"datePublished\":\"2024-03-07T23:29:00+00:00\",\"dateModified\":\"2024-08-04T08:32:36+00:00\",\"author\":{\"@id\":\"https:\/\/wirtschaftlichefreiheit.de\/wordpress\/#\/schema\/person\/fd5c106a98459af272f71e1312f49eec\"},\"breadcrumb\":{\"@id\":\"https:\/\/wirtschaftlichefreiheit.de\/wordpress\/?p=35748#breadcrumb\"},\"inLanguage\":\"de\",\"potentialAction\":[{\"@type\":\"ReadAction\",\"target\":[\"https:\/\/wirtschaftlichefreiheit.de\/wordpress\/?p=35748\"]}]},{\"@type\":\"ImageObject\",\"inLanguage\":\"de\",\"@id\":\"https:\/\/wirtschaftlichefreiheit.de\/wordpress\/?p=35748#primaryimage\",\"url\":\"https:\/\/wirtschaftlichefreiheit.de\/wordpress\/bilder\/geld-1.png\",\"contentUrl\":\"https:\/\/wirtschaftlichefreiheit.de\/wordpress\/bilder\/geld-1.png\",\"width\":1732,\"height\":1299},{\"@type\":\"BreadcrumbList\",\"@id\":\"https:\/\/wirtschaftlichefreiheit.de\/wordpress\/?p=35748#breadcrumb\",\"itemListElement\":[{\"@type\":\"ListItem\",\"position\":1,\"name\":\"Startseite\",\"item\":\"https:\/\/wirtschaftlichefreiheit.de\/wordpress\"},{\"@type\":\"ListItem\",\"position\":2,\"name\":\"Gastbeitrag Das Comeback der Geldmenge\"}]},{\"@type\":\"WebSite\",\"@id\":\"https:\/\/wirtschaftlichefreiheit.de\/wordpress\/#website\",\"url\":\"https:\/\/wirtschaftlichefreiheit.de\/wordpress\/\",\"name\":\"Wirtschaftliche Freiheit\",\"description\":\"Das ordnungspolitische Journal\",\"potentialAction\":[{\"@type\":\"SearchAction\",\"target\":{\"@type\":\"EntryPoint\",\"urlTemplate\":\"https:\/\/wirtschaftlichefreiheit.de\/wordpress\/?s={search_term_string}\"},\"query-input\":{\"@type\":\"PropertyValueSpecification\",\"valueRequired\":true,\"valueName\":\"search_term_string\"}}],\"inLanguage\":\"de\"},{\"@type\":\"Person\",\"@id\":\"https:\/\/wirtschaftlichefreiheit.de\/wordpress\/#\/schema\/person\/fd5c106a98459af272f71e1312f49eec\",\"name\":\"J\u00f6rg Kr\u00e4mer\",\"image\":{\"@type\":\"ImageObject\",\"inLanguage\":\"de\",\"@id\":\"https:\/\/wirtschaftlichefreiheit.de\/wordpress\/bilder\/1567504157893.jpg\",\"url\":\"https:\/\/wirtschaftlichefreiheit.de\/wordpress\/bilder\/1567504157893.jpg\",\"contentUrl\":\"https:\/\/wirtschaftlichefreiheit.de\/wordpress\/bilder\/1567504157893.jpg\",\"caption\":\"J\u00f6rg Kr\u00e4mer\"},\"description\":\"Commerzbank AG\",\"url\":\"https:\/\/wirtschaftlichefreiheit.de\/wordpress\/?author=323\"}]}<\/script>\n<!-- \/ Yoast SEO plugin. -->","yoast_head_json":{"title":"Gastbeitrag Das Comeback der Geldmenge - Wirtschaftliche Freiheit","robots":{"index":"index","follow":"follow","max-snippet":"max-snippet:-1","max-image-preview":"max-image-preview:large","max-video-preview":"max-video-preview:-1"},"canonical":"https:\/\/wirtschaftlichefreiheit.de\/wordpress\/?p=35748","og_locale":"de_DE","og_type":"article","og_title":"Gastbeitrag Das Comeback der Geldmenge - Wirtschaftliche Freiheit","og_description":"M3 spielt im Denken der EZB anders als fr\u00fcher bei der Bundesbank keine Rolle mehr. Ich zeige, warum man wieder auf sie schauen sollte.","og_url":"https:\/\/wirtschaftlichefreiheit.de\/wordpress\/?p=35748","og_site_name":"Wirtschaftliche Freiheit","article_published_time":"2024-03-07T23:29:00+00:00","article_modified_time":"2024-08-04T08:32:36+00:00","og_image":[{"width":1024,"height":768,"url":"http:\/\/wirtschaftlichefreiheit.de\/wordpress\/bilder\/geld-1-1024x768.png","type":"image\/png"}],"author":"J\u00f6rg Kr\u00e4mer","twitter_card":"summary_large_image","twitter_misc":{"Verfasst von":"J\u00f6rg Kr\u00e4mer","Gesch\u00e4tzte Lesezeit":"4\u00a0Minuten"},"schema":{"@context":"https:\/\/schema.org","@graph":[{"@type":"Article","@id":"https:\/\/wirtschaftlichefreiheit.de\/wordpress\/?p=35748#article","isPartOf":{"@id":"https:\/\/wirtschaftlichefreiheit.de\/wordpress\/?p=35748"},"author":{"name":"J\u00f6rg Kr\u00e4mer","@id":"https:\/\/wirtschaftlichefreiheit.de\/wordpress\/#\/schema\/person\/fd5c106a98459af272f71e1312f49eec"},"headline":"Gastbeitrag Das Comeback der Geldmenge","datePublished":"2024-03-07T23:29:00+00:00","dateModified":"2024-08-04T08:32:36+00:00","mainEntityOfPage":{"@id":"https:\/\/wirtschaftlichefreiheit.de\/wordpress\/?p=35748"},"wordCount":730,"commentCount":0,"image":{"@id":"https:\/\/wirtschaftlichefreiheit.de\/wordpress\/?p=35748#primaryimage"},"thumbnailUrl":"https:\/\/wirtschaftlichefreiheit.de\/wordpress\/bilder\/geld-1.png","keywords":["EZB","Geldmenge","Kr\u00e4mer"],"articleSection":["Monet\u00e4res"],"inLanguage":"de","potentialAction":[{"@type":"CommentAction","name":"Comment","target":["https:\/\/wirtschaftlichefreiheit.de\/wordpress\/?p=35748#respond"]}]},{"@type":"WebPage","@id":"https:\/\/wirtschaftlichefreiheit.de\/wordpress\/?p=35748","url":"https:\/\/wirtschaftlichefreiheit.de\/wordpress\/?p=35748","name":"Gastbeitrag Das Comeback der Geldmenge - Wirtschaftliche Freiheit","isPartOf":{"@id":"https:\/\/wirtschaftlichefreiheit.de\/wordpress\/#website"},"primaryImageOfPage":{"@id":"https:\/\/wirtschaftlichefreiheit.de\/wordpress\/?p=35748#primaryimage"},"image":{"@id":"https:\/\/wirtschaftlichefreiheit.de\/wordpress\/?p=35748#primaryimage"},"thumbnailUrl":"https:\/\/wirtschaftlichefreiheit.de\/wordpress\/bilder\/geld-1.png","datePublished":"2024-03-07T23:29:00+00:00","dateModified":"2024-08-04T08:32:36+00:00","author":{"@id":"https:\/\/wirtschaftlichefreiheit.de\/wordpress\/#\/schema\/person\/fd5c106a98459af272f71e1312f49eec"},"breadcrumb":{"@id":"https:\/\/wirtschaftlichefreiheit.de\/wordpress\/?p=35748#breadcrumb"},"inLanguage":"de","potentialAction":[{"@type":"ReadAction","target":["https:\/\/wirtschaftlichefreiheit.de\/wordpress\/?p=35748"]}]},{"@type":"ImageObject","inLanguage":"de","@id":"https:\/\/wirtschaftlichefreiheit.de\/wordpress\/?p=35748#primaryimage","url":"https:\/\/wirtschaftlichefreiheit.de\/wordpress\/bilder\/geld-1.png","contentUrl":"https:\/\/wirtschaftlichefreiheit.de\/wordpress\/bilder\/geld-1.png","width":1732,"height":1299},{"@type":"BreadcrumbList","@id":"https:\/\/wirtschaftlichefreiheit.de\/wordpress\/?p=35748#breadcrumb","itemListElement":[{"@type":"ListItem","position":1,"name":"Startseite","item":"https:\/\/wirtschaftlichefreiheit.de\/wordpress"},{"@type":"ListItem","position":2,"name":"Gastbeitrag Das Comeback der Geldmenge"}]},{"@type":"WebSite","@id":"https:\/\/wirtschaftlichefreiheit.de\/wordpress\/#website","url":"https:\/\/wirtschaftlichefreiheit.de\/wordpress\/","name":"Wirtschaftliche Freiheit","description":"Das ordnungspolitische Journal","potentialAction":[{"@type":"SearchAction","target":{"@type":"EntryPoint","urlTemplate":"https:\/\/wirtschaftlichefreiheit.de\/wordpress\/?s={search_term_string}"},"query-input":{"@type":"PropertyValueSpecification","valueRequired":true,"valueName":"search_term_string"}}],"inLanguage":"de"},{"@type":"Person","@id":"https:\/\/wirtschaftlichefreiheit.de\/wordpress\/#\/schema\/person\/fd5c106a98459af272f71e1312f49eec","name":"J\u00f6rg Kr\u00e4mer","image":{"@type":"ImageObject","inLanguage":"de","@id":"https:\/\/wirtschaftlichefreiheit.de\/wordpress\/bilder\/1567504157893.jpg","url":"https:\/\/wirtschaftlichefreiheit.de\/wordpress\/bilder\/1567504157893.jpg","contentUrl":"https:\/\/wirtschaftlichefreiheit.de\/wordpress\/bilder\/1567504157893.jpg","caption":"J\u00f6rg Kr\u00e4mer"},"description":"Commerzbank AG","url":"https:\/\/wirtschaftlichefreiheit.de\/wordpress\/?author=323"}]}},"_links":{"self":[{"href":"https:\/\/wirtschaftlichefreiheit.de\/wordpress\/index.php?rest_route=\/wp\/v2\/posts\/35748","targetHints":{"allow":["GET"]}}],"collection":[{"href":"https:\/\/wirtschaftlichefreiheit.de\/wordpress\/index.php?rest_route=\/wp\/v2\/posts"}],"about":[{"href":"https:\/\/wirtschaftlichefreiheit.de\/wordpress\/index.php?rest_route=\/wp\/v2\/types\/post"}],"author":[{"embeddable":true,"href":"https:\/\/wirtschaftlichefreiheit.de\/wordpress\/index.php?rest_route=\/wp\/v2\/users\/323"}],"replies":[{"embeddable":true,"href":"https:\/\/wirtschaftlichefreiheit.de\/wordpress\/index.php?rest_route=%2Fwp%2Fv2%2Fcomments&post=35748"}],"version-history":[{"count":6,"href":"https:\/\/wirtschaftlichefreiheit.de\/wordpress\/index.php?rest_route=\/wp\/v2\/posts\/35748\/revisions"}],"predecessor-version":[{"id":37585,"href":"https:\/\/wirtschaftlichefreiheit.de\/wordpress\/index.php?rest_route=\/wp\/v2\/posts\/35748\/revisions\/37585"}],"wp:featuredmedia":[{"embeddable":true,"href":"https:\/\/wirtschaftlichefreiheit.de\/wordpress\/index.php?rest_route=\/wp\/v2\/media\/37582"}],"wp:attachment":[{"href":"https:\/\/wirtschaftlichefreiheit.de\/wordpress\/index.php?rest_route=%2Fwp%2Fv2%2Fmedia&parent=35748"}],"wp:term":[{"taxonomy":"category","embeddable":true,"href":"https:\/\/wirtschaftlichefreiheit.de\/wordpress\/index.php?rest_route=%2Fwp%2Fv2%2Fcategories&post=35748"},{"taxonomy":"post_tag","embeddable":true,"href":"https:\/\/wirtschaftlichefreiheit.de\/wordpress\/index.php?rest_route=%2Fwp%2Fv2%2Ftags&post=35748"}],"curies":[{"name":"wp","href":"https:\/\/api.w.org\/{rel}","templated":true}]}}