{"id":35898,"date":"2024-02-11T08:35:15","date_gmt":"2024-02-11T07:35:15","guid":{"rendered":"https:\/\/wirtschaftlichefreiheit.de\/wordpress\/?p=35898"},"modified":"2024-02-11T09:07:20","modified_gmt":"2024-02-11T08:07:20","slug":"gastbeitrag-ergebnisse-des-laenderfinanzausgleichs-2023","status":"publish","type":"post","link":"https:\/\/wirtschaftlichefreiheit.de\/wordpress\/?p=35898","title":{"rendered":"<b>Gastbeitrag<\/b> <br>Ergebnisse des L\u00e4nderfinanzausgleichs 2023"},"content":{"rendered":"\n<p><em>Auch 2023 war Bayern der gr\u00f6\u00dfte Nettozahler im L\u00e4nderfinanzausgleich. Durch Abschl\u00e4ge bei der Umsatzsteuerverteilung wurden 9,1 Mrd. Euro bzw. 682 Euro pro Einwohner an andere Bundesl\u00e4nder umverteilt. Die bayerische Verfassungsklage scheint durch diese Daten gest\u00fctzt zu werden. Allerdings liegen die eigentlichen Probleme des L\u00e4nderfinanzausgleichs nicht bei der Umsatzsteuerverteilung, sondern bei den Bundeserg\u00e4nzungszuweisungen.<\/em><\/p>\n\n\n\n<p>Der L\u00e4nderfinanzausgleich ist ein intransparentes System der Mittelverteilung zwischen den Bundesl\u00e4ndern. Den Ausgangspunkt bildet die Steuerkraft der L\u00e4nder. Sie basiert auf den Steuereinnahmen, die den L\u00e4ndern nach dem \u00f6rtlichen Aufkommen zuflie\u00dfen (L\u00e4ndersteuern, Anteile an Einkommen- und K\u00f6rperschaftsteuer). Hinzu kommen die Umsatzsteueranteile der L\u00e4nder, die ihre Steuerkraft um denselben Pro-Kopf-Betrag erh\u00f6hen. Abbildung 1 zeigt die daraus resultierende Steuerkraft vor Finanzausgleich in Euro pro Einwohner.<\/p>\n\n\n\n<figure class=\"wp-block-image size-large\"><img loading=\"lazy\" decoding=\"async\" width=\"1024\" height=\"751\" src=\"https:\/\/wirtschaftlichefreiheit.de\/wordpress\/bilder\/lfaneu1-1024x751.png\" alt=\"\" class=\"wp-image-35900\" srcset=\"https:\/\/wirtschaftlichefreiheit.de\/wordpress\/bilder\/lfaneu1-1024x751.png 1024w, https:\/\/wirtschaftlichefreiheit.de\/wordpress\/bilder\/lfaneu1-300x220.png 300w, https:\/\/wirtschaftlichefreiheit.de\/wordpress\/bilder\/lfaneu1-768x563.png 768w, https:\/\/wirtschaftlichefreiheit.de\/wordpress\/bilder\/lfaneu1.png 1196w\" sizes=\"auto, (max-width: 767px) 89vw, (max-width: 1000px) 54vw, (max-width: 1071px) 543px, 580px\" \/><\/figure>\n\n\n\n<p>Die gro\u00dfen Unterschiede in der L\u00e4ndersteuerkraft gehen auf die Steuern nach dem Aufkommen zur\u00fcck. Vor diesem Hintergrund erfolgt ein umfassender Finanzkraftausgleich unter den L\u00e4ndern. Hierf\u00fcr werden drei Instrumente eingesetzt: (1) Zuschl\u00e4ge und Abschl\u00e4ge bei der Umsatzsteuer, (2) allgemeine Bundeserg\u00e4nzungszuweisungen und (3) Bundeserg\u00e4nzungszuweisungen f\u00fcr unterproportionale Gemeindesteuerkraft.<\/p>\n\n\n\n<p>Im Gesamtergebnis zeigen die Einnahmen nach Finanzkraftausgleich allerdings keine gleichm\u00e4\u00dfige Ann\u00e4herung der Finanzkraft der relativ armen und reichen Bundesl\u00e4nder. Die Rangfolge der L\u00e4nder bleibt nicht einmal erhalten, sondern wird komplett durcheinandergew\u00fcrfelt. Zum Beispiel rutscht Bayern von Platz 2 auf Platz 10, w\u00e4hrend sich Berlin umgekehrt von Platz 5 auf Platz 1 verbessert. Im Finanzausgleich verliert Bayern 682 Euro pro Einwohner, w\u00e4hrend Berlin 1.469 Euro gewinnt. Danach \u00fcbertreffen die Berliner Einnahmen pro Einwohner mit 5.872 Euro die bayerischen Einnahmen von 4.256 Euro um 38 Prozent.<\/p>\n\n\n\n<p>Die unsystematisch wirkende Umverteilung ist nach den Ma\u00dfst\u00e4ben des Finanzausgleichsgesetzes in Ordnung. Der Finanzkraftausgleich orientiert sich nicht an der relativen Pro-Kopf-Steuerkraft der L\u00e4nder, sondern am Verh\u00e4ltnis zwischen Finanzkraft- und Ausgleichsmesszahl. Die Finanzkraftmesszahl (FMZ) umfasst neben der Steuerkraft der L\u00e4nder auch 75 Prozent der Steuerkraft der Gemeinden. Die Ausgleichsmesszahl (AMZ) entspricht im Prinzip der durchschnittlichen Finanzkraftmesszahl pro Kopf, basiert aber nicht auf tats\u00e4chlichen, sondern auf gewichteten Einwohnern.<\/p>\n\n\n\n<p>Die erheblichen Finanzkraftzuw\u00e4chse der ostdeutschen Bundesl\u00e4nder in Abbildung 1 sind insofern nicht \u00fcberraschend, denn sie basieren auf der geringen Steuerkraft dieser L\u00e4nder und ihrer Gemeinden. Dagegen profitieren die Stadtstaaten prim\u00e4r von der Gewichtung ihrer Einwohner mit 135 Prozent. Dadurch reduziert sich ihre relative Pro-Kopf-Finanzkraft (FMZ\/AMZ) enorm, was die hohen Finanzausgleichsgewinne von Bremen und Berlin und die geringe Belastung von Hamburg erkl\u00e4rt.<\/p>\n\n\n\n<p>Abbildung 2 illustriert den Finanzkraftausgleich (FKA) anhand der Normen des Finanzausgleichsgesetzes. Die L\u00e4nder werden hier nach dem Verh\u00e4ltnis zwischen Finanzkraftmesszahl und Ausgleichsmesszahl geordnet. Infolge der Stadtstaatenwertung ist Bremen nun das \u00e4rmste Bundesland. Auch Berlin und Hamburg rutschen in der Finanzkraftrangfolge deutlich nach hinten.<\/p>\n\n\n\n<figure class=\"wp-block-image size-large\"><img loading=\"lazy\" decoding=\"async\" width=\"1024\" height=\"751\" src=\"https:\/\/wirtschaftlichefreiheit.de\/wordpress\/bilder\/lfaneu2-1024x751.png\" alt=\"\" class=\"wp-image-35902\" srcset=\"https:\/\/wirtschaftlichefreiheit.de\/wordpress\/bilder\/lfaneu2-1024x751.png 1024w, https:\/\/wirtschaftlichefreiheit.de\/wordpress\/bilder\/lfaneu2-300x220.png 300w, https:\/\/wirtschaftlichefreiheit.de\/wordpress\/bilder\/lfaneu2-768x563.png 768w, https:\/\/wirtschaftlichefreiheit.de\/wordpress\/bilder\/lfaneu2.png 1196w\" sizes=\"auto, (max-width: 767px) 89vw, (max-width: 1000px) 54vw, (max-width: 1071px) 543px, 580px\" \/><\/figure>\n\n\n\n<p>Der Finanzkraftausgleich bewirkt eine starke Nivellierung der relativen Finanzkraftpositionen. Die Zuschl\u00e4ge und Abschl\u00e4ge bei der Umsatzsteuer kompensieren die AMZ-FMZ-Differenzen zu 63 Prozent. Die verbleibenden Finanzkraftl\u00fccken werden durch allgemeine Bundeserg\u00e4nzungszuweisungen (a BEZ) mit einem Ausgleichssatz von 80 Prozent nahezu vollst\u00e4ndig geschlossen.<\/p>\n\n\n\n<p>Aus \u00f6konomischer Sicht ist der bis dahin erreichte Nivellierungsgrad zwar weit \u00fcberzogen, aber die Finanzkraftrangfolge der L\u00e4nder hat sich noch nicht verschoben. Das \u00e4ndert sich durch die Bundeserg\u00e4nzungszuweisungen f\u00fcr unterproportionale Gemeindesteuerkraft. F\u00fcr diese Zuweisungen ist kein systematischer Grund ersichtlich, denn die Gemeindesteuerkraft wird bereits in der Finanzkraftmesszahl ber\u00fccksichtigt. Die Extrazuweisungen verzerren vielmehr den Finanzkraftausgleich und erzeugen \u00dcbernivellierungseffekte.<\/p>\n\n\n\n<p>Abbildung 2 zeigt, dass die Empf\u00e4nger der Gemeindesteuerkraftzuweisungen (g BEZ) L\u00e4nder \u00fcberholen, die zuvor in der Finanzkraftrangfolge vor ihnen liegen. Selbst innerhalb der Empf\u00e4ngergruppe treten Rangfolgeverschiebungen ein. Die f\u00fcnf ostdeutschen Empf\u00e4ngerl\u00e4nder erreichen nach Finanzausgleich sogar eine FMZ-AMZ-Relation \u00fcber 100 Prozent, was auf eine unberechtigte \u00dcberkompensation ihrer Finanzkraftl\u00fccken hinausl\u00e4uft.<\/p>\n\n\n\n<p>Im Ergebnis verletzen die Gemeindesteuerkraftzuweisungen das verfassungsrechtliche \u00dcbernivellierungsverbot. Ihre z\u00fcgige Abschaffung erscheint mithin \u00f6konomisch wie auch verfassungsrechtlich geboten. Der Bund k\u00f6nnte den Verlust der L\u00e4nder im Rahmen der Umsatzsteuerverteilung kompensieren und damit eine sinnvolle kleine Reform des L\u00e4nderfinanzausgleichs unterst\u00fctzen.<\/p>\n\n\n\n<p><strong>Blog-Beitrag zum Thema<\/strong><\/p>\n\n\n\n<p>Wolfgang Scherf (2023): <a href=\"https:\/\/wirtschaftlichefreiheit.de\/wordpress\/?p=32835\">Neuer Streit \u00fcber den L\u00e4nderfinanzausgleich<\/a><\/p>\n<!-- AddThis Advanced Settings generic via filter on the_content --><!-- AddThis Share Buttons generic via filter on the_content --><!-- AddThis Related Posts generic via filter on the_content -->","protected":false},"excerpt":{"rendered":"<p>Auch 2023 war Bayern der gr\u00f6\u00dfte Nettozahler im L\u00e4nderfinanzausgleich. Durch Abschl\u00e4ge bei der Umsatzsteuerverteilung wurden 9,1 Mrd. Euro bzw. 682 Euro pro Einwohner an andere &hellip; <\/p>\n<p class=\"link-more\"><a href=\"https:\/\/wirtschaftlichefreiheit.de\/wordpress\/?p=35898\" class=\"more-link\"><span class=\"screen-reader-text\">\u201e<b>Gastbeitrag<\/b> <br \/>Ergebnisse des L\u00e4nderfinanzausgleichs 2023\u201c <\/span>weiterlesen<\/a><\/p>\n<p><!-- AddThis Advanced Settings generic via filter on wp_trim_excerpt --><!-- AddThis Share Buttons generic via filter on wp_trim_excerpt --><!-- AddThis Related Posts generic via filter on wp_trim_excerpt --><\/p>\n","protected":false},"author":76,"featured_media":35904,"comment_status":"open","ping_status":"open","sticky":false,"template":"","format":"standard","meta":{"footnotes":""},"categories":[10],"tags":[241,2694],"class_list":["post-35898","post","type-post","status-publish","format-standard","has-post-thumbnail","hentry","category-fiskalisches","tag-laenderfinanzausgleich","tag-scherf"],"yoast_head":"<!-- This site is optimized with the Yoast SEO plugin v27.2 - https:\/\/yoast.com\/product\/yoast-seo-wordpress\/ -->\n<title>Gastbeitrag Ergebnisse des L\u00e4nderfinanzausgleichs 2023 - Wirtschaftliche Freiheit<\/title>\n<meta name=\"robots\" content=\"index, follow, max-snippet:-1, max-image-preview:large, max-video-preview:-1\" \/>\n<link rel=\"canonical\" href=\"https:\/\/wirtschaftlichefreiheit.de\/wordpress\/?p=35898\" \/>\n<meta property=\"og:locale\" content=\"de_DE\" \/>\n<meta property=\"og:type\" content=\"article\" \/>\n<meta property=\"og:title\" content=\"Gastbeitrag Ergebnisse des L\u00e4nderfinanzausgleichs 2023 - Wirtschaftliche Freiheit\" \/>\n<meta property=\"og:description\" content=\"Auch 2023 war Bayern der gr\u00f6\u00dfte Nettozahler im L\u00e4nderfinanzausgleich. Durch Abschl\u00e4ge bei der Umsatzsteuerverteilung wurden 9,1 Mrd. Euro bzw. 682 Euro pro Einwohner an andere &hellip; \u201eGastbeitrag Ergebnisse des L\u00e4nderfinanzausgleichs 2023\u201c weiterlesen\" \/>\n<meta property=\"og:url\" content=\"https:\/\/wirtschaftlichefreiheit.de\/wordpress\/?p=35898\" \/>\n<meta property=\"og:site_name\" content=\"Wirtschaftliche Freiheit\" \/>\n<meta property=\"article:published_time\" content=\"2024-02-11T07:35:15+00:00\" \/>\n<meta property=\"article:modified_time\" content=\"2024-02-11T08:07:20+00:00\" \/>\n<meta property=\"og:image\" content=\"http:\/\/wirtschaftlichefreiheit.de\/wordpress\/bilder\/lfaneu3-1024x400.png\" \/>\n\t<meta property=\"og:image:width\" content=\"1024\" \/>\n\t<meta property=\"og:image:height\" content=\"400\" \/>\n\t<meta property=\"og:image:type\" content=\"image\/png\" \/>\n<meta name=\"author\" content=\"Wolfgang Scherf\" \/>\n<meta name=\"twitter:card\" content=\"summary_large_image\" \/>\n<meta name=\"twitter:label1\" content=\"Verfasst von\" \/>\n\t<meta name=\"twitter:data1\" content=\"Wolfgang Scherf\" \/>\n\t<meta name=\"twitter:label2\" content=\"Gesch\u00e4tzte Lesezeit\" \/>\n\t<meta name=\"twitter:data2\" content=\"4\u00a0Minuten\" \/>\n<script type=\"application\/ld+json\" class=\"yoast-schema-graph\">{\"@context\":\"https:\/\/schema.org\",\"@graph\":[{\"@type\":\"Article\",\"@id\":\"https:\/\/wirtschaftlichefreiheit.de\/wordpress\/?p=35898#article\",\"isPartOf\":{\"@id\":\"https:\/\/wirtschaftlichefreiheit.de\/wordpress\/?p=35898\"},\"author\":{\"name\":\"Wolfgang Scherf\",\"@id\":\"https:\/\/wirtschaftlichefreiheit.de\/wordpress\/#\/schema\/person\/d30b50b86db33b446fc22b4401341323\"},\"headline\":\"Gastbeitrag Ergebnisse des L\u00e4nderfinanzausgleichs 2023\",\"datePublished\":\"2024-02-11T07:35:15+00:00\",\"dateModified\":\"2024-02-11T08:07:20+00:00\",\"mainEntityOfPage\":{\"@id\":\"https:\/\/wirtschaftlichefreiheit.de\/wordpress\/?p=35898\"},\"wordCount\":660,\"commentCount\":0,\"image\":{\"@id\":\"https:\/\/wirtschaftlichefreiheit.de\/wordpress\/?p=35898#primaryimage\"},\"thumbnailUrl\":\"https:\/\/wirtschaftlichefreiheit.de\/wordpress\/bilder\/lfaneu3.png\",\"keywords\":[\"L\u00e4nderfinanzausgleich\",\"Scherf\"],\"articleSection\":[\"Fiskalisches\"],\"inLanguage\":\"de\",\"potentialAction\":[{\"@type\":\"CommentAction\",\"name\":\"Comment\",\"target\":[\"https:\/\/wirtschaftlichefreiheit.de\/wordpress\/?p=35898#respond\"]}]},{\"@type\":\"WebPage\",\"@id\":\"https:\/\/wirtschaftlichefreiheit.de\/wordpress\/?p=35898\",\"url\":\"https:\/\/wirtschaftlichefreiheit.de\/wordpress\/?p=35898\",\"name\":\"Gastbeitrag Ergebnisse des L\u00e4nderfinanzausgleichs 2023 - Wirtschaftliche Freiheit\",\"isPartOf\":{\"@id\":\"https:\/\/wirtschaftlichefreiheit.de\/wordpress\/#website\"},\"primaryImageOfPage\":{\"@id\":\"https:\/\/wirtschaftlichefreiheit.de\/wordpress\/?p=35898#primaryimage\"},\"image\":{\"@id\":\"https:\/\/wirtschaftlichefreiheit.de\/wordpress\/?p=35898#primaryimage\"},\"thumbnailUrl\":\"https:\/\/wirtschaftlichefreiheit.de\/wordpress\/bilder\/lfaneu3.png\",\"datePublished\":\"2024-02-11T07:35:15+00:00\",\"dateModified\":\"2024-02-11T08:07:20+00:00\",\"author\":{\"@id\":\"https:\/\/wirtschaftlichefreiheit.de\/wordpress\/#\/schema\/person\/d30b50b86db33b446fc22b4401341323\"},\"breadcrumb\":{\"@id\":\"https:\/\/wirtschaftlichefreiheit.de\/wordpress\/?p=35898#breadcrumb\"},\"inLanguage\":\"de\",\"potentialAction\":[{\"@type\":\"ReadAction\",\"target\":[\"https:\/\/wirtschaftlichefreiheit.de\/wordpress\/?p=35898\"]}]},{\"@type\":\"ImageObject\",\"inLanguage\":\"de\",\"@id\":\"https:\/\/wirtschaftlichefreiheit.de\/wordpress\/?p=35898#primaryimage\",\"url\":\"https:\/\/wirtschaftlichefreiheit.de\/wordpress\/bilder\/lfaneu3.png\",\"contentUrl\":\"https:\/\/wirtschaftlichefreiheit.de\/wordpress\/bilder\/lfaneu3.png\",\"width\":1510,\"height\":590},{\"@type\":\"BreadcrumbList\",\"@id\":\"https:\/\/wirtschaftlichefreiheit.de\/wordpress\/?p=35898#breadcrumb\",\"itemListElement\":[{\"@type\":\"ListItem\",\"position\":1,\"name\":\"Startseite\",\"item\":\"https:\/\/wirtschaftlichefreiheit.de\/wordpress\"},{\"@type\":\"ListItem\",\"position\":2,\"name\":\"Gastbeitrag Ergebnisse des L\u00e4nderfinanzausgleichs 2023\"}]},{\"@type\":\"WebSite\",\"@id\":\"https:\/\/wirtschaftlichefreiheit.de\/wordpress\/#website\",\"url\":\"https:\/\/wirtschaftlichefreiheit.de\/wordpress\/\",\"name\":\"Wirtschaftliche Freiheit\",\"description\":\"Das ordnungspolitische Journal\",\"potentialAction\":[{\"@type\":\"SearchAction\",\"target\":{\"@type\":\"EntryPoint\",\"urlTemplate\":\"https:\/\/wirtschaftlichefreiheit.de\/wordpress\/?s={search_term_string}\"},\"query-input\":{\"@type\":\"PropertyValueSpecification\",\"valueRequired\":true,\"valueName\":\"search_term_string\"}}],\"inLanguage\":\"de\"},{\"@type\":\"Person\",\"@id\":\"https:\/\/wirtschaftlichefreiheit.de\/wordpress\/#\/schema\/person\/d30b50b86db33b446fc22b4401341323\",\"name\":\"Wolfgang Scherf\",\"image\":{\"@type\":\"ImageObject\",\"inLanguage\":\"de\",\"@id\":\"https:\/\/wirtschaftlichefreiheit.de\/wordpress\/bilder\/scherf-foto.jpg\",\"url\":\"https:\/\/wirtschaftlichefreiheit.de\/wordpress\/bilder\/scherf-foto.jpg\",\"contentUrl\":\"https:\/\/wirtschaftlichefreiheit.de\/wordpress\/bilder\/scherf-foto.jpg\",\"caption\":\"Wolfgang Scherf\"},\"description\":\"Justus-Liebig-Universit\u00e4t Gie\u00dfen\",\"url\":\"https:\/\/wirtschaftlichefreiheit.de\/wordpress\/?author=76\"}]}<\/script>\n<!-- \/ Yoast SEO plugin. -->","yoast_head_json":{"title":"Gastbeitrag Ergebnisse des L\u00e4nderfinanzausgleichs 2023 - Wirtschaftliche Freiheit","robots":{"index":"index","follow":"follow","max-snippet":"max-snippet:-1","max-image-preview":"max-image-preview:large","max-video-preview":"max-video-preview:-1"},"canonical":"https:\/\/wirtschaftlichefreiheit.de\/wordpress\/?p=35898","og_locale":"de_DE","og_type":"article","og_title":"Gastbeitrag Ergebnisse des L\u00e4nderfinanzausgleichs 2023 - Wirtschaftliche Freiheit","og_description":"Auch 2023 war Bayern der gr\u00f6\u00dfte Nettozahler im L\u00e4nderfinanzausgleich. Durch Abschl\u00e4ge bei der Umsatzsteuerverteilung wurden 9,1 Mrd. Euro bzw. 682 Euro pro Einwohner an andere &hellip; \u201eGastbeitrag Ergebnisse des L\u00e4nderfinanzausgleichs 2023\u201c weiterlesen","og_url":"https:\/\/wirtschaftlichefreiheit.de\/wordpress\/?p=35898","og_site_name":"Wirtschaftliche Freiheit","article_published_time":"2024-02-11T07:35:15+00:00","article_modified_time":"2024-02-11T08:07:20+00:00","og_image":[{"width":1024,"height":400,"url":"http:\/\/wirtschaftlichefreiheit.de\/wordpress\/bilder\/lfaneu3-1024x400.png","type":"image\/png"}],"author":"Wolfgang Scherf","twitter_card":"summary_large_image","twitter_misc":{"Verfasst von":"Wolfgang Scherf","Gesch\u00e4tzte Lesezeit":"4\u00a0Minuten"},"schema":{"@context":"https:\/\/schema.org","@graph":[{"@type":"Article","@id":"https:\/\/wirtschaftlichefreiheit.de\/wordpress\/?p=35898#article","isPartOf":{"@id":"https:\/\/wirtschaftlichefreiheit.de\/wordpress\/?p=35898"},"author":{"name":"Wolfgang Scherf","@id":"https:\/\/wirtschaftlichefreiheit.de\/wordpress\/#\/schema\/person\/d30b50b86db33b446fc22b4401341323"},"headline":"Gastbeitrag Ergebnisse des L\u00e4nderfinanzausgleichs 2023","datePublished":"2024-02-11T07:35:15+00:00","dateModified":"2024-02-11T08:07:20+00:00","mainEntityOfPage":{"@id":"https:\/\/wirtschaftlichefreiheit.de\/wordpress\/?p=35898"},"wordCount":660,"commentCount":0,"image":{"@id":"https:\/\/wirtschaftlichefreiheit.de\/wordpress\/?p=35898#primaryimage"},"thumbnailUrl":"https:\/\/wirtschaftlichefreiheit.de\/wordpress\/bilder\/lfaneu3.png","keywords":["L\u00e4nderfinanzausgleich","Scherf"],"articleSection":["Fiskalisches"],"inLanguage":"de","potentialAction":[{"@type":"CommentAction","name":"Comment","target":["https:\/\/wirtschaftlichefreiheit.de\/wordpress\/?p=35898#respond"]}]},{"@type":"WebPage","@id":"https:\/\/wirtschaftlichefreiheit.de\/wordpress\/?p=35898","url":"https:\/\/wirtschaftlichefreiheit.de\/wordpress\/?p=35898","name":"Gastbeitrag Ergebnisse des L\u00e4nderfinanzausgleichs 2023 - Wirtschaftliche Freiheit","isPartOf":{"@id":"https:\/\/wirtschaftlichefreiheit.de\/wordpress\/#website"},"primaryImageOfPage":{"@id":"https:\/\/wirtschaftlichefreiheit.de\/wordpress\/?p=35898#primaryimage"},"image":{"@id":"https:\/\/wirtschaftlichefreiheit.de\/wordpress\/?p=35898#primaryimage"},"thumbnailUrl":"https:\/\/wirtschaftlichefreiheit.de\/wordpress\/bilder\/lfaneu3.png","datePublished":"2024-02-11T07:35:15+00:00","dateModified":"2024-02-11T08:07:20+00:00","author":{"@id":"https:\/\/wirtschaftlichefreiheit.de\/wordpress\/#\/schema\/person\/d30b50b86db33b446fc22b4401341323"},"breadcrumb":{"@id":"https:\/\/wirtschaftlichefreiheit.de\/wordpress\/?p=35898#breadcrumb"},"inLanguage":"de","potentialAction":[{"@type":"ReadAction","target":["https:\/\/wirtschaftlichefreiheit.de\/wordpress\/?p=35898"]}]},{"@type":"ImageObject","inLanguage":"de","@id":"https:\/\/wirtschaftlichefreiheit.de\/wordpress\/?p=35898#primaryimage","url":"https:\/\/wirtschaftlichefreiheit.de\/wordpress\/bilder\/lfaneu3.png","contentUrl":"https:\/\/wirtschaftlichefreiheit.de\/wordpress\/bilder\/lfaneu3.png","width":1510,"height":590},{"@type":"BreadcrumbList","@id":"https:\/\/wirtschaftlichefreiheit.de\/wordpress\/?p=35898#breadcrumb","itemListElement":[{"@type":"ListItem","position":1,"name":"Startseite","item":"https:\/\/wirtschaftlichefreiheit.de\/wordpress"},{"@type":"ListItem","position":2,"name":"Gastbeitrag Ergebnisse des L\u00e4nderfinanzausgleichs 2023"}]},{"@type":"WebSite","@id":"https:\/\/wirtschaftlichefreiheit.de\/wordpress\/#website","url":"https:\/\/wirtschaftlichefreiheit.de\/wordpress\/","name":"Wirtschaftliche Freiheit","description":"Das ordnungspolitische Journal","potentialAction":[{"@type":"SearchAction","target":{"@type":"EntryPoint","urlTemplate":"https:\/\/wirtschaftlichefreiheit.de\/wordpress\/?s={search_term_string}"},"query-input":{"@type":"PropertyValueSpecification","valueRequired":true,"valueName":"search_term_string"}}],"inLanguage":"de"},{"@type":"Person","@id":"https:\/\/wirtschaftlichefreiheit.de\/wordpress\/#\/schema\/person\/d30b50b86db33b446fc22b4401341323","name":"Wolfgang Scherf","image":{"@type":"ImageObject","inLanguage":"de","@id":"https:\/\/wirtschaftlichefreiheit.de\/wordpress\/bilder\/scherf-foto.jpg","url":"https:\/\/wirtschaftlichefreiheit.de\/wordpress\/bilder\/scherf-foto.jpg","contentUrl":"https:\/\/wirtschaftlichefreiheit.de\/wordpress\/bilder\/scherf-foto.jpg","caption":"Wolfgang Scherf"},"description":"Justus-Liebig-Universit\u00e4t Gie\u00dfen","url":"https:\/\/wirtschaftlichefreiheit.de\/wordpress\/?author=76"}]}},"_links":{"self":[{"href":"https:\/\/wirtschaftlichefreiheit.de\/wordpress\/index.php?rest_route=\/wp\/v2\/posts\/35898","targetHints":{"allow":["GET"]}}],"collection":[{"href":"https:\/\/wirtschaftlichefreiheit.de\/wordpress\/index.php?rest_route=\/wp\/v2\/posts"}],"about":[{"href":"https:\/\/wirtschaftlichefreiheit.de\/wordpress\/index.php?rest_route=\/wp\/v2\/types\/post"}],"author":[{"embeddable":true,"href":"https:\/\/wirtschaftlichefreiheit.de\/wordpress\/index.php?rest_route=\/wp\/v2\/users\/76"}],"replies":[{"embeddable":true,"href":"https:\/\/wirtschaftlichefreiheit.de\/wordpress\/index.php?rest_route=%2Fwp%2Fv2%2Fcomments&post=35898"}],"version-history":[{"count":3,"href":"https:\/\/wirtschaftlichefreiheit.de\/wordpress\/index.php?rest_route=\/wp\/v2\/posts\/35898\/revisions"}],"predecessor-version":[{"id":35998,"href":"https:\/\/wirtschaftlichefreiheit.de\/wordpress\/index.php?rest_route=\/wp\/v2\/posts\/35898\/revisions\/35998"}],"wp:featuredmedia":[{"embeddable":true,"href":"https:\/\/wirtschaftlichefreiheit.de\/wordpress\/index.php?rest_route=\/wp\/v2\/media\/35904"}],"wp:attachment":[{"href":"https:\/\/wirtschaftlichefreiheit.de\/wordpress\/index.php?rest_route=%2Fwp%2Fv2%2Fmedia&parent=35898"}],"wp:term":[{"taxonomy":"category","embeddable":true,"href":"https:\/\/wirtschaftlichefreiheit.de\/wordpress\/index.php?rest_route=%2Fwp%2Fv2%2Fcategories&post=35898"},{"taxonomy":"post_tag","embeddable":true,"href":"https:\/\/wirtschaftlichefreiheit.de\/wordpress\/index.php?rest_route=%2Fwp%2Fv2%2Ftags&post=35898"}],"curies":[{"name":"wp","href":"https:\/\/api.w.org\/{rel}","templated":true}]}}