{"id":36041,"date":"2024-02-19T00:05:00","date_gmt":"2024-02-18T23:05:00","guid":{"rendered":"https:\/\/wirtschaftlichefreiheit.de\/wordpress\/?p=36041"},"modified":"2024-02-19T07:34:37","modified_gmt":"2024-02-19T06:34:37","slug":"schwindet-die-macht-der-uefa-es-lebe-der-wettbewerb","status":"publish","type":"post","link":"https:\/\/wirtschaftlichefreiheit.de\/wordpress\/?p=36041","title":{"rendered":"Schwindet die Macht der UEFA? <br><b>Es lebe der Wettbewerb!<\/b>"},"content":{"rendered":"\n<p><em>Bislang konnte die UEFA die Gr\u00fcndung einer Super League verhindern. Damit schr\u00e4nkt sie den Wettbewerb ein. Der EuGH griff das Thema im Dezember 2023 auf.<\/em><\/p>\n\n\n\n<!--more-->\n\n\n\n<p>Der europ\u00e4ische Fu\u00dfballverband, Union of European Football Associations (UEFA) gilt als angebotsseitiger Monopolist auf dem Markt f\u00fcr europ\u00e4ische Fu\u00dfballwettbewerbe. Neben der alle vier Jahre stattfindenden Europameisterschaft richtet die UEFA auf Klubebene zahlreiche Wettbewerbe aus, beispielsweise die <em>UEFA Europa Conference League <\/em>oder die <em>UEFA Europa League.<\/em> Das Premiumprodukt, der sprichw\u00f6rtliche \u201eGoldesel\u201c (Horeni 2024), ist allerdings die <em>UEFA Champions League <\/em>(vgl. z.B. Follert und Daumann 2021a), die sog. \u201eK\u00f6nigsklasse\u201c. Seit einigen Jahren ger\u00e4t die UEFA zunehmend unter Druck, denn zahlreiche Spitzenklubs drohen, die von der UEFA bereitgestellte Plattform zum l\u00e4nder\u00fcbergreifenden Meisterschaftsrennen zugunsten einer privat organisierten Superliga (vgl. hierzu Berthold 2018; Follert 2019; Drewes und Rebeggiani 2019; Follert und Emrich 2020; Daumann und Schurade 2023) nicht mehr in Anspruch zu nehmen. Bislang konnte dieser Markteintritt durch \u2013 m\u00f6glicherweise ungewollte \u2013 B\u00fcndelung der Kr\u00e4fte der Nachfrager und der UEFA unterbunden werden. W\u00e4hrend sich viele Fans aus Sorge um die Werte des Fu\u00dfballs gegen das Vorhaben \u201eSuper League\u201c stemmten, stilisierte die UEFA sich zur Retterin des traditionellen Fu\u00dfballs, verfolgte aber vermutlich ein Rationalkalk\u00fcl. Der Verband h\u00e4tte in liberaler Manier die Entscheidung, welches Produkt ihren Pr\u00e4ferenzen am ehesten entspricht, den Konsumenten im Rahmen ihrer Souver\u00e4nit\u00e4t \u00fcberlassen k\u00f6nnen. Die Dachorganisation des europ\u00e4ischen Fu\u00dfballs h\u00e4tte versuchen k\u00f6nnen, ihr Produkt ad\u00e4quat im Sinne der Konsumentenpr\u00e4ferenzen \u2013 und nicht nur der eigenen (kurzfristigen) Einkommensmaximierung \u2013 zu reformieren (vgl. Follert und Daumann 2021a; Horeni 2024). Die UEFA w\u00e4hlte einen anderen Weg, der aus \u00f6konomischer Perspektive zu kritisieren ist. Sie sprach ein Verbot gegen die Gr\u00fcndung einer entsprechenden Liga innerhalb ihres Hoheitsgebiets aus (vgl. Lerche und von St\u00fclpnagel 2023). Als sch\u00e4rfstes Schwert f\u00fchrte die UEFA bislang den potentiellen Ausschluss der Super League-Spieler von ihren L\u00e4nderwettbewerben ins Feld (vgl. Follert und Daumann 2021b), was insbesondere den Spitzenspielern eine gro\u00dfe B\u00fchne und entsprechende Aufmerksamkeit verwahrte. Dieses Drohpotential resultiert gerade aus ihrer bisherigen Marktposition, was Zweifel an der Funktionsf\u00e4higkeit des Wettbewerbs auf dem entsprechenden Markt aufkommen l\u00e4sst (vgl. Follert und Daumann 2021b) und darauf hindeutet, dass die UEFA ihre marktbeherrschende Stellung missbraucht. Gegen dieses Gebaren der beiden Verb\u00e4nde UEFA und F\u00e9d\u00e9ration internationale de football association (FIFA) gingen einzelne Akteure des Super League-Vorhabens (European Superleague Company SL) rechtlich vor (vgl. <a href=\"https:\/\/www.lto.de\/recht\/nachrichten\/n\/eugh-uefa-verliert-super-league-streit-fifa-wettbewerbsrecht\/\">https:\/\/www.lto.de\/recht\/nachrichten\/n\/eugh-uefa-verliert-super-league-streit-fifa-wettbewerbsrecht\/<\/a>). Vor dem europ\u00e4ischen Gerichtshof (EuGH) musste die UEFA im Dezember des Jahres 2023 eine Niederlage hinnehmen (vgl. Urteil vom 21.12.2023, Az. C-333\/21), die das bisherige Bollwerk br\u00f6ckeln und die Macht der UEFA (vorerst) schwinden l\u00e4sst. Der EuGH betont in seinem Urteil, dass die Ausrichtung der sportlichen Wettbewerbe ebenso wie die damit einhergehende Medienrechtsverwertung wirtschaftliche Vorg\u00e4nge seien, die im Einklang mit dem europ\u00e4ischen Recht zu stehen h\u00e4tten. Das Gericht f\u00fchrt weiter aus, dass das derzeitige Vorgehen hinsichtlich Genehmigung, Kontrolle und Sanktionsvorschriften des Dachverbands \u2013 gleiches gilt f\u00fcr den Weltverband FIFA \u2013 von Willk\u00fcr gepr\u00e4gt sei und insofern den freien Verkehr von Dienstleistungen in der Union in ungerechtfertigter Weise beschr\u00e4nke. Es mangele an transparenten Regelungen, die die Grunds\u00e4tze der Objektivit\u00e4t und Verh\u00e4ltnism\u00e4\u00dfigkeit wahrten und potentielle Wettbewerber nicht diskriminierten.<\/p>\n\n\n\n<p>Das Urteil st\u00e4rkt einerseits den Produktwettbewerb im europ\u00e4ischen Fu\u00dfball und befeuert die Diskussion um Konkurrenzwettbewerbe aufs Neue. Andererseits ist zu betonen, dass der EuGH seine Beurteilung auf Basis des bisherigen Verbandsregelwerks vornahm und das Urteil nicht bedeutet, dass die potentiellen Mitgliedsclubs einer Super League oder deren Spieler nicht anderweitig durch die UEFA oder die FIFa sanktioniert werden k\u00f6nnen. \u00dcberhaupt urteilte der EuGH keineswegs \u00fcber die Gr\u00fcndung einer entsprechenden Liga. Vielmehr obliegt es dem Dachverband, seine Kriterien entsprechend der unionsrechtlichen Regelungen anzupassen. Dennoch muss betont werden, dass sich der Profifu\u00dfball in einer Umbruchphase befindet, in der nach Horeni (2024) die Devise gilt: \u201eNichts ist mehr unm\u00f6glich im Klubfu\u00dfball.\u201c So w\u00e4re es sogar denkbar, dass der Weltverband FIFA seine Anspr\u00fcche ausdehnt und st\u00e4rker in den Markt f\u00fcr Klubwettbewerbe einsteigt, um so lukrative M\u00e4rkte jenseits des europ\u00e4ischen Kontinents zu erschlie\u00dfen (vgl. Horeni 2024). Wie auch immer der Kampf um die entsprechenden Marktanteile zwischen den gro\u00dfen Playern ausgehen wird, Wettbewerb belebt das Gesch\u00e4ft und d\u00fcrfte am Ende den Konsumenten zugutekommen, wenngleich nicht jede Pr\u00e4ferenz nach dem traditionellen Sportmodell befriedigt werden wird.<\/p>\n\n\n\n<p>Aus ordnungs\u00f6konomischer Sicht w\u00e4re es aufgrund der marktbeherrschenden Stellung der UEFA und der FIFA sicherlich sinnvoll, dass die beiden internationalen Verb\u00e4nde gezwungen w\u00e4ren, Sezessionen, wie die Super League eine darstellt, zuzulassen, ohne dass die Sezessionisten durch die beiden Verb\u00e4nde sanktioniert w\u00fcrden. Nur auf diese Weise kann sich Wettbewerb in einem Ausma\u00df entfalten, der eine umfassende Ber\u00fccksichtigung der Konsumentenw\u00fcnsche und eine Erosion der nicht-kompetitiven Gewinne der UEFA und der FIFA sicherstellt. Dies bedeutet nicht zwangsl\u00e4ufig, dass sich eine europ\u00e4ische Super League mittel- bis langfristig etabliert. Freilich wird sich dadurch das Erscheinungsbild des europ\u00e4ischen Fu\u00dfballs eher an dem der amerikanischen Major Leagues ann\u00e4hern und noch etwas mehr von seiner amateurhaften Unschuld verlieren.<\/p>\n\n\n\n<p><strong>Quellen<\/strong><\/p>\n\n\n\n<p>Berthold, N. (2018). Super League in Europa? Das letzte Wort haben die Fans. Wirtschaftliche Freiheit \u2013 Das ordnungspolitische Journal vom 4.11.2018, <a href=\"http:\/\/wirtschaftlichefreiheit.de\/wordpress\/?p=24030\">http:\/\/wirtschaftlichefreiheit.de\/wordpress\/?p=24030<\/a><\/p>\n\n\n\n<p>Daumann, F. und Schurade, M. (2023). Die Besonderheiten des europ\u00e4ischen Fu\u00dfballmarkts. In&nbsp;Zeitschrift f\u00fcr Gemeinschaftskunde, Geschichte und Wirtschaft, 40 (86), S. 64-71.<\/p>\n\n\n\n<p>Drewes, M und Rebeggiani, L. (2019). Die Europ\u00e4ische Super League im Fu\u00dfball: M\u00f6gliche Szenarien aus sport- und wettbewerbs\u00f6konomischer Sicht. Sciamus \u2013 Sport und Management 10(4), 127-142<\/p>\n\n\n\n<p>Follert, F. (2019). Europ\u00e4ische Fu\u00dfball-Superliga aus sport\u00f6konomischer Sicht. Wirtschafts-dienst \u2013 Zeitschrift f\u00fcr Wirtschaftspolitik 99, 148-150.<\/p>\n\n\n\n<p>Follert, F. und Daumann, F. (2021a). Vom Regen in die Traufe? Die Champions League-Reform aus sport\u00f6konomischer Sicht. Wirtschaftliche Freiheit \u2013 Das ordnungspolitische Journal vom 29.04.2021, <a href=\"http:\/\/wirtschaftlichefreiheit.de\/wordpress\/?p=29045\">http:\/\/wirtschaftlichefreiheit.de\/wordpress\/?p=29045<\/a>.<\/p>\n\n\n\n<p>Follert, F. und Daumann, F. (2021b). Und t\u00e4glich gr\u00fc\u00dft die Super League\u2026 Wirtschaftliche Freiheit \u2013 Das ordnungspolitische Journal vom 22.04.2021, <a href=\"http:\/\/wirtschaftlichefreiheit.de\/wordpress\/?p=29020\">http:\/\/wirtschaftlichefreiheit.de\/wordpress\/?p=29020<\/a>.<\/p>\n\n\n\n<p>Follert, F. und Emrich, E. (2020). Was w\u00e4re wenn\u2026? \u2013 Ein mikro\u00f6konomisches Gedankenexperiment zu einer Superliga im europ\u00e4ischen Fu\u00dfball. List Forum f\u00fcr Wirtschafts- und Finanzpolitik 45, 347-359.<\/p>\n\n\n\n<p>Horeni, M. (2024). Kampf im K\u00f6nigreich. Frankfurter Allgemeine Zeitung vom 12.02.2024, S. 28.<\/p>\n\n\n\n<p>Lerche, S. und von St\u00fclpnagel Ch. (2023). EuGH-Urteil zur Super League Was die Entscheidung f\u00fcr das europ\u00e4ische Fu\u00dfball-System bedeutet. Deutschlandfunk, verf\u00fcgbar unter: <a href=\"https:\/\/www.deutschlandfunk.de\/eugh-urteil-uefa-super-league-100.html\">https:\/\/www.deutschlandfunk.de\/eugh-urteil-uefa-super-league-100.html<\/a>.<\/p>\n<!-- AddThis Advanced Settings generic via filter on the_content --><!-- AddThis Share Buttons generic via filter on the_content --><!-- AddThis Related Posts generic via filter on the_content -->","protected":false},"excerpt":{"rendered":"<p>Bislang konnte die UEFA die Gr\u00fcndung einer Super League verhindern. Damit schr\u00e4nkt sie den Wettbewerb ein. Der EuGH griff das Thema im Dezember 2023 auf.<!-- AddThis Advanced Settings generic via filter on wp_trim_excerpt --><!-- AddThis Share Buttons generic via filter on wp_trim_excerpt --><!-- AddThis Related Posts generic via filter on wp_trim_excerpt --><\/p>\n","protected":false},"author":327,"featured_media":36044,"comment_status":"open","ping_status":"open","sticky":false,"template":"","format":"standard","meta":{"footnotes":""},"categories":[2237,9,23],"tags":[1747,3310,1056,80],"class_list":["post-36041","post","type-post","status-publish","format-standard","has-post-thumbnail","hentry","category-fussballerisches","category-sportliches","category-wettbewerbliches","tag-daumann","tag-follert","tag-uefa","tag-wettbewerb"],"yoast_head":"<!-- This site is optimized with the Yoast SEO plugin v27.2 - https:\/\/yoast.com\/product\/yoast-seo-wordpress\/ -->\n<title>Schwindet die Macht der UEFA? Es lebe der Wettbewerb! - Wirtschaftliche Freiheit<\/title>\n<meta name=\"robots\" content=\"index, follow, max-snippet:-1, max-image-preview:large, max-video-preview:-1\" \/>\n<link rel=\"canonical\" href=\"https:\/\/wirtschaftlichefreiheit.de\/wordpress\/?p=36041\" \/>\n<meta property=\"og:locale\" content=\"de_DE\" \/>\n<meta property=\"og:type\" content=\"article\" \/>\n<meta property=\"og:title\" content=\"Schwindet die Macht der UEFA? Es lebe der Wettbewerb! - Wirtschaftliche Freiheit\" \/>\n<meta property=\"og:description\" content=\"Bislang konnte die UEFA die Gr\u00fcndung einer Super League verhindern. Damit schr\u00e4nkt sie den Wettbewerb ein. Der EuGH griff das Thema im Dezember 2023 auf.\" \/>\n<meta property=\"og:url\" content=\"https:\/\/wirtschaftlichefreiheit.de\/wordpress\/?p=36041\" \/>\n<meta property=\"og:site_name\" content=\"Wirtschaftliche Freiheit\" \/>\n<meta property=\"article:published_time\" content=\"2024-02-18T23:05:00+00:00\" \/>\n<meta property=\"article:modified_time\" content=\"2024-02-19T06:34:37+00:00\" \/>\n<meta property=\"og:image\" content=\"http:\/\/wirtschaftlichefreiheit.de\/wordpress\/bilder\/uefaflo-1024x682.png\" \/>\n\t<meta property=\"og:image:width\" content=\"1024\" \/>\n\t<meta property=\"og:image:height\" content=\"682\" \/>\n\t<meta property=\"og:image:type\" content=\"image\/png\" \/>\n<meta name=\"author\" content=\"Florian Follert und Frank Daumann\" \/>\n<meta name=\"twitter:card\" content=\"summary_large_image\" \/>\n<meta name=\"twitter:label1\" content=\"Verfasst von\" \/>\n\t<meta name=\"twitter:data1\" content=\"Florian Follert und Frank Daumann\" \/>\n\t<meta name=\"twitter:label2\" content=\"Gesch\u00e4tzte Lesezeit\" \/>\n\t<meta name=\"twitter:data2\" content=\"6\u00a0Minuten\" \/>\n<script type=\"application\/ld+json\" class=\"yoast-schema-graph\">{\"@context\":\"https:\/\/schema.org\",\"@graph\":[{\"@type\":\"Article\",\"@id\":\"https:\/\/wirtschaftlichefreiheit.de\/wordpress\/?p=36041#article\",\"isPartOf\":{\"@id\":\"https:\/\/wirtschaftlichefreiheit.de\/wordpress\/?p=36041\"},\"author\":{\"name\":\"Florian Follert und Frank Daumann\",\"@id\":\"https:\/\/wirtschaftlichefreiheit.de\/wordpress\/#\/schema\/person\/9f2affea9416a8bdb3112eb94f080fcc\"},\"headline\":\"Schwindet die Macht der UEFA? Es lebe der Wettbewerb!\",\"datePublished\":\"2024-02-18T23:05:00+00:00\",\"dateModified\":\"2024-02-19T06:34:37+00:00\",\"mainEntityOfPage\":{\"@id\":\"https:\/\/wirtschaftlichefreiheit.de\/wordpress\/?p=36041\"},\"wordCount\":1097,\"commentCount\":0,\"image\":{\"@id\":\"https:\/\/wirtschaftlichefreiheit.de\/wordpress\/?p=36041#primaryimage\"},\"thumbnailUrl\":\"https:\/\/wirtschaftlichefreiheit.de\/wordpress\/bilder\/uefaflo.png\",\"keywords\":[\"Daumann\",\"Follert\",\"UEFA\",\"Wettbewerb\"],\"articleSection\":[\"Fu\u00dfballerisches\",\"Sportliches\",\"Wettbewerbliches\"],\"inLanguage\":\"de\",\"potentialAction\":[{\"@type\":\"CommentAction\",\"name\":\"Comment\",\"target\":[\"https:\/\/wirtschaftlichefreiheit.de\/wordpress\/?p=36041#respond\"]}]},{\"@type\":\"WebPage\",\"@id\":\"https:\/\/wirtschaftlichefreiheit.de\/wordpress\/?p=36041\",\"url\":\"https:\/\/wirtschaftlichefreiheit.de\/wordpress\/?p=36041\",\"name\":\"Schwindet die Macht der UEFA? Es lebe der Wettbewerb! - Wirtschaftliche Freiheit\",\"isPartOf\":{\"@id\":\"https:\/\/wirtschaftlichefreiheit.de\/wordpress\/#website\"},\"primaryImageOfPage\":{\"@id\":\"https:\/\/wirtschaftlichefreiheit.de\/wordpress\/?p=36041#primaryimage\"},\"image\":{\"@id\":\"https:\/\/wirtschaftlichefreiheit.de\/wordpress\/?p=36041#primaryimage\"},\"thumbnailUrl\":\"https:\/\/wirtschaftlichefreiheit.de\/wordpress\/bilder\/uefaflo.png\",\"datePublished\":\"2024-02-18T23:05:00+00:00\",\"dateModified\":\"2024-02-19T06:34:37+00:00\",\"author\":{\"@id\":\"https:\/\/wirtschaftlichefreiheit.de\/wordpress\/#\/schema\/person\/9f2affea9416a8bdb3112eb94f080fcc\"},\"breadcrumb\":{\"@id\":\"https:\/\/wirtschaftlichefreiheit.de\/wordpress\/?p=36041#breadcrumb\"},\"inLanguage\":\"de\",\"potentialAction\":[{\"@type\":\"ReadAction\",\"target\":[\"https:\/\/wirtschaftlichefreiheit.de\/wordpress\/?p=36041\"]}]},{\"@type\":\"ImageObject\",\"inLanguage\":\"de\",\"@id\":\"https:\/\/wirtschaftlichefreiheit.de\/wordpress\/?p=36041#primaryimage\",\"url\":\"https:\/\/wirtschaftlichefreiheit.de\/wordpress\/bilder\/uefaflo.png\",\"contentUrl\":\"https:\/\/wirtschaftlichefreiheit.de\/wordpress\/bilder\/uefaflo.png\",\"width\":1950,\"height\":1299},{\"@type\":\"BreadcrumbList\",\"@id\":\"https:\/\/wirtschaftlichefreiheit.de\/wordpress\/?p=36041#breadcrumb\",\"itemListElement\":[{\"@type\":\"ListItem\",\"position\":1,\"name\":\"Startseite\",\"item\":\"https:\/\/wirtschaftlichefreiheit.de\/wordpress\"},{\"@type\":\"ListItem\",\"position\":2,\"name\":\"Schwindet die Macht der UEFA? Es lebe der Wettbewerb!\"}]},{\"@type\":\"WebSite\",\"@id\":\"https:\/\/wirtschaftlichefreiheit.de\/wordpress\/#website\",\"url\":\"https:\/\/wirtschaftlichefreiheit.de\/wordpress\/\",\"name\":\"Wirtschaftliche Freiheit\",\"description\":\"Das ordnungspolitische Journal\",\"potentialAction\":[{\"@type\":\"SearchAction\",\"target\":{\"@type\":\"EntryPoint\",\"urlTemplate\":\"https:\/\/wirtschaftlichefreiheit.de\/wordpress\/?s={search_term_string}\"},\"query-input\":{\"@type\":\"PropertyValueSpecification\",\"valueRequired\":true,\"valueName\":\"search_term_string\"}}],\"inLanguage\":\"de\"},{\"@type\":\"Person\",\"@id\":\"https:\/\/wirtschaftlichefreiheit.de\/wordpress\/#\/schema\/person\/9f2affea9416a8bdb3112eb94f080fcc\",\"name\":\"Florian Follert und Frank Daumann\",\"image\":{\"@type\":\"ImageObject\",\"inLanguage\":\"de\",\"@id\":\"https:\/\/wirtschaftlichefreiheit.de\/wordpress\/bilder\/folldau.png\",\"url\":\"https:\/\/wirtschaftlichefreiheit.de\/wordpress\/bilder\/folldau.png\",\"contentUrl\":\"https:\/\/wirtschaftlichefreiheit.de\/wordpress\/bilder\/folldau.png\",\"caption\":\"Florian Follert und Frank Daumann\"},\"description\":\"Privatuniversit\u00e4t Schloss Seeburg Friedrich-Schiller-Universit\u00e4t Jena\",\"url\":\"https:\/\/wirtschaftlichefreiheit.de\/wordpress\/?author=327\"}]}<\/script>\n<!-- \/ Yoast SEO plugin. -->","yoast_head_json":{"title":"Schwindet die Macht der UEFA? Es lebe der Wettbewerb! - Wirtschaftliche Freiheit","robots":{"index":"index","follow":"follow","max-snippet":"max-snippet:-1","max-image-preview":"max-image-preview:large","max-video-preview":"max-video-preview:-1"},"canonical":"https:\/\/wirtschaftlichefreiheit.de\/wordpress\/?p=36041","og_locale":"de_DE","og_type":"article","og_title":"Schwindet die Macht der UEFA? Es lebe der Wettbewerb! - Wirtschaftliche Freiheit","og_description":"Bislang konnte die UEFA die Gr\u00fcndung einer Super League verhindern. Damit schr\u00e4nkt sie den Wettbewerb ein. Der EuGH griff das Thema im Dezember 2023 auf.","og_url":"https:\/\/wirtschaftlichefreiheit.de\/wordpress\/?p=36041","og_site_name":"Wirtschaftliche Freiheit","article_published_time":"2024-02-18T23:05:00+00:00","article_modified_time":"2024-02-19T06:34:37+00:00","og_image":[{"width":1024,"height":682,"url":"http:\/\/wirtschaftlichefreiheit.de\/wordpress\/bilder\/uefaflo-1024x682.png","type":"image\/png"}],"author":"Florian Follert und Frank Daumann","twitter_card":"summary_large_image","twitter_misc":{"Verfasst von":"Florian Follert und Frank Daumann","Gesch\u00e4tzte Lesezeit":"6\u00a0Minuten"},"schema":{"@context":"https:\/\/schema.org","@graph":[{"@type":"Article","@id":"https:\/\/wirtschaftlichefreiheit.de\/wordpress\/?p=36041#article","isPartOf":{"@id":"https:\/\/wirtschaftlichefreiheit.de\/wordpress\/?p=36041"},"author":{"name":"Florian Follert und Frank Daumann","@id":"https:\/\/wirtschaftlichefreiheit.de\/wordpress\/#\/schema\/person\/9f2affea9416a8bdb3112eb94f080fcc"},"headline":"Schwindet die Macht der UEFA? Es lebe der Wettbewerb!","datePublished":"2024-02-18T23:05:00+00:00","dateModified":"2024-02-19T06:34:37+00:00","mainEntityOfPage":{"@id":"https:\/\/wirtschaftlichefreiheit.de\/wordpress\/?p=36041"},"wordCount":1097,"commentCount":0,"image":{"@id":"https:\/\/wirtschaftlichefreiheit.de\/wordpress\/?p=36041#primaryimage"},"thumbnailUrl":"https:\/\/wirtschaftlichefreiheit.de\/wordpress\/bilder\/uefaflo.png","keywords":["Daumann","Follert","UEFA","Wettbewerb"],"articleSection":["Fu\u00dfballerisches","Sportliches","Wettbewerbliches"],"inLanguage":"de","potentialAction":[{"@type":"CommentAction","name":"Comment","target":["https:\/\/wirtschaftlichefreiheit.de\/wordpress\/?p=36041#respond"]}]},{"@type":"WebPage","@id":"https:\/\/wirtschaftlichefreiheit.de\/wordpress\/?p=36041","url":"https:\/\/wirtschaftlichefreiheit.de\/wordpress\/?p=36041","name":"Schwindet die Macht der UEFA? Es lebe der Wettbewerb! - Wirtschaftliche Freiheit","isPartOf":{"@id":"https:\/\/wirtschaftlichefreiheit.de\/wordpress\/#website"},"primaryImageOfPage":{"@id":"https:\/\/wirtschaftlichefreiheit.de\/wordpress\/?p=36041#primaryimage"},"image":{"@id":"https:\/\/wirtschaftlichefreiheit.de\/wordpress\/?p=36041#primaryimage"},"thumbnailUrl":"https:\/\/wirtschaftlichefreiheit.de\/wordpress\/bilder\/uefaflo.png","datePublished":"2024-02-18T23:05:00+00:00","dateModified":"2024-02-19T06:34:37+00:00","author":{"@id":"https:\/\/wirtschaftlichefreiheit.de\/wordpress\/#\/schema\/person\/9f2affea9416a8bdb3112eb94f080fcc"},"breadcrumb":{"@id":"https:\/\/wirtschaftlichefreiheit.de\/wordpress\/?p=36041#breadcrumb"},"inLanguage":"de","potentialAction":[{"@type":"ReadAction","target":["https:\/\/wirtschaftlichefreiheit.de\/wordpress\/?p=36041"]}]},{"@type":"ImageObject","inLanguage":"de","@id":"https:\/\/wirtschaftlichefreiheit.de\/wordpress\/?p=36041#primaryimage","url":"https:\/\/wirtschaftlichefreiheit.de\/wordpress\/bilder\/uefaflo.png","contentUrl":"https:\/\/wirtschaftlichefreiheit.de\/wordpress\/bilder\/uefaflo.png","width":1950,"height":1299},{"@type":"BreadcrumbList","@id":"https:\/\/wirtschaftlichefreiheit.de\/wordpress\/?p=36041#breadcrumb","itemListElement":[{"@type":"ListItem","position":1,"name":"Startseite","item":"https:\/\/wirtschaftlichefreiheit.de\/wordpress"},{"@type":"ListItem","position":2,"name":"Schwindet die Macht der UEFA? Es lebe der Wettbewerb!"}]},{"@type":"WebSite","@id":"https:\/\/wirtschaftlichefreiheit.de\/wordpress\/#website","url":"https:\/\/wirtschaftlichefreiheit.de\/wordpress\/","name":"Wirtschaftliche Freiheit","description":"Das ordnungspolitische Journal","potentialAction":[{"@type":"SearchAction","target":{"@type":"EntryPoint","urlTemplate":"https:\/\/wirtschaftlichefreiheit.de\/wordpress\/?s={search_term_string}"},"query-input":{"@type":"PropertyValueSpecification","valueRequired":true,"valueName":"search_term_string"}}],"inLanguage":"de"},{"@type":"Person","@id":"https:\/\/wirtschaftlichefreiheit.de\/wordpress\/#\/schema\/person\/9f2affea9416a8bdb3112eb94f080fcc","name":"Florian Follert und Frank Daumann","image":{"@type":"ImageObject","inLanguage":"de","@id":"https:\/\/wirtschaftlichefreiheit.de\/wordpress\/bilder\/folldau.png","url":"https:\/\/wirtschaftlichefreiheit.de\/wordpress\/bilder\/folldau.png","contentUrl":"https:\/\/wirtschaftlichefreiheit.de\/wordpress\/bilder\/folldau.png","caption":"Florian Follert und Frank Daumann"},"description":"Privatuniversit\u00e4t Schloss Seeburg Friedrich-Schiller-Universit\u00e4t Jena","url":"https:\/\/wirtschaftlichefreiheit.de\/wordpress\/?author=327"}]}},"_links":{"self":[{"href":"https:\/\/wirtschaftlichefreiheit.de\/wordpress\/index.php?rest_route=\/wp\/v2\/posts\/36041","targetHints":{"allow":["GET"]}}],"collection":[{"href":"https:\/\/wirtschaftlichefreiheit.de\/wordpress\/index.php?rest_route=\/wp\/v2\/posts"}],"about":[{"href":"https:\/\/wirtschaftlichefreiheit.de\/wordpress\/index.php?rest_route=\/wp\/v2\/types\/post"}],"author":[{"embeddable":true,"href":"https:\/\/wirtschaftlichefreiheit.de\/wordpress\/index.php?rest_route=\/wp\/v2\/users\/327"}],"replies":[{"embeddable":true,"href":"https:\/\/wirtschaftlichefreiheit.de\/wordpress\/index.php?rest_route=%2Fwp%2Fv2%2Fcomments&post=36041"}],"version-history":[{"count":6,"href":"https:\/\/wirtschaftlichefreiheit.de\/wordpress\/index.php?rest_route=\/wp\/v2\/posts\/36041\/revisions"}],"predecessor-version":[{"id":36050,"href":"https:\/\/wirtschaftlichefreiheit.de\/wordpress\/index.php?rest_route=\/wp\/v2\/posts\/36041\/revisions\/36050"}],"wp:featuredmedia":[{"embeddable":true,"href":"https:\/\/wirtschaftlichefreiheit.de\/wordpress\/index.php?rest_route=\/wp\/v2\/media\/36044"}],"wp:attachment":[{"href":"https:\/\/wirtschaftlichefreiheit.de\/wordpress\/index.php?rest_route=%2Fwp%2Fv2%2Fmedia&parent=36041"}],"wp:term":[{"taxonomy":"category","embeddable":true,"href":"https:\/\/wirtschaftlichefreiheit.de\/wordpress\/index.php?rest_route=%2Fwp%2Fv2%2Fcategories&post=36041"},{"taxonomy":"post_tag","embeddable":true,"href":"https:\/\/wirtschaftlichefreiheit.de\/wordpress\/index.php?rest_route=%2Fwp%2Fv2%2Ftags&post=36041"}],"curies":[{"name":"wp","href":"https:\/\/api.w.org\/{rel}","templated":true}]}}