{"id":36136,"date":"2024-03-02T00:07:00","date_gmt":"2024-03-01T23:07:00","guid":{"rendered":"https:\/\/wirtschaftlichefreiheit.de\/wordpress\/?p=36136"},"modified":"2024-03-02T07:39:21","modified_gmt":"2024-03-02T06:39:21","slug":"der-gruene-transformationsfonds-noch-ein-schleichweg-um-die-schuldenbremse","status":"publish","type":"post","link":"https:\/\/wirtschaftlichefreiheit.de\/wordpress\/?p=36136","title":{"rendered":"Der gr\u00fcne Transformationsfonds <br><b>Noch ein Schleichweg um die Schuldenbremse <\/b>"},"content":{"rendered":"\n<p><em>Die Gr\u00fcnen haben in ihrer Fraktionsklausur am vergangenen Mittwoch beschlossen, die Einrichtung eines Investitionsfonds zu fordern. Was ist davon zu halten?<\/em><\/p>\n\n\n\n<!--more-->\n\n\n\n<p><em>Die Forderung<\/em><\/p>\n\n\n\n<p>Es geht um die Einrichtung eines \u201eDeutschland-Investitionsfonds f\u00fcr Bund, L\u00e4nder und Kommunen\u201c. Wie genau dies funktionieren soll, ist unklar. Der Titel spricht f\u00fcr ein weiteres, gro\u00dfes Sonderverm\u00f6gen, das mit Zweidrittelmehrheit beschlossen werden m\u00fcsste, um verfassungsfest zu sein. Im Beschlusstext ist andererseits die Rede von einer Reform der Schuldenbremse, die es allgemein erlaubt, k\u00fcnftig \u00f6ffentliche Investitionen \u00fcber Kredite zu finanzieren. Dann br\u00e4uchte es aber keinen Fonds; Bund und L\u00e4nder k\u00f6nnten dann einfach jedes Jahr ihre Investitionen von der Schuldenbremse ausnehmen.<\/p>\n\n\n\n<p>Der Unterschied ist relevant: Beides ist eine Umgehung der Schuldenbremse, aber im ersten Fall g\u00e4be es zumindest einen Deckel. Der Text der Gr\u00fcnen schweigt \u00fcber ein m\u00f6gliches Volumen, aber in der aktuellen Diskussion in Berlin zirkulieren Vorschl\u00e4ge zwischen 400 und 1.000 Mrd. Euro. Man w\u00fcrde sich jedenfalls ex ante auf irgendein Volumen f\u00fcr den Fonds einigen und k\u00f6nnte dieses dann sp\u00e4ter auch wieder nur mit Zweidrittelmehrheit erh\u00f6hen. Im zweiten Fall dagegen w\u00e4ren die Schleusen dauerhaft und ohne Limit ge\u00f6ffnet: Jegliche Investitionen k\u00f6nnten defizitfinanziert werden \u2013 und wir wissen aus Erfahrung, wie flexibel der Investitionsbegriff politisch ist.<\/p>\n\n\n\n<p><em>Was soll finanziert werden?<\/em><\/p>\n\n\n\n<p>Apropos flexibler Investitionsbegriff: Der Schwerpunkt des Beschlusstextes der Gr\u00fcnen liegt auf \u00f6ffentlichen Investitionen, nat\u00fcrlich mit gr\u00fcnem Schwerpunkt: Schienennetz, Radwege, \u00d6PNV, aber auch Wohnungsbau, Schwimmb\u00e4der und Sportpl\u00e4tze. Da sehen wir dann auch schon, dass es keineswegs nur darum geht, Dinge zu finanzieren, die wenigstens potentiell das Wirtschaftswachstum nachhaltig erh\u00f6hen und damit nachhaltig auch die finanziellen Spielr\u00e4ume des Staates erweitern.<\/p>\n\n\n\n<p>Vielmehr besteht ganz klar die Gefahr \u2013 und der Beschlusstext der Fraktion zeigt das bereits \u2013 dass alle m\u00f6glichen Dinge, die man gerne h\u00e4tte, die aber den Potentialoutput nicht positiv beeinflussen, \u00fcber Schulden finanziert werden. Damit werden aber vor allem Lasten in die Zukunft verschoben und dort finanzielle Spielr\u00e4ume verringert. Man hinterl\u00e4sst zuk\u00fcnftigen Generationen h\u00f6here Zinslasten, ohne h\u00f6here Steuereinnahmen generiert zu haben.<\/p>\n\n\n\n<p>Schwierig wird es auch bei den privaten Investitionen. Der amerikanische Inflation Reduction Act (IRA) mit seinen massiven Industriesubventionen wird im Beschlusstext ausgiebig gelobt. Und man m\u00f6chte private Investitionen nicht nur anreizen, sondern auch steuern. Der Fonds w\u00fcrde hier ein Instrument staatlicher Investitionslenkung.<\/p>\n\n\n\n<p><em>Hat das alles eine Chance?<\/em><\/p>\n\n\n\n<p>Wie auch immer es konkret ausgestaltet wird, die Gr\u00fcnen brauchen eine Zweidrittelmehrheit. Mit der aktuellen Koalition d\u00fcrfte ihr Vorschlag nicht umsetzbar sein, er scheitert am Veto der FDP. Nach der n\u00e4chsten Wahl werden die Karten neu gemischt und ob ein Unionskanzler dann seine finanziellen Spielr\u00e4ume erweitern m\u00f6chte, wird man sehen. Subventionsfreudige Ministerpr\u00e4sidenten der Union insbesondere aus Ostdeutschland signalisieren bereits Zustimmung zu einer m\u00f6glichen Lockerung der Schuldenbremse. Wahrscheinlich w\u00e4re es f\u00fcr sie aber gesichtswahrender, einem begrenzten Fonds anstelle einer dauerhaften Ausnahme f\u00fcr Investitionen von der Schuldenbremse zuzustimmen.<\/p>\n\n\n\n<p>Die Gr\u00fcnen verweisen au\u00dferdem auf Unterst\u00fctzung von Industrieverb\u00e4nden. Davon sollte man sich nicht blenden lassen: Zweifellos wird gerade in \u00e4lteren, wachstumsschw\u00e4cheren Branchen darauf gehofft, dass anstehende Ersatzinvestitionen \u00fcber ein deutsches \u00c4quivalent zum IRA vom Staat finanziert oder zumindest kofinanziert werden. Insofern kann man betriebswirtschaftlich verstehen, dass der eine oder andere Industrievorstand bei so einem Fonds gro\u00dfe Augen bekommt. Ob der Vorschlag volkswirtschaftlich sinnvoll ist, ist aber eine andere Frage.<\/p>\n\n\n\n<p><em>Sollte der Fonds eine Chance bekommen?<\/em><\/p>\n\n\n\n<p>Eher nicht. Wie oben gesehen, hat die sehr gro\u00dfz\u00fcgige Auslegung dessen, was als f\u00f6rderungsw\u00fcrdige, wachstumsst\u00e4rkende Investition gelten kann, bereits im Beschlusstext begonnen. Und das wird nicht das Ende der Fahnenstange sein. Hier soll eine Hintert\u00fcr ge\u00f6ffnet werden, die es wieder erlaubt, die Finanzierungslasten f\u00fcr heute pr\u00e4ferierte Ausgaben in die Zukunft zu verschieben. Aber so problematisch diese Verschiebung der Lastenverteilung in der Zeit auch ist (vor allem angesichts der zus\u00e4tzlich hohen impliziten Schuldenlast in den sozialen Sicherungssystemen), so ist sie vielleicht noch nicht einmal das Hauptproblem.<\/p>\n\n\n\n<p>Denn es kommen reale Fehlallokationen dazu. Wir alle kennen Beispiele f\u00fcr Radwege ins und im Nirgendwo, von niemandem genutzt, aber gebaut, weil eine Kommune gerade Zugang zu F\u00f6rdermitteln hatte. Solche Fehlinvestitionen werden sich mit einem gro\u00dfen Fonds, der in einem begrenzten Zeitraum geleert werden muss, potenzieren. Und es wird sie nicht nur f\u00fcr Radwege geben.<\/p>\n\n\n\n<p>Die eine oder andere \u00f6ffentliche Investitionsruine ist \u00e4rgerlich, aber verkraftbar. Potentiell viel schwerwiegender werden nie negativen Folgen der staatlichen Lenkung privater Investitionen \u00fcber den Fonds. So ist beispielsweise die Rede von \u201enationalen Produktionskapazit\u00e4ten f\u00fcr Solar, Wind, Wasserstoff oder Batterien\u201c. Der Spleen des aktuellen Bundeswirtschaftsministers, deutsche Produktionsst\u00e4tten zu subventionieren f\u00fcr Industrien, bei denen wir in Deutschland beim besten Willen keinen Wettbewerbsvorteil haben und mit unseren Standortbedingungen auch nie haben werden, wird hier finanziell unterf\u00fcttert.<\/p>\n\n\n\n<p>Schon jetzt werden mit Milliardensubventionen in extrem energieintensiven gr\u00fcnen Stahl die Anpassungskrisen von morgen geschaffen \u2013 oder die unendlichen Subventionsbedarfe von morgen. Denn nat\u00fcrlich wird sich das Gesch\u00e4ftsmodell zu deutschen Strompreisen kaum selbst tragen. Es wird staatlich gef\u00f6rdert ein Kapitalstock aufgebaut, der hier vermutlich niemals effizient eingesetzt werden kann.<\/p>\n\n\n\n<p>Der \u201eResilienzbonus\u201c, mit dem man nationale Solarproduktion subventionieren m\u00f6chte, w\u00e4re nach dem Plan der Gr\u00fcnen ohne Zweifel auch eine \u00fcber Schulden zu finanzierende Zukunftsinvestition. Tats\u00e4chlich fl\u00f6sse das Geld an nicht wettbewerbsf\u00e4hige Produzenten von Standardware wie Meyer Burger. Dem erfolgreichen deutschen Industriemodell entspr\u00e4chen dagegen innovative Unternehmen, die Nischen besetzen und technische Vorspr\u00fcnge erarbeiten, die also Wettbewerbsf\u00e4higkeit zu deutschen Standortbedingungen hinbekommen, ohne auf Subventionen angewiesen zu sein.<\/p>\n\n\n\n<p>Der Weg \u00fcber die schuldenfinanzierten Subventionen f\u00fchrt in eine Industrielandschaft, die dauerhaft abh\u00e4ngig von staatlicher Unterst\u00fctzung sein wird, da auf zwei Ebenen die Wettbewerbsf\u00e4higkeit vernachl\u00e4ssigt wird. Bei den Unternehmen, deren produktiver Wettbewerbsdruck durch Subventionen reduziert wird. Und beim Staat, der, solange er es sich noch leisten kann, den bequemen Weg \u00fcber Beihilfen geht, anstatt den politisch schwierigeren Weg \u00fcber eine Verbesserung der Standortbedingungen.<\/p>\n\n\n\n<p>Der gr\u00fcne Subventionsfonds wird zuk\u00fcnftigen Generationen deshalb gerade keine bessere, funktionierende Republik hinterlassen. Er hinterl\u00e4sst h\u00f6here Schulden, tr\u00e4gt die zuk\u00fcnftigen Anpassungskrisen in den subventionierten Branchen bereits in sich, und ein gro\u00dfes B\u00fcndel ungel\u00f6ster standortpolitischer Reformprobleme wirft er den n\u00e4chsten Generationen auch noch vor die F\u00fc\u00dfe.<\/p>\n\n\n\n<p><em>Fazit<\/em><\/p>\n\n\n\n<p>Wir k\u00f6nnen froh sein, dass die Schuldenbremse uns vor einer Wirtschafts- und Finanzpolitik bewahrt, die einfach die wei\u00dfe Salbe der Subventionen auf alle Probleme schmiert und hofft, dass der Tag der Abrechnung erst in einer fernen Legislaturperiode kommt. Der Deutschland-Investitionsfonds ist der institutionalisierte Versuch, sich vor anstrengender Standortpolitik und schwieriger Priorit\u00e4tensetzung bei den Staatsausgaben zu dr\u00fccken. Es bleibt zu hoffen, dass er keine Zweidrittelmehrheit finden wird.<\/p>\n<!-- AddThis Advanced Settings generic via filter on the_content --><!-- AddThis Share Buttons generic via filter on the_content --><!-- AddThis Related Posts generic via filter on the_content -->","protected":false},"excerpt":{"rendered":"<p>Die Gr\u00fcnen haben in ihrer Fraktionsklausur am vergangenen Mittwoch beschlossen, die Einrichtung eines Investitionsfonds zu fordern. Was ist davon zu halten?<!-- AddThis Advanced Settings generic via filter on wp_trim_excerpt --><!-- AddThis Share Buttons generic via filter on wp_trim_excerpt --><!-- AddThis Related Posts generic via filter on wp_trim_excerpt --><\/p>\n","protected":false},"author":37,"featured_media":36138,"comment_status":"open","ping_status":"open","sticky":false,"template":"","format":"standard","meta":{"footnotes":""},"categories":[10],"tags":[738,153,4605],"class_list":["post-36136","post","type-post","status-publish","format-standard","has-post-thumbnail","hentry","category-fiskalisches","tag-schnellenbach","tag-schuldenbremse","tag-transformationsfonds"],"yoast_head":"<!-- This site is optimized with the Yoast SEO plugin v27.2 - https:\/\/yoast.com\/product\/yoast-seo-wordpress\/ -->\n<title>Der gr\u00fcne Transformationsfonds Noch ein Schleichweg um die Schuldenbremse  - Wirtschaftliche Freiheit<\/title>\n<meta name=\"robots\" content=\"index, follow, max-snippet:-1, max-image-preview:large, max-video-preview:-1\" \/>\n<link rel=\"canonical\" href=\"https:\/\/wirtschaftlichefreiheit.de\/wordpress\/?p=36136\" \/>\n<meta property=\"og:locale\" content=\"de_DE\" \/>\n<meta property=\"og:type\" content=\"article\" \/>\n<meta property=\"og:title\" content=\"Der gr\u00fcne Transformationsfonds Noch ein Schleichweg um die Schuldenbremse  - Wirtschaftliche Freiheit\" \/>\n<meta property=\"og:description\" content=\"Die Gr\u00fcnen haben in ihrer Fraktionsklausur am vergangenen Mittwoch beschlossen, die Einrichtung eines Investitionsfonds zu fordern. Was ist davon zu halten?\" \/>\n<meta property=\"og:url\" content=\"https:\/\/wirtschaftlichefreiheit.de\/wordpress\/?p=36136\" \/>\n<meta property=\"og:site_name\" content=\"Wirtschaftliche Freiheit\" \/>\n<meta property=\"article:published_time\" content=\"2024-03-01T23:07:00+00:00\" \/>\n<meta property=\"article:modified_time\" content=\"2024-03-02T06:39:21+00:00\" \/>\n<meta property=\"og:image\" content=\"http:\/\/wirtschaftlichefreiheit.de\/wordpress\/bilder\/transformationsfonds-1024x768.png\" \/>\n\t<meta property=\"og:image:width\" content=\"1024\" \/>\n\t<meta property=\"og:image:height\" content=\"768\" \/>\n\t<meta property=\"og:image:type\" content=\"image\/png\" \/>\n<meta name=\"author\" content=\"Jan Schnellenbach\" \/>\n<meta name=\"twitter:card\" content=\"summary_large_image\" \/>\n<meta name=\"twitter:label1\" content=\"Verfasst von\" \/>\n\t<meta name=\"twitter:data1\" content=\"Jan Schnellenbach\" \/>\n\t<meta name=\"twitter:label2\" content=\"Gesch\u00e4tzte Lesezeit\" \/>\n\t<meta name=\"twitter:data2\" content=\"6\u00a0Minuten\" \/>\n<script type=\"application\/ld+json\" class=\"yoast-schema-graph\">{\"@context\":\"https:\/\/schema.org\",\"@graph\":[{\"@type\":\"Article\",\"@id\":\"https:\/\/wirtschaftlichefreiheit.de\/wordpress\/?p=36136#article\",\"isPartOf\":{\"@id\":\"https:\/\/wirtschaftlichefreiheit.de\/wordpress\/?p=36136\"},\"author\":{\"name\":\"Jan Schnellenbach\",\"@id\":\"https:\/\/wirtschaftlichefreiheit.de\/wordpress\/#\/schema\/person\/b4e3f13ea24d514f6e985c29be203360\"},\"headline\":\"Der gr\u00fcne Transformationsfonds Noch ein Schleichweg um die Schuldenbremse\",\"datePublished\":\"2024-03-01T23:07:00+00:00\",\"dateModified\":\"2024-03-02T06:39:21+00:00\",\"mainEntityOfPage\":{\"@id\":\"https:\/\/wirtschaftlichefreiheit.de\/wordpress\/?p=36136\"},\"wordCount\":1143,\"commentCount\":0,\"image\":{\"@id\":\"https:\/\/wirtschaftlichefreiheit.de\/wordpress\/?p=36136#primaryimage\"},\"thumbnailUrl\":\"https:\/\/wirtschaftlichefreiheit.de\/wordpress\/bilder\/transformationsfonds.png\",\"keywords\":[\"Schnellenbach\",\"schuldenbremse\",\"Transformationsfonds\"],\"articleSection\":[\"Fiskalisches\"],\"inLanguage\":\"de\",\"potentialAction\":[{\"@type\":\"CommentAction\",\"name\":\"Comment\",\"target\":[\"https:\/\/wirtschaftlichefreiheit.de\/wordpress\/?p=36136#respond\"]}]},{\"@type\":\"WebPage\",\"@id\":\"https:\/\/wirtschaftlichefreiheit.de\/wordpress\/?p=36136\",\"url\":\"https:\/\/wirtschaftlichefreiheit.de\/wordpress\/?p=36136\",\"name\":\"Der gr\u00fcne Transformationsfonds Noch ein Schleichweg um die Schuldenbremse - Wirtschaftliche Freiheit\",\"isPartOf\":{\"@id\":\"https:\/\/wirtschaftlichefreiheit.de\/wordpress\/#website\"},\"primaryImageOfPage\":{\"@id\":\"https:\/\/wirtschaftlichefreiheit.de\/wordpress\/?p=36136#primaryimage\"},\"image\":{\"@id\":\"https:\/\/wirtschaftlichefreiheit.de\/wordpress\/?p=36136#primaryimage\"},\"thumbnailUrl\":\"https:\/\/wirtschaftlichefreiheit.de\/wordpress\/bilder\/transformationsfonds.png\",\"datePublished\":\"2024-03-01T23:07:00+00:00\",\"dateModified\":\"2024-03-02T06:39:21+00:00\",\"author\":{\"@id\":\"https:\/\/wirtschaftlichefreiheit.de\/wordpress\/#\/schema\/person\/b4e3f13ea24d514f6e985c29be203360\"},\"breadcrumb\":{\"@id\":\"https:\/\/wirtschaftlichefreiheit.de\/wordpress\/?p=36136#breadcrumb\"},\"inLanguage\":\"de\",\"potentialAction\":[{\"@type\":\"ReadAction\",\"target\":[\"https:\/\/wirtschaftlichefreiheit.de\/wordpress\/?p=36136\"]}]},{\"@type\":\"ImageObject\",\"inLanguage\":\"de\",\"@id\":\"https:\/\/wirtschaftlichefreiheit.de\/wordpress\/?p=36136#primaryimage\",\"url\":\"https:\/\/wirtschaftlichefreiheit.de\/wordpress\/bilder\/transformationsfonds.png\",\"contentUrl\":\"https:\/\/wirtschaftlichefreiheit.de\/wordpress\/bilder\/transformationsfonds.png\",\"width\":1733,\"height\":1299},{\"@type\":\"BreadcrumbList\",\"@id\":\"https:\/\/wirtschaftlichefreiheit.de\/wordpress\/?p=36136#breadcrumb\",\"itemListElement\":[{\"@type\":\"ListItem\",\"position\":1,\"name\":\"Startseite\",\"item\":\"https:\/\/wirtschaftlichefreiheit.de\/wordpress\"},{\"@type\":\"ListItem\",\"position\":2,\"name\":\"Der gr\u00fcne Transformationsfonds Noch ein Schleichweg um die Schuldenbremse\"}]},{\"@type\":\"WebSite\",\"@id\":\"https:\/\/wirtschaftlichefreiheit.de\/wordpress\/#website\",\"url\":\"https:\/\/wirtschaftlichefreiheit.de\/wordpress\/\",\"name\":\"Wirtschaftliche Freiheit\",\"description\":\"Das ordnungspolitische Journal\",\"potentialAction\":[{\"@type\":\"SearchAction\",\"target\":{\"@type\":\"EntryPoint\",\"urlTemplate\":\"https:\/\/wirtschaftlichefreiheit.de\/wordpress\/?s={search_term_string}\"},\"query-input\":{\"@type\":\"PropertyValueSpecification\",\"valueRequired\":true,\"valueName\":\"search_term_string\"}}],\"inLanguage\":\"de\"},{\"@type\":\"Person\",\"@id\":\"https:\/\/wirtschaftlichefreiheit.de\/wordpress\/#\/schema\/person\/b4e3f13ea24d514f6e985c29be203360\",\"name\":\"Jan Schnellenbach\",\"image\":{\"@type\":\"ImageObject\",\"inLanguage\":\"de\",\"@id\":\"https:\/\/wirtschaftlichefreiheit.de\/wordpress\/bilder\/jans.png\",\"url\":\"https:\/\/wirtschaftlichefreiheit.de\/wordpress\/bilder\/jans.png\",\"contentUrl\":\"https:\/\/wirtschaftlichefreiheit.de\/wordpress\/bilder\/jans.png\",\"caption\":\"Jan Schnellenbach\"},\"description\":\"Brandenburgische Technische Universit\u00e4t Cottbus\",\"url\":\"https:\/\/wirtschaftlichefreiheit.de\/wordpress\/?author=37\"}]}<\/script>\n<!-- \/ Yoast SEO plugin. -->","yoast_head_json":{"title":"Der gr\u00fcne Transformationsfonds Noch ein Schleichweg um die Schuldenbremse  - Wirtschaftliche Freiheit","robots":{"index":"index","follow":"follow","max-snippet":"max-snippet:-1","max-image-preview":"max-image-preview:large","max-video-preview":"max-video-preview:-1"},"canonical":"https:\/\/wirtschaftlichefreiheit.de\/wordpress\/?p=36136","og_locale":"de_DE","og_type":"article","og_title":"Der gr\u00fcne Transformationsfonds Noch ein Schleichweg um die Schuldenbremse  - Wirtschaftliche Freiheit","og_description":"Die Gr\u00fcnen haben in ihrer Fraktionsklausur am vergangenen Mittwoch beschlossen, die Einrichtung eines Investitionsfonds zu fordern. Was ist davon zu halten?","og_url":"https:\/\/wirtschaftlichefreiheit.de\/wordpress\/?p=36136","og_site_name":"Wirtschaftliche Freiheit","article_published_time":"2024-03-01T23:07:00+00:00","article_modified_time":"2024-03-02T06:39:21+00:00","og_image":[{"width":1024,"height":768,"url":"http:\/\/wirtschaftlichefreiheit.de\/wordpress\/bilder\/transformationsfonds-1024x768.png","type":"image\/png"}],"author":"Jan Schnellenbach","twitter_card":"summary_large_image","twitter_misc":{"Verfasst von":"Jan Schnellenbach","Gesch\u00e4tzte Lesezeit":"6\u00a0Minuten"},"schema":{"@context":"https:\/\/schema.org","@graph":[{"@type":"Article","@id":"https:\/\/wirtschaftlichefreiheit.de\/wordpress\/?p=36136#article","isPartOf":{"@id":"https:\/\/wirtschaftlichefreiheit.de\/wordpress\/?p=36136"},"author":{"name":"Jan Schnellenbach","@id":"https:\/\/wirtschaftlichefreiheit.de\/wordpress\/#\/schema\/person\/b4e3f13ea24d514f6e985c29be203360"},"headline":"Der gr\u00fcne Transformationsfonds Noch ein Schleichweg um die Schuldenbremse","datePublished":"2024-03-01T23:07:00+00:00","dateModified":"2024-03-02T06:39:21+00:00","mainEntityOfPage":{"@id":"https:\/\/wirtschaftlichefreiheit.de\/wordpress\/?p=36136"},"wordCount":1143,"commentCount":0,"image":{"@id":"https:\/\/wirtschaftlichefreiheit.de\/wordpress\/?p=36136#primaryimage"},"thumbnailUrl":"https:\/\/wirtschaftlichefreiheit.de\/wordpress\/bilder\/transformationsfonds.png","keywords":["Schnellenbach","schuldenbremse","Transformationsfonds"],"articleSection":["Fiskalisches"],"inLanguage":"de","potentialAction":[{"@type":"CommentAction","name":"Comment","target":["https:\/\/wirtschaftlichefreiheit.de\/wordpress\/?p=36136#respond"]}]},{"@type":"WebPage","@id":"https:\/\/wirtschaftlichefreiheit.de\/wordpress\/?p=36136","url":"https:\/\/wirtschaftlichefreiheit.de\/wordpress\/?p=36136","name":"Der gr\u00fcne Transformationsfonds Noch ein Schleichweg um die Schuldenbremse - Wirtschaftliche Freiheit","isPartOf":{"@id":"https:\/\/wirtschaftlichefreiheit.de\/wordpress\/#website"},"primaryImageOfPage":{"@id":"https:\/\/wirtschaftlichefreiheit.de\/wordpress\/?p=36136#primaryimage"},"image":{"@id":"https:\/\/wirtschaftlichefreiheit.de\/wordpress\/?p=36136#primaryimage"},"thumbnailUrl":"https:\/\/wirtschaftlichefreiheit.de\/wordpress\/bilder\/transformationsfonds.png","datePublished":"2024-03-01T23:07:00+00:00","dateModified":"2024-03-02T06:39:21+00:00","author":{"@id":"https:\/\/wirtschaftlichefreiheit.de\/wordpress\/#\/schema\/person\/b4e3f13ea24d514f6e985c29be203360"},"breadcrumb":{"@id":"https:\/\/wirtschaftlichefreiheit.de\/wordpress\/?p=36136#breadcrumb"},"inLanguage":"de","potentialAction":[{"@type":"ReadAction","target":["https:\/\/wirtschaftlichefreiheit.de\/wordpress\/?p=36136"]}]},{"@type":"ImageObject","inLanguage":"de","@id":"https:\/\/wirtschaftlichefreiheit.de\/wordpress\/?p=36136#primaryimage","url":"https:\/\/wirtschaftlichefreiheit.de\/wordpress\/bilder\/transformationsfonds.png","contentUrl":"https:\/\/wirtschaftlichefreiheit.de\/wordpress\/bilder\/transformationsfonds.png","width":1733,"height":1299},{"@type":"BreadcrumbList","@id":"https:\/\/wirtschaftlichefreiheit.de\/wordpress\/?p=36136#breadcrumb","itemListElement":[{"@type":"ListItem","position":1,"name":"Startseite","item":"https:\/\/wirtschaftlichefreiheit.de\/wordpress"},{"@type":"ListItem","position":2,"name":"Der gr\u00fcne Transformationsfonds Noch ein Schleichweg um die Schuldenbremse"}]},{"@type":"WebSite","@id":"https:\/\/wirtschaftlichefreiheit.de\/wordpress\/#website","url":"https:\/\/wirtschaftlichefreiheit.de\/wordpress\/","name":"Wirtschaftliche Freiheit","description":"Das ordnungspolitische Journal","potentialAction":[{"@type":"SearchAction","target":{"@type":"EntryPoint","urlTemplate":"https:\/\/wirtschaftlichefreiheit.de\/wordpress\/?s={search_term_string}"},"query-input":{"@type":"PropertyValueSpecification","valueRequired":true,"valueName":"search_term_string"}}],"inLanguage":"de"},{"@type":"Person","@id":"https:\/\/wirtschaftlichefreiheit.de\/wordpress\/#\/schema\/person\/b4e3f13ea24d514f6e985c29be203360","name":"Jan Schnellenbach","image":{"@type":"ImageObject","inLanguage":"de","@id":"https:\/\/wirtschaftlichefreiheit.de\/wordpress\/bilder\/jans.png","url":"https:\/\/wirtschaftlichefreiheit.de\/wordpress\/bilder\/jans.png","contentUrl":"https:\/\/wirtschaftlichefreiheit.de\/wordpress\/bilder\/jans.png","caption":"Jan Schnellenbach"},"description":"Brandenburgische Technische Universit\u00e4t Cottbus","url":"https:\/\/wirtschaftlichefreiheit.de\/wordpress\/?author=37"}]}},"_links":{"self":[{"href":"https:\/\/wirtschaftlichefreiheit.de\/wordpress\/index.php?rest_route=\/wp\/v2\/posts\/36136","targetHints":{"allow":["GET"]}}],"collection":[{"href":"https:\/\/wirtschaftlichefreiheit.de\/wordpress\/index.php?rest_route=\/wp\/v2\/posts"}],"about":[{"href":"https:\/\/wirtschaftlichefreiheit.de\/wordpress\/index.php?rest_route=\/wp\/v2\/types\/post"}],"author":[{"embeddable":true,"href":"https:\/\/wirtschaftlichefreiheit.de\/wordpress\/index.php?rest_route=\/wp\/v2\/users\/37"}],"replies":[{"embeddable":true,"href":"https:\/\/wirtschaftlichefreiheit.de\/wordpress\/index.php?rest_route=%2Fwp%2Fv2%2Fcomments&post=36136"}],"version-history":[{"count":1,"href":"https:\/\/wirtschaftlichefreiheit.de\/wordpress\/index.php?rest_route=\/wp\/v2\/posts\/36136\/revisions"}],"predecessor-version":[{"id":36137,"href":"https:\/\/wirtschaftlichefreiheit.de\/wordpress\/index.php?rest_route=\/wp\/v2\/posts\/36136\/revisions\/36137"}],"wp:featuredmedia":[{"embeddable":true,"href":"https:\/\/wirtschaftlichefreiheit.de\/wordpress\/index.php?rest_route=\/wp\/v2\/media\/36138"}],"wp:attachment":[{"href":"https:\/\/wirtschaftlichefreiheit.de\/wordpress\/index.php?rest_route=%2Fwp%2Fv2%2Fmedia&parent=36136"}],"wp:term":[{"taxonomy":"category","embeddable":true,"href":"https:\/\/wirtschaftlichefreiheit.de\/wordpress\/index.php?rest_route=%2Fwp%2Fv2%2Fcategories&post=36136"},{"taxonomy":"post_tag","embeddable":true,"href":"https:\/\/wirtschaftlichefreiheit.de\/wordpress\/index.php?rest_route=%2Fwp%2Fv2%2Ftags&post=36136"}],"curies":[{"name":"wp","href":"https:\/\/api.w.org\/{rel}","templated":true}]}}