{"id":37179,"date":"2024-07-01T00:51:00","date_gmt":"2024-06-30T23:51:00","guid":{"rendered":"https:\/\/wirtschaftlichefreiheit.de\/wordpress\/?p=37179"},"modified":"2024-07-01T05:19:19","modified_gmt":"2024-07-01T04:19:19","slug":"mehr-aktien-fuer-die-jungen-bitte-aber-wie","status":"publish","type":"post","link":"https:\/\/wirtschaftlichefreiheit.de\/wordpress\/?p=37179","title":{"rendered":"Mehr Aktien f\u00fcr die Jungen bitte, aber wie?"},"content":{"rendered":"\n<p>Die deutsche Gesellschaft altert. Die junge Generation muss deshalb mehr in die gesetzliche Rentenversicherung einzahlen, w\u00e4hrend sie weniger von der Alterssicherung erwarten kann. Schwaches Wachstum und hohe Immobilienpreise erschweren den jungen Menschen den Verm\u00f6gensaufbau. Zuletzt hat die Ampelkoalition gro\u00dfz\u00fcgige Rentengarantien auf Kosten der zuk\u00fcnftigen jungen Generation beschlossen. Der Generationenvertrag br\u00f6ckelt.<\/p>\n\n\n\n<p>Wir schlagen deshalb vor jungen Menschen unter 30 Jahren eine Alternative zu bieten. Anstatt ihre Beitr\u00e4ge vollst\u00e4ndig in die gesetzliche Rentenversicherung einzahlen zu m\u00fcssen, sollen sie die H\u00e4lfte in Aktien anlegen d\u00fcrfen (Ebert und Schnabl 2024). Aktien sind resistent gegen Inflation. Eine Anhebung des Renteneintrittsalters auf 70 Jahre w\u00fcrde die fehlenden Beitr\u00e4ge ausgleichen.<\/p>\n\n\n\n<p>Dabei sollen die jungen Menschen die Wahl haben: Wer keine Aktienrente will, zahlt wie bisher ins Umlageverfahren der gesetzlichen Rentenversicherung ein. Wer lieber in Aktien anlegt, kann \u00fcber den internationalen Kapitalmarkt am Wachstum von Volkswirtschaften mit g\u00fcnstigerer Demografie, wie z.B. den USA, partizipieren. Das Ersparte soll dem einzelnen Sparer pers\u00f6nlich zugeordnet werden. Drei verschiedene Anlageformen sind denkbar.<\/p>\n\n\n\n<p><strong>Eigenregie<\/strong><\/p>\n\n\n\n<p>Grunds\u00e4tzlich k\u00f6nnten die jungen Sparer selbst entscheiden, in welche Aktien sie investieren. Jeden Monat w\u00fcrden sie aufs Neue w\u00e4hlen, welche Aktien sie kaufen. Um zum Monatswechsel stets gute Entscheidungen zu treffen, braucht es jedoch viel Kompetenz und ausreichend Zeit f\u00fcr die Entscheidungen.<\/p>\n\n\n\n<p>Fondssparpl\u00e4ne bieten dagegen eine M\u00f6glichkeit auch ohne gro\u00dfes Fachwissen und ohne gro\u00dfen Zeitaufwand ein Aktienportfolio aufzubauen. Durch die Wahl eines bestimmten Fonds entscheidet der Sparer einmalig, in welche Unternehmensgruppen, Wirtschaftssektoren oder Regionen er investieren m\u00f6chte. Er muss nicht immer wieder neu entscheiden, wohin seine Beitr\u00e4ge flie\u00dfen. Sofern der Sparer nichts \u00e4ndert, wandern seine Beitr\u00e4ge jeden Monat in den bisher gew\u00e4hlten Fonds.<\/p>\n\n\n\n<p>Die Ersparnisse k\u00f6nnen im Rahmen eines privaten Depots gebildet werden. Hoher Wettbewerb unter den Fondsanbietern f\u00f6rdert die Produktvielfalt, schafft Transparenz und sorgt f\u00fcr niedrige Kosten.<\/p>\n\n\n\n<p><strong>Staatsfonds<\/strong><\/p>\n\n\n\n<p>Alternativ k\u00f6nnten die Ersparnisse in einen Staatsfonds flie\u00dfen. Pers\u00f6nliche Anlageentscheidungen w\u00e4ren dann nicht n\u00f6tig. Der Fonds w\u00fcrde von Profis mit entsprechendem Fachwissen verwaltet. \u00c4hnlich zum KENFO, dem \u201eFonds zur Finanzierung der kerntechnischen Entsorgung\u201c, wacht ein von der Politik bestelltes Gremium \u00fcber die Anlageentscheidungen der Manager.<\/p>\n\n\n\n<p>Dem Staatsfonds droht allerdings politischer Missbrauch. Beispielsweise k\u00f6nnte die Politik vorgeben, in welche Branchen oder Regionen investiert werden soll. Der japanische \u201eGovernment Pension Investment Fund\u201c muss beispielsweise auf Betreiben der Politik mindestens die H\u00e4lfte seines Verm\u00f6gens in Japan anlegen. Ein hoch verschuldeter Staat k\u00f6nnte seinen Staatsfonds zum Ankauf von ausfallgef\u00e4hrdeten Staatsanleihen zwingen.<\/p>\n\n\n\n<p>Zudem besteht in einem Staatsfonds m\u00f6glicherweise eine \u201eimplizite Beitragsgarantie\u201c. Bei Verlusten k\u00f6nnte sich die Politik gezwungen sehen, diese auf Kosten der Steuerzahler auszugleichen. Das w\u00fcrde den Wettbewerb auf Kosten privater Anbieter verzerren. Um dieses Risiko zu reduzieren, k\u00f6nnte der Fondsmanager zu einer defensiven Anlagestrategie mit geringer Profitabilit\u00e4t verpflichtet werden.<\/p>\n\n\n\n<p><strong>Private Kapitalverwalter<\/strong><\/p>\n\n\n\n<p>Wer nicht selbst anlegen will und dem Staat misstraut, f\u00fcr den k\u00f6nnen private Kapitalverwalter das Angesparte investieren. Diese identifizieren mit der n\u00f6tigen Fachkenntnis besonders renditetr\u00e4chtige Anlagewerte und k\u00f6nnen die Portfolien der jungen Sparer an deren individuelle Bed\u00fcrfnisse anpassen.<\/p>\n\n\n\n<p>Versicherungen, Pensionsfonds und Verm\u00f6gensverwalter konkurrieren bereits heute mit verschiedenen Produkten. Aktives Fondsmanagement mit unterschiedlichen Risikoklassen wird ebenso angeboten, wie garantierte Rentenzahlungen, die mit Erreichen des Renteneintrittsalters beginnen und bis zum Lebensende andauern.<\/p>\n\n\n\n<p>Wie bei den Fondssparpl\u00e4nen sorgt der Wettbewerb f\u00fcr Vielfalt, Transparenz und eine Begrenzung der Geb\u00fchren. Weil die Produkte komplexer sind, k\u00f6nnen die Kosten allerdings h\u00f6her ausfallen als bei Fondssparpl\u00e4nen.<\/p>\n\n\n\n<p><strong>Implikationen f\u00fcr Kapitalmarkt und Gesellschaft<\/strong><\/p>\n\n\n\n<p>Die jungen Menschen in Deutschland brauchen eine Erg\u00e4nzung zur gesetzlichen Rentenversicherung. Die Aktienrente muss freiwillig sein und ihre Kapitalanlage ausreichend Wahlfreiheit bieten, um Akzeptanz zu finden. Da die gesetzliche Rentenversicherung immer mehr in Schieflage ger\u00e4t, werden sich mehr und mehr junge Menschen f\u00fcr Aktienrenten entscheiden.&nbsp;<\/p>\n\n\n\n<p>Deutschland besitzt einen gut entwickelten Kapitalmarkt. In diesem ist eine private Aktienrente f\u00fcr die junge Generation durch private Anbieter, die im Wettbewerb zueinander stehen, leicht umsetzbar. Der Staat sollte sich auf die Sicherung des Wettbewerbs und die Finanzmarktaufsicht konzentrieren.<\/p>\n\n\n\n<p>Unsere Gesellschaft braucht nur den Mut, der jungen Generation eine Aktienrente anzubieten. Wir sollten darauf vertrauen, dass junge Menschen dieses Angebot sinnvoll nutzen. Die Eigenverantwortung in der Altersvorsorge w\u00fcrde an Bedeutung gewinnen und es w\u00fcrde ein Anreiz f\u00fcr mehr \u00f6konomische Bildung entstehen.<\/p>\n\n\n\n<p>Literaturhinweis:<\/p>\n\n\n\n<p>Ebert, Sven \/ Schnabl, Gunther 2024: <a href=\"https:\/\/www.handelsblatt.com\/meinung\/gastbeitraege\/gastkommentar-wie-mehr-generationengerechtigkeit-in-der-alterssicherung-gelingt\/100026327.html\">Wie mehr Generationengerechtigkeit in der Alterssicherung gelingt.<\/a> <em>Handelsblatt<\/em>, 25.03.2024.<\/p>\n\n\n\n<p><strong>Hinweis:<\/strong> Eine fr\u00fchere Version dieses Beitrags ist auf der Homepage des Deutschen Instituts f\u00fcr Altersvorsorge erschienen.<\/p>\n<!-- AddThis Advanced Settings generic via filter on the_content --><!-- AddThis Share Buttons generic via filter on the_content --><!-- AddThis Related Posts generic via filter on the_content -->","protected":false},"excerpt":{"rendered":"<p>Die deutsche Gesellschaft altert, was vor allem Lasten f\u00fcr die junge Generation bedeutet. F\u00fcr Menschen unter 30 Jahren w\u00e4re es gut, einen Teil ihrer gesetzlichen Rentenbeitr\u00e4ge in Aktien anlegen zu d\u00fcrfen. Im gut entwickelten deutschen Finanzmarktes w\u00e4re das leicht umsetzbar. Doch welcher Weg ist der beste?<!-- AddThis Advanced Settings generic via filter on wp_trim_excerpt --><!-- AddThis Share Buttons generic via filter on wp_trim_excerpt --><!-- AddThis Related Posts generic via filter on wp_trim_excerpt --><\/p>\n","protected":false},"author":469,"featured_media":37182,"comment_status":"open","ping_status":"open","sticky":false,"template":"","format":"standard","meta":{"footnotes":""},"categories":[34,4],"tags":[4351,4646,2624],"class_list":["post-37179","post","type-post","status-publish","format-standard","has-post-thumbnail","hentry","category-kapitalistisches","category-soziales","tag-aktienrente","tag-ebert","tag-schnabl"],"yoast_head":"<!-- This site is optimized with the Yoast SEO plugin v27.2 - https:\/\/yoast.com\/product\/yoast-seo-wordpress\/ -->\n<title>Mehr Aktien f\u00fcr die Jungen bitte, aber wie? - Wirtschaftliche Freiheit<\/title>\n<meta name=\"robots\" content=\"index, follow, max-snippet:-1, max-image-preview:large, max-video-preview:-1\" \/>\n<link rel=\"canonical\" href=\"https:\/\/wirtschaftlichefreiheit.de\/wordpress\/?p=37179\" \/>\n<meta property=\"og:locale\" content=\"de_DE\" \/>\n<meta property=\"og:type\" content=\"article\" \/>\n<meta property=\"og:title\" content=\"Mehr Aktien f\u00fcr die Jungen bitte, aber wie? - Wirtschaftliche Freiheit\" \/>\n<meta property=\"og:description\" content=\"Die deutsche Gesellschaft altert, was vor allem Lasten f\u00fcr die junge Generation bedeutet. F\u00fcr Menschen unter 30 Jahren w\u00e4re es gut, einen Teil ihrer gesetzlichen Rentenbeitr\u00e4ge in Aktien anlegen zu d\u00fcrfen. Im gut entwickelten deutschen Finanzmarktes w\u00e4re das leicht umsetzbar. Doch welcher Weg ist der beste?\" \/>\n<meta property=\"og:url\" content=\"https:\/\/wirtschaftlichefreiheit.de\/wordpress\/?p=37179\" \/>\n<meta property=\"og:site_name\" content=\"Wirtschaftliche Freiheit\" \/>\n<meta property=\"article:published_time\" content=\"2024-06-30T23:51:00+00:00\" \/>\n<meta property=\"article:modified_time\" content=\"2024-07-01T04:19:19+00:00\" \/>\n<meta property=\"og:image\" content=\"http:\/\/wirtschaftlichefreiheit.de\/wordpress\/bilder\/aktienrente12.png\" \/>\n\t<meta property=\"og:image:width\" content=\"590\" \/>\n\t<meta property=\"og:image:height\" content=\"590\" \/>\n\t<meta property=\"og:image:type\" content=\"image\/png\" \/>\n<meta name=\"author\" content=\"Sven Ebert und Gunther Schnabl\" \/>\n<meta name=\"twitter:card\" content=\"summary_large_image\" \/>\n<meta name=\"twitter:label1\" content=\"Verfasst von\" \/>\n\t<meta name=\"twitter:data1\" content=\"Sven Ebert und Gunther Schnabl\" \/>\n\t<meta name=\"twitter:label2\" content=\"Gesch\u00e4tzte Lesezeit\" \/>\n\t<meta name=\"twitter:data2\" content=\"4\u00a0Minuten\" \/>\n<script type=\"application\/ld+json\" class=\"yoast-schema-graph\">{\"@context\":\"https:\/\/schema.org\",\"@graph\":[{\"@type\":\"Article\",\"@id\":\"https:\/\/wirtschaftlichefreiheit.de\/wordpress\/?p=37179#article\",\"isPartOf\":{\"@id\":\"https:\/\/wirtschaftlichefreiheit.de\/wordpress\/?p=37179\"},\"author\":{\"name\":\"Sven Ebert und Gunther Schnabl\",\"@id\":\"https:\/\/wirtschaftlichefreiheit.de\/wordpress\/#\/schema\/person\/8a02a33e95fa90b62e831951a65333a2\"},\"headline\":\"Mehr Aktien f\u00fcr die Jungen bitte, aber wie?\",\"datePublished\":\"2024-06-30T23:51:00+00:00\",\"dateModified\":\"2024-07-01T04:19:19+00:00\",\"mainEntityOfPage\":{\"@id\":\"https:\/\/wirtschaftlichefreiheit.de\/wordpress\/?p=37179\"},\"wordCount\":776,\"commentCount\":0,\"image\":{\"@id\":\"https:\/\/wirtschaftlichefreiheit.de\/wordpress\/?p=37179#primaryimage\"},\"thumbnailUrl\":\"https:\/\/wirtschaftlichefreiheit.de\/wordpress\/bilder\/aktienrente12.png\",\"keywords\":[\"Aktienrente\",\"Ebert\",\"Schnabl\"],\"articleSection\":[\"Kapitalistisches\",\"Soziales\"],\"inLanguage\":\"de\",\"potentialAction\":[{\"@type\":\"CommentAction\",\"name\":\"Comment\",\"target\":[\"https:\/\/wirtschaftlichefreiheit.de\/wordpress\/?p=37179#respond\"]}]},{\"@type\":\"WebPage\",\"@id\":\"https:\/\/wirtschaftlichefreiheit.de\/wordpress\/?p=37179\",\"url\":\"https:\/\/wirtschaftlichefreiheit.de\/wordpress\/?p=37179\",\"name\":\"Mehr Aktien f\u00fcr die Jungen bitte, aber wie? - Wirtschaftliche Freiheit\",\"isPartOf\":{\"@id\":\"https:\/\/wirtschaftlichefreiheit.de\/wordpress\/#website\"},\"primaryImageOfPage\":{\"@id\":\"https:\/\/wirtschaftlichefreiheit.de\/wordpress\/?p=37179#primaryimage\"},\"image\":{\"@id\":\"https:\/\/wirtschaftlichefreiheit.de\/wordpress\/?p=37179#primaryimage\"},\"thumbnailUrl\":\"https:\/\/wirtschaftlichefreiheit.de\/wordpress\/bilder\/aktienrente12.png\",\"datePublished\":\"2024-06-30T23:51:00+00:00\",\"dateModified\":\"2024-07-01T04:19:19+00:00\",\"author\":{\"@id\":\"https:\/\/wirtschaftlichefreiheit.de\/wordpress\/#\/schema\/person\/8a02a33e95fa90b62e831951a65333a2\"},\"breadcrumb\":{\"@id\":\"https:\/\/wirtschaftlichefreiheit.de\/wordpress\/?p=37179#breadcrumb\"},\"inLanguage\":\"de\",\"potentialAction\":[{\"@type\":\"ReadAction\",\"target\":[\"https:\/\/wirtschaftlichefreiheit.de\/wordpress\/?p=37179\"]}]},{\"@type\":\"ImageObject\",\"inLanguage\":\"de\",\"@id\":\"https:\/\/wirtschaftlichefreiheit.de\/wordpress\/?p=37179#primaryimage\",\"url\":\"https:\/\/wirtschaftlichefreiheit.de\/wordpress\/bilder\/aktienrente12.png\",\"contentUrl\":\"https:\/\/wirtschaftlichefreiheit.de\/wordpress\/bilder\/aktienrente12.png\",\"width\":590,\"height\":590},{\"@type\":\"BreadcrumbList\",\"@id\":\"https:\/\/wirtschaftlichefreiheit.de\/wordpress\/?p=37179#breadcrumb\",\"itemListElement\":[{\"@type\":\"ListItem\",\"position\":1,\"name\":\"Startseite\",\"item\":\"https:\/\/wirtschaftlichefreiheit.de\/wordpress\"},{\"@type\":\"ListItem\",\"position\":2,\"name\":\"Mehr Aktien f\u00fcr die Jungen bitte, aber wie?\"}]},{\"@type\":\"WebSite\",\"@id\":\"https:\/\/wirtschaftlichefreiheit.de\/wordpress\/#website\",\"url\":\"https:\/\/wirtschaftlichefreiheit.de\/wordpress\/\",\"name\":\"Wirtschaftliche Freiheit\",\"description\":\"Das ordnungspolitische Journal\",\"potentialAction\":[{\"@type\":\"SearchAction\",\"target\":{\"@type\":\"EntryPoint\",\"urlTemplate\":\"https:\/\/wirtschaftlichefreiheit.de\/wordpress\/?s={search_term_string}\"},\"query-input\":{\"@type\":\"PropertyValueSpecification\",\"valueRequired\":true,\"valueName\":\"search_term_string\"}}],\"inLanguage\":\"de\"},{\"@type\":\"Person\",\"@id\":\"https:\/\/wirtschaftlichefreiheit.de\/wordpress\/#\/schema\/person\/8a02a33e95fa90b62e831951a65333a2\",\"name\":\"Sven Ebert und Gunther Schnabl\",\"image\":{\"@type\":\"ImageObject\",\"inLanguage\":\"de\",\"@id\":\"https:\/\/wirtschaftlichefreiheit.de\/wordpress\/bilder\/ebgs.png\",\"url\":\"https:\/\/wirtschaftlichefreiheit.de\/wordpress\/bilder\/ebgs.png\",\"contentUrl\":\"https:\/\/wirtschaftlichefreiheit.de\/wordpress\/bilder\/ebgs.png\",\"caption\":\"Sven Ebert und Gunther Schnabl\"},\"description\":\"Flossbach von Storch Universit\u00e4t Leipzig, Flossbach von Storch\",\"url\":\"https:\/\/wirtschaftlichefreiheit.de\/wordpress\/?author=469\"}]}<\/script>\n<!-- \/ Yoast SEO plugin. -->","yoast_head_json":{"title":"Mehr Aktien f\u00fcr die Jungen bitte, aber wie? - Wirtschaftliche Freiheit","robots":{"index":"index","follow":"follow","max-snippet":"max-snippet:-1","max-image-preview":"max-image-preview:large","max-video-preview":"max-video-preview:-1"},"canonical":"https:\/\/wirtschaftlichefreiheit.de\/wordpress\/?p=37179","og_locale":"de_DE","og_type":"article","og_title":"Mehr Aktien f\u00fcr die Jungen bitte, aber wie? - Wirtschaftliche Freiheit","og_description":"Die deutsche Gesellschaft altert, was vor allem Lasten f\u00fcr die junge Generation bedeutet. F\u00fcr Menschen unter 30 Jahren w\u00e4re es gut, einen Teil ihrer gesetzlichen Rentenbeitr\u00e4ge in Aktien anlegen zu d\u00fcrfen. Im gut entwickelten deutschen Finanzmarktes w\u00e4re das leicht umsetzbar. Doch welcher Weg ist der beste?","og_url":"https:\/\/wirtschaftlichefreiheit.de\/wordpress\/?p=37179","og_site_name":"Wirtschaftliche Freiheit","article_published_time":"2024-06-30T23:51:00+00:00","article_modified_time":"2024-07-01T04:19:19+00:00","og_image":[{"width":590,"height":590,"url":"http:\/\/wirtschaftlichefreiheit.de\/wordpress\/bilder\/aktienrente12.png","type":"image\/png"}],"author":"Sven Ebert und Gunther Schnabl","twitter_card":"summary_large_image","twitter_misc":{"Verfasst von":"Sven Ebert und Gunther Schnabl","Gesch\u00e4tzte Lesezeit":"4\u00a0Minuten"},"schema":{"@context":"https:\/\/schema.org","@graph":[{"@type":"Article","@id":"https:\/\/wirtschaftlichefreiheit.de\/wordpress\/?p=37179#article","isPartOf":{"@id":"https:\/\/wirtschaftlichefreiheit.de\/wordpress\/?p=37179"},"author":{"name":"Sven Ebert und Gunther Schnabl","@id":"https:\/\/wirtschaftlichefreiheit.de\/wordpress\/#\/schema\/person\/8a02a33e95fa90b62e831951a65333a2"},"headline":"Mehr Aktien f\u00fcr die Jungen bitte, aber wie?","datePublished":"2024-06-30T23:51:00+00:00","dateModified":"2024-07-01T04:19:19+00:00","mainEntityOfPage":{"@id":"https:\/\/wirtschaftlichefreiheit.de\/wordpress\/?p=37179"},"wordCount":776,"commentCount":0,"image":{"@id":"https:\/\/wirtschaftlichefreiheit.de\/wordpress\/?p=37179#primaryimage"},"thumbnailUrl":"https:\/\/wirtschaftlichefreiheit.de\/wordpress\/bilder\/aktienrente12.png","keywords":["Aktienrente","Ebert","Schnabl"],"articleSection":["Kapitalistisches","Soziales"],"inLanguage":"de","potentialAction":[{"@type":"CommentAction","name":"Comment","target":["https:\/\/wirtschaftlichefreiheit.de\/wordpress\/?p=37179#respond"]}]},{"@type":"WebPage","@id":"https:\/\/wirtschaftlichefreiheit.de\/wordpress\/?p=37179","url":"https:\/\/wirtschaftlichefreiheit.de\/wordpress\/?p=37179","name":"Mehr Aktien f\u00fcr die Jungen bitte, aber wie? - Wirtschaftliche Freiheit","isPartOf":{"@id":"https:\/\/wirtschaftlichefreiheit.de\/wordpress\/#website"},"primaryImageOfPage":{"@id":"https:\/\/wirtschaftlichefreiheit.de\/wordpress\/?p=37179#primaryimage"},"image":{"@id":"https:\/\/wirtschaftlichefreiheit.de\/wordpress\/?p=37179#primaryimage"},"thumbnailUrl":"https:\/\/wirtschaftlichefreiheit.de\/wordpress\/bilder\/aktienrente12.png","datePublished":"2024-06-30T23:51:00+00:00","dateModified":"2024-07-01T04:19:19+00:00","author":{"@id":"https:\/\/wirtschaftlichefreiheit.de\/wordpress\/#\/schema\/person\/8a02a33e95fa90b62e831951a65333a2"},"breadcrumb":{"@id":"https:\/\/wirtschaftlichefreiheit.de\/wordpress\/?p=37179#breadcrumb"},"inLanguage":"de","potentialAction":[{"@type":"ReadAction","target":["https:\/\/wirtschaftlichefreiheit.de\/wordpress\/?p=37179"]}]},{"@type":"ImageObject","inLanguage":"de","@id":"https:\/\/wirtschaftlichefreiheit.de\/wordpress\/?p=37179#primaryimage","url":"https:\/\/wirtschaftlichefreiheit.de\/wordpress\/bilder\/aktienrente12.png","contentUrl":"https:\/\/wirtschaftlichefreiheit.de\/wordpress\/bilder\/aktienrente12.png","width":590,"height":590},{"@type":"BreadcrumbList","@id":"https:\/\/wirtschaftlichefreiheit.de\/wordpress\/?p=37179#breadcrumb","itemListElement":[{"@type":"ListItem","position":1,"name":"Startseite","item":"https:\/\/wirtschaftlichefreiheit.de\/wordpress"},{"@type":"ListItem","position":2,"name":"Mehr Aktien f\u00fcr die Jungen bitte, aber wie?"}]},{"@type":"WebSite","@id":"https:\/\/wirtschaftlichefreiheit.de\/wordpress\/#website","url":"https:\/\/wirtschaftlichefreiheit.de\/wordpress\/","name":"Wirtschaftliche Freiheit","description":"Das ordnungspolitische Journal","potentialAction":[{"@type":"SearchAction","target":{"@type":"EntryPoint","urlTemplate":"https:\/\/wirtschaftlichefreiheit.de\/wordpress\/?s={search_term_string}"},"query-input":{"@type":"PropertyValueSpecification","valueRequired":true,"valueName":"search_term_string"}}],"inLanguage":"de"},{"@type":"Person","@id":"https:\/\/wirtschaftlichefreiheit.de\/wordpress\/#\/schema\/person\/8a02a33e95fa90b62e831951a65333a2","name":"Sven Ebert und Gunther Schnabl","image":{"@type":"ImageObject","inLanguage":"de","@id":"https:\/\/wirtschaftlichefreiheit.de\/wordpress\/bilder\/ebgs.png","url":"https:\/\/wirtschaftlichefreiheit.de\/wordpress\/bilder\/ebgs.png","contentUrl":"https:\/\/wirtschaftlichefreiheit.de\/wordpress\/bilder\/ebgs.png","caption":"Sven Ebert und Gunther Schnabl"},"description":"Flossbach von Storch Universit\u00e4t Leipzig, Flossbach von Storch","url":"https:\/\/wirtschaftlichefreiheit.de\/wordpress\/?author=469"}]}},"_links":{"self":[{"href":"https:\/\/wirtschaftlichefreiheit.de\/wordpress\/index.php?rest_route=\/wp\/v2\/posts\/37179","targetHints":{"allow":["GET"]}}],"collection":[{"href":"https:\/\/wirtschaftlichefreiheit.de\/wordpress\/index.php?rest_route=\/wp\/v2\/posts"}],"about":[{"href":"https:\/\/wirtschaftlichefreiheit.de\/wordpress\/index.php?rest_route=\/wp\/v2\/types\/post"}],"author":[{"embeddable":true,"href":"https:\/\/wirtschaftlichefreiheit.de\/wordpress\/index.php?rest_route=\/wp\/v2\/users\/469"}],"replies":[{"embeddable":true,"href":"https:\/\/wirtschaftlichefreiheit.de\/wordpress\/index.php?rest_route=%2Fwp%2Fv2%2Fcomments&post=37179"}],"version-history":[{"count":2,"href":"https:\/\/wirtschaftlichefreiheit.de\/wordpress\/index.php?rest_route=\/wp\/v2\/posts\/37179\/revisions"}],"predecessor-version":[{"id":37181,"href":"https:\/\/wirtschaftlichefreiheit.de\/wordpress\/index.php?rest_route=\/wp\/v2\/posts\/37179\/revisions\/37181"}],"wp:featuredmedia":[{"embeddable":true,"href":"https:\/\/wirtschaftlichefreiheit.de\/wordpress\/index.php?rest_route=\/wp\/v2\/media\/37182"}],"wp:attachment":[{"href":"https:\/\/wirtschaftlichefreiheit.de\/wordpress\/index.php?rest_route=%2Fwp%2Fv2%2Fmedia&parent=37179"}],"wp:term":[{"taxonomy":"category","embeddable":true,"href":"https:\/\/wirtschaftlichefreiheit.de\/wordpress\/index.php?rest_route=%2Fwp%2Fv2%2Fcategories&post=37179"},{"taxonomy":"post_tag","embeddable":true,"href":"https:\/\/wirtschaftlichefreiheit.de\/wordpress\/index.php?rest_route=%2Fwp%2Fv2%2Ftags&post=37179"}],"curies":[{"name":"wp","href":"https:\/\/api.w.org\/{rel}","templated":true}]}}