{"id":3736,"date":"2010-07-09T00:01:05","date_gmt":"2010-07-08T23:01:05","guid":{"rendered":"http:\/\/wirtschaftlichefreiheit.de\/wordpress\/?p=3736"},"modified":"2010-07-08T11:34:27","modified_gmt":"2010-07-08T10:34:27","slug":"der-schaufenstereffekt-einer-fussball-wm","status":"publish","type":"post","link":"https:\/\/wirtschaftlichefreiheit.de\/wordpress\/?p=3736","title":{"rendered":"Der Schaufenstereffekt einer Fu\u00dfball-WM"},"content":{"rendered":"<p>Dass insbesondere Nationalspieler aus Afrika, aber auch solche aus Asien, Nordamerika, Australien und Neuseeland Fu\u00dfball-Weltmeisterschaften gerne als \u201eLaufsteg\u201c interpretieren, der ihnen die M\u00f6glichkeit gibt, sich f\u00fcr ein Engagement in einer der europ\u00e4ischen Top-Ligen zu empfehlen, ist vollkommen unstrittig. Die Frage, welchen Einfluss Eins\u00e4tze bei einer Fu\u00dfball-Weltmeisterschaft aber tats\u00e4chlich auf den Marktwert \u2013 und damit nat\u00fcrlich auch auf das Gehalt \u2013 eines Spielers haben, ist jedoch nach wie vor unbeantwortet.<\/p>\n<p><!--more--><\/p>\n<p>Unter Verwendung entsprechender Daten aus dem Kicker-Managerspiel, die seit der Saison 1995\/96 f\u00fcr die \u00fcberwiegende Mehrzahl der in einer Saison zum Einsatz kommenden Spieler verf\u00fcgbar sind und offenbar hervorragende N\u00e4herungsgr\u00f6\u00dfen f\u00fcr den Marktwert und seine Ver\u00e4nderung darstellen (vgl. <em>Frick<\/em>, 2007, 2010), l\u00e4sst sich dieser Effekt nunmehr zweifelsfrei quantifizieren. Dies setzt allerdings voraus, dass man zun\u00e4chst einmal den Einfluss weiterer (potentieller) Determinanten des individuellen Marktwertes bzw. Gehaltes isoliert: Neben dem Alter, der Zahl der Ligaeins\u00e4tze und -tore sowie der Position auf dem Spielfeld haben insbesondere die Zahl der L\u00e4nderspieleins\u00e4tze und die regionale Herkunft eines Spielers einen statistisch signifikanten Einfluss auf sein Gehalt:<\/p>\n<p>&#8211;        Unter sonst gleichen Bedingungen \u2013 d.h. bei statistischer Kontrolle der o.g. Faktoren \u2013 verdient ein Spieler aus S\u00fcdamerika rund 40% mehr als ein deutscher Athlet. F\u00fcr Westeurop\u00e4er ist die Lohnpr\u00e4mie mit rund 20% immer noch erheblich, f\u00fcr Osteurop\u00e4er, Nordamerikanischer, Afrikaner und Asiaten l\u00e4sst sich kein entsprechender Effekt nachweisen. Dies ist insofern nicht \u00fcberraschend, als der Anteil an S\u00fcdamerikanern im Kader mit einer statistisch h\u00f6heren Ticketnachfrage einhergeht, nicht aber der Anteil an Osteurop\u00e4ern, Afrikanern und\/oder Asiaten: Selbst bei einer eher bescheidenen sportlichen Performance pr\u00e4ferieren die Zuschauer also offenbar s\u00fcdamerikanische Ballzauberer. Dar\u00fcber hinaus l\u00e4sst sich eindeutig nachweisen, dass Spieler aus S\u00fcdamerika, aber auch aus Westeuropa signifikant h\u00f6here Merchandisingerl\u00f6se generieren: So wird beispielsweise die Zahl der Trikotverk\u00e4ufe ganz erheblich durch den Klang des Namens beeinflusst \u2013 \u201eLucio\u201c ist offenbar erheblich attraktiver als \u201eWoronin\u201c.<\/p>\n<p>&#8211;        L\u00e4nderspieleins\u00e4tze haben \u2013 wie auch das Alter und die Zahl der Ligaeins\u00e4tze \u2013 einen positiven, aber nicht-linearen Effekt: Jeder Auftritt f\u00fcr die Nationalmannschaft erh\u00f6ht das Einkommen mit einer zun\u00e4chst abnehmenden, sp\u00e4ter aber wieder zunehmenden Rate, was auf die Existenz spezifischer \u201eSuperstareffekte\u201c hindeutet. Dieser positive Einfluss von L\u00e4nderspieleins\u00e4tzen differiert \u2013 und dies ist der entscheidende Punkt \u2013 ganz erheblich mit deren sportlichem Stellenwert: Jeder Einsatz bei der letzten Fu\u00dfball-WM erh\u00f6ht das Einkommen um rund 8%. Eins\u00e4tze bei weiter zur\u00fcck liegenden Weltmeisterschafts-Turnieren werden zwar ebenfalls noch mit einer Pr\u00e4mie honoriert, doch ist dieser Effekt mit 2% pro Einsatz erheblich schw\u00e4cher. Mit anderen Worten: Der Schaufenstereffekt nutzt sich zwar ab, bleibt aber auch langfristig nachweisbar. Interessant ist weiterhin, dass dieser Schaufenstereffekt keineswegs f\u00fcr alle Spieler gleich ist: Diejenigen, die bereits vor dem jeweiligen WM-Turnier als Stars gelten, profitieren davon deutlich weniger als diejenigen, die zuvor weniger im Blickpunkt der Fu\u00dfball-\u00d6ffentlichkeit standen (vgl. <em>Deutscher und Simmons<\/em>, 2010). Um es anders zu formulieren: Ein durchschnittlicher Spieler, der es bei der WM auf f\u00fcnf Eins\u00e4tze bringt (weil er beispielsweise mit seiner Mannschaft im Viertelfinale ausscheidet) wird seinen Marktwert um rund 40% erh\u00f6hen. Bei einem Spieler, dessen Team mindestens das Spiel um den dritten Platz erreicht, betr\u00e4gt die entsprechende Steigerung des Marktwertes nahezu 60%.<\/p>\n<p>Was folgt aus den Ergebnissen? Die Erkenntnis, dass es sich offenbar lohnt, bei einem sportlichen Mega-Event wie der Fu\u00dfball-WM dabei zu sein, mag zun\u00e4chst trivial klingen. Der j\u00fcngst erbrachte Nachweis, dass dies in vielen F\u00e4llen auch zu systematischen Verhaltens\u00e4nderungen f\u00fchrt, ist aber vielleicht doch \u00fcberraschend: Spieler, deren Nominierung f\u00fcr das Turnier zwar wahrscheinlich, aber noch keineswegs gesichert ist, steigern ihre Performance im Vorfeld der Kaderzusammenstellung ganz erheblich \u2013 eine Entwicklung, die weder bei denjenigen zu beobachten ist, die als gesetzt gelten, noch bei denjenigen, die keinerlei Chance (mehr) haben, den WM-Zug noch zu erreichen\u2026<\/p>\n<p>Dass das noch bis Sonntag andauernde Turnier von den Spielern auch tats\u00e4chlich in dem beschriebenen Sinne genutzt wird, machen die t\u00e4glichen Meldungen \u00fcber Neuverspflichtungen deutlich. Das Karussell ist in Bewegung gekommen und wird wohl noch bis in den August hinein in Schwung bleiben\u2026<\/p>\n<p><strong>Literatur <\/strong><\/p>\n<p><em>Deutscher, Christian<\/em> und <em>Robert Simmons<\/em> (2010): The Economics of the World Cup, mimeo, Department of Management, University of Paderborn.<br \/>\n<em>Frick, Bernd<\/em> (2007): Salary Determination and the Pay-Performance Relationship in Professional Soccer: Evidence from Germany, in: Rodriguez, Pl\u00c3\u00a1cido, Stefan K\u00c3\u00a9senne and Jaume Garcia (eds.): Sports Economics after Fifty Years: Essays in Honor of Simon Rottenberg, Oviedo: University of Oviedo Press, pp. 125-146.<br \/>\n<em>Frick, Bernd<\/em> (2010): The Football Players\u2019 Labor Market: Recent Developments and Econometric Evidence, mimeo, Department of Management, University of Paderborn.<\/p>\n<!-- AddThis Advanced Settings generic via filter on the_content --><!-- AddThis Share Buttons generic via filter on the_content --><!-- AddThis Related Posts generic via filter on the_content -->","protected":false},"excerpt":{"rendered":"<p>Dass insbesondere Nationalspieler aus Afrika, aber auch solche aus Asien, Nordamerika, Australien und Neuseeland Fu\u00dfball-Weltmeisterschaften gerne als \u201eLaufsteg\u201c interpretieren, der ihnen die M\u00f6glichkeit gibt, sich &hellip; <\/p>\n<p class=\"link-more\"><a href=\"https:\/\/wirtschaftlichefreiheit.de\/wordpress\/?p=3736\" class=\"more-link\"><span class=\"screen-reader-text\">\u201eDer Schaufenstereffekt einer Fu\u00dfball-WM\u201c <\/span>weiterlesen<\/a><\/p>\n<p><!-- AddThis Advanced Settings generic via filter on wp_trim_excerpt --><!-- AddThis Share Buttons generic via filter on wp_trim_excerpt --><!-- AddThis Related Posts generic via filter on wp_trim_excerpt --><\/p>\n","protected":false},"author":68,"featured_media":0,"comment_status":"open","ping_status":"open","sticky":false,"template":"","format":"standard","meta":{"footnotes":""},"categories":[6,9],"tags":[261,260,259,177],"class_list":["post-3736","post","type-post","status-publish","format-standard","hentry","category-alles","category-sportliches","tag-laenderspiele","tag-marktwert","tag-nationalspieler","tag-weltmeisterschaft"],"yoast_head":"<!-- This site is optimized with the Yoast SEO plugin v27.2 - https:\/\/yoast.com\/product\/yoast-seo-wordpress\/ -->\n<title>Der Schaufenstereffekt einer Fu\u00dfball-WM  - Wirtschaftliche Freiheit<\/title>\n<meta name=\"robots\" content=\"index, follow, max-snippet:-1, max-image-preview:large, max-video-preview:-1\" \/>\n<link rel=\"canonical\" href=\"https:\/\/wirtschaftlichefreiheit.de\/wordpress\/?p=3736\" \/>\n<meta property=\"og:locale\" content=\"de_DE\" \/>\n<meta property=\"og:type\" content=\"article\" \/>\n<meta property=\"og:title\" content=\"Der Schaufenstereffekt einer Fu\u00dfball-WM  - Wirtschaftliche Freiheit\" \/>\n<meta property=\"og:description\" content=\"Dass insbesondere Nationalspieler aus Afrika, aber auch solche aus Asien, Nordamerika, Australien und Neuseeland Fu\u00dfball-Weltmeisterschaften gerne als \u201eLaufsteg\u201c interpretieren, der ihnen die M\u00f6glichkeit gibt, sich &hellip; \u201eDer Schaufenstereffekt einer Fu\u00dfball-WM\u201c weiterlesen\" \/>\n<meta property=\"og:url\" content=\"https:\/\/wirtschaftlichefreiheit.de\/wordpress\/?p=3736\" \/>\n<meta property=\"og:site_name\" content=\"Wirtschaftliche Freiheit\" \/>\n<meta property=\"article:published_time\" content=\"2010-07-08T23:01:05+00:00\" \/>\n<meta name=\"author\" content=\"Bernd Frick\" \/>\n<meta name=\"twitter:card\" content=\"summary_large_image\" \/>\n<meta name=\"twitter:label1\" content=\"Verfasst von\" \/>\n\t<meta name=\"twitter:data1\" content=\"Bernd Frick\" \/>\n\t<meta name=\"twitter:label2\" content=\"Gesch\u00e4tzte Lesezeit\" \/>\n\t<meta name=\"twitter:data2\" content=\"4\u00a0Minuten\" \/>\n<script type=\"application\/ld+json\" class=\"yoast-schema-graph\">{\"@context\":\"https:\/\/schema.org\",\"@graph\":[{\"@type\":\"Article\",\"@id\":\"https:\/\/wirtschaftlichefreiheit.de\/wordpress\/?p=3736#article\",\"isPartOf\":{\"@id\":\"https:\/\/wirtschaftlichefreiheit.de\/wordpress\/?p=3736\"},\"author\":{\"name\":\"Bernd Frick\",\"@id\":\"https:\/\/wirtschaftlichefreiheit.de\/wordpress\/#\/schema\/person\/0c3e99d71ff31310e82fe130f891c911\"},\"headline\":\"Der Schaufenstereffekt einer Fu\u00dfball-WM\",\"datePublished\":\"2010-07-08T23:01:05+00:00\",\"mainEntityOfPage\":{\"@id\":\"https:\/\/wirtschaftlichefreiheit.de\/wordpress\/?p=3736\"},\"wordCount\":783,\"commentCount\":0,\"keywords\":[\"L\u00e4nderspiele\",\"Marktwert\",\"Nationalspieler\",\"Weltmeisterschaft\"],\"articleSection\":[\"Alle Kategorien\",\"Sportliches\"],\"inLanguage\":\"de\",\"potentialAction\":[{\"@type\":\"CommentAction\",\"name\":\"Comment\",\"target\":[\"https:\/\/wirtschaftlichefreiheit.de\/wordpress\/?p=3736#respond\"]}]},{\"@type\":\"WebPage\",\"@id\":\"https:\/\/wirtschaftlichefreiheit.de\/wordpress\/?p=3736\",\"url\":\"https:\/\/wirtschaftlichefreiheit.de\/wordpress\/?p=3736\",\"name\":\"Der Schaufenstereffekt einer Fu\u00dfball-WM - Wirtschaftliche Freiheit\",\"isPartOf\":{\"@id\":\"https:\/\/wirtschaftlichefreiheit.de\/wordpress\/#website\"},\"datePublished\":\"2010-07-08T23:01:05+00:00\",\"author\":{\"@id\":\"https:\/\/wirtschaftlichefreiheit.de\/wordpress\/#\/schema\/person\/0c3e99d71ff31310e82fe130f891c911\"},\"breadcrumb\":{\"@id\":\"https:\/\/wirtschaftlichefreiheit.de\/wordpress\/?p=3736#breadcrumb\"},\"inLanguage\":\"de\",\"potentialAction\":[{\"@type\":\"ReadAction\",\"target\":[\"https:\/\/wirtschaftlichefreiheit.de\/wordpress\/?p=3736\"]}]},{\"@type\":\"BreadcrumbList\",\"@id\":\"https:\/\/wirtschaftlichefreiheit.de\/wordpress\/?p=3736#breadcrumb\",\"itemListElement\":[{\"@type\":\"ListItem\",\"position\":1,\"name\":\"Startseite\",\"item\":\"https:\/\/wirtschaftlichefreiheit.de\/wordpress\"},{\"@type\":\"ListItem\",\"position\":2,\"name\":\"Der Schaufenstereffekt einer Fu\u00dfball-WM\"}]},{\"@type\":\"WebSite\",\"@id\":\"https:\/\/wirtschaftlichefreiheit.de\/wordpress\/#website\",\"url\":\"https:\/\/wirtschaftlichefreiheit.de\/wordpress\/\",\"name\":\"Wirtschaftliche Freiheit\",\"description\":\"Das ordnungspolitische Journal\",\"potentialAction\":[{\"@type\":\"SearchAction\",\"target\":{\"@type\":\"EntryPoint\",\"urlTemplate\":\"https:\/\/wirtschaftlichefreiheit.de\/wordpress\/?s={search_term_string}\"},\"query-input\":{\"@type\":\"PropertyValueSpecification\",\"valueRequired\":true,\"valueName\":\"search_term_string\"}}],\"inLanguage\":\"de\"},{\"@type\":\"Person\",\"@id\":\"https:\/\/wirtschaftlichefreiheit.de\/wordpress\/#\/schema\/person\/0c3e99d71ff31310e82fe130f891c911\",\"name\":\"Bernd Frick\",\"image\":{\"@type\":\"ImageObject\",\"inLanguage\":\"de\",\"@id\":\"https:\/\/secure.gravatar.com\/avatar\/cb8b15887acd6a3d50f3a8f6b98628b750c3ca599e5c11ecc0ea2f0b2f153fe9?s=96&d=mm&r=g\",\"url\":\"https:\/\/secure.gravatar.com\/avatar\/cb8b15887acd6a3d50f3a8f6b98628b750c3ca599e5c11ecc0ea2f0b2f153fe9?s=96&d=mm&r=g\",\"contentUrl\":\"https:\/\/secure.gravatar.com\/avatar\/cb8b15887acd6a3d50f3a8f6b98628b750c3ca599e5c11ecc0ea2f0b2f153fe9?s=96&d=mm&r=g\",\"caption\":\"Bernd Frick\"},\"url\":\"https:\/\/wirtschaftlichefreiheit.de\/wordpress\/?author=68\"}]}<\/script>\n<!-- \/ Yoast SEO plugin. -->","yoast_head_json":{"title":"Der Schaufenstereffekt einer Fu\u00dfball-WM  - Wirtschaftliche Freiheit","robots":{"index":"index","follow":"follow","max-snippet":"max-snippet:-1","max-image-preview":"max-image-preview:large","max-video-preview":"max-video-preview:-1"},"canonical":"https:\/\/wirtschaftlichefreiheit.de\/wordpress\/?p=3736","og_locale":"de_DE","og_type":"article","og_title":"Der Schaufenstereffekt einer Fu\u00dfball-WM  - Wirtschaftliche Freiheit","og_description":"Dass insbesondere Nationalspieler aus Afrika, aber auch solche aus Asien, Nordamerika, Australien und Neuseeland Fu\u00dfball-Weltmeisterschaften gerne als \u201eLaufsteg\u201c interpretieren, der ihnen die M\u00f6glichkeit gibt, sich &hellip; \u201eDer Schaufenstereffekt einer Fu\u00dfball-WM\u201c weiterlesen","og_url":"https:\/\/wirtschaftlichefreiheit.de\/wordpress\/?p=3736","og_site_name":"Wirtschaftliche Freiheit","article_published_time":"2010-07-08T23:01:05+00:00","author":"Bernd Frick","twitter_card":"summary_large_image","twitter_misc":{"Verfasst von":"Bernd Frick","Gesch\u00e4tzte Lesezeit":"4\u00a0Minuten"},"schema":{"@context":"https:\/\/schema.org","@graph":[{"@type":"Article","@id":"https:\/\/wirtschaftlichefreiheit.de\/wordpress\/?p=3736#article","isPartOf":{"@id":"https:\/\/wirtschaftlichefreiheit.de\/wordpress\/?p=3736"},"author":{"name":"Bernd Frick","@id":"https:\/\/wirtschaftlichefreiheit.de\/wordpress\/#\/schema\/person\/0c3e99d71ff31310e82fe130f891c911"},"headline":"Der Schaufenstereffekt einer Fu\u00dfball-WM","datePublished":"2010-07-08T23:01:05+00:00","mainEntityOfPage":{"@id":"https:\/\/wirtschaftlichefreiheit.de\/wordpress\/?p=3736"},"wordCount":783,"commentCount":0,"keywords":["L\u00e4nderspiele","Marktwert","Nationalspieler","Weltmeisterschaft"],"articleSection":["Alle Kategorien","Sportliches"],"inLanguage":"de","potentialAction":[{"@type":"CommentAction","name":"Comment","target":["https:\/\/wirtschaftlichefreiheit.de\/wordpress\/?p=3736#respond"]}]},{"@type":"WebPage","@id":"https:\/\/wirtschaftlichefreiheit.de\/wordpress\/?p=3736","url":"https:\/\/wirtschaftlichefreiheit.de\/wordpress\/?p=3736","name":"Der Schaufenstereffekt einer Fu\u00dfball-WM - Wirtschaftliche Freiheit","isPartOf":{"@id":"https:\/\/wirtschaftlichefreiheit.de\/wordpress\/#website"},"datePublished":"2010-07-08T23:01:05+00:00","author":{"@id":"https:\/\/wirtschaftlichefreiheit.de\/wordpress\/#\/schema\/person\/0c3e99d71ff31310e82fe130f891c911"},"breadcrumb":{"@id":"https:\/\/wirtschaftlichefreiheit.de\/wordpress\/?p=3736#breadcrumb"},"inLanguage":"de","potentialAction":[{"@type":"ReadAction","target":["https:\/\/wirtschaftlichefreiheit.de\/wordpress\/?p=3736"]}]},{"@type":"BreadcrumbList","@id":"https:\/\/wirtschaftlichefreiheit.de\/wordpress\/?p=3736#breadcrumb","itemListElement":[{"@type":"ListItem","position":1,"name":"Startseite","item":"https:\/\/wirtschaftlichefreiheit.de\/wordpress"},{"@type":"ListItem","position":2,"name":"Der Schaufenstereffekt einer Fu\u00dfball-WM"}]},{"@type":"WebSite","@id":"https:\/\/wirtschaftlichefreiheit.de\/wordpress\/#website","url":"https:\/\/wirtschaftlichefreiheit.de\/wordpress\/","name":"Wirtschaftliche Freiheit","description":"Das ordnungspolitische Journal","potentialAction":[{"@type":"SearchAction","target":{"@type":"EntryPoint","urlTemplate":"https:\/\/wirtschaftlichefreiheit.de\/wordpress\/?s={search_term_string}"},"query-input":{"@type":"PropertyValueSpecification","valueRequired":true,"valueName":"search_term_string"}}],"inLanguage":"de"},{"@type":"Person","@id":"https:\/\/wirtschaftlichefreiheit.de\/wordpress\/#\/schema\/person\/0c3e99d71ff31310e82fe130f891c911","name":"Bernd Frick","image":{"@type":"ImageObject","inLanguage":"de","@id":"https:\/\/secure.gravatar.com\/avatar\/cb8b15887acd6a3d50f3a8f6b98628b750c3ca599e5c11ecc0ea2f0b2f153fe9?s=96&d=mm&r=g","url":"https:\/\/secure.gravatar.com\/avatar\/cb8b15887acd6a3d50f3a8f6b98628b750c3ca599e5c11ecc0ea2f0b2f153fe9?s=96&d=mm&r=g","contentUrl":"https:\/\/secure.gravatar.com\/avatar\/cb8b15887acd6a3d50f3a8f6b98628b750c3ca599e5c11ecc0ea2f0b2f153fe9?s=96&d=mm&r=g","caption":"Bernd Frick"},"url":"https:\/\/wirtschaftlichefreiheit.de\/wordpress\/?author=68"}]}},"_links":{"self":[{"href":"https:\/\/wirtschaftlichefreiheit.de\/wordpress\/index.php?rest_route=\/wp\/v2\/posts\/3736","targetHints":{"allow":["GET"]}}],"collection":[{"href":"https:\/\/wirtschaftlichefreiheit.de\/wordpress\/index.php?rest_route=\/wp\/v2\/posts"}],"about":[{"href":"https:\/\/wirtschaftlichefreiheit.de\/wordpress\/index.php?rest_route=\/wp\/v2\/types\/post"}],"author":[{"embeddable":true,"href":"https:\/\/wirtschaftlichefreiheit.de\/wordpress\/index.php?rest_route=\/wp\/v2\/users\/68"}],"replies":[{"embeddable":true,"href":"https:\/\/wirtschaftlichefreiheit.de\/wordpress\/index.php?rest_route=%2Fwp%2Fv2%2Fcomments&post=3736"}],"version-history":[{"count":5,"href":"https:\/\/wirtschaftlichefreiheit.de\/wordpress\/index.php?rest_route=\/wp\/v2\/posts\/3736\/revisions"}],"predecessor-version":[{"id":3741,"href":"https:\/\/wirtschaftlichefreiheit.de\/wordpress\/index.php?rest_route=\/wp\/v2\/posts\/3736\/revisions\/3741"}],"wp:attachment":[{"href":"https:\/\/wirtschaftlichefreiheit.de\/wordpress\/index.php?rest_route=%2Fwp%2Fv2%2Fmedia&parent=3736"}],"wp:term":[{"taxonomy":"category","embeddable":true,"href":"https:\/\/wirtschaftlichefreiheit.de\/wordpress\/index.php?rest_route=%2Fwp%2Fv2%2Fcategories&post=3736"},{"taxonomy":"post_tag","embeddable":true,"href":"https:\/\/wirtschaftlichefreiheit.de\/wordpress\/index.php?rest_route=%2Fwp%2Fv2%2Ftags&post=3736"}],"curies":[{"name":"wp","href":"https:\/\/api.w.org\/{rel}","templated":true}]}}