{"id":37723,"date":"2024-08-13T13:50:17","date_gmt":"2024-08-13T12:50:17","guid":{"rendered":"https:\/\/wirtschaftlichefreiheit.de\/wordpress\/?p=37723"},"modified":"2024-08-16T16:14:05","modified_gmt":"2024-08-16T15:14:05","slug":"zum-13-august-nie-wieder-krieg-es-sei-denn-es-geht-gegen-sachsen","status":"publish","type":"post","link":"https:\/\/wirtschaftlichefreiheit.de\/wordpress\/?p=37723","title":{"rendered":"Zum 13. August <br><b>&#8222;Nie wieder Krieg, es sei denn, es geht gegen Sachsen!&#8220;\u00a0<\/b>"},"content":{"rendered":"\n<p>Dies pflegte mein verstorbener Vater zu sagen, als der &#8222;antifaschistische Schutzwall&#8220; noch stand. Der Fall der 1961 erbauten Mauer war zun\u00e4chst ein erfreuliches Ereignis. Die meisten Wessis g\u00f6nnten den Ossis ihre Freiheit. Aber schon damals war klar, dass der Optimismus von den bl\u00fchenden Landschaften unberechtigt war. Dem stand nicht nur der Braunkohle-Tagebau im Wege. Auch die nostalgischen Fehlinvestitionen in den Wiederaufbau von Altimmobilien (Dresden, Greifswald) trugen zum Wiederaufbau moderner produktiver Kapazit\u00e4ten nicht bei. Den westlichen Gewerkschaften und Teilen der westlichen Industrie war durchaus recht, dass unbequeme Konkurrenz verhindert wurde. Aber es trug dazu bei, dass die fr\u00fcheren B\u00fcrger des real-verblichenen Sozialismus sich im gerade real-verbleichenden Kapitalismus wiederfanden, ohne eine vern\u00fcnftige Wiedereingliederungshilfe.<\/p>\n\n\n\n<p><strong>Politische Sp\u00e4tfolgen der Wiedervereinigung<\/strong><\/p>\n\n\n\n<p>Politisch verlief die Wiedervereinigung nur scheinbar besser. Es konnte immerhin verhindert werden, dass eine neue verfassunggebende Versammlung einberufen wurde, um eine vorgeblich fehlende demokratische Legitimation f\u00fcr den demokratischen Rechtsstaat westlicher Pr\u00e4gung einzuholen. Eine schon damals durchaus m\u00f6gliche politische Destabilisierung des erfolgreichen politischen Systems der BRD wurde dadurch vermieden. Aber Probleme wurden, wie der in den anstehenden Landtagswahlen zu erwartende Niedergang der Parteien des westlichen Rechtsstaates im Gebiet des fr\u00fcheren \u00f6stlichen Unrechtsstaates zeigt, nur aufgeschoben.<\/p>\n\n\n\n<p>Nat\u00fcrlich sollte man Landtagswahlen in den neuen Bundesl\u00e4ndern nicht zu sehr dramatisieren, aber die \u201cMassenzuwanderung\u201d rechtsstaats-ferner Bev\u00f6lkerungsgruppen \u2013&nbsp; m\u00f6gen sie auch urspr\u00fcnglich deutscher Herkunft sein \u2013 hat nun Sp\u00e4tfolgen. Noch ist die Lage nicht dramatisch, aber sie ist kurz- und langfristig nicht ohne Risiken.<\/p>\n\n\n\n<p>\u201aPatentl\u00f6sungen\u2018 wie der Aufbau eines \u201cbeautiful wall\u201d, wie ihn Donald Dumb f\u00fcr die USA vorschl\u00e4gt, funktionieren nicht. Der Wiederaufbau eines antifaschistischen Schutzwalls ist keine politisch realistische und erst recht keine w\u00fcnschenswerte Alternative. Die \u00f6stlichen Kleinb\u00fcrger mit ihrer Sehnsucht nach den alten Datschen und der Friedhofsruhe autorit\u00e4rer Politik m\u00f6gen zwar politisch noch nicht in der BRD angekommen sein, aber sie sind unter uns und werden es bleiben.<\/p>\n\n\n\n<p><strong>Politische Sp\u00e4tfolgen der Zuwanderung<\/strong><\/p>\n\n\n\n<p>Die Anh\u00e4nger des demokratischen Rechtsstaates haben allen Grund, sich dar\u00fcber Gedanken zu machen, wie man die Rechtsstaatlichkeit st\u00e4rken kann. Die Zuwanderung von noch mehr rechtsstaats-fernen zuk\u00fcnftigen Wahlb\u00fcrgern in die nun vergr\u00f6\u00dferte BRD wird das strukturelle politische Grundproblem nicht mildern, sondern verst\u00e4rken.<\/p>\n\n\n\n<p>Wenn selbst Deutsch-T\u00fcrken, die schon lange unsere Mitb\u00fcrger sind, vielfach dem Erdowahn verfallen zu sein scheinen, sollte uns das als Warnung dienen. Es ist, was die Unterst\u00fctzung der Grundwerte des demokratischen Rechtsstaates anbelangt, durchaus bedenklich, wenn junge M\u00e4nner aus Afrika oder Afghanistan einwandern wollen. Wenn eine Zuwanderung qualifizierter Arbeitskr\u00e4fte aus wirtschaftlichen Gr\u00fcnden gefordert wird, ist das politisch allerdings ebenso bedenklich. Berufliche Qualifikation schlie\u00dft \u2018politische Minderqualifikation\u2019 keineswegs aus.<\/p>\n\n\n\n<p>Man muss keineswegs ein Ausl\u00e4nderfeind sein, um besorgt dar\u00fcber zu sein, dass die breite Entwicklung zu einer toleranten und offenen, vom rechtlichen Respekt f\u00fcr Individuen gepr\u00e4gten Gesellschaft, die wir in der BRD \u00fcber Jahrzehnte erlebt haben, zur\u00fcckgedreht werden k\u00f6nnte. Gerade diejenigen, die wollen, dass Menschen diverser Herkunft respektiert werden, haben Grund, daf\u00fcr sorgen zu wollen, dass die Diversit\u00e4t aufh\u00f6rt, wenn es um die Unterst\u00fctzung des Schutzes von Grundrechten geht. Wer die Rechte einzelner im demokratischen Rechtsstaat sch\u00fctzen will, muss daf\u00fcr Sorge tragen, dass es daf\u00fcr solide demokratische Mehrheiten vieler gibt. Diejenigen, die sich darum sorgen, dass der Schutz von grundlegenden B\u00fcrgerrechten \u2013 einschlie\u00dflich der von Migranten, die sich bei uns dauerhaft aufhalten \u2013 gef\u00e4hrdet sein k\u00f6nnte, sollten sich vor allem Sorgen darum machen, dass \u00fcberwiegend Gegner von Individualrechten zuwandern k\u00f6nnten.<\/p>\n\n\n\n<p>Der 13 August erinnert daran, dass Mauern nicht helfen. Begrenzungen unkontrollierbarer Zuwanderung sind trotzdem notwendig, wenn wir den Rechtsstaat erhalten wollen. Die anstehende Wahl linker wie rechter rechtsstaats-ferner Parteien im deutschen Osten k\u00f6nnte so etwas wie ein Weckruf sein, aber vermutlich werden den meisten Wessis die Ereignisse \u2013 durchaus verst\u00e4ndlicher Weise &#8212; einfach nur \u2018auf den Wecker\u2019 gehen.<\/p>\n<!-- AddThis Advanced Settings generic via filter on the_content --><!-- AddThis Share Buttons generic via filter on the_content --><!-- AddThis Related Posts generic via filter on the_content -->","protected":false},"excerpt":{"rendered":"<p>Man muss kein Ausl\u00e4nderfeind sein, um \u00fcber unkontrollierte Zuwanderung rechtsstaatsferner Neub\u00fcrger besorgt zu sein. Der Jahrestag der ersten Bundestagswahl am 14. August 1949 gibt Anlass, \u00fcber das besorgniserregendes Wahlverhalten nicht nur der \u201aOssis&#8216; nachzudenken.<!-- AddThis Advanced Settings generic via filter on wp_trim_excerpt --><!-- AddThis Share Buttons generic via filter on wp_trim_excerpt --><!-- AddThis Related Posts generic via filter on wp_trim_excerpt --><\/p>\n","protected":false},"author":28,"featured_media":37728,"comment_status":"open","ping_status":"open","sticky":false,"template":"","format":"standard","meta":{"footnotes":""},"categories":[2385,31],"tags":[4659,2772],"class_list":["post-37723","post","type-post","status-publish","format-standard","has-post-thumbnail","hentry","category-deutsches","category-politisches","tag-fall-der-mauer","tag-kliemt"],"yoast_head":"<!-- This site is optimized with the Yoast SEO plugin v27.2 - https:\/\/yoast.com\/product\/yoast-seo-wordpress\/ -->\n<title>Zum 13. August &quot;Nie wieder Krieg, es sei denn, es geht gegen Sachsen!&quot;\u00a0 - Wirtschaftliche Freiheit<\/title>\n<meta name=\"robots\" content=\"index, follow, max-snippet:-1, max-image-preview:large, max-video-preview:-1\" \/>\n<link rel=\"canonical\" href=\"https:\/\/wirtschaftlichefreiheit.de\/wordpress\/?p=37723\" \/>\n<meta property=\"og:locale\" content=\"de_DE\" \/>\n<meta property=\"og:type\" content=\"article\" \/>\n<meta property=\"og:title\" content=\"Zum 13. August &quot;Nie wieder Krieg, es sei denn, es geht gegen Sachsen!&quot;\u00a0 - Wirtschaftliche Freiheit\" \/>\n<meta property=\"og:description\" content=\"Man muss kein Ausl\u00e4nderfeind sein, um \u00fcber unkontrollierte Zuwanderung rechtsstaatsferner Neub\u00fcrger besorgt zu sein. Der Jahrestag der ersten Bundestagswahl am 14. August 1949 gibt Anlass, \u00fcber das besorgniserregendes Wahlverhalten nicht nur der \u201aOssis&#039; nachzudenken.\" \/>\n<meta property=\"og:url\" content=\"https:\/\/wirtschaftlichefreiheit.de\/wordpress\/?p=37723\" \/>\n<meta property=\"og:site_name\" content=\"Wirtschaftliche Freiheit\" \/>\n<meta property=\"article:published_time\" content=\"2024-08-13T12:50:17+00:00\" \/>\n<meta property=\"article:modified_time\" content=\"2024-08-16T15:14:05+00:00\" \/>\n<meta property=\"og:image\" content=\"http:\/\/wirtschaftlichefreiheit.de\/wordpress\/bilder\/13-1.png\" \/>\n\t<meta property=\"og:image:width\" content=\"622\" \/>\n\t<meta property=\"og:image:height\" content=\"590\" \/>\n\t<meta property=\"og:image:type\" content=\"image\/png\" \/>\n<meta name=\"author\" content=\"Hartmut Kliemt\" \/>\n<meta name=\"twitter:card\" content=\"summary_large_image\" \/>\n<meta name=\"twitter:label1\" content=\"Verfasst von\" \/>\n\t<meta name=\"twitter:data1\" content=\"Hartmut Kliemt\" \/>\n\t<meta name=\"twitter:label2\" content=\"Gesch\u00e4tzte Lesezeit\" \/>\n\t<meta name=\"twitter:data2\" content=\"1\u00a0Minute\" \/>\n<script type=\"application\/ld+json\" class=\"yoast-schema-graph\">{\"@context\":\"https:\/\/schema.org\",\"@graph\":[{\"@type\":\"Article\",\"@id\":\"https:\/\/wirtschaftlichefreiheit.de\/wordpress\/?p=37723#article\",\"isPartOf\":{\"@id\":\"https:\/\/wirtschaftlichefreiheit.de\/wordpress\/?p=37723\"},\"author\":{\"name\":\"Hartmut Kliemt\",\"@id\":\"https:\/\/wirtschaftlichefreiheit.de\/wordpress\/#\/schema\/person\/0079c30c206c15c3422b97e512f9e4dd\"},\"headline\":\"Zum 13. August &#8222;Nie wieder Krieg, es sei denn, es geht gegen Sachsen!&#8220;\u00a0\",\"datePublished\":\"2024-08-13T12:50:17+00:00\",\"dateModified\":\"2024-08-16T15:14:05+00:00\",\"mainEntityOfPage\":{\"@id\":\"https:\/\/wirtschaftlichefreiheit.de\/wordpress\/?p=37723\"},\"wordCount\":665,\"commentCount\":0,\"image\":{\"@id\":\"https:\/\/wirtschaftlichefreiheit.de\/wordpress\/?p=37723#primaryimage\"},\"thumbnailUrl\":\"https:\/\/wirtschaftlichefreiheit.de\/wordpress\/bilder\/13-1.png\",\"keywords\":[\"Fall der Mauer\",\"Kliemt\"],\"articleSection\":[\"Deutsches\",\"Politisches\"],\"inLanguage\":\"de\",\"potentialAction\":[{\"@type\":\"CommentAction\",\"name\":\"Comment\",\"target\":[\"https:\/\/wirtschaftlichefreiheit.de\/wordpress\/?p=37723#respond\"]}]},{\"@type\":\"WebPage\",\"@id\":\"https:\/\/wirtschaftlichefreiheit.de\/wordpress\/?p=37723\",\"url\":\"https:\/\/wirtschaftlichefreiheit.de\/wordpress\/?p=37723\",\"name\":\"Zum 13. August \\\"Nie wieder Krieg, es sei denn, es geht gegen Sachsen!\\\"\u00a0 - Wirtschaftliche Freiheit\",\"isPartOf\":{\"@id\":\"https:\/\/wirtschaftlichefreiheit.de\/wordpress\/#website\"},\"primaryImageOfPage\":{\"@id\":\"https:\/\/wirtschaftlichefreiheit.de\/wordpress\/?p=37723#primaryimage\"},\"image\":{\"@id\":\"https:\/\/wirtschaftlichefreiheit.de\/wordpress\/?p=37723#primaryimage\"},\"thumbnailUrl\":\"https:\/\/wirtschaftlichefreiheit.de\/wordpress\/bilder\/13-1.png\",\"datePublished\":\"2024-08-13T12:50:17+00:00\",\"dateModified\":\"2024-08-16T15:14:05+00:00\",\"author\":{\"@id\":\"https:\/\/wirtschaftlichefreiheit.de\/wordpress\/#\/schema\/person\/0079c30c206c15c3422b97e512f9e4dd\"},\"breadcrumb\":{\"@id\":\"https:\/\/wirtschaftlichefreiheit.de\/wordpress\/?p=37723#breadcrumb\"},\"inLanguage\":\"de\",\"potentialAction\":[{\"@type\":\"ReadAction\",\"target\":[\"https:\/\/wirtschaftlichefreiheit.de\/wordpress\/?p=37723\"]}]},{\"@type\":\"ImageObject\",\"inLanguage\":\"de\",\"@id\":\"https:\/\/wirtschaftlichefreiheit.de\/wordpress\/?p=37723#primaryimage\",\"url\":\"https:\/\/wirtschaftlichefreiheit.de\/wordpress\/bilder\/13-1.png\",\"contentUrl\":\"https:\/\/wirtschaftlichefreiheit.de\/wordpress\/bilder\/13-1.png\",\"width\":622,\"height\":590},{\"@type\":\"BreadcrumbList\",\"@id\":\"https:\/\/wirtschaftlichefreiheit.de\/wordpress\/?p=37723#breadcrumb\",\"itemListElement\":[{\"@type\":\"ListItem\",\"position\":1,\"name\":\"Startseite\",\"item\":\"https:\/\/wirtschaftlichefreiheit.de\/wordpress\"},{\"@type\":\"ListItem\",\"position\":2,\"name\":\"Zum 13. August &#8222;Nie wieder Krieg, es sei denn, es geht gegen Sachsen!&#8220;\u00a0\"}]},{\"@type\":\"WebSite\",\"@id\":\"https:\/\/wirtschaftlichefreiheit.de\/wordpress\/#website\",\"url\":\"https:\/\/wirtschaftlichefreiheit.de\/wordpress\/\",\"name\":\"Wirtschaftliche Freiheit\",\"description\":\"Das ordnungspolitische Journal\",\"potentialAction\":[{\"@type\":\"SearchAction\",\"target\":{\"@type\":\"EntryPoint\",\"urlTemplate\":\"https:\/\/wirtschaftlichefreiheit.de\/wordpress\/?s={search_term_string}\"},\"query-input\":{\"@type\":\"PropertyValueSpecification\",\"valueRequired\":true,\"valueName\":\"search_term_string\"}}],\"inLanguage\":\"de\"},{\"@type\":\"Person\",\"@id\":\"https:\/\/wirtschaftlichefreiheit.de\/wordpress\/#\/schema\/person\/0079c30c206c15c3422b97e512f9e4dd\",\"name\":\"Hartmut Kliemt\",\"image\":{\"@type\":\"ImageObject\",\"inLanguage\":\"de\",\"@id\":\"https:\/\/wirtschaftlichefreiheit.de\/wordpress\/bilder\/hartmunt_kliemt2.jpg\",\"url\":\"https:\/\/wirtschaftlichefreiheit.de\/wordpress\/bilder\/hartmunt_kliemt2.jpg\",\"contentUrl\":\"https:\/\/wirtschaftlichefreiheit.de\/wordpress\/bilder\/hartmunt_kliemt2.jpg\",\"caption\":\"Hartmut Kliemt\"},\"description\":\"Justus-Liebig-Universit\u00e4t Gie\u00dfen\",\"url\":\"https:\/\/wirtschaftlichefreiheit.de\/wordpress\/?author=28\"}]}<\/script>\n<!-- \/ Yoast SEO plugin. -->","yoast_head_json":{"title":"Zum 13. August \"Nie wieder Krieg, es sei denn, es geht gegen Sachsen!\"\u00a0 - Wirtschaftliche Freiheit","robots":{"index":"index","follow":"follow","max-snippet":"max-snippet:-1","max-image-preview":"max-image-preview:large","max-video-preview":"max-video-preview:-1"},"canonical":"https:\/\/wirtschaftlichefreiheit.de\/wordpress\/?p=37723","og_locale":"de_DE","og_type":"article","og_title":"Zum 13. August \"Nie wieder Krieg, es sei denn, es geht gegen Sachsen!\"\u00a0 - Wirtschaftliche Freiheit","og_description":"Man muss kein Ausl\u00e4nderfeind sein, um \u00fcber unkontrollierte Zuwanderung rechtsstaatsferner Neub\u00fcrger besorgt zu sein. Der Jahrestag der ersten Bundestagswahl am 14. August 1949 gibt Anlass, \u00fcber das besorgniserregendes Wahlverhalten nicht nur der \u201aOssis' nachzudenken.","og_url":"https:\/\/wirtschaftlichefreiheit.de\/wordpress\/?p=37723","og_site_name":"Wirtschaftliche Freiheit","article_published_time":"2024-08-13T12:50:17+00:00","article_modified_time":"2024-08-16T15:14:05+00:00","og_image":[{"width":622,"height":590,"url":"http:\/\/wirtschaftlichefreiheit.de\/wordpress\/bilder\/13-1.png","type":"image\/png"}],"author":"Hartmut Kliemt","twitter_card":"summary_large_image","twitter_misc":{"Verfasst von":"Hartmut Kliemt","Gesch\u00e4tzte Lesezeit":"1\u00a0Minute"},"schema":{"@context":"https:\/\/schema.org","@graph":[{"@type":"Article","@id":"https:\/\/wirtschaftlichefreiheit.de\/wordpress\/?p=37723#article","isPartOf":{"@id":"https:\/\/wirtschaftlichefreiheit.de\/wordpress\/?p=37723"},"author":{"name":"Hartmut Kliemt","@id":"https:\/\/wirtschaftlichefreiheit.de\/wordpress\/#\/schema\/person\/0079c30c206c15c3422b97e512f9e4dd"},"headline":"Zum 13. August &#8222;Nie wieder Krieg, es sei denn, es geht gegen Sachsen!&#8220;\u00a0","datePublished":"2024-08-13T12:50:17+00:00","dateModified":"2024-08-16T15:14:05+00:00","mainEntityOfPage":{"@id":"https:\/\/wirtschaftlichefreiheit.de\/wordpress\/?p=37723"},"wordCount":665,"commentCount":0,"image":{"@id":"https:\/\/wirtschaftlichefreiheit.de\/wordpress\/?p=37723#primaryimage"},"thumbnailUrl":"https:\/\/wirtschaftlichefreiheit.de\/wordpress\/bilder\/13-1.png","keywords":["Fall der Mauer","Kliemt"],"articleSection":["Deutsches","Politisches"],"inLanguage":"de","potentialAction":[{"@type":"CommentAction","name":"Comment","target":["https:\/\/wirtschaftlichefreiheit.de\/wordpress\/?p=37723#respond"]}]},{"@type":"WebPage","@id":"https:\/\/wirtschaftlichefreiheit.de\/wordpress\/?p=37723","url":"https:\/\/wirtschaftlichefreiheit.de\/wordpress\/?p=37723","name":"Zum 13. August \"Nie wieder Krieg, es sei denn, es geht gegen Sachsen!\"\u00a0 - Wirtschaftliche Freiheit","isPartOf":{"@id":"https:\/\/wirtschaftlichefreiheit.de\/wordpress\/#website"},"primaryImageOfPage":{"@id":"https:\/\/wirtschaftlichefreiheit.de\/wordpress\/?p=37723#primaryimage"},"image":{"@id":"https:\/\/wirtschaftlichefreiheit.de\/wordpress\/?p=37723#primaryimage"},"thumbnailUrl":"https:\/\/wirtschaftlichefreiheit.de\/wordpress\/bilder\/13-1.png","datePublished":"2024-08-13T12:50:17+00:00","dateModified":"2024-08-16T15:14:05+00:00","author":{"@id":"https:\/\/wirtschaftlichefreiheit.de\/wordpress\/#\/schema\/person\/0079c30c206c15c3422b97e512f9e4dd"},"breadcrumb":{"@id":"https:\/\/wirtschaftlichefreiheit.de\/wordpress\/?p=37723#breadcrumb"},"inLanguage":"de","potentialAction":[{"@type":"ReadAction","target":["https:\/\/wirtschaftlichefreiheit.de\/wordpress\/?p=37723"]}]},{"@type":"ImageObject","inLanguage":"de","@id":"https:\/\/wirtschaftlichefreiheit.de\/wordpress\/?p=37723#primaryimage","url":"https:\/\/wirtschaftlichefreiheit.de\/wordpress\/bilder\/13-1.png","contentUrl":"https:\/\/wirtschaftlichefreiheit.de\/wordpress\/bilder\/13-1.png","width":622,"height":590},{"@type":"BreadcrumbList","@id":"https:\/\/wirtschaftlichefreiheit.de\/wordpress\/?p=37723#breadcrumb","itemListElement":[{"@type":"ListItem","position":1,"name":"Startseite","item":"https:\/\/wirtschaftlichefreiheit.de\/wordpress"},{"@type":"ListItem","position":2,"name":"Zum 13. August &#8222;Nie wieder Krieg, es sei denn, es geht gegen Sachsen!&#8220;\u00a0"}]},{"@type":"WebSite","@id":"https:\/\/wirtschaftlichefreiheit.de\/wordpress\/#website","url":"https:\/\/wirtschaftlichefreiheit.de\/wordpress\/","name":"Wirtschaftliche Freiheit","description":"Das ordnungspolitische Journal","potentialAction":[{"@type":"SearchAction","target":{"@type":"EntryPoint","urlTemplate":"https:\/\/wirtschaftlichefreiheit.de\/wordpress\/?s={search_term_string}"},"query-input":{"@type":"PropertyValueSpecification","valueRequired":true,"valueName":"search_term_string"}}],"inLanguage":"de"},{"@type":"Person","@id":"https:\/\/wirtschaftlichefreiheit.de\/wordpress\/#\/schema\/person\/0079c30c206c15c3422b97e512f9e4dd","name":"Hartmut Kliemt","image":{"@type":"ImageObject","inLanguage":"de","@id":"https:\/\/wirtschaftlichefreiheit.de\/wordpress\/bilder\/hartmunt_kliemt2.jpg","url":"https:\/\/wirtschaftlichefreiheit.de\/wordpress\/bilder\/hartmunt_kliemt2.jpg","contentUrl":"https:\/\/wirtschaftlichefreiheit.de\/wordpress\/bilder\/hartmunt_kliemt2.jpg","caption":"Hartmut Kliemt"},"description":"Justus-Liebig-Universit\u00e4t Gie\u00dfen","url":"https:\/\/wirtschaftlichefreiheit.de\/wordpress\/?author=28"}]}},"_links":{"self":[{"href":"https:\/\/wirtschaftlichefreiheit.de\/wordpress\/index.php?rest_route=\/wp\/v2\/posts\/37723","targetHints":{"allow":["GET"]}}],"collection":[{"href":"https:\/\/wirtschaftlichefreiheit.de\/wordpress\/index.php?rest_route=\/wp\/v2\/posts"}],"about":[{"href":"https:\/\/wirtschaftlichefreiheit.de\/wordpress\/index.php?rest_route=\/wp\/v2\/types\/post"}],"author":[{"embeddable":true,"href":"https:\/\/wirtschaftlichefreiheit.de\/wordpress\/index.php?rest_route=\/wp\/v2\/users\/28"}],"replies":[{"embeddable":true,"href":"https:\/\/wirtschaftlichefreiheit.de\/wordpress\/index.php?rest_route=%2Fwp%2Fv2%2Fcomments&post=37723"}],"version-history":[{"count":4,"href":"https:\/\/wirtschaftlichefreiheit.de\/wordpress\/index.php?rest_route=\/wp\/v2\/posts\/37723\/revisions"}],"predecessor-version":[{"id":37733,"href":"https:\/\/wirtschaftlichefreiheit.de\/wordpress\/index.php?rest_route=\/wp\/v2\/posts\/37723\/revisions\/37733"}],"wp:featuredmedia":[{"embeddable":true,"href":"https:\/\/wirtschaftlichefreiheit.de\/wordpress\/index.php?rest_route=\/wp\/v2\/media\/37728"}],"wp:attachment":[{"href":"https:\/\/wirtschaftlichefreiheit.de\/wordpress\/index.php?rest_route=%2Fwp%2Fv2%2Fmedia&parent=37723"}],"wp:term":[{"taxonomy":"category","embeddable":true,"href":"https:\/\/wirtschaftlichefreiheit.de\/wordpress\/index.php?rest_route=%2Fwp%2Fv2%2Fcategories&post=37723"},{"taxonomy":"post_tag","embeddable":true,"href":"https:\/\/wirtschaftlichefreiheit.de\/wordpress\/index.php?rest_route=%2Fwp%2Fv2%2Ftags&post=37723"}],"curies":[{"name":"wp","href":"https:\/\/api.w.org\/{rel}","templated":true}]}}