{"id":37791,"date":"2024-08-22T00:52:00","date_gmt":"2024-08-21T23:52:00","guid":{"rendered":"https:\/\/wirtschaftlichefreiheit.de\/wordpress\/?p=37791"},"modified":"2024-08-22T05:42:57","modified_gmt":"2024-08-22T04:42:57","slug":"oekonomie-in-bildern-veraenderung-schafft-wohlstand","status":"publish","type":"post","link":"https:\/\/wirtschaftlichefreiheit.de\/wordpress\/?p=37791","title":{"rendered":"<b>\u00d6konomie in Bildern <\/b><br>Ver\u00e4nderung schafft Wohlstand"},"content":{"rendered":"\n<p>Wir denken gerne, dass wir in einer Zeit gr\u00f6\u00dftm\u00f6glichen Wandels leben. Dass sich die Dinge nie schneller ver\u00e4ndert h\u00e4tten als heute. Vielleicht stimmt das nicht. Vielleicht ist der Ver\u00e4nderungsprozess seit mehr als 200 Jahren nahezu ungebrochen. Ein paar Zahlen (aus Deutschland): Um unsere Nahrungsmittel herzustellen, mussten im Jahre 1800 noch 62 Prozent der Erwerbst\u00e4tigen in der Landwirtschaft arbeiten. Bis zum Jahr 1914 sank der Anteil auf 34 Prozent. Aktuell sind nur noch weniger als eine Million Menschen in der Landwirtschaft besch\u00e4ftigt, das sind knapp 2 Prozent aller Arbeitenden. \u2013 Oder anders gesagt: 98 Prozent k\u00f6nnen sich um eine Wohlstandsmehrung k\u00fcmmern, die \u00fcber das wichtigste menschliche Anliegen hinausgeht, n\u00e4mlich gen\u00fcgend Nahrung zu haben. Eine gute Entwicklung. Und eine, die vor deutlich mehr als zwei Jahrhunderten begann und die sich, nicht nur in der Landwirtschaft, fortsetzt. Der stetige Wandel ist das zentrale Kennzeichen unserer Zeit geworden. Die aktuellen Erfolge von Populisten und Extremisten, die Wahlen gewinnen, indem sie versprechen, dass alles so bleiben kann wie es ist (oder schlimmer: dass es wieder so wird wie es war), geben einen Hinweis, dass die stetige Ver\u00e4nderung die vielleicht gr\u00f6\u00dfte Herausforderung f\u00fcr die Demokratie ist. Weil die Ver\u00e4nderung zwar in der Summe von Vorteil ist, sie aber auch immer Verlierer mit sich bringt. Tats\u00e4chliche oder gef\u00fchlte. Gute Politik st\u00fctzt und kompensiert. So dass der Wandel keinen schlechter stellt. Dann haben Populisten und Extremisten schlechte Karten. \u00a0\u00a0<\/p>\n<!-- AddThis Advanced Settings generic via filter on the_content --><!-- AddThis Share Buttons generic via filter on the_content --><!-- AddThis Related Posts generic via filter on the_content -->","protected":false},"excerpt":{"rendered":"<p>Wir denken gerne, dass wir in einer Zeit gr\u00f6\u00dftm\u00f6glichen Wandels leben. Dass sich die Dinge nie schneller ver\u00e4ndert h\u00e4tten als heute. Vielleicht stimmt das nicht. <!-- AddThis Advanced Settings generic via filter on wp_trim_excerpt --><!-- AddThis Share Buttons generic via filter on wp_trim_excerpt --><!-- AddThis Related Posts generic via filter on wp_trim_excerpt --><\/p>\n","protected":false},"author":422,"featured_media":37794,"comment_status":"open","ping_status":"open","sticky":false,"template":"","format":"standard","meta":{"footnotes":""},"categories":[1219],"tags":[3938,156,488],"class_list":["post-37791","post","type-post","status-publish","format-standard","has-post-thumbnail","hentry","category-strukturelles-alles","tag-eber","tag-strukturwandel","tag-wohlstand"],"yoast_head":"<!-- This site is optimized with the Yoast SEO plugin v27.2 - https:\/\/yoast.com\/product\/yoast-seo-wordpress\/ -->\n<title>\u00d6konomie in Bildern Ver\u00e4nderung schafft Wohlstand - Wirtschaftliche Freiheit<\/title>\n<meta name=\"robots\" content=\"index, follow, max-snippet:-1, max-image-preview:large, max-video-preview:-1\" \/>\n<link rel=\"canonical\" href=\"https:\/\/wirtschaftlichefreiheit.de\/wordpress\/?p=37791\" \/>\n<meta property=\"og:locale\" content=\"de_DE\" \/>\n<meta property=\"og:type\" content=\"article\" \/>\n<meta property=\"og:title\" content=\"\u00d6konomie in Bildern Ver\u00e4nderung schafft Wohlstand - Wirtschaftliche Freiheit\" \/>\n<meta property=\"og:description\" content=\"Wir denken gerne, dass wir in einer Zeit gr\u00f6\u00dftm\u00f6glichen Wandels leben. Dass sich die Dinge nie schneller ver\u00e4ndert h\u00e4tten als heute. Vielleicht stimmt das nicht.\" \/>\n<meta property=\"og:url\" content=\"https:\/\/wirtschaftlichefreiheit.de\/wordpress\/?p=37791\" \/>\n<meta property=\"og:site_name\" content=\"Wirtschaftliche Freiheit\" \/>\n<meta property=\"article:published_time\" content=\"2024-08-21T23:52:00+00:00\" \/>\n<meta property=\"article:modified_time\" content=\"2024-08-22T04:42:57+00:00\" \/>\n<meta property=\"og:image\" content=\"http:\/\/wirtschaftlichefreiheit.de\/wordpress\/bilder\/eberland.png\" \/>\n\t<meta property=\"og:image:width\" content=\"886\" \/>\n\t<meta property=\"og:image:height\" content=\"591\" \/>\n\t<meta property=\"og:image:type\" content=\"image\/png\" \/>\n<meta name=\"author\" content=\"The Strolling Economist\" \/>\n<meta name=\"twitter:card\" content=\"summary_large_image\" \/>\n<meta name=\"twitter:label1\" content=\"Verfasst von\" \/>\n\t<meta name=\"twitter:data1\" content=\"The Strolling Economist\" \/>\n\t<meta name=\"twitter:label2\" content=\"Gesch\u00e4tzte Lesezeit\" \/>\n\t<meta name=\"twitter:data2\" content=\"2\u00a0Minuten\" \/>\n<script type=\"application\/ld+json\" class=\"yoast-schema-graph\">{\"@context\":\"https:\/\/schema.org\",\"@graph\":[{\"@type\":\"Article\",\"@id\":\"https:\/\/wirtschaftlichefreiheit.de\/wordpress\/?p=37791#article\",\"isPartOf\":{\"@id\":\"https:\/\/wirtschaftlichefreiheit.de\/wordpress\/?p=37791\"},\"author\":{\"name\":\"The Strolling Economist\",\"@id\":\"https:\/\/wirtschaftlichefreiheit.de\/wordpress\/#\/schema\/person\/44d935ad87e803cf017d7b8a812da015\"},\"headline\":\"\u00d6konomie in Bildern Ver\u00e4nderung schafft Wohlstand\",\"datePublished\":\"2024-08-21T23:52:00+00:00\",\"dateModified\":\"2024-08-22T04:42:57+00:00\",\"mainEntityOfPage\":{\"@id\":\"https:\/\/wirtschaftlichefreiheit.de\/wordpress\/?p=37791\"},\"wordCount\":247,\"commentCount\":0,\"image\":{\"@id\":\"https:\/\/wirtschaftlichefreiheit.de\/wordpress\/?p=37791#primaryimage\"},\"thumbnailUrl\":\"https:\/\/wirtschaftlichefreiheit.de\/wordpress\/bilder\/eberland.png\",\"keywords\":[\"Eber\",\"Strukturwandel\",\"Wohlstand\"],\"articleSection\":[\"Strukturelles\"],\"inLanguage\":\"de\",\"potentialAction\":[{\"@type\":\"CommentAction\",\"name\":\"Comment\",\"target\":[\"https:\/\/wirtschaftlichefreiheit.de\/wordpress\/?p=37791#respond\"]}]},{\"@type\":\"WebPage\",\"@id\":\"https:\/\/wirtschaftlichefreiheit.de\/wordpress\/?p=37791\",\"url\":\"https:\/\/wirtschaftlichefreiheit.de\/wordpress\/?p=37791\",\"name\":\"\u00d6konomie in Bildern Ver\u00e4nderung schafft Wohlstand - Wirtschaftliche Freiheit\",\"isPartOf\":{\"@id\":\"https:\/\/wirtschaftlichefreiheit.de\/wordpress\/#website\"},\"primaryImageOfPage\":{\"@id\":\"https:\/\/wirtschaftlichefreiheit.de\/wordpress\/?p=37791#primaryimage\"},\"image\":{\"@id\":\"https:\/\/wirtschaftlichefreiheit.de\/wordpress\/?p=37791#primaryimage\"},\"thumbnailUrl\":\"https:\/\/wirtschaftlichefreiheit.de\/wordpress\/bilder\/eberland.png\",\"datePublished\":\"2024-08-21T23:52:00+00:00\",\"dateModified\":\"2024-08-22T04:42:57+00:00\",\"author\":{\"@id\":\"https:\/\/wirtschaftlichefreiheit.de\/wordpress\/#\/schema\/person\/44d935ad87e803cf017d7b8a812da015\"},\"breadcrumb\":{\"@id\":\"https:\/\/wirtschaftlichefreiheit.de\/wordpress\/?p=37791#breadcrumb\"},\"inLanguage\":\"de\",\"potentialAction\":[{\"@type\":\"ReadAction\",\"target\":[\"https:\/\/wirtschaftlichefreiheit.de\/wordpress\/?p=37791\"]}]},{\"@type\":\"ImageObject\",\"inLanguage\":\"de\",\"@id\":\"https:\/\/wirtschaftlichefreiheit.de\/wordpress\/?p=37791#primaryimage\",\"url\":\"https:\/\/wirtschaftlichefreiheit.de\/wordpress\/bilder\/eberland.png\",\"contentUrl\":\"https:\/\/wirtschaftlichefreiheit.de\/wordpress\/bilder\/eberland.png\",\"width\":886,\"height\":591},{\"@type\":\"BreadcrumbList\",\"@id\":\"https:\/\/wirtschaftlichefreiheit.de\/wordpress\/?p=37791#breadcrumb\",\"itemListElement\":[{\"@type\":\"ListItem\",\"position\":1,\"name\":\"Startseite\",\"item\":\"https:\/\/wirtschaftlichefreiheit.de\/wordpress\"},{\"@type\":\"ListItem\",\"position\":2,\"name\":\"\u00d6konomie in Bildern Ver\u00e4nderung schafft Wohlstand\"}]},{\"@type\":\"WebSite\",\"@id\":\"https:\/\/wirtschaftlichefreiheit.de\/wordpress\/#website\",\"url\":\"https:\/\/wirtschaftlichefreiheit.de\/wordpress\/\",\"name\":\"Wirtschaftliche Freiheit\",\"description\":\"Das ordnungspolitische Journal\",\"potentialAction\":[{\"@type\":\"SearchAction\",\"target\":{\"@type\":\"EntryPoint\",\"urlTemplate\":\"https:\/\/wirtschaftlichefreiheit.de\/wordpress\/?s={search_term_string}\"},\"query-input\":{\"@type\":\"PropertyValueSpecification\",\"valueRequired\":true,\"valueName\":\"search_term_string\"}}],\"inLanguage\":\"de\"},{\"@type\":\"Person\",\"@id\":\"https:\/\/wirtschaftlichefreiheit.de\/wordpress\/#\/schema\/person\/44d935ad87e803cf017d7b8a812da015\",\"name\":\"The Strolling Economist\",\"image\":{\"@type\":\"ImageObject\",\"inLanguage\":\"de\",\"@id\":\"https:\/\/wirtschaftlichefreiheit.de\/wordpress\/bilder\/eber123.jpg\",\"url\":\"https:\/\/wirtschaftlichefreiheit.de\/wordpress\/bilder\/eber123.jpg\",\"contentUrl\":\"https:\/\/wirtschaftlichefreiheit.de\/wordpress\/bilder\/eber123.jpg\",\"caption\":\"The Strolling Economist\"},\"description\":\"Johannes Eber ist der Strolling Economist. Er ist \u00d6konom aus Berlin mit einer Vorliebe f\u00fcr Fotografie.\",\"url\":\"https:\/\/wirtschaftlichefreiheit.de\/wordpress\/?author=422\"}]}<\/script>\n<!-- \/ Yoast SEO plugin. -->","yoast_head_json":{"title":"\u00d6konomie in Bildern Ver\u00e4nderung schafft Wohlstand - Wirtschaftliche Freiheit","robots":{"index":"index","follow":"follow","max-snippet":"max-snippet:-1","max-image-preview":"max-image-preview:large","max-video-preview":"max-video-preview:-1"},"canonical":"https:\/\/wirtschaftlichefreiheit.de\/wordpress\/?p=37791","og_locale":"de_DE","og_type":"article","og_title":"\u00d6konomie in Bildern Ver\u00e4nderung schafft Wohlstand - Wirtschaftliche Freiheit","og_description":"Wir denken gerne, dass wir in einer Zeit gr\u00f6\u00dftm\u00f6glichen Wandels leben. Dass sich die Dinge nie schneller ver\u00e4ndert h\u00e4tten als heute. Vielleicht stimmt das nicht.","og_url":"https:\/\/wirtschaftlichefreiheit.de\/wordpress\/?p=37791","og_site_name":"Wirtschaftliche Freiheit","article_published_time":"2024-08-21T23:52:00+00:00","article_modified_time":"2024-08-22T04:42:57+00:00","og_image":[{"width":886,"height":591,"url":"http:\/\/wirtschaftlichefreiheit.de\/wordpress\/bilder\/eberland.png","type":"image\/png"}],"author":"The Strolling Economist","twitter_card":"summary_large_image","twitter_misc":{"Verfasst von":"The Strolling Economist","Gesch\u00e4tzte Lesezeit":"2\u00a0Minuten"},"schema":{"@context":"https:\/\/schema.org","@graph":[{"@type":"Article","@id":"https:\/\/wirtschaftlichefreiheit.de\/wordpress\/?p=37791#article","isPartOf":{"@id":"https:\/\/wirtschaftlichefreiheit.de\/wordpress\/?p=37791"},"author":{"name":"The Strolling Economist","@id":"https:\/\/wirtschaftlichefreiheit.de\/wordpress\/#\/schema\/person\/44d935ad87e803cf017d7b8a812da015"},"headline":"\u00d6konomie in Bildern Ver\u00e4nderung schafft Wohlstand","datePublished":"2024-08-21T23:52:00+00:00","dateModified":"2024-08-22T04:42:57+00:00","mainEntityOfPage":{"@id":"https:\/\/wirtschaftlichefreiheit.de\/wordpress\/?p=37791"},"wordCount":247,"commentCount":0,"image":{"@id":"https:\/\/wirtschaftlichefreiheit.de\/wordpress\/?p=37791#primaryimage"},"thumbnailUrl":"https:\/\/wirtschaftlichefreiheit.de\/wordpress\/bilder\/eberland.png","keywords":["Eber","Strukturwandel","Wohlstand"],"articleSection":["Strukturelles"],"inLanguage":"de","potentialAction":[{"@type":"CommentAction","name":"Comment","target":["https:\/\/wirtschaftlichefreiheit.de\/wordpress\/?p=37791#respond"]}]},{"@type":"WebPage","@id":"https:\/\/wirtschaftlichefreiheit.de\/wordpress\/?p=37791","url":"https:\/\/wirtschaftlichefreiheit.de\/wordpress\/?p=37791","name":"\u00d6konomie in Bildern Ver\u00e4nderung schafft Wohlstand - Wirtschaftliche Freiheit","isPartOf":{"@id":"https:\/\/wirtschaftlichefreiheit.de\/wordpress\/#website"},"primaryImageOfPage":{"@id":"https:\/\/wirtschaftlichefreiheit.de\/wordpress\/?p=37791#primaryimage"},"image":{"@id":"https:\/\/wirtschaftlichefreiheit.de\/wordpress\/?p=37791#primaryimage"},"thumbnailUrl":"https:\/\/wirtschaftlichefreiheit.de\/wordpress\/bilder\/eberland.png","datePublished":"2024-08-21T23:52:00+00:00","dateModified":"2024-08-22T04:42:57+00:00","author":{"@id":"https:\/\/wirtschaftlichefreiheit.de\/wordpress\/#\/schema\/person\/44d935ad87e803cf017d7b8a812da015"},"breadcrumb":{"@id":"https:\/\/wirtschaftlichefreiheit.de\/wordpress\/?p=37791#breadcrumb"},"inLanguage":"de","potentialAction":[{"@type":"ReadAction","target":["https:\/\/wirtschaftlichefreiheit.de\/wordpress\/?p=37791"]}]},{"@type":"ImageObject","inLanguage":"de","@id":"https:\/\/wirtschaftlichefreiheit.de\/wordpress\/?p=37791#primaryimage","url":"https:\/\/wirtschaftlichefreiheit.de\/wordpress\/bilder\/eberland.png","contentUrl":"https:\/\/wirtschaftlichefreiheit.de\/wordpress\/bilder\/eberland.png","width":886,"height":591},{"@type":"BreadcrumbList","@id":"https:\/\/wirtschaftlichefreiheit.de\/wordpress\/?p=37791#breadcrumb","itemListElement":[{"@type":"ListItem","position":1,"name":"Startseite","item":"https:\/\/wirtschaftlichefreiheit.de\/wordpress"},{"@type":"ListItem","position":2,"name":"\u00d6konomie in Bildern Ver\u00e4nderung schafft Wohlstand"}]},{"@type":"WebSite","@id":"https:\/\/wirtschaftlichefreiheit.de\/wordpress\/#website","url":"https:\/\/wirtschaftlichefreiheit.de\/wordpress\/","name":"Wirtschaftliche Freiheit","description":"Das ordnungspolitische Journal","potentialAction":[{"@type":"SearchAction","target":{"@type":"EntryPoint","urlTemplate":"https:\/\/wirtschaftlichefreiheit.de\/wordpress\/?s={search_term_string}"},"query-input":{"@type":"PropertyValueSpecification","valueRequired":true,"valueName":"search_term_string"}}],"inLanguage":"de"},{"@type":"Person","@id":"https:\/\/wirtschaftlichefreiheit.de\/wordpress\/#\/schema\/person\/44d935ad87e803cf017d7b8a812da015","name":"The Strolling Economist","image":{"@type":"ImageObject","inLanguage":"de","@id":"https:\/\/wirtschaftlichefreiheit.de\/wordpress\/bilder\/eber123.jpg","url":"https:\/\/wirtschaftlichefreiheit.de\/wordpress\/bilder\/eber123.jpg","contentUrl":"https:\/\/wirtschaftlichefreiheit.de\/wordpress\/bilder\/eber123.jpg","caption":"The Strolling Economist"},"description":"Johannes Eber ist der Strolling Economist. Er ist \u00d6konom aus Berlin mit einer Vorliebe f\u00fcr Fotografie.","url":"https:\/\/wirtschaftlichefreiheit.de\/wordpress\/?author=422"}]}},"_links":{"self":[{"href":"https:\/\/wirtschaftlichefreiheit.de\/wordpress\/index.php?rest_route=\/wp\/v2\/posts\/37791","targetHints":{"allow":["GET"]}}],"collection":[{"href":"https:\/\/wirtschaftlichefreiheit.de\/wordpress\/index.php?rest_route=\/wp\/v2\/posts"}],"about":[{"href":"https:\/\/wirtschaftlichefreiheit.de\/wordpress\/index.php?rest_route=\/wp\/v2\/types\/post"}],"author":[{"embeddable":true,"href":"https:\/\/wirtschaftlichefreiheit.de\/wordpress\/index.php?rest_route=\/wp\/v2\/users\/422"}],"replies":[{"embeddable":true,"href":"https:\/\/wirtschaftlichefreiheit.de\/wordpress\/index.php?rest_route=%2Fwp%2Fv2%2Fcomments&post=37791"}],"version-history":[{"count":2,"href":"https:\/\/wirtschaftlichefreiheit.de\/wordpress\/index.php?rest_route=\/wp\/v2\/posts\/37791\/revisions"}],"predecessor-version":[{"id":37795,"href":"https:\/\/wirtschaftlichefreiheit.de\/wordpress\/index.php?rest_route=\/wp\/v2\/posts\/37791\/revisions\/37795"}],"wp:featuredmedia":[{"embeddable":true,"href":"https:\/\/wirtschaftlichefreiheit.de\/wordpress\/index.php?rest_route=\/wp\/v2\/media\/37794"}],"wp:attachment":[{"href":"https:\/\/wirtschaftlichefreiheit.de\/wordpress\/index.php?rest_route=%2Fwp%2Fv2%2Fmedia&parent=37791"}],"wp:term":[{"taxonomy":"category","embeddable":true,"href":"https:\/\/wirtschaftlichefreiheit.de\/wordpress\/index.php?rest_route=%2Fwp%2Fv2%2Fcategories&post=37791"},{"taxonomy":"post_tag","embeddable":true,"href":"https:\/\/wirtschaftlichefreiheit.de\/wordpress\/index.php?rest_route=%2Fwp%2Fv2%2Ftags&post=37791"}],"curies":[{"name":"wp","href":"https:\/\/api.w.org\/{rel}","templated":true}]}}