{"id":37802,"date":"2024-08-24T05:50:08","date_gmt":"2024-08-24T04:50:08","guid":{"rendered":"https:\/\/wirtschaftlichefreiheit.de\/wordpress\/?p=37802"},"modified":"2024-08-24T05:50:09","modified_gmt":"2024-08-24T04:50:09","slug":"unternehmertum-und-wirtschaftsrechnung-schluessel-zum-verstaendnis-der-marktwirtschaft","status":"publish","type":"post","link":"https:\/\/wirtschaftlichefreiheit.de\/wordpress\/?p=37802","title":{"rendered":"Unternehmertum und Wirtschaftsrechnung <br><b>Schl\u00fcssel zum Verst\u00e4ndnis der Marktwirtschaft <\/b>"},"content":{"rendered":"\n<p>In der dynamischen und komplexen Wirtschaftswelt sind Unternehmertum und Wirtschaftsrechnung zentrale Elemente, die das Funktionieren der Marktwirtschaft erm\u00f6glichen. Beide Konzepte sind entscheidend f\u00fcr den Erfolg einzelner Unternehmen sowie f\u00fcr das allgemeine wirtschaftliche Wachstum und die Innovationsf\u00e4higkeit der Volkswirtschaft. W\u00e4hrend die Betriebswirtschaftslehre (BWL) diese Aspekte umfassend behandelt, spielen das Unternehmertum und die Wirtschaftsrechnung in der Volkswirtschaftslehre (VWL) h\u00e4ufig eine untergeordnete Rolle.<\/p>\n\n\n\n<p><strong>Unternehmertum und Wirtschaftsrechnung als zentrale Steuerungsinstrumente<\/strong><\/p>\n\n\n\n<p>Unternehmertum ist der Motor f\u00fcr Innovation, Wettbewerbsf\u00e4higkeit und wirtschaftliches Wachstum. Es sind Unternehmer, die kreative Ideen in wirtschaftlich tragf\u00e4hige L\u00f6sungen umsetzen und dabei oftmals hohe Investitionsrisiken eingehen. Die Wirtschaftsrechnung hingegen liefert ihnen die erforderlichen Daten, um informierte Entscheidungen zu treffen oder den Erfolg ihres Gesch\u00e4ftsmodells zu beurteilen. In betriebswirtschaftlichen Studieng\u00e4ngen erwerben angehende Fach- und F\u00fchrungskr\u00e4fte die notwendigen F\u00e4higkeiten, um diese beiden Bereiche effektiv abzudecken und zu kombinieren. In der unternehmerischen Praxis zeigt sich, dass das Scheitern junger Unternehmen in manchen F\u00e4llen weniger auf den Ideenreichtum der Gr\u00fcnder als auf ein unzureichendes Verst\u00e4ndnis der Unternehmensrechnung und der entsprechenden Kommunikation gegen\u00fcber Kapitalgebern zur\u00fcckzuf\u00fchren ist, was ihre sonst h\u00e4ufig \u00fcbersehene Bedeutung untermauert.<\/p>\n\n\n\n<p><strong>Der Fokus der VWL: Gleichgewichte ohne Unternehmer<\/strong><\/p>\n\n\n\n<p>W\u00e4hrend sich gro\u00dfe Teile der Betriebswirtschaftslehre mit den Unvollkommenheiten realer Entscheidungssituationen besch\u00e4ftigen und entsprechende Instrumente f\u00fcr einen ad\u00e4quaten Umgang entwickelt haben, liegt ein Schwerpunkt der Standard-VWL auf der Analyse von Gleichgewichten. Die \u00fcblichen Modelle betrachten M\u00e4rkte und deren Interaktionen unter der Annahme, dass diese gleichgewichtigen Zust\u00e4nde stabil sind. In einem solchen Gleichgewicht sind Unternehmertum und Wirtschaftsrechnung nicht von Bedeutung, da keine Ungleichgewichte oder Preisdifferenzen bestehen, die potenzielle unternehmerische Chancen bieten k\u00f6nnten. Ein solches Gedankengeb\u00e4ude kann zu einem unzureichenden Verst\u00e4ndnis der Funktionsweise realer M\u00e4rkte f\u00fchren. Das Ignorieren unternehmerischer Aktivit\u00e4ten und der zugrundeliegenden Entscheidungsprozesse schr\u00e4nkt die F\u00e4higkeit der VWL ein, reale wirtschaftliche Dynamiken zu erfassen, insbesondere in Zeiten der Unsicherheit.<\/p>\n\n\n\n<p><strong>Die Rolle der Gewinnermittlung<\/strong><\/p>\n\n\n\n<p>Eine bemerkenswerte Ausnahme bildet die \u00f6sterreichische Schule der Volkswirtschaftslehre, auf die sich bereits Eugen Schmalenbach, der Begr\u00fcnder der akademischen BWL vielfach st\u00fctzte. &nbsp;Diese Schule, vertreten durch \u00d6konomen wie Ludwig von Mises und Friedrich von Hayek, betont sowohl die Bedeutung des Unternehmertums als auch die Rolle der Wirtschaftsrechnung. Israel Kirzner, ein Sch\u00fcler von Mises, untersucht, wie Unternehmer die verschiedenen Produktionsfaktoren koordinieren und vorhandene Ressourcen effizient nutzen. Es l\u00e4sst sich zeigen, dass die klassische unternehmerische Gewinnermittlung hierbei eine entscheidende Rolle spielt: Gewinne entstehen, wenn Preisunterschiede zwischen Beschaffungs- und Absatzm\u00e4rkten bestehen. Findige Unternehmer, die solche Gelegenheiten identifizieren, werden gem\u00e4\u00df ihrem Beitrag zur besseren Koordination dieser M\u00e4rkte durch Gewinne belohnt. Diese Betrachtung der Gewinnermittlung als Indikator f\u00fcr unternehmerisches Handeln wird in der modernen Wirtschaftstheorie oft vernachl\u00e4ssigt, was zu einer Oberfl\u00e4chlichkeit im Verst\u00e4ndnis von Marktmechanismen f\u00fchrt.<\/p>\n\n\n\n<p><strong>Die Rolle der Investitionsrechnung<\/strong><\/p>\n\n\n\n<p>Die von Joseph Schumpeter betonte Funktion des Unternehmers als kreativer Zerst\u00f6rer spielt in der \u00d6sterreichischen Schule ebenfalls eine gro\u00dfe Rolle. Unternehmer tragen demnach zur wirtschaftlichen Dynamik bei, indem sie bestehende Strukturen disruptiv ver\u00e4ndern und Innovationen einf\u00fchren. Bei der Vorbereitung solcher unternehmerischer Entscheidungen, die den \u00dcbergang von einem Gedanken zur Umsetzung manifestieren, spielt die betriebswirtschaftliche Investitionsbewertung eine zentrale Rolle, da sie den Unternehmern hilft, Projekte hinsichtlich ihrer wirtschaftlichen Vorteilhaftigkeit zu beurteilen und jene Innovationen voranzutreiben, die zur kreativen Zerst\u00f6rung des Status Quo f\u00fchren k\u00f6nnen.<\/p>\n\n\n\n<p>Kreative Zerst\u00f6rung, wie sie Schumpeter beschreibt, wird durch eine fundierte Investitionsbewertung unterst\u00fctzt, die die Unternehmer dazu bef\u00e4higt, zuk\u00fcnftige Chancen zu erkennen und aktiv zu nutzen. Die BWL stellt Instrumente bereit, die ad\u00e4quate Investitionsbewertung auch unter Unsicherheit erm\u00f6glichen und dem Unternehmer insofern bei der Bew\u00e4ltigung unternehmerischer Realit\u00e4t unterst\u00fctzen. Dies steht im Gegensatz zur typischen neoklassischen Betrachtung, die oft annimmt, dass M\u00e4rkte in einem idealen Zustand der Gleichgewichtigkeit operieren.<\/p>\n\n\n\n<p><strong>Fazit: Eine ganzheitliche Perspektive auf die Marktwirtschaft<\/strong><\/p>\n\n\n\n<p>Die Verbindung von Unternehmertum und Wirtschaftsrechnung ist entscheidend f\u00fcr ein tiefgehendes Verst\u00e4ndnis der Marktwirtschaft. W\u00e4hrend die BWL die praktischen Werkzeuge an die Hand gibt, um in der Unternehmenspraxis erfolgreich zu sein, sollte die VWL den theoretischen Rahmen bieten, in dem die volkswirtschaftliche Funktion dieser Praktiken deutlich wird. Ein Integrationsansatz, der beide Perspektiven vereint, k\u00f6nnte zu einem umfassenderen Verst\u00e4ndnis der Mechanismen der Marktwirtschaft f\u00fchren und somit die wirtschaftliche Entwicklung f\u00f6rdern.<\/p>\n\n\n\n<p>In einer sich st\u00e4ndig ver\u00e4ndernden Welt ist das Verst\u00e4ndnis f\u00fcr die Rolle von Unternehmern und die Anwendung der Wirtschaftsrechnung wichtiger denn je. Nur durch die Kombination dieser beiden Konzepte k\u00f6nnen wir die Treiber des wirtschaftlichen Fortschritts erkennen und nutzen. Beide Bereiche sind in der Praxis untrennbar miteinander verbunden; eine Vernachl\u00e4ssigung eines Aspekts kann das gesamte \u00f6konomische Verst\u00e4ndnis beeintr\u00e4chtigen. Insofern ist es offensichtlich, dass sowohl Unternehmer als auch die entsprechenden Instrumente der Wirtschaftsrechnung unerl\u00e4sslich sind, um die Herausforderungen der heutigen Zeit zu meistern und eine nachhaltige wirtschaftliche Zukunft zu gestalten.<\/p>\n\n\n\n<p><strong>Literaturverweis<\/strong><\/p>\n\n\n\n<p>Braun, E., &amp; Follert, F. (2024). The calculating entrepreneur \u2014 The role of economic calculation in supporting alertness and creative destruction. <em>Managerial and Decision Economics<\/em>, <a href=\"https:\/\/doi.org\/10.1002\/mde.4341\">https:\/\/doi.org\/10.1002\/mde.4341<\/a>.<\/p>\n<!-- AddThis Advanced Settings generic via filter on the_content --><!-- AddThis Share Buttons generic via filter on the_content --><!-- AddThis Related Posts generic via filter on the_content -->","protected":false},"excerpt":{"rendered":"<p>Unternehmertum und Wirtschaftsrechnung sind zentrale Institutionen zum Verst\u00e4ndnis der Marktwirtschaft. Als Ungleichgewichtsph\u00e4nomene werden sie zum einen in der neoklassischen Theorie weitgehend ausgeblendet. Zum anderen wird die Bedeutung  der Wirtschaftsrechnung f\u00fcr unternehmerisches Handeln generell untersch\u00e4tzt. Hier wird eine konzeptionelle Verbindung pr\u00e4sentiert.<!-- AddThis Advanced Settings generic via filter on wp_trim_excerpt --><!-- AddThis Share Buttons generic via filter on wp_trim_excerpt --><!-- AddThis Related Posts generic via filter on wp_trim_excerpt --><\/p>\n","protected":false},"author":470,"featured_media":37808,"comment_status":"open","ping_status":"open","sticky":false,"template":"","format":"standard","meta":{"footnotes":""},"categories":[21],"tags":[1749,3310,569,4664],"class_list":["post-37802","post","type-post","status-publish","format-standard","has-post-thumbnail","hentry","category-unternehmerisches","tag-braun","tag-follert","tag-unternehmertum","tag-wirtschaftsrechnung"],"yoast_head":"<!-- This site is optimized with the Yoast SEO plugin v27.2 - https:\/\/yoast.com\/product\/yoast-seo-wordpress\/ -->\n<title>Unternehmertum und Wirtschaftsrechnung Schl\u00fcssel zum Verst\u00e4ndnis der Marktwirtschaft  - Wirtschaftliche Freiheit<\/title>\n<meta name=\"robots\" content=\"index, follow, max-snippet:-1, max-image-preview:large, max-video-preview:-1\" \/>\n<link rel=\"canonical\" href=\"https:\/\/wirtschaftlichefreiheit.de\/wordpress\/?p=37802\" \/>\n<meta property=\"og:locale\" content=\"de_DE\" \/>\n<meta property=\"og:type\" content=\"article\" \/>\n<meta property=\"og:title\" content=\"Unternehmertum und Wirtschaftsrechnung Schl\u00fcssel zum Verst\u00e4ndnis der Marktwirtschaft  - Wirtschaftliche Freiheit\" \/>\n<meta property=\"og:description\" content=\"Unternehmertum und Wirtschaftsrechnung sind zentrale Institutionen zum Verst\u00e4ndnis der Marktwirtschaft. Als Ungleichgewichtsph\u00e4nomene werden sie zum einen in der neoklassischen Theorie weitgehend ausgeblendet. Zum anderen wird die Bedeutung der Wirtschaftsrechnung f\u00fcr unternehmerisches Handeln generell untersch\u00e4tzt. Hier wird eine konzeptionelle Verbindung pr\u00e4sentiert.\" \/>\n<meta property=\"og:url\" content=\"https:\/\/wirtschaftlichefreiheit.de\/wordpress\/?p=37802\" \/>\n<meta property=\"og:site_name\" content=\"Wirtschaftliche Freiheit\" \/>\n<meta property=\"article:published_time\" content=\"2024-08-24T04:50:08+00:00\" \/>\n<meta property=\"article:modified_time\" content=\"2024-08-24T04:50:09+00:00\" \/>\n<meta property=\"og:image\" content=\"http:\/\/wirtschaftlichefreiheit.de\/wordpress\/bilder\/calculator.png\" \/>\n\t<meta property=\"og:image:width\" content=\"886\" \/>\n\t<meta property=\"og:image:height\" content=\"591\" \/>\n\t<meta property=\"og:image:type\" content=\"image\/png\" \/>\n<meta name=\"author\" content=\"Eduard Braun und Florian Follert\" \/>\n<meta name=\"twitter:card\" content=\"summary_large_image\" \/>\n<meta name=\"twitter:label1\" content=\"Verfasst von\" \/>\n\t<meta name=\"twitter:data1\" content=\"Eduard Braun und Florian Follert\" \/>\n\t<meta name=\"twitter:label2\" content=\"Gesch\u00e4tzte Lesezeit\" \/>\n\t<meta name=\"twitter:data2\" content=\"5\u00a0Minuten\" \/>\n<script type=\"application\/ld+json\" class=\"yoast-schema-graph\">{\"@context\":\"https:\/\/schema.org\",\"@graph\":[{\"@type\":\"Article\",\"@id\":\"https:\/\/wirtschaftlichefreiheit.de\/wordpress\/?p=37802#article\",\"isPartOf\":{\"@id\":\"https:\/\/wirtschaftlichefreiheit.de\/wordpress\/?p=37802\"},\"author\":{\"name\":\"Eduard Braun und Florian Follert\",\"@id\":\"https:\/\/wirtschaftlichefreiheit.de\/wordpress\/#\/schema\/person\/87221b855cfe9d08015802905c03bc9c\"},\"headline\":\"Unternehmertum und Wirtschaftsrechnung Schl\u00fcssel zum Verst\u00e4ndnis der Marktwirtschaft\",\"datePublished\":\"2024-08-24T04:50:08+00:00\",\"dateModified\":\"2024-08-24T04:50:09+00:00\",\"mainEntityOfPage\":{\"@id\":\"https:\/\/wirtschaftlichefreiheit.de\/wordpress\/?p=37802\"},\"wordCount\":864,\"commentCount\":1,\"image\":{\"@id\":\"https:\/\/wirtschaftlichefreiheit.de\/wordpress\/?p=37802#primaryimage\"},\"thumbnailUrl\":\"https:\/\/wirtschaftlichefreiheit.de\/wordpress\/bilder\/calculator.png\",\"keywords\":[\"Braun\",\"Follert\",\"Unternehmertum\",\"Wirtschaftsrechnung\"],\"articleSection\":[\"Unternehmerisches\"],\"inLanguage\":\"de\",\"potentialAction\":[{\"@type\":\"CommentAction\",\"name\":\"Comment\",\"target\":[\"https:\/\/wirtschaftlichefreiheit.de\/wordpress\/?p=37802#respond\"]}]},{\"@type\":\"WebPage\",\"@id\":\"https:\/\/wirtschaftlichefreiheit.de\/wordpress\/?p=37802\",\"url\":\"https:\/\/wirtschaftlichefreiheit.de\/wordpress\/?p=37802\",\"name\":\"Unternehmertum und Wirtschaftsrechnung Schl\u00fcssel zum Verst\u00e4ndnis der Marktwirtschaft - Wirtschaftliche Freiheit\",\"isPartOf\":{\"@id\":\"https:\/\/wirtschaftlichefreiheit.de\/wordpress\/#website\"},\"primaryImageOfPage\":{\"@id\":\"https:\/\/wirtschaftlichefreiheit.de\/wordpress\/?p=37802#primaryimage\"},\"image\":{\"@id\":\"https:\/\/wirtschaftlichefreiheit.de\/wordpress\/?p=37802#primaryimage\"},\"thumbnailUrl\":\"https:\/\/wirtschaftlichefreiheit.de\/wordpress\/bilder\/calculator.png\",\"datePublished\":\"2024-08-24T04:50:08+00:00\",\"dateModified\":\"2024-08-24T04:50:09+00:00\",\"author\":{\"@id\":\"https:\/\/wirtschaftlichefreiheit.de\/wordpress\/#\/schema\/person\/87221b855cfe9d08015802905c03bc9c\"},\"breadcrumb\":{\"@id\":\"https:\/\/wirtschaftlichefreiheit.de\/wordpress\/?p=37802#breadcrumb\"},\"inLanguage\":\"de\",\"potentialAction\":[{\"@type\":\"ReadAction\",\"target\":[\"https:\/\/wirtschaftlichefreiheit.de\/wordpress\/?p=37802\"]}]},{\"@type\":\"ImageObject\",\"inLanguage\":\"de\",\"@id\":\"https:\/\/wirtschaftlichefreiheit.de\/wordpress\/?p=37802#primaryimage\",\"url\":\"https:\/\/wirtschaftlichefreiheit.de\/wordpress\/bilder\/calculator.png\",\"contentUrl\":\"https:\/\/wirtschaftlichefreiheit.de\/wordpress\/bilder\/calculator.png\",\"width\":886,\"height\":591},{\"@type\":\"BreadcrumbList\",\"@id\":\"https:\/\/wirtschaftlichefreiheit.de\/wordpress\/?p=37802#breadcrumb\",\"itemListElement\":[{\"@type\":\"ListItem\",\"position\":1,\"name\":\"Startseite\",\"item\":\"https:\/\/wirtschaftlichefreiheit.de\/wordpress\"},{\"@type\":\"ListItem\",\"position\":2,\"name\":\"Unternehmertum und Wirtschaftsrechnung Schl\u00fcssel zum Verst\u00e4ndnis der Marktwirtschaft\"}]},{\"@type\":\"WebSite\",\"@id\":\"https:\/\/wirtschaftlichefreiheit.de\/wordpress\/#website\",\"url\":\"https:\/\/wirtschaftlichefreiheit.de\/wordpress\/\",\"name\":\"Wirtschaftliche Freiheit\",\"description\":\"Das ordnungspolitische Journal\",\"potentialAction\":[{\"@type\":\"SearchAction\",\"target\":{\"@type\":\"EntryPoint\",\"urlTemplate\":\"https:\/\/wirtschaftlichefreiheit.de\/wordpress\/?s={search_term_string}\"},\"query-input\":{\"@type\":\"PropertyValueSpecification\",\"valueRequired\":true,\"valueName\":\"search_term_string\"}}],\"inLanguage\":\"de\"},{\"@type\":\"Person\",\"@id\":\"https:\/\/wirtschaftlichefreiheit.de\/wordpress\/#\/schema\/person\/87221b855cfe9d08015802905c03bc9c\",\"name\":\"Eduard Braun und Florian Follert\",\"image\":{\"@type\":\"ImageObject\",\"inLanguage\":\"de\",\"@id\":\"https:\/\/wirtschaftlichefreiheit.de\/wordpress\/bilder\/braunfollert.png\",\"url\":\"https:\/\/wirtschaftlichefreiheit.de\/wordpress\/bilder\/braunfollert.png\",\"contentUrl\":\"https:\/\/wirtschaftlichefreiheit.de\/wordpress\/bilder\/braunfollert.png\",\"caption\":\"Eduard Braun und Florian Follert\"},\"description\":\"TU Clausthal Privatuniversit\u00e4t Schloss Seeburg\",\"url\":\"https:\/\/wirtschaftlichefreiheit.de\/wordpress\/?author=470\"}]}<\/script>\n<!-- \/ Yoast SEO plugin. -->","yoast_head_json":{"title":"Unternehmertum und Wirtschaftsrechnung Schl\u00fcssel zum Verst\u00e4ndnis der Marktwirtschaft  - Wirtschaftliche Freiheit","robots":{"index":"index","follow":"follow","max-snippet":"max-snippet:-1","max-image-preview":"max-image-preview:large","max-video-preview":"max-video-preview:-1"},"canonical":"https:\/\/wirtschaftlichefreiheit.de\/wordpress\/?p=37802","og_locale":"de_DE","og_type":"article","og_title":"Unternehmertum und Wirtschaftsrechnung Schl\u00fcssel zum Verst\u00e4ndnis der Marktwirtschaft  - Wirtschaftliche Freiheit","og_description":"Unternehmertum und Wirtschaftsrechnung sind zentrale Institutionen zum Verst\u00e4ndnis der Marktwirtschaft. Als Ungleichgewichtsph\u00e4nomene werden sie zum einen in der neoklassischen Theorie weitgehend ausgeblendet. Zum anderen wird die Bedeutung der Wirtschaftsrechnung f\u00fcr unternehmerisches Handeln generell untersch\u00e4tzt. Hier wird eine konzeptionelle Verbindung pr\u00e4sentiert.","og_url":"https:\/\/wirtschaftlichefreiheit.de\/wordpress\/?p=37802","og_site_name":"Wirtschaftliche Freiheit","article_published_time":"2024-08-24T04:50:08+00:00","article_modified_time":"2024-08-24T04:50:09+00:00","og_image":[{"width":886,"height":591,"url":"http:\/\/wirtschaftlichefreiheit.de\/wordpress\/bilder\/calculator.png","type":"image\/png"}],"author":"Eduard Braun und Florian Follert","twitter_card":"summary_large_image","twitter_misc":{"Verfasst von":"Eduard Braun und Florian Follert","Gesch\u00e4tzte Lesezeit":"5\u00a0Minuten"},"schema":{"@context":"https:\/\/schema.org","@graph":[{"@type":"Article","@id":"https:\/\/wirtschaftlichefreiheit.de\/wordpress\/?p=37802#article","isPartOf":{"@id":"https:\/\/wirtschaftlichefreiheit.de\/wordpress\/?p=37802"},"author":{"name":"Eduard Braun und Florian Follert","@id":"https:\/\/wirtschaftlichefreiheit.de\/wordpress\/#\/schema\/person\/87221b855cfe9d08015802905c03bc9c"},"headline":"Unternehmertum und Wirtschaftsrechnung Schl\u00fcssel zum Verst\u00e4ndnis der Marktwirtschaft","datePublished":"2024-08-24T04:50:08+00:00","dateModified":"2024-08-24T04:50:09+00:00","mainEntityOfPage":{"@id":"https:\/\/wirtschaftlichefreiheit.de\/wordpress\/?p=37802"},"wordCount":864,"commentCount":1,"image":{"@id":"https:\/\/wirtschaftlichefreiheit.de\/wordpress\/?p=37802#primaryimage"},"thumbnailUrl":"https:\/\/wirtschaftlichefreiheit.de\/wordpress\/bilder\/calculator.png","keywords":["Braun","Follert","Unternehmertum","Wirtschaftsrechnung"],"articleSection":["Unternehmerisches"],"inLanguage":"de","potentialAction":[{"@type":"CommentAction","name":"Comment","target":["https:\/\/wirtschaftlichefreiheit.de\/wordpress\/?p=37802#respond"]}]},{"@type":"WebPage","@id":"https:\/\/wirtschaftlichefreiheit.de\/wordpress\/?p=37802","url":"https:\/\/wirtschaftlichefreiheit.de\/wordpress\/?p=37802","name":"Unternehmertum und Wirtschaftsrechnung Schl\u00fcssel zum Verst\u00e4ndnis der Marktwirtschaft - Wirtschaftliche Freiheit","isPartOf":{"@id":"https:\/\/wirtschaftlichefreiheit.de\/wordpress\/#website"},"primaryImageOfPage":{"@id":"https:\/\/wirtschaftlichefreiheit.de\/wordpress\/?p=37802#primaryimage"},"image":{"@id":"https:\/\/wirtschaftlichefreiheit.de\/wordpress\/?p=37802#primaryimage"},"thumbnailUrl":"https:\/\/wirtschaftlichefreiheit.de\/wordpress\/bilder\/calculator.png","datePublished":"2024-08-24T04:50:08+00:00","dateModified":"2024-08-24T04:50:09+00:00","author":{"@id":"https:\/\/wirtschaftlichefreiheit.de\/wordpress\/#\/schema\/person\/87221b855cfe9d08015802905c03bc9c"},"breadcrumb":{"@id":"https:\/\/wirtschaftlichefreiheit.de\/wordpress\/?p=37802#breadcrumb"},"inLanguage":"de","potentialAction":[{"@type":"ReadAction","target":["https:\/\/wirtschaftlichefreiheit.de\/wordpress\/?p=37802"]}]},{"@type":"ImageObject","inLanguage":"de","@id":"https:\/\/wirtschaftlichefreiheit.de\/wordpress\/?p=37802#primaryimage","url":"https:\/\/wirtschaftlichefreiheit.de\/wordpress\/bilder\/calculator.png","contentUrl":"https:\/\/wirtschaftlichefreiheit.de\/wordpress\/bilder\/calculator.png","width":886,"height":591},{"@type":"BreadcrumbList","@id":"https:\/\/wirtschaftlichefreiheit.de\/wordpress\/?p=37802#breadcrumb","itemListElement":[{"@type":"ListItem","position":1,"name":"Startseite","item":"https:\/\/wirtschaftlichefreiheit.de\/wordpress"},{"@type":"ListItem","position":2,"name":"Unternehmertum und Wirtschaftsrechnung Schl\u00fcssel zum Verst\u00e4ndnis der Marktwirtschaft"}]},{"@type":"WebSite","@id":"https:\/\/wirtschaftlichefreiheit.de\/wordpress\/#website","url":"https:\/\/wirtschaftlichefreiheit.de\/wordpress\/","name":"Wirtschaftliche Freiheit","description":"Das ordnungspolitische Journal","potentialAction":[{"@type":"SearchAction","target":{"@type":"EntryPoint","urlTemplate":"https:\/\/wirtschaftlichefreiheit.de\/wordpress\/?s={search_term_string}"},"query-input":{"@type":"PropertyValueSpecification","valueRequired":true,"valueName":"search_term_string"}}],"inLanguage":"de"},{"@type":"Person","@id":"https:\/\/wirtschaftlichefreiheit.de\/wordpress\/#\/schema\/person\/87221b855cfe9d08015802905c03bc9c","name":"Eduard Braun und Florian Follert","image":{"@type":"ImageObject","inLanguage":"de","@id":"https:\/\/wirtschaftlichefreiheit.de\/wordpress\/bilder\/braunfollert.png","url":"https:\/\/wirtschaftlichefreiheit.de\/wordpress\/bilder\/braunfollert.png","contentUrl":"https:\/\/wirtschaftlichefreiheit.de\/wordpress\/bilder\/braunfollert.png","caption":"Eduard Braun und Florian Follert"},"description":"TU Clausthal Privatuniversit\u00e4t Schloss Seeburg","url":"https:\/\/wirtschaftlichefreiheit.de\/wordpress\/?author=470"}]}},"_links":{"self":[{"href":"https:\/\/wirtschaftlichefreiheit.de\/wordpress\/index.php?rest_route=\/wp\/v2\/posts\/37802","targetHints":{"allow":["GET"]}}],"collection":[{"href":"https:\/\/wirtschaftlichefreiheit.de\/wordpress\/index.php?rest_route=\/wp\/v2\/posts"}],"about":[{"href":"https:\/\/wirtschaftlichefreiheit.de\/wordpress\/index.php?rest_route=\/wp\/v2\/types\/post"}],"author":[{"embeddable":true,"href":"https:\/\/wirtschaftlichefreiheit.de\/wordpress\/index.php?rest_route=\/wp\/v2\/users\/470"}],"replies":[{"embeddable":true,"href":"https:\/\/wirtschaftlichefreiheit.de\/wordpress\/index.php?rest_route=%2Fwp%2Fv2%2Fcomments&post=37802"}],"version-history":[{"count":2,"href":"https:\/\/wirtschaftlichefreiheit.de\/wordpress\/index.php?rest_route=\/wp\/v2\/posts\/37802\/revisions"}],"predecessor-version":[{"id":37807,"href":"https:\/\/wirtschaftlichefreiheit.de\/wordpress\/index.php?rest_route=\/wp\/v2\/posts\/37802\/revisions\/37807"}],"wp:featuredmedia":[{"embeddable":true,"href":"https:\/\/wirtschaftlichefreiheit.de\/wordpress\/index.php?rest_route=\/wp\/v2\/media\/37808"}],"wp:attachment":[{"href":"https:\/\/wirtschaftlichefreiheit.de\/wordpress\/index.php?rest_route=%2Fwp%2Fv2%2Fmedia&parent=37802"}],"wp:term":[{"taxonomy":"category","embeddable":true,"href":"https:\/\/wirtschaftlichefreiheit.de\/wordpress\/index.php?rest_route=%2Fwp%2Fv2%2Fcategories&post=37802"},{"taxonomy":"post_tag","embeddable":true,"href":"https:\/\/wirtschaftlichefreiheit.de\/wordpress\/index.php?rest_route=%2Fwp%2Fv2%2Ftags&post=37802"}],"curies":[{"name":"wp","href":"https:\/\/api.w.org\/{rel}","templated":true}]}}