{"id":38606,"date":"2024-11-07T00:01:00","date_gmt":"2024-11-06T23:01:00","guid":{"rendered":"https:\/\/wirtschaftlichefreiheit.de\/wordpress\/?p=38606"},"modified":"2024-11-08T12:33:53","modified_gmt":"2024-11-08T11:33:53","slug":"gastbeitrag-was-trumps-wahl-fuer-deutschland-bedeutet","status":"publish","type":"post","link":"https:\/\/wirtschaftlichefreiheit.de\/wordpress\/?p=38606","title":{"rendered":"<b>Gastbeitrag <\/b><br>Was Trumps Wahl f\u00fcr Deutschland bedeutet"},"content":{"rendered":"\n<p><em>Der Sieg Trumps hat auch Auswirkungen f\u00fcr den Euroraum und Deutschland. So d\u00fcrfte er die angedrohten Zollerh\u00f6hungen zumindest in Teilen umsetzen. Das spricht zusammen mit Gegenz\u00f6llen der EU mittelfristig f\u00fcr steigende Inflationsrisiken auch im Euroraum. Dar\u00fcberhinaus belastet die von Trump forcierte De-Globalisierung die exportorientierte deutsche Wirtschaft. Au\u00dferdem ger\u00e4t Deutschland im Steuerwettbewerb mit den USA weiter in die Defensive. Von der ambivalenten Haltungs Trumps zur Nato gehen langfristig nicht zu vernachl\u00e4ssigende wirtschaftliche Risiken<\/em><strong> <\/strong><em>aus.<\/em><strong><\/strong><\/p>\n\n\n\n<p><strong>Es wird nicht so hei\u00df gegessen, wie gekocht wird.<\/strong><\/p>\n\n\n\n<p>Auch wenn Trump sich auf eine Mehrheit in beiden H\u00e4usern des Kongresses st\u00fctzen kann, d\u00fcrfte er seine im Wahlkampf bezogenen Positionen als Pr\u00e4sident nicht eins zu eins umsetzen. Das betrifft etwa seine Zollpl\u00e4ne (mindestens 60% auf alle Importe aus China, 10% auf Importe aller anderen L\u00e4nder). So ist nicht klar, ob seine rechtlichen Vollmachten f\u00fcr eine allgemeine Erh\u00f6hung der Z\u00f6lle ausreichen. Au\u00dferdem d\u00fcrfte Trump bewu\u00dft mit hohen Z\u00f6llen drohen, um die betroffenen Staaten bei Verhandlungen zu Zugest\u00e4ndnissen zu veranlassen.<\/p>\n\n\n\n<p><strong>Z\u00f6lle und Gegenz\u00f6lle: Mehr Inflation<\/strong><\/p>\n\n\n\n<p>F\u00fcr die USA sollten die Z\u00f6lle die Verbraucherpreise zwischen Mitte 2025 und Mitte 2026 also nicht um 2 Prozentpunkte erh\u00f6hen (vollst\u00e4ndige Umsetzung seiner Wahlkampfforderung), sondern nur um sch\u00e4tzungsweise 1 Prozentpunkt. Die h\u00f6here US-Inflation spiegelt wider, dass h\u00f6here Z\u00f6lle ausl\u00e4ndische Waren verteuern und die Nachfrage der Amerikaner auf heimisch produzierte Waren umleiten und in den USA Ressourcen verknappen. F\u00fcr den Euroraum senkt das f\u00fcr sich genommen die Inflation, weil die Amerikaner weniger im Euroraum und Deutschland produzierte G\u00fcter nachfragen. Allerdings bedeuten h\u00f6here Z\u00f6lle einen st\u00e4rkeren US-Dollar, was die Importe des Euroraums verteuert. Au\u00dferdem ist zeitverz\u00f6gert ab 2026 mit Gegenz\u00f6llen der EU zu rechnen, die die Verbraucherpreise hierzulande ebenfalls erh\u00f6hen. In der Summe k\u00f6nnte die Inflation im Euroraum und in Deutschland im Jahr 2026 um bis zu einen halben Prozentpunkt h\u00f6her ausfallen.<\/p>\n\n\n\n<p><strong>2025 kaum ver\u00e4ndertes Wirtschaftswachstum, &#8230;<\/strong><\/p>\n\n\n\n<p>Wegen der Steuersenkungen und der h\u00f6heren Z\u00f6lle mag das US-Bruttoinlandsprodukt 2025 um einen Viertelprozentpunkt st\u00e4rker zulegen als bisher prognostiziert (2,0%). Auf den ersten Blick spricht das f\u00fcr mehr Wachstum im Euroraum. Aber das etwas h\u00f6here US-Wachstum geht teilweise auf h\u00f6here US-Z\u00f6lle zur\u00fcck, die Nachfrage auf die USA zu Lasten auch des Euroraums umlenken. Zwar erh\u00f6ht ein zoll-bedingt st\u00e4rkerer Dollar die preisliche Wettbewerbsf\u00e4higkeit der im Euroraum hergestellten G\u00fcter, aber dieser Einfluss sollte mit Blick auf die ohnehin hohe Prognoseunsicherheit nicht ausreichen, um die Euroraum-Prognose f\u00fcr 2025 (0,9%; Deutschland: 0,2%) anzuheben.<\/p>\n\n\n\n<p><strong>&#8230; aber in den Jahren danach Sch\u00e4den durch beschleunigte De-Globalisierung<\/strong><\/p>\n\n\n\n<p>L\u00f6st man sich von der kurzfristigen konjunkturellen Sicht und nimmt die lange Sicht ins Visier, so \u00fcberwiegen dagegen klar die negativen Auswirkungen der Trumpschen Wirtschaftspolitik f\u00fcr den Euroraum. Denn seine Zollpl\u00e4ne richten sich nicht nur gegen China, sondern gegen alle L\u00e4nder und somit auch gegen die europ\u00e4ischen Verb\u00fcndeten. Es drohen Gegenz\u00f6lle der EU, und ein Zollkrieg ist nicht v\u00f6llig ausgeschlossen. Die De-Globalisierung w\u00fcrde fortschreiten, die internationale Arbeitsteilung leiden. Das w\u00e4re negativ f\u00fcr die gesamte westliche Wirtschaft und damit auch f\u00fcr den Euroraum.<\/p>\n\n\n\n<p><strong>H\u00f6here Fed-Zinsen und Inflation sprechen f\u00fcr nicht ganz so niedrige EZB-Zinsen<\/strong><\/p>\n\n\n\n<p>Die sich abzeichnende h\u00f6here US-Inflation und etwas mehr Wachstum im Jahr 2025 sprechen f\u00fcr weniger Zinssenkungen durch die US-Notenbank Fed. Sie d\u00fcrfte ihren Leitzins (Obergrenze der Zinskorridors) nicht wie bisher von uns prognostiziert bis Mitte 2025 auf 3,5% senken wird, sondern nur auf 4,0%. Dabei w\u00fcrde sie weitere Zinssenkungen nicht ausschlie\u00dfen, sondern wegen der Erwartung einer zollbedingt h\u00f6heren Inflation lediglich den Auto-Piloten abschalten und betonen, von nun an von Fall zu Fall entscheiden zu wollen.<\/p>\n\n\n\n<p>Auf die EZB h\u00e4tte das keinen direkten Einfluss, weil der Euroraum ein \u00e4hnlich gro\u00dfer Wirtschaftsblock wie die USA ist und die EZB insofern ausreichend Freiraum f\u00fcr eine eigene Geldpolitik hat. Allerdings sprechen die mit Blick auf 2026 gestiegenen Inflationsrisiken durch Dollar-Aufwertung und Gegenz\u00f6lle f\u00fcr einen EZB-Zinsschritt weniger. Wir nehmen Abstand von der angedachten, aber bisher nicht ver\u00f6ffentlichten weiteren Leitzinssenkung auf 1,75% und belassen unsere Prognose f\u00fcr den EZB-Einlagensatz per Mitte 2025 bei 2,0%.<\/p>\n\n\n\n<p><strong>Versch\u00e4rfter Steuerwettbewerb<\/strong><\/p>\n\n\n\n<p>Donald Trump hat angek\u00fcndigt, den Satz f\u00fcr die K\u00f6rperschaftssteuer von gegenw\u00e4rtig 21% auf 15% zu senken. Nach den Erfahrungen seiner ersten Pr\u00e4sidentschaft d\u00fcrfte er diesen Plan weitgehend in die Realit\u00e4t umsetzen. Damit geriete Deutschland mit einem K\u00f6rperschaftssatz von durchschnittlich knapp 30% (inklusive Gewerbesteuer) weiter in die Defensive. Bereits heute landet Deutschland nach dem L\u00e4nderindex des Verbands der Familienunternehmen bei Unternehmensteuern verglichen mit 20 anderen Industriel\u00e4ndern nur auf dem 18. Platz (Abb. 1). Der Sieg Trumps d\u00fcrfte also den Steuerwettbewerb versch\u00e4rfen und den Trend unterst\u00fctzen, dass deutsche Unternehmen zunehmend Produktion in die USA verlagern.<\/p>\n\n\n\n<figure class=\"wp-block-image size-large\"><img loading=\"lazy\" decoding=\"async\" width=\"1024\" height=\"751\" src=\"https:\/\/wirtschaftlichefreiheit.de\/wordpress\/bilder\/trumpkraemer-1024x751.png\" alt=\"\" class=\"wp-image-38609\" srcset=\"https:\/\/wirtschaftlichefreiheit.de\/wordpress\/bilder\/trumpkraemer-1024x751.png 1024w, https:\/\/wirtschaftlichefreiheit.de\/wordpress\/bilder\/trumpkraemer-300x220.png 300w, https:\/\/wirtschaftlichefreiheit.de\/wordpress\/bilder\/trumpkraemer-768x563.png 768w, https:\/\/wirtschaftlichefreiheit.de\/wordpress\/bilder\/trumpkraemer-1536x1127.png 1536w, https:\/\/wirtschaftlichefreiheit.de\/wordpress\/bilder\/trumpkraemer-2048x1502.png 2048w\" sizes=\"auto, (max-width: 767px) 89vw, (max-width: 1000px) 54vw, (max-width: 1071px) 543px, 580px\" \/><\/figure>\n\n\n\n<p><strong>Erh\u00f6hte sicherheitspolitische Unsicherheit als Langfristrisiko<\/strong><\/p>\n\n\n\n<p>Ein h\u00e4ufig untersch\u00e4tztes Langfristrisiko stellt die ambivalente Haltung Trumps zur Nato dar. Das w\u00e4re kein Thema, wenn es in Europa keine nennenswerten milit\u00e4rischen Bedrohungen g\u00e4be und die west- und mitteleurop\u00e4ischen Armeen schlagkr\u00e4ftig w\u00e4ren. Aber Russland ist aggressiv, und die Verteidigungskraft der europ\u00e4ischen Demokratien schwach. Daher besteht ein gewisses Risiko, dass sich das stark r\u00fcstende Russland nach einem m\u00f6glichen Sieg \u00fcber die Ukraine in ein paar Jahren etwa gegen die baltischen Staaten richtet. Ohne uneingeschr\u00e4nkte US-Sicherheitsgarantien im Rahmen der Nato k\u00f6nnten die Anleger irgendwann beginnen, milit\u00e4rische Konflikte in Europa mit einer niedrigen, aber eben nicht zu vernachl\u00e4ssigenden Wahrscheinlichkeit einzupreisen. Das h\u00e4tte eindeutig negative Auswirkungen auf die Finanzm\u00e4rkte und die wirtschaftliche Entwicklung im Euroraum.<\/p>\n<!-- AddThis Advanced Settings generic via filter on the_content --><!-- AddThis Share Buttons generic via filter on the_content --><!-- AddThis Related Posts generic via filter on the_content -->","protected":false},"excerpt":{"rendered":"<p>Der Sieg Trumps hat auch Auswirkungen f\u00fcr den Euroraum und Deutschland. So d\u00fcrfte er die angedrohten Zollerh\u00f6hungen zumindest in Teilen umsetzen. Das spricht zusammen mit Gegenz\u00f6llen der EU mittelfristig f\u00fcr steigende Inflationsrisiken auch im Euroraum. Dar\u00fcberhinaus belastet die von Trump forcierte De-Globalisierung die exportorientierte deutsche Wirtschaft. Au\u00dferdem ger\u00e4t Deutschland im Steuerwettbewerb mit den USA weiter in die Defensive. Von der ambivalenten Haltungs Trumps zur Nato gehen langfristig nicht zu vernachl\u00e4ssigende wirtschaftliche Risiken aus.<!-- AddThis Advanced Settings generic via filter on wp_trim_excerpt --><!-- AddThis Share Buttons generic via filter on wp_trim_excerpt --><!-- AddThis Related Posts generic via filter on wp_trim_excerpt --><\/p>\n","protected":false},"author":323,"featured_media":38615,"comment_status":"open","ping_status":"open","sticky":false,"template":"","format":"standard","meta":{"footnotes":""},"categories":[2451],"tags":[3269,2333],"class_list":["post-38606","post","type-post","status-publish","format-standard","has-post-thumbnail","hentry","category-amerikanisches","tag-kraemer","tag-trump"],"yoast_head":"<!-- This site is optimized with the Yoast SEO plugin v27.2 - https:\/\/yoast.com\/product\/yoast-seo-wordpress\/ -->\n<title>Gastbeitrag Was Trumps Wahl f\u00fcr Deutschland bedeutet - Wirtschaftliche Freiheit<\/title>\n<meta name=\"robots\" content=\"index, follow, max-snippet:-1, max-image-preview:large, max-video-preview:-1\" \/>\n<link rel=\"canonical\" href=\"https:\/\/wirtschaftlichefreiheit.de\/wordpress\/?p=38606\" \/>\n<meta property=\"og:locale\" content=\"de_DE\" \/>\n<meta property=\"og:type\" content=\"article\" \/>\n<meta property=\"og:title\" content=\"Gastbeitrag Was Trumps Wahl f\u00fcr Deutschland bedeutet - Wirtschaftliche Freiheit\" \/>\n<meta property=\"og:description\" content=\"Der Sieg Trumps hat auch Auswirkungen f\u00fcr den Euroraum und Deutschland. So d\u00fcrfte er die angedrohten Zollerh\u00f6hungen zumindest in Teilen umsetzen. Das spricht zusammen mit Gegenz\u00f6llen der EU mittelfristig f\u00fcr steigende Inflationsrisiken auch im Euroraum. Dar\u00fcberhinaus belastet die von Trump forcierte De-Globalisierung die exportorientierte deutsche Wirtschaft. Au\u00dferdem ger\u00e4t Deutschland im Steuerwettbewerb mit den USA weiter in die Defensive. Von der ambivalenten Haltungs Trumps zur Nato gehen langfristig nicht zu vernachl\u00e4ssigende wirtschaftliche Risiken aus.\" \/>\n<meta property=\"og:url\" content=\"https:\/\/wirtschaftlichefreiheit.de\/wordpress\/?p=38606\" \/>\n<meta property=\"og:site_name\" content=\"Wirtschaftliche Freiheit\" \/>\n<meta property=\"article:published_time\" content=\"2024-11-06T23:01:00+00:00\" \/>\n<meta property=\"article:modified_time\" content=\"2024-11-08T11:33:53+00:00\" \/>\n<meta property=\"og:image\" content=\"http:\/\/wirtschaftlichefreiheit.de\/wordpress\/bilder\/trump1.png\" \/>\n\t<meta property=\"og:image:width\" content=\"2064\" \/>\n\t<meta property=\"og:image:height\" content=\"1299\" \/>\n\t<meta property=\"og:image:type\" content=\"image\/png\" \/>\n<meta name=\"author\" content=\"J\u00f6rg Kr\u00e4mer\" \/>\n<meta name=\"twitter:card\" content=\"summary_large_image\" \/>\n<meta name=\"twitter:label1\" content=\"Verfasst von\" \/>\n\t<meta name=\"twitter:data1\" content=\"J\u00f6rg Kr\u00e4mer\" \/>\n\t<meta name=\"twitter:label2\" content=\"Gesch\u00e4tzte Lesezeit\" \/>\n\t<meta name=\"twitter:data2\" content=\"6\u00a0Minuten\" \/>\n<script type=\"application\/ld+json\" class=\"yoast-schema-graph\">{\"@context\":\"https:\/\/schema.org\",\"@graph\":[{\"@type\":\"Article\",\"@id\":\"https:\/\/wirtschaftlichefreiheit.de\/wordpress\/?p=38606#article\",\"isPartOf\":{\"@id\":\"https:\/\/wirtschaftlichefreiheit.de\/wordpress\/?p=38606\"},\"author\":{\"name\":\"J\u00f6rg Kr\u00e4mer\",\"@id\":\"https:\/\/wirtschaftlichefreiheit.de\/wordpress\/#\/schema\/person\/fd5c106a98459af272f71e1312f49eec\"},\"headline\":\"Gastbeitrag Was Trumps Wahl f\u00fcr Deutschland bedeutet\",\"datePublished\":\"2024-11-06T23:01:00+00:00\",\"dateModified\":\"2024-11-08T11:33:53+00:00\",\"mainEntityOfPage\":{\"@id\":\"https:\/\/wirtschaftlichefreiheit.de\/wordpress\/?p=38606\"},\"wordCount\":951,\"commentCount\":3,\"image\":{\"@id\":\"https:\/\/wirtschaftlichefreiheit.de\/wordpress\/?p=38606#primaryimage\"},\"thumbnailUrl\":\"https:\/\/wirtschaftlichefreiheit.de\/wordpress\/bilder\/trump1.png\",\"keywords\":[\"Kr\u00e4mer\",\"Trump\"],\"articleSection\":[\"Amerikanisches\"],\"inLanguage\":\"de\",\"potentialAction\":[{\"@type\":\"CommentAction\",\"name\":\"Comment\",\"target\":[\"https:\/\/wirtschaftlichefreiheit.de\/wordpress\/?p=38606#respond\"]}]},{\"@type\":\"WebPage\",\"@id\":\"https:\/\/wirtschaftlichefreiheit.de\/wordpress\/?p=38606\",\"url\":\"https:\/\/wirtschaftlichefreiheit.de\/wordpress\/?p=38606\",\"name\":\"Gastbeitrag Was Trumps Wahl f\u00fcr Deutschland bedeutet - Wirtschaftliche Freiheit\",\"isPartOf\":{\"@id\":\"https:\/\/wirtschaftlichefreiheit.de\/wordpress\/#website\"},\"primaryImageOfPage\":{\"@id\":\"https:\/\/wirtschaftlichefreiheit.de\/wordpress\/?p=38606#primaryimage\"},\"image\":{\"@id\":\"https:\/\/wirtschaftlichefreiheit.de\/wordpress\/?p=38606#primaryimage\"},\"thumbnailUrl\":\"https:\/\/wirtschaftlichefreiheit.de\/wordpress\/bilder\/trump1.png\",\"datePublished\":\"2024-11-06T23:01:00+00:00\",\"dateModified\":\"2024-11-08T11:33:53+00:00\",\"author\":{\"@id\":\"https:\/\/wirtschaftlichefreiheit.de\/wordpress\/#\/schema\/person\/fd5c106a98459af272f71e1312f49eec\"},\"breadcrumb\":{\"@id\":\"https:\/\/wirtschaftlichefreiheit.de\/wordpress\/?p=38606#breadcrumb\"},\"inLanguage\":\"de\",\"potentialAction\":[{\"@type\":\"ReadAction\",\"target\":[\"https:\/\/wirtschaftlichefreiheit.de\/wordpress\/?p=38606\"]}]},{\"@type\":\"ImageObject\",\"inLanguage\":\"de\",\"@id\":\"https:\/\/wirtschaftlichefreiheit.de\/wordpress\/?p=38606#primaryimage\",\"url\":\"https:\/\/wirtschaftlichefreiheit.de\/wordpress\/bilder\/trump1.png\",\"contentUrl\":\"https:\/\/wirtschaftlichefreiheit.de\/wordpress\/bilder\/trump1.png\",\"width\":2064,\"height\":1299},{\"@type\":\"BreadcrumbList\",\"@id\":\"https:\/\/wirtschaftlichefreiheit.de\/wordpress\/?p=38606#breadcrumb\",\"itemListElement\":[{\"@type\":\"ListItem\",\"position\":1,\"name\":\"Startseite\",\"item\":\"https:\/\/wirtschaftlichefreiheit.de\/wordpress\"},{\"@type\":\"ListItem\",\"position\":2,\"name\":\"Gastbeitrag Was Trumps Wahl f\u00fcr Deutschland bedeutet\"}]},{\"@type\":\"WebSite\",\"@id\":\"https:\/\/wirtschaftlichefreiheit.de\/wordpress\/#website\",\"url\":\"https:\/\/wirtschaftlichefreiheit.de\/wordpress\/\",\"name\":\"Wirtschaftliche Freiheit\",\"description\":\"Das ordnungspolitische Journal\",\"potentialAction\":[{\"@type\":\"SearchAction\",\"target\":{\"@type\":\"EntryPoint\",\"urlTemplate\":\"https:\/\/wirtschaftlichefreiheit.de\/wordpress\/?s={search_term_string}\"},\"query-input\":{\"@type\":\"PropertyValueSpecification\",\"valueRequired\":true,\"valueName\":\"search_term_string\"}}],\"inLanguage\":\"de\"},{\"@type\":\"Person\",\"@id\":\"https:\/\/wirtschaftlichefreiheit.de\/wordpress\/#\/schema\/person\/fd5c106a98459af272f71e1312f49eec\",\"name\":\"J\u00f6rg Kr\u00e4mer\",\"image\":{\"@type\":\"ImageObject\",\"inLanguage\":\"de\",\"@id\":\"https:\/\/wirtschaftlichefreiheit.de\/wordpress\/bilder\/1567504157893.jpg\",\"url\":\"https:\/\/wirtschaftlichefreiheit.de\/wordpress\/bilder\/1567504157893.jpg\",\"contentUrl\":\"https:\/\/wirtschaftlichefreiheit.de\/wordpress\/bilder\/1567504157893.jpg\",\"caption\":\"J\u00f6rg Kr\u00e4mer\"},\"description\":\"Commerzbank AG\",\"url\":\"https:\/\/wirtschaftlichefreiheit.de\/wordpress\/?author=323\"}]}<\/script>\n<!-- \/ Yoast SEO plugin. -->","yoast_head_json":{"title":"Gastbeitrag Was Trumps Wahl f\u00fcr Deutschland bedeutet - Wirtschaftliche Freiheit","robots":{"index":"index","follow":"follow","max-snippet":"max-snippet:-1","max-image-preview":"max-image-preview:large","max-video-preview":"max-video-preview:-1"},"canonical":"https:\/\/wirtschaftlichefreiheit.de\/wordpress\/?p=38606","og_locale":"de_DE","og_type":"article","og_title":"Gastbeitrag Was Trumps Wahl f\u00fcr Deutschland bedeutet - Wirtschaftliche Freiheit","og_description":"Der Sieg Trumps hat auch Auswirkungen f\u00fcr den Euroraum und Deutschland. So d\u00fcrfte er die angedrohten Zollerh\u00f6hungen zumindest in Teilen umsetzen. Das spricht zusammen mit Gegenz\u00f6llen der EU mittelfristig f\u00fcr steigende Inflationsrisiken auch im Euroraum. Dar\u00fcberhinaus belastet die von Trump forcierte De-Globalisierung die exportorientierte deutsche Wirtschaft. Au\u00dferdem ger\u00e4t Deutschland im Steuerwettbewerb mit den USA weiter in die Defensive. Von der ambivalenten Haltungs Trumps zur Nato gehen langfristig nicht zu vernachl\u00e4ssigende wirtschaftliche Risiken aus.","og_url":"https:\/\/wirtschaftlichefreiheit.de\/wordpress\/?p=38606","og_site_name":"Wirtschaftliche Freiheit","article_published_time":"2024-11-06T23:01:00+00:00","article_modified_time":"2024-11-08T11:33:53+00:00","og_image":[{"width":2064,"height":1299,"url":"http:\/\/wirtschaftlichefreiheit.de\/wordpress\/bilder\/trump1.png","type":"image\/png"}],"author":"J\u00f6rg Kr\u00e4mer","twitter_card":"summary_large_image","twitter_misc":{"Verfasst von":"J\u00f6rg Kr\u00e4mer","Gesch\u00e4tzte Lesezeit":"6\u00a0Minuten"},"schema":{"@context":"https:\/\/schema.org","@graph":[{"@type":"Article","@id":"https:\/\/wirtschaftlichefreiheit.de\/wordpress\/?p=38606#article","isPartOf":{"@id":"https:\/\/wirtschaftlichefreiheit.de\/wordpress\/?p=38606"},"author":{"name":"J\u00f6rg Kr\u00e4mer","@id":"https:\/\/wirtschaftlichefreiheit.de\/wordpress\/#\/schema\/person\/fd5c106a98459af272f71e1312f49eec"},"headline":"Gastbeitrag Was Trumps Wahl f\u00fcr Deutschland bedeutet","datePublished":"2024-11-06T23:01:00+00:00","dateModified":"2024-11-08T11:33:53+00:00","mainEntityOfPage":{"@id":"https:\/\/wirtschaftlichefreiheit.de\/wordpress\/?p=38606"},"wordCount":951,"commentCount":3,"image":{"@id":"https:\/\/wirtschaftlichefreiheit.de\/wordpress\/?p=38606#primaryimage"},"thumbnailUrl":"https:\/\/wirtschaftlichefreiheit.de\/wordpress\/bilder\/trump1.png","keywords":["Kr\u00e4mer","Trump"],"articleSection":["Amerikanisches"],"inLanguage":"de","potentialAction":[{"@type":"CommentAction","name":"Comment","target":["https:\/\/wirtschaftlichefreiheit.de\/wordpress\/?p=38606#respond"]}]},{"@type":"WebPage","@id":"https:\/\/wirtschaftlichefreiheit.de\/wordpress\/?p=38606","url":"https:\/\/wirtschaftlichefreiheit.de\/wordpress\/?p=38606","name":"Gastbeitrag Was Trumps Wahl f\u00fcr Deutschland bedeutet - Wirtschaftliche Freiheit","isPartOf":{"@id":"https:\/\/wirtschaftlichefreiheit.de\/wordpress\/#website"},"primaryImageOfPage":{"@id":"https:\/\/wirtschaftlichefreiheit.de\/wordpress\/?p=38606#primaryimage"},"image":{"@id":"https:\/\/wirtschaftlichefreiheit.de\/wordpress\/?p=38606#primaryimage"},"thumbnailUrl":"https:\/\/wirtschaftlichefreiheit.de\/wordpress\/bilder\/trump1.png","datePublished":"2024-11-06T23:01:00+00:00","dateModified":"2024-11-08T11:33:53+00:00","author":{"@id":"https:\/\/wirtschaftlichefreiheit.de\/wordpress\/#\/schema\/person\/fd5c106a98459af272f71e1312f49eec"},"breadcrumb":{"@id":"https:\/\/wirtschaftlichefreiheit.de\/wordpress\/?p=38606#breadcrumb"},"inLanguage":"de","potentialAction":[{"@type":"ReadAction","target":["https:\/\/wirtschaftlichefreiheit.de\/wordpress\/?p=38606"]}]},{"@type":"ImageObject","inLanguage":"de","@id":"https:\/\/wirtschaftlichefreiheit.de\/wordpress\/?p=38606#primaryimage","url":"https:\/\/wirtschaftlichefreiheit.de\/wordpress\/bilder\/trump1.png","contentUrl":"https:\/\/wirtschaftlichefreiheit.de\/wordpress\/bilder\/trump1.png","width":2064,"height":1299},{"@type":"BreadcrumbList","@id":"https:\/\/wirtschaftlichefreiheit.de\/wordpress\/?p=38606#breadcrumb","itemListElement":[{"@type":"ListItem","position":1,"name":"Startseite","item":"https:\/\/wirtschaftlichefreiheit.de\/wordpress"},{"@type":"ListItem","position":2,"name":"Gastbeitrag Was Trumps Wahl f\u00fcr Deutschland bedeutet"}]},{"@type":"WebSite","@id":"https:\/\/wirtschaftlichefreiheit.de\/wordpress\/#website","url":"https:\/\/wirtschaftlichefreiheit.de\/wordpress\/","name":"Wirtschaftliche Freiheit","description":"Das ordnungspolitische Journal","potentialAction":[{"@type":"SearchAction","target":{"@type":"EntryPoint","urlTemplate":"https:\/\/wirtschaftlichefreiheit.de\/wordpress\/?s={search_term_string}"},"query-input":{"@type":"PropertyValueSpecification","valueRequired":true,"valueName":"search_term_string"}}],"inLanguage":"de"},{"@type":"Person","@id":"https:\/\/wirtschaftlichefreiheit.de\/wordpress\/#\/schema\/person\/fd5c106a98459af272f71e1312f49eec","name":"J\u00f6rg Kr\u00e4mer","image":{"@type":"ImageObject","inLanguage":"de","@id":"https:\/\/wirtschaftlichefreiheit.de\/wordpress\/bilder\/1567504157893.jpg","url":"https:\/\/wirtschaftlichefreiheit.de\/wordpress\/bilder\/1567504157893.jpg","contentUrl":"https:\/\/wirtschaftlichefreiheit.de\/wordpress\/bilder\/1567504157893.jpg","caption":"J\u00f6rg Kr\u00e4mer"},"description":"Commerzbank AG","url":"https:\/\/wirtschaftlichefreiheit.de\/wordpress\/?author=323"}]}},"_links":{"self":[{"href":"https:\/\/wirtschaftlichefreiheit.de\/wordpress\/index.php?rest_route=\/wp\/v2\/posts\/38606","targetHints":{"allow":["GET"]}}],"collection":[{"href":"https:\/\/wirtschaftlichefreiheit.de\/wordpress\/index.php?rest_route=\/wp\/v2\/posts"}],"about":[{"href":"https:\/\/wirtschaftlichefreiheit.de\/wordpress\/index.php?rest_route=\/wp\/v2\/types\/post"}],"author":[{"embeddable":true,"href":"https:\/\/wirtschaftlichefreiheit.de\/wordpress\/index.php?rest_route=\/wp\/v2\/users\/323"}],"replies":[{"embeddable":true,"href":"https:\/\/wirtschaftlichefreiheit.de\/wordpress\/index.php?rest_route=%2Fwp%2Fv2%2Fcomments&post=38606"}],"version-history":[{"count":6,"href":"https:\/\/wirtschaftlichefreiheit.de\/wordpress\/index.php?rest_route=\/wp\/v2\/posts\/38606\/revisions"}],"predecessor-version":[{"id":38624,"href":"https:\/\/wirtschaftlichefreiheit.de\/wordpress\/index.php?rest_route=\/wp\/v2\/posts\/38606\/revisions\/38624"}],"wp:featuredmedia":[{"embeddable":true,"href":"https:\/\/wirtschaftlichefreiheit.de\/wordpress\/index.php?rest_route=\/wp\/v2\/media\/38615"}],"wp:attachment":[{"href":"https:\/\/wirtschaftlichefreiheit.de\/wordpress\/index.php?rest_route=%2Fwp%2Fv2%2Fmedia&parent=38606"}],"wp:term":[{"taxonomy":"category","embeddable":true,"href":"https:\/\/wirtschaftlichefreiheit.de\/wordpress\/index.php?rest_route=%2Fwp%2Fv2%2Fcategories&post=38606"},{"taxonomy":"post_tag","embeddable":true,"href":"https:\/\/wirtschaftlichefreiheit.de\/wordpress\/index.php?rest_route=%2Fwp%2Fv2%2Ftags&post=38606"}],"curies":[{"name":"wp","href":"https:\/\/api.w.org\/{rel}","templated":true}]}}