{"id":38720,"date":"2024-11-21T00:10:00","date_gmt":"2024-11-20T23:10:00","guid":{"rendered":"https:\/\/wirtschaftlichefreiheit.de\/wordpress\/?p=38720"},"modified":"2024-11-21T06:02:50","modified_gmt":"2024-11-21T05:02:50","slug":"gut-dass-sich-der-sachverstaendigenrat-ausfuehrlich-dem-thema-wohnen-widmet","status":"publish","type":"post","link":"https:\/\/wirtschaftlichefreiheit.de\/wordpress\/?p=38720","title":{"rendered":"Gut, dass sich der Sachverst\u00e4ndigenrat ausf\u00fchrlich dem Thema Wohnen widmet"},"content":{"rendered":"\n<p>In seinem Jahresgutachten 2024\/2025 r\u00e4umt der Sachverst\u00e4ndigenrat (SVR) dem Thema Wohnen auf \u00fcber 60 Seiten in seinem Kapitel 4 sehr viel Platz ein: Insgesamt gibt es fast 800 Wortnennungen mit dem Wortteil \u201eWohn~\u201c und \u00fcber 60 mit dem Wortteil \u201eImmobilien~\u201c im Gutachten. Zwar hat sich der SVR in den letzten Jahren immer wieder mit Wohnungsthemen auseinandergesetzt (siehe Tabelle 1), doch die Intensit\u00e4t im aktuellen Gutachten ist beachtlich.<\/p>\n\n\n\n<p><strong>Tabelle 1<\/strong>: Auswertung zu Worth\u00e4ufigkeiten innerhalb der Jahresgutachten des SVR von 2012 bis 2024<\/p>\n\n\n\n<figure class=\"wp-block-image size-full\"><img loading=\"lazy\" decoding=\"async\" width=\"669\" height=\"1024\" src=\"https:\/\/wirtschaftlichefreiheit.de\/wordpress\/bilder\/wohnensvr-669x1024-1.png\" alt=\"\" class=\"wp-image-38732\" srcset=\"https:\/\/wirtschaftlichefreiheit.de\/wordpress\/bilder\/wohnensvr-669x1024-1.png 669w, https:\/\/wirtschaftlichefreiheit.de\/wordpress\/bilder\/wohnensvr-669x1024-1-196x300.png 196w\" sizes=\"auto, (max-width: 669px) 100vw, 669px\" \/><\/figure>\n\n\n\n<p>Quellen: Eigene Erhebung aus den Jahresgutachten des Sachverst\u00e4ndigenrates zur Begutachtung der gesamtwirtschaftlichen Lage in den jeweiligen Jahren.<\/p>\n\n\n\n<p>Zwar gibt es aktuell angesichts einer regelrechten Krisenkaskade in den letzten Jahren wahrlich dringliche Themen, doch f\u00fcr viele private Haushalte gerade in der unteren Einkommensh\u00e4lfte und in den Ballungsr\u00e4umen ist der Zugang zu erschwinglichem Wohnraum weiterhin eines der zentralen Themen, und gerade mit Blick auf die anstehende Bundestagswahl sowie die m\u00f6gliche Neusortierung transatlantischer Beziehungen w\u00e4re zu bef\u00fcrchten, dass das Wohnungsthema sowohl im Wahlkampf als auch in sp\u00e4teren Koalitionsverhandlungen herunterfiele. Dass in den Medien sowie in der Politik \u00fcber dieses wichtige Kapitel des Gutachtens bisher fast \u00fcberhaupt nicht berichtet oder diskutiert wird, l\u00e4sst bef\u00fcrchten, dass Wohnen kein Wahlkampfthema wird.<\/p>\n\n\n\n<p>Dabei ist dieses Kapitel 4 wirklich lesenswert und mit der \u00dcberschrift: \u201eWohnen in Deutschland: Knappheiten beheben und Zugang erleichtern\u201c geradezu programmatisch pointiert \u00fcberschrieben. Der SVR macht deutlich, dass eine L\u00f6sung vor allem auf der Angebotsseite zu suchen ist, denn die f\u00fcr das Gutachten gesch\u00e4tzten (wahrscheinlich kurzfristigen) Angebotselastizit\u00e4ten sind nicht nur sehr niedrig, sie sind v.a. deutlich niedriger als in empirischen Studien f\u00fcr viele andere OECD-Staaten. Die deutsche Baut\u00e4tigkeit reagiert zu langsam und zu schwach auf Nachfrage\u00e4nderungen. Dass zudem die Elastizit\u00e4ten gerade dort niedrig sind, wo Wohnraum am dringendsten ben\u00f6tigt wird \u2013 in den Ballungszentren \u2013 unterstreicht den Fokus auf Angebotsma\u00dfnahmen im Gutachten.<\/p>\n\n\n\n<p>Die vorgeschlagenen Ma\u00dfnahmen zur L\u00f6sung der Probleme bieten zwar Marktbeobachtern wenig Neues \u2013 es geht um Harmonisierung von Regeln, Baulandaktivierung, den Geb\u00e4udetypus E f\u00fcr regelerleichtertes Bauen, Grenzen der Mietregulierung sowie vereinzelte Steuerma\u00dfnahmen \u2013 und doch sind (wenigstens) sechs Punkte bemerkenswert:<\/p>\n\n\n\n<ol class=\"wp-block-list\">\n<li>Relativ vorsichtig \u00e4u\u00dfert sich die Mehrheit im SVR mit Blick auf Kappungsgrenzen und Mietpreisbremse, dass eine weitere Verl\u00e4ngerung jenseits 2028 schwer zu argumentieren w\u00e4re und dass mietregulierende Ma\u00dfnahmen stets tempor\u00e4r begrenzt gesetzt sein sollten. Doch gerade in der Verl\u00e4ngerung zeigt sich das Problem der Zeitinkonsistenz bei politisch unbeliebten Entscheidungen, und dies wird m.A. zu Recht in der Minderheitsmeinung zum Ausdruck gebracht. Sicherlich ist eine Mietpreisbremse weniger sch\u00e4dlich als ein Mietendeckel, doch eine verl\u00e4ngerte, eigentlich tempor\u00e4r begrenzte Ma\u00dfnahme schadet der Glaubw\u00fcrdigkeit, und dies gef\u00e4hrdet den notwendigen Investitionsschub.<\/li>\n\n\n\n<li>Richtigerweise betont der SVR, dass zus\u00e4tzliches Angebot nicht nur in Nachverdichtungen und Aufstockungen, sondern auch in Fl\u00e4chenwachstum gesucht werden kann und sollte, gerade weil dort die Angebotselastizit\u00e4t h\u00f6her ist als in hoch verdichteten R\u00e4umen.<\/li>\n\n\n\n<li>Der SVR mahnt explizit an, dass Subjektf\u00f6rderung durch Objektf\u00f6rderung flankiert werden sollte. Dies ist keine Empfehlung aus dem Grundlagenlehrbuch der Mikro\u00f6konomie, doch es zeigt zu Recht, dass es auf Wohnungsm\u00e4rkten Diskriminierung geben kann, und dann braucht es mitunter mehr als nur Preismechanismen.<\/li>\n\n\n\n<li>Der SVR betont in der Mehrheitsmeinung, dass das Konzept der Grundsteuer C, also einer h\u00f6heren Besteuerung von Baugrundst\u00fccken, die bebaut werden k\u00f6nnten, aber eben (noch) nicht bebaut werden, Bauma\u00dfnahmen anschieben kann. Da momentan der gr\u00f6\u00dfte Hemmschuh jedoch die fehlende Renditem\u00f6glichkeit bei vielen Bauprojekten ist, kann dieser Impuls auch in Rechtsf\u00e4llen, neuen Finanzproblemen bei zahlungsschwachen Bauherren und damit Zwangsver\u00e4u\u00dferungen m\u00fcnden, und nicht nur in etwas mehr Baut\u00e4tigkeit.<\/li>\n\n\n\n<li>Der SVR spricht sich f\u00fcr eine Grunderwerbsteuersenkung aus mit Verweis auf Studien, die auf einen Anstieg der Baugenehmigungen schlie\u00dfen lassen. Hier w\u00e4re es m.A. wichtig gewesen, dass es eben auch Studien gibt, die steigende Preise im Zuge einer Steuersenkung erwarten lassen. Dies muss zwar nicht grunds\u00e4tzlich gegen die gesenkten Steuern sprechen, m\u00fcssen die Erwerbsnebenkosten doch \u00fcblicherweise mit Eigenkapital bezahlt werden, aber die Ma\u00dfnahme ist eben kein free lunch \u2013 zumal der Einnahmeausfall der \u00f6ffentlichen Hand kompensiert werden m\u00fcsste.<\/li>\n\n\n\n<li>Bemerkenswert ist schlie\u00dflich, dass in dem Kapitel wenig zu Finanzierungsfragen steht. Letztlich war es der Zinsanstieg (sowie der Anstieg der Baukosten), der den Markt f\u00fcr Projektentwicklungen und Transaktionen hat einbrechen lassen; die unterschiedlichen Regulierungsschleifen f\u00fcr Finanzinstitutionen verst\u00e4rken diesen Effekt. Eine Bewertung dieser Bankenregulierungen mit ihren Implikationen f\u00fcr die Angebotsseite w\u00e4re auch in Kapitel 4 wertvoll gewesen, eine Verzahnung mit den Ausf\u00fchrungen zur Finanzstabilit\u00e4t als zus\u00e4tzliche Abw\u00e4gung hilfreich.<\/li>\n<\/ol>\n\n\n\n<p>Es lie\u00dfe sich auch jenseits dieser tats\u00e4chlich subjektiv gef\u00e4rbten sechs Punkte \u00fcber Ma\u00dfnahmen und Bewertungen diskutieren. Doch wichtiger als die Suche nach dem perfekten Ma\u00dfnahmenb\u00fcndel w\u00e4ren schnelle Umsetzungen m\u00f6glichst vieler der vorgeschlagenen Ma\u00dfnahmen, denn die Bauwirtschaft befindet sich in einer scharfer Abw\u00e4rtsbewegung. Und die R\u00fcckwirkungen werden nicht nur \u00fcber ineffiziente Arbeitsm\u00e4rkte, sondern eben auch \u00fcber den fehlenden Bauimpuls die wirtschaftliche Dynamik bremsen.<\/p>\n\n\n\n<p>Insofern besteht der Wert von Kapitel 4 darin, dass es einem wichtigen sozialen Thema unserer Zeit den Raum gibt, den es verdient. Mit Blick auf Tabelle 1 und die seit Jahren steigenden Mieten, Preise, r\u00fcckl\u00e4ufigen Baugenehmigungen und Kapazit\u00e4tsauslastungen kommt die Adresse des SVR jedenfalls nicht zu fr\u00fch. W\u00fcnschen wir uns und vor allem den Wohnungssuchenden, dass das Kapitel 4 mehr Medienresonanz und politische Beachtung erf\u00e4hrt.<\/p>\n\n\n\n<p><strong>Quellen:<\/strong><\/p>\n\n\n\n<p>Dolls, M., Fuest, C., Krolage, C., Neumeier, F. (2020). <a href=\"https:\/\/ideas.repec.org\/p\/zbw\/vfsc20\/224525.html\">Who Bears the Burden of Real Estate Transfer Taxes? Evidence from the German Housing Market<\/a>, <a href=\"https:\/\/ideas.repec.org\/s\/zbw\/vfsc20.html\">VfS Annual Conference 2020 (Virtual Conference): Gender Economics<\/a> 224525, Verein f\u00fcr Socialpolitik \/ German Economic Association.<\/p>\n\n\n\n<p>Saiz, A. (2024). Long Run Housing Supply: Role, Determinants, and Measurement (September 25, 2024). MIT Center for Real Estate Research Paper No. 24\/11, Available at SSRN: <a href=\"https:\/\/ssrn.com\/abstract=4967904\" target=\"_blank\" rel=\"noreferrer noopener\">https:\/\/ssrn.com\/abstract=4967904<\/a> or <a href=\"https:\/\/dx.doi.org\/10.2139\/ssrn.4967904\" target=\"_blank\" rel=\"noreferrer noopener\">http:\/\/dx.doi.org\/10.2139\/ssrn.4967904<\/a><\/p>\n\n\n\n<p>SVR (2024). Vers\u00e4umnisse angehen, entschlossen modernisieren. Jahresgutachten 2024\/2025. Wiesbaden. <a href=\"http:\/\/www.sachverstaendigenrat-wirtschaft.de\">www.sachverstaendigenrat-wirtschaft.de<\/a>.<\/p>\n<!-- AddThis Advanced Settings generic via filter on the_content --><!-- AddThis Share Buttons generic via filter on the_content --><!-- AddThis Related Posts generic via filter on the_content -->","protected":false},"excerpt":{"rendered":"<p>Der Sachverst\u00e4ndigenrat nimmt auf \u00fcber 60 Seiten dezidiert zu Wohnungsmarkt- und wohnungspolitischen Themen Stellung, und niemand in der Presse- und Politiklandschaft scheint sich daf\u00fcr zu interessieren. Man muss nicht alle Empfehlungen teilen &#8211; offenbar wurde auch innerhalb des Rates diskutiert &#8211; doch man sollte das Thema Wohnen hoch auf der politischen und medialen Agenda belassen.<!-- AddThis Advanced Settings generic via filter on wp_trim_excerpt --><!-- AddThis Share Buttons generic via filter on wp_trim_excerpt --><!-- AddThis Related Posts generic via filter on wp_trim_excerpt --><\/p>\n","protected":false},"author":411,"featured_media":38728,"comment_status":"open","ping_status":"open","sticky":false,"template":"","format":"quote","meta":{"footnotes":""},"categories":[3342],"tags":[4150,1178,4709],"class_list":["post-38720","post","type-post","status-publish","format-quote","has-post-thumbnail","hentry","category-immobiles","tag-just","tag-sachverstandigenrat","tag-wohnen","post_format-post-format-quote"],"yoast_head":"<!-- This site is optimized with the Yoast SEO plugin v27.2 - https:\/\/yoast.com\/product\/yoast-seo-wordpress\/ -->\n<title>Gut, dass sich der Sachverst\u00e4ndigenrat ausf\u00fchrlich dem Thema Wohnen widmet - Wirtschaftliche Freiheit<\/title>\n<meta name=\"robots\" content=\"index, follow, max-snippet:-1, max-image-preview:large, max-video-preview:-1\" \/>\n<link rel=\"canonical\" href=\"https:\/\/wirtschaftlichefreiheit.de\/wordpress\/?p=38720\" \/>\n<meta property=\"og:locale\" content=\"de_DE\" \/>\n<meta property=\"og:type\" content=\"article\" \/>\n<meta property=\"og:title\" content=\"Gut, dass sich der Sachverst\u00e4ndigenrat ausf\u00fchrlich dem Thema Wohnen widmet - Wirtschaftliche Freiheit\" \/>\n<meta property=\"og:description\" content=\"Der Sachverst\u00e4ndigenrat nimmt auf \u00fcber 60 Seiten dezidiert zu Wohnungsmarkt- und wohnungspolitischen Themen Stellung, und niemand in der Presse- und Politiklandschaft scheint sich daf\u00fcr zu interessieren. Man muss nicht alle Empfehlungen teilen - offenbar wurde auch innerhalb des Rates diskutiert - doch man sollte das Thema Wohnen hoch auf der politischen und medialen Agenda belassen.\" \/>\n<meta property=\"og:url\" content=\"https:\/\/wirtschaftlichefreiheit.de\/wordpress\/?p=38720\" \/>\n<meta property=\"og:site_name\" content=\"Wirtschaftliche Freiheit\" \/>\n<meta property=\"article:published_time\" content=\"2024-11-20T23:10:00+00:00\" \/>\n<meta property=\"article:modified_time\" content=\"2024-11-21T05:02:50+00:00\" \/>\n<meta property=\"og:image\" content=\"http:\/\/wirtschaftlichefreiheit.de\/wordpress\/bilder\/wohnen-1024x769.png\" \/>\n\t<meta property=\"og:image:width\" content=\"1024\" \/>\n\t<meta property=\"og:image:height\" content=\"769\" \/>\n\t<meta property=\"og:image:type\" content=\"image\/png\" \/>\n<meta name=\"author\" content=\"Tobias Just\" \/>\n<meta name=\"twitter:card\" content=\"summary_large_image\" \/>\n<meta name=\"twitter:label1\" content=\"Verfasst von\" \/>\n\t<meta name=\"twitter:data1\" content=\"Tobias Just\" \/>\n\t<meta name=\"twitter:label2\" content=\"Gesch\u00e4tzte Lesezeit\" \/>\n\t<meta name=\"twitter:data2\" content=\"6\u00a0Minuten\" \/>\n<script type=\"application\/ld+json\" class=\"yoast-schema-graph\">{\"@context\":\"https:\/\/schema.org\",\"@graph\":[{\"@type\":\"Article\",\"@id\":\"https:\/\/wirtschaftlichefreiheit.de\/wordpress\/?p=38720#article\",\"isPartOf\":{\"@id\":\"https:\/\/wirtschaftlichefreiheit.de\/wordpress\/?p=38720\"},\"author\":{\"name\":\"Tobias Just\",\"@id\":\"https:\/\/wirtschaftlichefreiheit.de\/wordpress\/#\/schema\/person\/91beac8a7a01f109f3b62e2c897b15bb\"},\"headline\":\"Gut, dass sich der Sachverst\u00e4ndigenrat ausf\u00fchrlich dem Thema Wohnen widmet\",\"datePublished\":\"2024-11-20T23:10:00+00:00\",\"dateModified\":\"2024-11-21T05:02:50+00:00\",\"mainEntityOfPage\":{\"@id\":\"https:\/\/wirtschaftlichefreiheit.de\/wordpress\/?p=38720\"},\"wordCount\":1010,\"commentCount\":0,\"image\":{\"@id\":\"https:\/\/wirtschaftlichefreiheit.de\/wordpress\/?p=38720#primaryimage\"},\"thumbnailUrl\":\"https:\/\/wirtschaftlichefreiheit.de\/wordpress\/bilder\/wohnen.png\",\"keywords\":[\"Just\",\"Sachverst\u00e4ndigenrat\",\"Wohnen\"],\"articleSection\":[\"Immobiles\"],\"inLanguage\":\"de\",\"potentialAction\":[{\"@type\":\"CommentAction\",\"name\":\"Comment\",\"target\":[\"https:\/\/wirtschaftlichefreiheit.de\/wordpress\/?p=38720#respond\"]}]},{\"@type\":\"WebPage\",\"@id\":\"https:\/\/wirtschaftlichefreiheit.de\/wordpress\/?p=38720\",\"url\":\"https:\/\/wirtschaftlichefreiheit.de\/wordpress\/?p=38720\",\"name\":\"Gut, dass sich der Sachverst\u00e4ndigenrat ausf\u00fchrlich dem Thema Wohnen widmet - Wirtschaftliche Freiheit\",\"isPartOf\":{\"@id\":\"https:\/\/wirtschaftlichefreiheit.de\/wordpress\/#website\"},\"primaryImageOfPage\":{\"@id\":\"https:\/\/wirtschaftlichefreiheit.de\/wordpress\/?p=38720#primaryimage\"},\"image\":{\"@id\":\"https:\/\/wirtschaftlichefreiheit.de\/wordpress\/?p=38720#primaryimage\"},\"thumbnailUrl\":\"https:\/\/wirtschaftlichefreiheit.de\/wordpress\/bilder\/wohnen.png\",\"datePublished\":\"2024-11-20T23:10:00+00:00\",\"dateModified\":\"2024-11-21T05:02:50+00:00\",\"author\":{\"@id\":\"https:\/\/wirtschaftlichefreiheit.de\/wordpress\/#\/schema\/person\/91beac8a7a01f109f3b62e2c897b15bb\"},\"breadcrumb\":{\"@id\":\"https:\/\/wirtschaftlichefreiheit.de\/wordpress\/?p=38720#breadcrumb\"},\"inLanguage\":\"de\",\"potentialAction\":[{\"@type\":\"ReadAction\",\"target\":[\"https:\/\/wirtschaftlichefreiheit.de\/wordpress\/?p=38720\"]}]},{\"@type\":\"ImageObject\",\"inLanguage\":\"de\",\"@id\":\"https:\/\/wirtschaftlichefreiheit.de\/wordpress\/?p=38720#primaryimage\",\"url\":\"https:\/\/wirtschaftlichefreiheit.de\/wordpress\/bilder\/wohnen.png\",\"contentUrl\":\"https:\/\/wirtschaftlichefreiheit.de\/wordpress\/bilder\/wohnen.png\",\"width\":1732,\"height\":1300},{\"@type\":\"BreadcrumbList\",\"@id\":\"https:\/\/wirtschaftlichefreiheit.de\/wordpress\/?p=38720#breadcrumb\",\"itemListElement\":[{\"@type\":\"ListItem\",\"position\":1,\"name\":\"Startseite\",\"item\":\"https:\/\/wirtschaftlichefreiheit.de\/wordpress\"},{\"@type\":\"ListItem\",\"position\":2,\"name\":\"Gut, dass sich der Sachverst\u00e4ndigenrat ausf\u00fchrlich dem Thema Wohnen widmet\"}]},{\"@type\":\"WebSite\",\"@id\":\"https:\/\/wirtschaftlichefreiheit.de\/wordpress\/#website\",\"url\":\"https:\/\/wirtschaftlichefreiheit.de\/wordpress\/\",\"name\":\"Wirtschaftliche Freiheit\",\"description\":\"Das ordnungspolitische Journal\",\"potentialAction\":[{\"@type\":\"SearchAction\",\"target\":{\"@type\":\"EntryPoint\",\"urlTemplate\":\"https:\/\/wirtschaftlichefreiheit.de\/wordpress\/?s={search_term_string}\"},\"query-input\":{\"@type\":\"PropertyValueSpecification\",\"valueRequired\":true,\"valueName\":\"search_term_string\"}}],\"inLanguage\":\"de\"},{\"@type\":\"Person\",\"@id\":\"https:\/\/wirtschaftlichefreiheit.de\/wordpress\/#\/schema\/person\/91beac8a7a01f109f3b62e2c897b15bb\",\"name\":\"Tobias Just\",\"image\":{\"@type\":\"ImageObject\",\"inLanguage\":\"de\",\"@id\":\"https:\/\/wirtschaftlichefreiheit.de\/wordpress\/bilder\/just123-1.png\",\"url\":\"https:\/\/wirtschaftlichefreiheit.de\/wordpress\/bilder\/just123-1.png\",\"contentUrl\":\"https:\/\/wirtschaftlichefreiheit.de\/wordpress\/bilder\/just123-1.png\",\"caption\":\"Tobias Just\"},\"description\":\"IREBS Immobilienakademie und Universit\u00e4t Regensburg.\",\"url\":\"https:\/\/wirtschaftlichefreiheit.de\/wordpress\/?author=411\"}]}<\/script>\n<!-- \/ Yoast SEO plugin. -->","yoast_head_json":{"title":"Gut, dass sich der Sachverst\u00e4ndigenrat ausf\u00fchrlich dem Thema Wohnen widmet - Wirtschaftliche Freiheit","robots":{"index":"index","follow":"follow","max-snippet":"max-snippet:-1","max-image-preview":"max-image-preview:large","max-video-preview":"max-video-preview:-1"},"canonical":"https:\/\/wirtschaftlichefreiheit.de\/wordpress\/?p=38720","og_locale":"de_DE","og_type":"article","og_title":"Gut, dass sich der Sachverst\u00e4ndigenrat ausf\u00fchrlich dem Thema Wohnen widmet - Wirtschaftliche Freiheit","og_description":"Der Sachverst\u00e4ndigenrat nimmt auf \u00fcber 60 Seiten dezidiert zu Wohnungsmarkt- und wohnungspolitischen Themen Stellung, und niemand in der Presse- und Politiklandschaft scheint sich daf\u00fcr zu interessieren. Man muss nicht alle Empfehlungen teilen - offenbar wurde auch innerhalb des Rates diskutiert - doch man sollte das Thema Wohnen hoch auf der politischen und medialen Agenda belassen.","og_url":"https:\/\/wirtschaftlichefreiheit.de\/wordpress\/?p=38720","og_site_name":"Wirtschaftliche Freiheit","article_published_time":"2024-11-20T23:10:00+00:00","article_modified_time":"2024-11-21T05:02:50+00:00","og_image":[{"width":1024,"height":769,"url":"http:\/\/wirtschaftlichefreiheit.de\/wordpress\/bilder\/wohnen-1024x769.png","type":"image\/png"}],"author":"Tobias Just","twitter_card":"summary_large_image","twitter_misc":{"Verfasst von":"Tobias Just","Gesch\u00e4tzte Lesezeit":"6\u00a0Minuten"},"schema":{"@context":"https:\/\/schema.org","@graph":[{"@type":"Article","@id":"https:\/\/wirtschaftlichefreiheit.de\/wordpress\/?p=38720#article","isPartOf":{"@id":"https:\/\/wirtschaftlichefreiheit.de\/wordpress\/?p=38720"},"author":{"name":"Tobias Just","@id":"https:\/\/wirtschaftlichefreiheit.de\/wordpress\/#\/schema\/person\/91beac8a7a01f109f3b62e2c897b15bb"},"headline":"Gut, dass sich der Sachverst\u00e4ndigenrat ausf\u00fchrlich dem Thema Wohnen widmet","datePublished":"2024-11-20T23:10:00+00:00","dateModified":"2024-11-21T05:02:50+00:00","mainEntityOfPage":{"@id":"https:\/\/wirtschaftlichefreiheit.de\/wordpress\/?p=38720"},"wordCount":1010,"commentCount":0,"image":{"@id":"https:\/\/wirtschaftlichefreiheit.de\/wordpress\/?p=38720#primaryimage"},"thumbnailUrl":"https:\/\/wirtschaftlichefreiheit.de\/wordpress\/bilder\/wohnen.png","keywords":["Just","Sachverst\u00e4ndigenrat","Wohnen"],"articleSection":["Immobiles"],"inLanguage":"de","potentialAction":[{"@type":"CommentAction","name":"Comment","target":["https:\/\/wirtschaftlichefreiheit.de\/wordpress\/?p=38720#respond"]}]},{"@type":"WebPage","@id":"https:\/\/wirtschaftlichefreiheit.de\/wordpress\/?p=38720","url":"https:\/\/wirtschaftlichefreiheit.de\/wordpress\/?p=38720","name":"Gut, dass sich der Sachverst\u00e4ndigenrat ausf\u00fchrlich dem Thema Wohnen widmet - Wirtschaftliche Freiheit","isPartOf":{"@id":"https:\/\/wirtschaftlichefreiheit.de\/wordpress\/#website"},"primaryImageOfPage":{"@id":"https:\/\/wirtschaftlichefreiheit.de\/wordpress\/?p=38720#primaryimage"},"image":{"@id":"https:\/\/wirtschaftlichefreiheit.de\/wordpress\/?p=38720#primaryimage"},"thumbnailUrl":"https:\/\/wirtschaftlichefreiheit.de\/wordpress\/bilder\/wohnen.png","datePublished":"2024-11-20T23:10:00+00:00","dateModified":"2024-11-21T05:02:50+00:00","author":{"@id":"https:\/\/wirtschaftlichefreiheit.de\/wordpress\/#\/schema\/person\/91beac8a7a01f109f3b62e2c897b15bb"},"breadcrumb":{"@id":"https:\/\/wirtschaftlichefreiheit.de\/wordpress\/?p=38720#breadcrumb"},"inLanguage":"de","potentialAction":[{"@type":"ReadAction","target":["https:\/\/wirtschaftlichefreiheit.de\/wordpress\/?p=38720"]}]},{"@type":"ImageObject","inLanguage":"de","@id":"https:\/\/wirtschaftlichefreiheit.de\/wordpress\/?p=38720#primaryimage","url":"https:\/\/wirtschaftlichefreiheit.de\/wordpress\/bilder\/wohnen.png","contentUrl":"https:\/\/wirtschaftlichefreiheit.de\/wordpress\/bilder\/wohnen.png","width":1732,"height":1300},{"@type":"BreadcrumbList","@id":"https:\/\/wirtschaftlichefreiheit.de\/wordpress\/?p=38720#breadcrumb","itemListElement":[{"@type":"ListItem","position":1,"name":"Startseite","item":"https:\/\/wirtschaftlichefreiheit.de\/wordpress"},{"@type":"ListItem","position":2,"name":"Gut, dass sich der Sachverst\u00e4ndigenrat ausf\u00fchrlich dem Thema Wohnen widmet"}]},{"@type":"WebSite","@id":"https:\/\/wirtschaftlichefreiheit.de\/wordpress\/#website","url":"https:\/\/wirtschaftlichefreiheit.de\/wordpress\/","name":"Wirtschaftliche Freiheit","description":"Das ordnungspolitische Journal","potentialAction":[{"@type":"SearchAction","target":{"@type":"EntryPoint","urlTemplate":"https:\/\/wirtschaftlichefreiheit.de\/wordpress\/?s={search_term_string}"},"query-input":{"@type":"PropertyValueSpecification","valueRequired":true,"valueName":"search_term_string"}}],"inLanguage":"de"},{"@type":"Person","@id":"https:\/\/wirtschaftlichefreiheit.de\/wordpress\/#\/schema\/person\/91beac8a7a01f109f3b62e2c897b15bb","name":"Tobias Just","image":{"@type":"ImageObject","inLanguage":"de","@id":"https:\/\/wirtschaftlichefreiheit.de\/wordpress\/bilder\/just123-1.png","url":"https:\/\/wirtschaftlichefreiheit.de\/wordpress\/bilder\/just123-1.png","contentUrl":"https:\/\/wirtschaftlichefreiheit.de\/wordpress\/bilder\/just123-1.png","caption":"Tobias Just"},"description":"IREBS Immobilienakademie und Universit\u00e4t Regensburg.","url":"https:\/\/wirtschaftlichefreiheit.de\/wordpress\/?author=411"}]}},"_links":{"self":[{"href":"https:\/\/wirtschaftlichefreiheit.de\/wordpress\/index.php?rest_route=\/wp\/v2\/posts\/38720","targetHints":{"allow":["GET"]}}],"collection":[{"href":"https:\/\/wirtschaftlichefreiheit.de\/wordpress\/index.php?rest_route=\/wp\/v2\/posts"}],"about":[{"href":"https:\/\/wirtschaftlichefreiheit.de\/wordpress\/index.php?rest_route=\/wp\/v2\/types\/post"}],"author":[{"embeddable":true,"href":"https:\/\/wirtschaftlichefreiheit.de\/wordpress\/index.php?rest_route=\/wp\/v2\/users\/411"}],"replies":[{"embeddable":true,"href":"https:\/\/wirtschaftlichefreiheit.de\/wordpress\/index.php?rest_route=%2Fwp%2Fv2%2Fcomments&post=38720"}],"version-history":[{"count":5,"href":"https:\/\/wirtschaftlichefreiheit.de\/wordpress\/index.php?rest_route=\/wp\/v2\/posts\/38720\/revisions"}],"predecessor-version":[{"id":38734,"href":"https:\/\/wirtschaftlichefreiheit.de\/wordpress\/index.php?rest_route=\/wp\/v2\/posts\/38720\/revisions\/38734"}],"wp:featuredmedia":[{"embeddable":true,"href":"https:\/\/wirtschaftlichefreiheit.de\/wordpress\/index.php?rest_route=\/wp\/v2\/media\/38728"}],"wp:attachment":[{"href":"https:\/\/wirtschaftlichefreiheit.de\/wordpress\/index.php?rest_route=%2Fwp%2Fv2%2Fmedia&parent=38720"}],"wp:term":[{"taxonomy":"category","embeddable":true,"href":"https:\/\/wirtschaftlichefreiheit.de\/wordpress\/index.php?rest_route=%2Fwp%2Fv2%2Fcategories&post=38720"},{"taxonomy":"post_tag","embeddable":true,"href":"https:\/\/wirtschaftlichefreiheit.de\/wordpress\/index.php?rest_route=%2Fwp%2Fv2%2Ftags&post=38720"}],"curies":[{"name":"wp","href":"https:\/\/api.w.org\/{rel}","templated":true}]}}