{"id":39058,"date":"2025-01-20T00:45:00","date_gmt":"2025-01-19T23:45:00","guid":{"rendered":"https:\/\/wirtschaftlichefreiheit.de\/wordpress\/?p=39058"},"modified":"2025-02-11T18:36:02","modified_gmt":"2025-02-11T17:36:02","slug":"wirtschaftspolitik-neu-denken-4-rentenversicherung-generationengerecht-reformieren","status":"publish","type":"post","link":"https:\/\/wirtschaftlichefreiheit.de\/wordpress\/?p=39058","title":{"rendered":"<b>Wirtschaftspolitik neu ausrichten (4) <\/b><br>Rentenversicherung generationengerecht reformieren"},"content":{"rendered":"\n<p><em>Die gesetzliche Rentenversicherung muss gleichzeitig generationen- und verursachergerecht reformiert werden. Hierf\u00fcr ist es zwingend erforderlich die Beitr\u00e4ge einzufrieren (Beitragsprimat) damit zuk\u00fcnftige Generationen die gleichen relativen Anteile ihres Lohnes an die \u00e4lteren Generationen abgeben wie letztere es auch getan haben. Die damit einhergehenden Leistungsabsenkungen sind verursachergerecht, weil die geburtenstarken Jahre durch die niedrige Fertilit\u00e4t das Finanzierungsproblem selbst geschaffen haben. Die notwendige Botschaft ist einfach: Wir m\u00fcssen die Renten- von der Lohnentwicklung entkoppeln (St\u00e4rkung des Nachhaltigkeitsfaktors), das gesetzliche Rentenzugangsalter bis 2040 auf 69 Jahre erh\u00f6hen und alle Subventionen f\u00fcr den vorgezogenen Ruhestand beenden. Keine dieser Ma\u00dfnahmen befindet sich in den Wahlprogrammen der angetretenen Parteien, weil die W\u00e4hlermehrheit schon heute \u00e4lter als 55 ist.<\/em><\/p>\n\n\n\n<p>Als der damalige Arbeitsminister Scholz im Jahr 2008 gemeinsam Kanzlerin Merkel die sogenannte Rentengarantie einf\u00fchrte und damit grunds\u00e4tzlich Rentenk\u00fcrzungen in Deutschland ausschloss, ahnte er wohl nicht, dass er als Kanzlerkandidat im Jahr 2025 einen Rentenwahlkampf zur Verhinderung dessen f\u00fchren w\u00fcrde, was er selbst eben bereits 17 Jahre zuvor verhindert hatte. Offensichtlich bestehen auch hier erhebliche Erinnerungsl\u00fccken des Noch-Kanzlers, denn bis 2008 h\u00e4tten Nominalrenten dann gek\u00fcrzt werden k\u00f6nnen, wenn die Lohnentwicklung negativ gewesen w\u00e4re. Die Symmetrie in der Entwicklung von Renten und L\u00f6hnen war Kern der intergenerativen Solidarit\u00e4t \u2013 bis der damalige Arbeitsminister Scholz die Solidarit\u00e4t nur f\u00fcr die guten Tage aber eben nicht f\u00fcr die schlechten Tage gesetzlich implementierte. F\u00fcr eine gerechte Reform der Rentenversicherung w\u00e4re also zwingend erforderlich, dass die Rentengarantie des Jahres 2008 im Sinne einer gerechten Lastverteilung wieder zur\u00fcckgenommen wird.<\/p>\n\n\n\n<p>Was aber w\u00e4re weiterhin Bestandteil einer tragf\u00e4higen Reform der gesetzlichen Rentenversicherung? Um es gleich vorwegzunehmen: Die Antwort darauf findet sich in keinem Wahlprogramm der angetretenen Parteien. Sie w\u00e4re auch zu unpopul\u00e4r und damit f\u00fcr jeden Mandatstr\u00e4ger extrem karrieresch\u00e4dlich, denn die Menschen m\u00fcssen grunds\u00e4tzlich l\u00e4nger arbeiten und bekommen im Gegenzug ein geringeres Rentenniveau. Wie genau m\u00fcsste das aussehen?<\/p>\n\n\n\n<p>Hinsichtlich des gesetzlichen Renteneintrittsalters sind mutige Entscheidungen zu treffen, denn selbst die Kopplung an die steigende Lebenserwartung nach skandinavischem Vorbild k\u00e4me viel zu sp\u00e4t. W\u00e4hrend in den 60er Jahren ein Rentner im Durchschnitt fast f\u00fcnf Jahre f\u00fcr ein Rentenbezugsjahr gearbeitet hat, bel\u00e4uft sich dies f\u00fcr gegenw\u00e4rtige Rentner auf nur gut zwei Jahre. Damit die Rentenbezugsdauer sich der Beitragszahlungsdauer nicht noch weiter ann\u00e4hert, muss im Sinne einer generationengerechten Reform das gesetzliche Rentenzugangsalter ab 2026 um 3 Monate pro Jahr erh\u00f6ht werden bis 2039 dann das gesetzliche Renteneintrittsalter bei 69 Jahren liegt. Damit w\u00fcrde man der gestiegenen Lebenserwartung der Vergangenheit Rechnung tragen und gleichzeitig die gesetzliche Rentenversicherung finanziell auf nachhaltigere Beine stellen. Zugleich w\u00fcrden die geburtenstarken Jahrg\u00e4nge, die im Laufe der kommenden 15 Jahre in Millionenst\u00e4rke in das Rentenalter kommen, Teile der demographischen Last, die sie selbst verursacht haben, auch selbst tragen.<\/p>\n\n\n\n<p>Das Rentenniveau von derzeit 48 Prozent kann nur zum Preis steigender Beitr\u00e4ge und steuerfinanzierter Bundeszusch\u00fcsse aufrechterhalten werden. Um dies zu verhindern, f\u00fchrte der damalige Bundeskanzler Schr\u00f6der den sogenannten Nachhaltigkeitsfaktor ein. Er induziert nach Ma\u00dfgabe der demographischen Entwicklung eine Nominalrentenerh\u00f6hung die immer etwas unterhalb der Lohnentwicklung liegt. Diesen Nachhaltigkeitsfaktor hat Noch-Arbeitsminister Heil bis 2025 ausgesetzt und wollte diese Aussetzung mit seiner Rentenreform verl\u00e4ngern. Damit w\u00fcrden Beitr\u00e4ge so steigen, dass das derzeitige Rentenniveau gehalten wird und folglich ein reines Leistungsprimat vorl\u00e4ge. Notwendig w\u00e4re aber eine Fokussierung des Faktors auf ein reines Beitragsprimat. Will hei\u00dfen: Das Rentenniveau wird auf gut&nbsp; 40 Prozent abgeschmolzen und die Beitr\u00e4ge stabilisieren sich bei 18 Prozent. Hierin liegt die verursachergerechte Verteilung der demographischen Last auf die Schultern der Baby-Boomer, denn sie sind daf\u00fcr verantwortlich, dass immer weniger Beitragszahler f\u00fcr immer mehr Rentner aufkommen m\u00fcssen.<\/p>\n\n\n\n<p>Und schlie\u00dflich sollten die Arbeitsanreize f\u00fcr \u00e4ltere Besch\u00e4ftigte sp\u00fcrbar erh\u00f6ht werden. Derzeit wird tats\u00e4chlich alles daf\u00fcr unternommen, dass die Menschen so fr\u00fch wie m\u00f6glich aus dem Arbeitsleben ausscheiden. Dies liegt zum Teil an der abschlagsfreien Rente nach 45 Beitragsjahren (Rente mit 63 bzw. langfristig 65) aber auch an den viel zu geringen Abschl\u00e4gen f\u00fcr jene, die eben nicht so lange Arbeitsphasen aufweisen. Statt also den vorgezogenen Ruhestand durch zu niedrige oder gar keine Abschl\u00e4ge zu belohnen, sollten mathematisch korrekte Abschl\u00e4ge in der Gr\u00f6\u00dfenordnung von 0,4-0,5 statt 0,3 Prozent pro Monat vorgezogenem Ruhestand berechnet werden. Es ist h\u00f6chste Zeit, dass sich hier etwas in die richtige Richtung bewegt und damit mehr \u00e4ltere Besch\u00e4ftigte ihren Renteneintritt nicht mehr subventioniert vorziehen. Wenig hilfreich w\u00e4re es, die Subventionen des vorgezogenen Ruhestands durch weitere Subventionen bei verl\u00e4ngerter Besch\u00e4ftigung quasi neutralisieren zu wollen. Diese Entscheidung tr\u00e4fen viele Menschen von sich aus und schon deshalb, weil es sonst eben einfach zu \u201eteuer\u201c f\u00fcr sie wird.<\/p>\n\n\n\n<p>In den Wahlprogrammen aller Parteien finden sich hinsichtlich der Rentenfinanzierung keine wirklichen Reformen. Im Gegenteil, es ist wieder die Zeit f\u00fcr Wahlgeschenke. Keine Partei tritt f\u00fcr die St\u00e4rkung des Nachhaltigkeitsfaktors ein, manche wollen ihn weiterhin aussetzen, andere eher beim Status quo bleiben und damit mehr oder weniger stark das Finanzierungsproblem auf die Schultern der jungen Generation legen. Keine Partei macht sich f\u00fcr eine Anhebung des gesetzlichen Rentenzugangsalters stark und nirgendwo findet sich eine Diskussion der versicherungsmathematischen Fairness von Abschl\u00e4gen bei vorzeitigem Rentenzugang. All dies ist verst\u00e4ndlich angesichts der Tatsache, dass der derzeitige Medianw\u00e4hler bereits \u00e4lter als 55 Jahre ist. Es ist jedoch v\u00f6llig unverst\u00e4ndlich angesichts des Akzeptanzproblems, das die junge Generation der Beitragszahler mit den Generationenvertr\u00e4gen insgesamt hat. Eine K\u00fcndigung ist nicht auszuschlie\u00dfen und w\u00e4re eine vollkommen rationale Entscheidung, die bereits heute durch Abwanderung in die Selbst\u00e4ndigkeit oder in andere L\u00e4nder massenweise erfolgt.\u00a0<\/p>\n\n\n\n<p>S<strong>erie &#8222;Wirtschaftspolitik neu ausrichten&#8220;<\/strong><\/p>\n\n\n\n<p>Astrid Rosenschon (IfW): <a href=\"https:\/\/wirtschaftlichefreiheit.de\/wordpress\/?p=38998\">Subventionen radikal k\u00fcrzen<\/a><\/p>\n\n\n\n<p>Michael Heise (HQ Trust): <a href=\"https:\/\/wirtschaftlichefreiheit.de\/wordpress\/?p=38976\">Wachstumskr\u00e4fte und Arbeitsvolumen steigern<\/a><\/p>\n\n\n\n<p>Norbert Berthold (JMU) und J\u00f6rn Quitzau (Bergos): <a href=\"https:\/\/wirtschaftlichefreiheit.de\/wordpress\/?p=38971\">Wirtschaftspolitik neu ausrichten<\/a><\/p>\n\n\n\n<p><strong>Blog-Beitr\u00e4ge zum Thema:<\/strong><\/p>\n\n\n\n<p>Norbert Berthold (JMU, 2024): <a href=\"https:\/\/wirtschaftlichefreiheit.de\/wordpress\/?p=37162\">Rentenpolitische Raub\u00fcberf\u00e4lle. Leben die Boomer auf Kosten der Kinder anderer Leute?<\/a><\/p>\n\n\n\n<p><strong>Podcasts zum Thema:<\/strong><\/p>\n\n\n\n<p><a href=\"https:\/\/wirtschaftlichefreiheit.de\/wordpress\/?p=35162\">Rentenreform \u00e0 la Sachverst\u00e4ndigenrat. Verteilungspolitische Vorschl\u00e4ge f\u00fchren in die Irre<\/a><\/p>\n\n\n\n<p>Prof. Dr. <strong>Norbert Berthold<\/strong> (JMU W\u00fcrzburg) im Gespr\u00e4ch mit Prof. Dr. <strong>Bernd Raffelh\u00fcschen<\/strong> (ALU Freiburg)<\/p>\n<!-- AddThis Advanced Settings generic via filter on the_content --><!-- AddThis Share Buttons generic via filter on the_content --><!-- AddThis Related Posts generic via filter on the_content -->","protected":false},"excerpt":{"rendered":"<p>Die gesetzliche Rentenversicherung muss gleichzeitig generationen- und verursachergerecht reformiert werden. Hierf\u00fcr ist es zwingend erforderlich die Beitr\u00e4ge einzufrieren (Beitragsprimat) damit zuk\u00fcnftige Generationen die gleichen relativen Anteile ihres Lohnes an die \u00e4lteren Generationen abgeben wie letztere es auch getan haben. Die damit einhergehenden Leistungsabsenkungen sind verursachergerecht, weil die geburtenstarken Jahre durch die niedrige Fertilit\u00e4t das Finanzierungsproblem selbst geschaffen haben. Die notwendige Botschaft ist einfach: Wir m\u00fcssen die Renten- von der Lohnentwicklung entkoppeln (St\u00e4rkung des Nachhaltigkeitsfaktors), das gesetzliche Rentenzugangsalter bis 2020 auf 69 Jahre erh\u00f6hen und alle Subventionen f\u00fcr den vorgezogenen Ruhestand beenden. Keine dieser Ma\u00dfnahmen befindet sich in den Wahlprogrammen der angetretenen Parteien, weil die W\u00e4hlermehrheit schon heute \u00e4lter als 55 ist.<!-- AddThis Advanced Settings generic via filter on wp_trim_excerpt --><!-- AddThis Share Buttons generic via filter on wp_trim_excerpt --><!-- AddThis Related Posts generic via filter on wp_trim_excerpt --><\/p>\n","protected":false},"author":328,"featured_media":39059,"comment_status":"open","ping_status":"open","sticky":false,"template":"","format":"standard","meta":{"footnotes":""},"categories":[4],"tags":[3334,560],"class_list":["post-39058","post","type-post","status-publish","format-standard","has-post-thumbnail","hentry","category-soziales","tag-raffelhueschen","tag-rentenversicherung"],"yoast_head":"<!-- This site is optimized with the Yoast SEO plugin v27.2 - https:\/\/yoast.com\/product\/yoast-seo-wordpress\/ -->\n<title>Wirtschaftspolitik neu ausrichten (4) Rentenversicherung generationengerecht reformieren - Wirtschaftliche Freiheit<\/title>\n<meta name=\"robots\" content=\"index, follow, max-snippet:-1, max-image-preview:large, max-video-preview:-1\" \/>\n<link rel=\"canonical\" href=\"https:\/\/wirtschaftlichefreiheit.de\/wordpress\/?p=39058\" \/>\n<meta property=\"og:locale\" content=\"de_DE\" \/>\n<meta property=\"og:type\" content=\"article\" \/>\n<meta property=\"og:title\" content=\"Wirtschaftspolitik neu ausrichten (4) Rentenversicherung generationengerecht reformieren - Wirtschaftliche Freiheit\" \/>\n<meta property=\"og:description\" content=\"Die gesetzliche Rentenversicherung muss gleichzeitig generationen- und verursachergerecht reformiert werden. Hierf\u00fcr ist es zwingend erforderlich die Beitr\u00e4ge einzufrieren (Beitragsprimat) damit zuk\u00fcnftige Generationen die gleichen relativen Anteile ihres Lohnes an die \u00e4lteren Generationen abgeben wie letztere es auch getan haben. Die damit einhergehenden Leistungsabsenkungen sind verursachergerecht, weil die geburtenstarken Jahre durch die niedrige Fertilit\u00e4t das Finanzierungsproblem selbst geschaffen haben. Die notwendige Botschaft ist einfach: Wir m\u00fcssen die Renten- von der Lohnentwicklung entkoppeln (St\u00e4rkung des Nachhaltigkeitsfaktors), das gesetzliche Rentenzugangsalter bis 2020 auf 69 Jahre erh\u00f6hen und alle Subventionen f\u00fcr den vorgezogenen Ruhestand beenden. Keine dieser Ma\u00dfnahmen befindet sich in den Wahlprogrammen der angetretenen Parteien, weil die W\u00e4hlermehrheit schon heute \u00e4lter als 55 ist.\" \/>\n<meta property=\"og:url\" content=\"https:\/\/wirtschaftlichefreiheit.de\/wordpress\/?p=39058\" \/>\n<meta property=\"og:site_name\" content=\"Wirtschaftliche Freiheit\" \/>\n<meta property=\"article:published_time\" content=\"2025-01-19T23:45:00+00:00\" \/>\n<meta property=\"article:modified_time\" content=\"2025-02-11T17:36:02+00:00\" \/>\n<meta property=\"og:image\" content=\"http:\/\/wirtschaftlichefreiheit.de\/wordpress\/bilder\/timeforchange-3-1024x588.png\" \/>\n\t<meta property=\"og:image:width\" content=\"1024\" \/>\n\t<meta property=\"og:image:height\" content=\"588\" \/>\n\t<meta property=\"og:image:type\" content=\"image\/png\" \/>\n<meta name=\"author\" content=\"Bernd Raffelh\u00fcschen\" \/>\n<meta name=\"twitter:card\" content=\"summary_large_image\" \/>\n<meta name=\"twitter:label1\" content=\"Verfasst von\" \/>\n\t<meta name=\"twitter:data1\" content=\"Bernd Raffelh\u00fcschen\" \/>\n\t<meta name=\"twitter:label2\" content=\"Gesch\u00e4tzte Lesezeit\" \/>\n\t<meta name=\"twitter:data2\" content=\"6\u00a0Minuten\" \/>\n<script type=\"application\/ld+json\" class=\"yoast-schema-graph\">{\"@context\":\"https:\/\/schema.org\",\"@graph\":[{\"@type\":\"Article\",\"@id\":\"https:\/\/wirtschaftlichefreiheit.de\/wordpress\/?p=39058#article\",\"isPartOf\":{\"@id\":\"https:\/\/wirtschaftlichefreiheit.de\/wordpress\/?p=39058\"},\"author\":{\"name\":\"Bernd Raffelh\u00fcschen\",\"@id\":\"https:\/\/wirtschaftlichefreiheit.de\/wordpress\/#\/schema\/person\/c72afe04c9cf1182f40ce7c123367134\"},\"headline\":\"Wirtschaftspolitik neu ausrichten (4) Rentenversicherung generationengerecht reformieren\",\"datePublished\":\"2025-01-19T23:45:00+00:00\",\"dateModified\":\"2025-02-11T17:36:02+00:00\",\"mainEntityOfPage\":{\"@id\":\"https:\/\/wirtschaftlichefreiheit.de\/wordpress\/?p=39058\"},\"wordCount\":1051,\"commentCount\":2,\"image\":{\"@id\":\"https:\/\/wirtschaftlichefreiheit.de\/wordpress\/?p=39058#primaryimage\"},\"thumbnailUrl\":\"https:\/\/wirtschaftlichefreiheit.de\/wordpress\/bilder\/timeforchange-3.png\",\"keywords\":[\"Raffelh\u00fcschen\",\"Rentenversicherung\"],\"articleSection\":[\"Soziales\"],\"inLanguage\":\"de\",\"potentialAction\":[{\"@type\":\"CommentAction\",\"name\":\"Comment\",\"target\":[\"https:\/\/wirtschaftlichefreiheit.de\/wordpress\/?p=39058#respond\"]}]},{\"@type\":\"WebPage\",\"@id\":\"https:\/\/wirtschaftlichefreiheit.de\/wordpress\/?p=39058\",\"url\":\"https:\/\/wirtschaftlichefreiheit.de\/wordpress\/?p=39058\",\"name\":\"Wirtschaftspolitik neu ausrichten (4) Rentenversicherung generationengerecht reformieren - Wirtschaftliche Freiheit\",\"isPartOf\":{\"@id\":\"https:\/\/wirtschaftlichefreiheit.de\/wordpress\/#website\"},\"primaryImageOfPage\":{\"@id\":\"https:\/\/wirtschaftlichefreiheit.de\/wordpress\/?p=39058#primaryimage\"},\"image\":{\"@id\":\"https:\/\/wirtschaftlichefreiheit.de\/wordpress\/?p=39058#primaryimage\"},\"thumbnailUrl\":\"https:\/\/wirtschaftlichefreiheit.de\/wordpress\/bilder\/timeforchange-3.png\",\"datePublished\":\"2025-01-19T23:45:00+00:00\",\"dateModified\":\"2025-02-11T17:36:02+00:00\",\"author\":{\"@id\":\"https:\/\/wirtschaftlichefreiheit.de\/wordpress\/#\/schema\/person\/c72afe04c9cf1182f40ce7c123367134\"},\"breadcrumb\":{\"@id\":\"https:\/\/wirtschaftlichefreiheit.de\/wordpress\/?p=39058#breadcrumb\"},\"inLanguage\":\"de\",\"potentialAction\":[{\"@type\":\"ReadAction\",\"target\":[\"https:\/\/wirtschaftlichefreiheit.de\/wordpress\/?p=39058\"]}]},{\"@type\":\"ImageObject\",\"inLanguage\":\"de\",\"@id\":\"https:\/\/wirtschaftlichefreiheit.de\/wordpress\/?p=39058#primaryimage\",\"url\":\"https:\/\/wirtschaftlichefreiheit.de\/wordpress\/bilder\/timeforchange-3.png\",\"contentUrl\":\"https:\/\/wirtschaftlichefreiheit.de\/wordpress\/bilder\/timeforchange-3.png\",\"width\":2264,\"height\":1299},{\"@type\":\"BreadcrumbList\",\"@id\":\"https:\/\/wirtschaftlichefreiheit.de\/wordpress\/?p=39058#breadcrumb\",\"itemListElement\":[{\"@type\":\"ListItem\",\"position\":1,\"name\":\"Startseite\",\"item\":\"https:\/\/wirtschaftlichefreiheit.de\/wordpress\"},{\"@type\":\"ListItem\",\"position\":2,\"name\":\"Wirtschaftspolitik neu ausrichten (4) Rentenversicherung generationengerecht reformieren\"}]},{\"@type\":\"WebSite\",\"@id\":\"https:\/\/wirtschaftlichefreiheit.de\/wordpress\/#website\",\"url\":\"https:\/\/wirtschaftlichefreiheit.de\/wordpress\/\",\"name\":\"Wirtschaftliche Freiheit\",\"description\":\"Das ordnungspolitische Journal\",\"potentialAction\":[{\"@type\":\"SearchAction\",\"target\":{\"@type\":\"EntryPoint\",\"urlTemplate\":\"https:\/\/wirtschaftlichefreiheit.de\/wordpress\/?s={search_term_string}\"},\"query-input\":{\"@type\":\"PropertyValueSpecification\",\"valueRequired\":true,\"valueName\":\"search_term_string\"}}],\"inLanguage\":\"de\"},{\"@type\":\"Person\",\"@id\":\"https:\/\/wirtschaftlichefreiheit.de\/wordpress\/#\/schema\/person\/c72afe04c9cf1182f40ce7c123367134\",\"name\":\"Bernd Raffelh\u00fcschen\",\"image\":{\"@type\":\"ImageObject\",\"inLanguage\":\"de\",\"@id\":\"https:\/\/wirtschaftlichefreiheit.de\/wordpress\/bilder\/bernd.jpg\",\"url\":\"https:\/\/wirtschaftlichefreiheit.de\/wordpress\/bilder\/bernd.jpg\",\"contentUrl\":\"https:\/\/wirtschaftlichefreiheit.de\/wordpress\/bilder\/bernd.jpg\",\"caption\":\"Bernd Raffelh\u00fcschen\"},\"description\":\"Albert-Ludwigs-Universit\u00e4t Freiburg\",\"url\":\"https:\/\/wirtschaftlichefreiheit.de\/wordpress\/?author=328\"}]}<\/script>\n<!-- \/ Yoast SEO plugin. -->","yoast_head_json":{"title":"Wirtschaftspolitik neu ausrichten (4) Rentenversicherung generationengerecht reformieren - Wirtschaftliche Freiheit","robots":{"index":"index","follow":"follow","max-snippet":"max-snippet:-1","max-image-preview":"max-image-preview:large","max-video-preview":"max-video-preview:-1"},"canonical":"https:\/\/wirtschaftlichefreiheit.de\/wordpress\/?p=39058","og_locale":"de_DE","og_type":"article","og_title":"Wirtschaftspolitik neu ausrichten (4) Rentenversicherung generationengerecht reformieren - Wirtschaftliche Freiheit","og_description":"Die gesetzliche Rentenversicherung muss gleichzeitig generationen- und verursachergerecht reformiert werden. Hierf\u00fcr ist es zwingend erforderlich die Beitr\u00e4ge einzufrieren (Beitragsprimat) damit zuk\u00fcnftige Generationen die gleichen relativen Anteile ihres Lohnes an die \u00e4lteren Generationen abgeben wie letztere es auch getan haben. Die damit einhergehenden Leistungsabsenkungen sind verursachergerecht, weil die geburtenstarken Jahre durch die niedrige Fertilit\u00e4t das Finanzierungsproblem selbst geschaffen haben. Die notwendige Botschaft ist einfach: Wir m\u00fcssen die Renten- von der Lohnentwicklung entkoppeln (St\u00e4rkung des Nachhaltigkeitsfaktors), das gesetzliche Rentenzugangsalter bis 2020 auf 69 Jahre erh\u00f6hen und alle Subventionen f\u00fcr den vorgezogenen Ruhestand beenden. Keine dieser Ma\u00dfnahmen befindet sich in den Wahlprogrammen der angetretenen Parteien, weil die W\u00e4hlermehrheit schon heute \u00e4lter als 55 ist.","og_url":"https:\/\/wirtschaftlichefreiheit.de\/wordpress\/?p=39058","og_site_name":"Wirtschaftliche Freiheit","article_published_time":"2025-01-19T23:45:00+00:00","article_modified_time":"2025-02-11T17:36:02+00:00","og_image":[{"width":1024,"height":588,"url":"http:\/\/wirtschaftlichefreiheit.de\/wordpress\/bilder\/timeforchange-3-1024x588.png","type":"image\/png"}],"author":"Bernd Raffelh\u00fcschen","twitter_card":"summary_large_image","twitter_misc":{"Verfasst von":"Bernd Raffelh\u00fcschen","Gesch\u00e4tzte Lesezeit":"6\u00a0Minuten"},"schema":{"@context":"https:\/\/schema.org","@graph":[{"@type":"Article","@id":"https:\/\/wirtschaftlichefreiheit.de\/wordpress\/?p=39058#article","isPartOf":{"@id":"https:\/\/wirtschaftlichefreiheit.de\/wordpress\/?p=39058"},"author":{"name":"Bernd Raffelh\u00fcschen","@id":"https:\/\/wirtschaftlichefreiheit.de\/wordpress\/#\/schema\/person\/c72afe04c9cf1182f40ce7c123367134"},"headline":"Wirtschaftspolitik neu ausrichten (4) Rentenversicherung generationengerecht reformieren","datePublished":"2025-01-19T23:45:00+00:00","dateModified":"2025-02-11T17:36:02+00:00","mainEntityOfPage":{"@id":"https:\/\/wirtschaftlichefreiheit.de\/wordpress\/?p=39058"},"wordCount":1051,"commentCount":2,"image":{"@id":"https:\/\/wirtschaftlichefreiheit.de\/wordpress\/?p=39058#primaryimage"},"thumbnailUrl":"https:\/\/wirtschaftlichefreiheit.de\/wordpress\/bilder\/timeforchange-3.png","keywords":["Raffelh\u00fcschen","Rentenversicherung"],"articleSection":["Soziales"],"inLanguage":"de","potentialAction":[{"@type":"CommentAction","name":"Comment","target":["https:\/\/wirtschaftlichefreiheit.de\/wordpress\/?p=39058#respond"]}]},{"@type":"WebPage","@id":"https:\/\/wirtschaftlichefreiheit.de\/wordpress\/?p=39058","url":"https:\/\/wirtschaftlichefreiheit.de\/wordpress\/?p=39058","name":"Wirtschaftspolitik neu ausrichten (4) Rentenversicherung generationengerecht reformieren - Wirtschaftliche Freiheit","isPartOf":{"@id":"https:\/\/wirtschaftlichefreiheit.de\/wordpress\/#website"},"primaryImageOfPage":{"@id":"https:\/\/wirtschaftlichefreiheit.de\/wordpress\/?p=39058#primaryimage"},"image":{"@id":"https:\/\/wirtschaftlichefreiheit.de\/wordpress\/?p=39058#primaryimage"},"thumbnailUrl":"https:\/\/wirtschaftlichefreiheit.de\/wordpress\/bilder\/timeforchange-3.png","datePublished":"2025-01-19T23:45:00+00:00","dateModified":"2025-02-11T17:36:02+00:00","author":{"@id":"https:\/\/wirtschaftlichefreiheit.de\/wordpress\/#\/schema\/person\/c72afe04c9cf1182f40ce7c123367134"},"breadcrumb":{"@id":"https:\/\/wirtschaftlichefreiheit.de\/wordpress\/?p=39058#breadcrumb"},"inLanguage":"de","potentialAction":[{"@type":"ReadAction","target":["https:\/\/wirtschaftlichefreiheit.de\/wordpress\/?p=39058"]}]},{"@type":"ImageObject","inLanguage":"de","@id":"https:\/\/wirtschaftlichefreiheit.de\/wordpress\/?p=39058#primaryimage","url":"https:\/\/wirtschaftlichefreiheit.de\/wordpress\/bilder\/timeforchange-3.png","contentUrl":"https:\/\/wirtschaftlichefreiheit.de\/wordpress\/bilder\/timeforchange-3.png","width":2264,"height":1299},{"@type":"BreadcrumbList","@id":"https:\/\/wirtschaftlichefreiheit.de\/wordpress\/?p=39058#breadcrumb","itemListElement":[{"@type":"ListItem","position":1,"name":"Startseite","item":"https:\/\/wirtschaftlichefreiheit.de\/wordpress"},{"@type":"ListItem","position":2,"name":"Wirtschaftspolitik neu ausrichten (4) Rentenversicherung generationengerecht reformieren"}]},{"@type":"WebSite","@id":"https:\/\/wirtschaftlichefreiheit.de\/wordpress\/#website","url":"https:\/\/wirtschaftlichefreiheit.de\/wordpress\/","name":"Wirtschaftliche Freiheit","description":"Das ordnungspolitische Journal","potentialAction":[{"@type":"SearchAction","target":{"@type":"EntryPoint","urlTemplate":"https:\/\/wirtschaftlichefreiheit.de\/wordpress\/?s={search_term_string}"},"query-input":{"@type":"PropertyValueSpecification","valueRequired":true,"valueName":"search_term_string"}}],"inLanguage":"de"},{"@type":"Person","@id":"https:\/\/wirtschaftlichefreiheit.de\/wordpress\/#\/schema\/person\/c72afe04c9cf1182f40ce7c123367134","name":"Bernd Raffelh\u00fcschen","image":{"@type":"ImageObject","inLanguage":"de","@id":"https:\/\/wirtschaftlichefreiheit.de\/wordpress\/bilder\/bernd.jpg","url":"https:\/\/wirtschaftlichefreiheit.de\/wordpress\/bilder\/bernd.jpg","contentUrl":"https:\/\/wirtschaftlichefreiheit.de\/wordpress\/bilder\/bernd.jpg","caption":"Bernd Raffelh\u00fcschen"},"description":"Albert-Ludwigs-Universit\u00e4t Freiburg","url":"https:\/\/wirtschaftlichefreiheit.de\/wordpress\/?author=328"}]}},"_links":{"self":[{"href":"https:\/\/wirtschaftlichefreiheit.de\/wordpress\/index.php?rest_route=\/wp\/v2\/posts\/39058","targetHints":{"allow":["GET"]}}],"collection":[{"href":"https:\/\/wirtschaftlichefreiheit.de\/wordpress\/index.php?rest_route=\/wp\/v2\/posts"}],"about":[{"href":"https:\/\/wirtschaftlichefreiheit.de\/wordpress\/index.php?rest_route=\/wp\/v2\/types\/post"}],"author":[{"embeddable":true,"href":"https:\/\/wirtschaftlichefreiheit.de\/wordpress\/index.php?rest_route=\/wp\/v2\/users\/328"}],"replies":[{"embeddable":true,"href":"https:\/\/wirtschaftlichefreiheit.de\/wordpress\/index.php?rest_route=%2Fwp%2Fv2%2Fcomments&post=39058"}],"version-history":[{"count":8,"href":"https:\/\/wirtschaftlichefreiheit.de\/wordpress\/index.php?rest_route=\/wp\/v2\/posts\/39058\/revisions"}],"predecessor-version":[{"id":39341,"href":"https:\/\/wirtschaftlichefreiheit.de\/wordpress\/index.php?rest_route=\/wp\/v2\/posts\/39058\/revisions\/39341"}],"wp:featuredmedia":[{"embeddable":true,"href":"https:\/\/wirtschaftlichefreiheit.de\/wordpress\/index.php?rest_route=\/wp\/v2\/media\/39059"}],"wp:attachment":[{"href":"https:\/\/wirtschaftlichefreiheit.de\/wordpress\/index.php?rest_route=%2Fwp%2Fv2%2Fmedia&parent=39058"}],"wp:term":[{"taxonomy":"category","embeddable":true,"href":"https:\/\/wirtschaftlichefreiheit.de\/wordpress\/index.php?rest_route=%2Fwp%2Fv2%2Fcategories&post=39058"},{"taxonomy":"post_tag","embeddable":true,"href":"https:\/\/wirtschaftlichefreiheit.de\/wordpress\/index.php?rest_route=%2Fwp%2Fv2%2Ftags&post=39058"}],"curies":[{"name":"wp","href":"https:\/\/api.w.org\/{rel}","templated":true}]}}