{"id":39114,"date":"2025-01-23T17:11:48","date_gmt":"2025-01-23T16:11:48","guid":{"rendered":"https:\/\/wirtschaftlichefreiheit.de\/wordpress\/?p=39114"},"modified":"2025-01-29T17:21:16","modified_gmt":"2025-01-29T16:21:16","slug":"wirtschaftspolitik-neu-denken-5-die-energiewende-vom-kopf-auf-die-fuesse-stellen","status":"publish","type":"post","link":"https:\/\/wirtschaftlichefreiheit.de\/wordpress\/?p=39114","title":{"rendered":"<b>Wirtschaftspolitik neu ausrichten (5) <\/b><br>Kehrtwende in der Energiepolitik schaffen"},"content":{"rendered":"\n<p><em>Damit die aus der Energiewende resultierenden finanziellen Belastungen f\u00fcr Staat, Gesellschaft und Unternehmen nicht weiter massiv zunehmen, sollten das im Jahr 2000 eingef\u00fchrte Erneuerbare-Energien-Gesetz (EEG) und damit die Subventionen f\u00fcr Erneuerbare schnellstm\u00f6glich abgeschafft werden. Anstatt neue wasserstofff\u00e4hige Erdgaskraftwerke zu bauen, die mit teurem gr\u00fcnem Wasserstoff betrieben werden, sollte die Abscheidung und Speicherung von Kohlendioxid aus Kohle- und Erdgaskraftwerken erlaubt werden. Die Stromerzeugung kann auch so treibhausgasneutral werden. Dann k\u00f6nnte das \u00fcberambitionierte, nicht wohlfahrtoptimale Erneuerbaren-Ziel eines Gr\u00fcnstromanteils von nahezu 100&nbsp;% aufgegeben werden, den Stromverbrauchern w\u00fcrde ein dreistelliger Milliardenbetrag erspart bleiben, weil der Netzausbau weitaus weniger umfangreich ausfallen m\u00fcsste.<\/em><\/p>\n\n\n\n<p>Deutschlands Energiewende ist kein Vorbild f\u00fcr die Welt. Das ist nicht erst seit der Dunkelflaute vom 12. Dezember 2024 klar, als wegen fehlenden Winds kaum gr\u00fcner Strom produziert wurde und ein gro\u00dfes Angebotsdefizit herrschte \u2014 auch wegen der Abschaltung von Kern- und Kohlekraftwerken. Im Ergebnis verzehnfachte sich der Strompreis an der B\u00f6rse am Abend auf knapp einen Euro je Kilowattstunde, etwa ein F\u00fcnftel des deutschen Strombedarfs musste durch Importe aus dem Ausland gedeckt werden.<\/p>\n\n\n\n<p class=\"has-text-align-center\"><strong>Deutschlands Energiewende ver\u00e4rgert die europ\u00e4ischen Partner<\/strong><\/p>\n\n\n\n<p>Das erfreute unsere europ\u00e4ischen Partnerl\u00e4nder keineswegs. So mussten norwegische Stromverbraucher, die meist flexible Stromtarife haben, pl\u00f6tzlich acht statt einer Krone f\u00fcr die Kilowattstunde bezahlen. Unerw\u00e4hnt blieb, dass Norwegen dank der Leitung nach Deutschland im Sommer regelm\u00e4\u00dfig von den negativen Strompreisen profitiert, wenn hierzulande bei Sonnenschein Solarstrom im \u00dcberfluss produziert wird und dann sogar Geld daf\u00fcr gezahlt werden muss, dass das Ausland den \u00fcbersch\u00fcssigen Strom abnimmt. Das ist f\u00fcr Deutschland wegen der explodierenden Photovoltaikkapazit\u00e4ten, aber kaum vorhandener Stromspeicher ein zunehmend schlechtes Gesch\u00e4ft.<\/p>\n\n\n\n<p>Die preislichen Exzesse nach oben und unten sind klare Indizien f\u00fcr Ineffizienzen, die durch den Ausbau der Erneuerbaren bei gleichzeitigem Abschalten von immer mehr konventionellen Kapazit\u00e4ten, und damit jederzeit gesicherter Leistung, entstanden sind \u2014 auf Kosten der Steuerzahler und Stromverbraucher. Letztere haben daf\u00fcr immer h\u00f6here Strompreise zu zahlen, besonders wegen stark steigender Netzentgelte. Auch k\u00fcnftig werden die Netzentgelte steigen, denn die erwarteten Kosten f\u00fcr den Ausbau von \u00dcberlandleitungen und Verteilnetzen sollen laut Netzentwicklungsplan bei weit \u00fcber 500 Milliarden Euro liegen.&nbsp;<\/p>\n\n\n\n<p class=\"has-text-align-center\"><strong>Den beschleunigten Ausbau der Erneuerbaren hinterfragen<\/strong><\/p>\n\n\n\n<p>Damit die finanziellen Belastungen f\u00fcr Staat, Gesellschaft und Unternehmen nicht weiter massiv zunehmen, sollte die neue Regierung den beschleunigten Ausbau der Erneuerbaren hinterfragen, nicht zuletzt deshalb, weil der Ausbau der Stromnetze dem der Erneuerbaren chronisch hinterherhinkt. <a>Das Ausbautempo <\/a>zu drosseln, solange Netze und Speicher fehlen, w\u00fcrde den Stromverbrauchern Milliarden Euro ersparen, die sie andernfalls zur Vermeidung von Netzinstabilit\u00e4ten als Entsch\u00e4digungszahlungen f\u00fcr die Abschaltung von Wind- und Solarparks zahlen m\u00fcssten. Zumal der Stromverbrauch aktuell sinkt, anstatt zu steigen, wie dies wegen der Zunahme an Elektromobilen und W\u00e4rmepumpen erwartet wurde.<\/p>\n\n\n\n<p class=\"has-text-align-center\"><strong>Speicher f\u00fcr Solarparks finanzieren, statt neue Parks f\u00f6rdern<\/strong><\/p>\n\n\n\n<p>Statt neue Solarparks staatlich zu f\u00f6rdern, sollten Batteriespeicher f\u00fcr bestehende Parks finanziert werden. So k\u00f6nnten die Betreiber an sonnigen Tagen den \u00fcbersch\u00fcssigen Solarstrom speichern, um ihn nachts zu h\u00f6heren Preisen verkaufen zu k\u00f6nnen, als sie tags\u00fcber an Verg\u00fctungen f\u00fcr die Solarstromeinspeisung erhalten w\u00fcrden. Die Preisschwankungen an der Stromb\u00f6rse w\u00fcrden so ged\u00e4mpft, das schlechte Au\u00dfenhandelsgesch\u00e4ft mit Strom k\u00f6nnte so verbessert werden.<\/p>\n\n\n\n<p class=\"has-text-align-center\"><strong>Kohlendioxid-Abscheidung und Speicherung auch bei Kraftwerken, aber auf den Einsatz von teurem gr\u00fcnem Wasserstoff in Kraftwerken verzichten!<\/strong><\/p>\n\n\n\n<p>Anstatt neue wasserstofff\u00e4hige Erdgaskraftwerke zu bauen, die mit teurem gr\u00fcnem Wasserstoff betrieben werden, sollte die Abscheidung und Speicherung von Kohlendioxid aus Kohle- und Erdgaskraftwerken erlaubt werden. Die Stromerzeugung kann auch so treibhausgasneutral werden. Dann k\u00f6nnte das \u00fcberambitionierte Erneuerbaren-Ziel eines Gr\u00fcnstromanteils von nahezu 100&nbsp;% aufgegeben werden. Mehrere Studien kommen zum Schluss, dass ein Erneuerbaren-Anteil von um die 50 % weit n\u00e4her am Wohlfahrtsoptimum liegt. Hauptgrund: So m\u00fcssten die Stromnetze weit weniger stark ausgebaut werden, als dies der Netzentwicklungsplan vorsieht. Den Stromverbrauchern w\u00fcrde ein dreistelliger Milliardenbetrag erspart bleiben.<\/p>\n\n\n\n<p class=\"has-text-align-center\"><strong>Wozu 215 Gigawatt an Photovoltaik bis zum Jahr 2030?<\/strong><\/p>\n\n\n\n<p>Auf keinen Fall darf am willk\u00fcrlichen Ziel von <a>215 Gigawatt <\/a>(GW) PV-Kapazit\u00e4ten f\u00fcr das Jahr 2030 festgehalten werden, nachdem bei aktuell 100 GW der Strombedarf an sonnigen Tagen beinahe allein durch PV gedeckt werden kann. Schlie\u00dflich betr\u00e4gt die maximale Nachfragelast nach dem starken R\u00fcckgang der Industrieproduktion nur noch etwa 75 GW im Winter, im Sommer liegt sie noch deutlich darunter. Die Photovoltaik massiv weiter auszubauen, um so gr\u00fcnen Wasserstoff zu erzeugen, ist sehr viel teuer als dessen Import.<\/p>\n\n\n\n<p class=\"has-text-align-center\"><strong>Kernkraftwerke reaktivieren und nach 25 Jahren EEG-F\u00f6rderung den Ausbau der Erneuerbaren dem Markt \u00fcberlassen<\/strong><\/p>\n\n\n\n<p>Nach einem Vierteljahrhundert der Subventionierung der Erneuerbaren durch das im Jahr 2000 eingef\u00fchrte Erneuerbare-Energien-Gesetz (EEG) sollte die EEG-F\u00f6rderung schnellstm\u00f6glich abgeschafft werden. Dadurch w\u00fcrden auch die F\u00f6rderexzesse bei der Photovoltaik einged\u00e4mmt. Diese Exzesse haben <a href=\"https:\/\/wirtschaftlichefreiheit.de\/wordpress\/?p=38936\">wenig beachtete soziale Ungerechtigkeiten<\/a> zur Folge, denn davon profitieren mehrheitlich wohlhabende Haushalte, w\u00e4hrend die deshalb h\u00f6heren Netzentgelte auch von Einkommensschwachen zu bezahlen sind. Und nicht zuletzt: Um die <a>Klimaziele kosteng\u00fcnstig zu erreichen und die Versorgungssicherheit mit Strom wieder zu verbessern, sollten m\u00f6glichst viele der abgeschalteten Kernkraftwerke <\/a>wieder reaktiviert werden. Entgegen der Aussagen von ehemaligen Betreibern ist dies technisch m\u00f6glich und \u00f6konomisch sinnvoll. &nbsp;<\/p>\n\n\n\n<p><strong>Serie \u201eWirtschaftspolitik neu ausrichten\u201c<\/strong><\/p>\n\n\n\n<p>Bernd Raffelh\u00fcschen (ALU): <a href=\"https:\/\/wirtschaftlichefreiheit.de\/wordpress\/?p=39058\">Rentenversicherung generationengerecht reformieren<\/a><\/p>\n\n\n\n<p>Astrid Rosenschon (IfW): <a href=\"https:\/\/wirtschaftlichefreiheit.de\/wordpress\/?p=38998\">Subventionen radikal k\u00fcrzen<\/a><\/p>\n\n\n\n<p>Michael Heise (HQ Trust): <a href=\"https:\/\/wirtschaftlichefreiheit.de\/wordpress\/?p=38976\">Wachstumskr\u00e4fte und Arbeitsvolumen steigern<\/a><\/p>\n\n\n\n<p>Norbert Berthold (JMU) und J\u00f6rn Quitzau (Bergos): <a href=\"https:\/\/wirtschaftlichefreiheit.de\/wordpress\/?p=38971\">Wirtschaftspolitik neu ausrichten<\/a><\/p>\n<!-- AddThis Advanced Settings generic via filter on the_content --><!-- AddThis Share Buttons generic via filter on the_content --><!-- AddThis Related Posts generic via filter on the_content -->","protected":false},"excerpt":{"rendered":"<p>Damit die aus der Energiewende resultierenden finanziellen Belastungen f\u00fcr Staat, Gesellschaft und Unternehmen nicht weiter massiv zunehmen, sollten das im Jahr 2000 eingef\u00fchrte Erneuerbare-Energien-Gesetz (EEG) und damit die Subventionen f\u00fcr Erneuerbare schnellstm\u00f6glich abgeschafft werden. Anstatt neue wasserstofff\u00e4hige Erdgaskraftwerke zu bauen, die mit teurem gr\u00fcnem Wasserstoff betrieben werden, sollte die Abscheidung und Speicherung von Kohlendioxid aus Kohle- und Erdgaskraftwerken erlaubt werden. Die Stromerzeugung kann auch so treibhausgasneutral werden. Dann k\u00f6nnte das \u00fcberambitionierte, nicht wohlfahrtoptimale Erneuerbaren-Ziel eines Gr\u00fcnstromanteils von nahezu 100\u00a0% aufgegeben werden, den Stromverbrauchern w\u00fcrde ein dreistelliger Milliardenbetrag erspart bleiben, weil der Netzausbau weitaus weniger umfangreich ausfallen m\u00fcsste.<!-- AddThis Advanced Settings generic via filter on wp_trim_excerpt --><!-- AddThis Share Buttons generic via filter on wp_trim_excerpt --><!-- AddThis Related Posts generic via filter on wp_trim_excerpt --><\/p>\n","protected":false},"author":157,"featured_media":39119,"comment_status":"open","ping_status":"open","sticky":false,"template":"","format":"standard","meta":{"footnotes":""},"categories":[1213],"tags":[588,4737],"class_list":["post-39114","post","type-post","status-publish","format-standard","has-post-thumbnail","hentry","category-energiepolitisches","tag-energiewende","tag-manuel-frondel"],"yoast_head":"<!-- This site is optimized with the Yoast SEO plugin v27.2 - https:\/\/yoast.com\/product\/yoast-seo-wordpress\/ -->\n<title>Wirtschaftspolitik neu ausrichten (5) Kehrtwende in der Energiepolitik schaffen - Wirtschaftliche Freiheit<\/title>\n<meta name=\"robots\" content=\"index, follow, max-snippet:-1, max-image-preview:large, max-video-preview:-1\" \/>\n<link rel=\"canonical\" href=\"https:\/\/wirtschaftlichefreiheit.de\/wordpress\/?p=39114\" \/>\n<meta property=\"og:locale\" content=\"de_DE\" \/>\n<meta property=\"og:type\" content=\"article\" \/>\n<meta property=\"og:title\" content=\"Wirtschaftspolitik neu ausrichten (5) Kehrtwende in der Energiepolitik schaffen - Wirtschaftliche Freiheit\" \/>\n<meta property=\"og:description\" content=\"Damit die aus der Energiewende resultierenden finanziellen Belastungen f\u00fcr Staat, Gesellschaft und Unternehmen nicht weiter massiv zunehmen, sollten das im Jahr 2000 eingef\u00fchrte Erneuerbare-Energien-Gesetz (EEG) und damit die Subventionen f\u00fcr Erneuerbare schnellstm\u00f6glich abgeschafft werden. Anstatt neue wasserstofff\u00e4hige Erdgaskraftwerke zu bauen, die mit teurem gr\u00fcnem Wasserstoff betrieben werden, sollte die Abscheidung und Speicherung von Kohlendioxid aus Kohle- und Erdgaskraftwerken erlaubt werden. Die Stromerzeugung kann auch so treibhausgasneutral werden. Dann k\u00f6nnte das \u00fcberambitionierte, nicht wohlfahrtoptimale Erneuerbaren-Ziel eines Gr\u00fcnstromanteils von nahezu 100\u00a0% aufgegeben werden, den Stromverbrauchern w\u00fcrde ein dreistelliger Milliardenbetrag erspart bleiben, weil der Netzausbau weitaus weniger umfangreich ausfallen m\u00fcsste.\" \/>\n<meta property=\"og:url\" content=\"https:\/\/wirtschaftlichefreiheit.de\/wordpress\/?p=39114\" \/>\n<meta property=\"og:site_name\" content=\"Wirtschaftliche Freiheit\" \/>\n<meta property=\"article:published_time\" content=\"2025-01-23T16:11:48+00:00\" \/>\n<meta property=\"article:modified_time\" content=\"2025-01-29T16:21:16+00:00\" \/>\n<meta property=\"og:image\" content=\"http:\/\/wirtschaftlichefreiheit.de\/wordpress\/bilder\/timeforchange-2000x1200-1.png\" \/>\n\t<meta property=\"og:image:width\" content=\"2000\" \/>\n\t<meta property=\"og:image:height\" content=\"1200\" \/>\n\t<meta property=\"og:image:type\" content=\"image\/png\" \/>\n<meta name=\"author\" content=\"Manuel Frondel\" \/>\n<meta name=\"twitter:card\" content=\"summary_large_image\" \/>\n<meta name=\"twitter:label1\" content=\"Verfasst von\" \/>\n\t<meta name=\"twitter:data1\" content=\"Manuel Frondel\" \/>\n\t<meta name=\"twitter:label2\" content=\"Gesch\u00e4tzte Lesezeit\" \/>\n\t<meta name=\"twitter:data2\" content=\"5\u00a0Minuten\" \/>\n<script type=\"application\/ld+json\" class=\"yoast-schema-graph\">{\"@context\":\"https:\/\/schema.org\",\"@graph\":[{\"@type\":\"Article\",\"@id\":\"https:\/\/wirtschaftlichefreiheit.de\/wordpress\/?p=39114#article\",\"isPartOf\":{\"@id\":\"https:\/\/wirtschaftlichefreiheit.de\/wordpress\/?p=39114\"},\"author\":{\"name\":\"Manuel Frondel\",\"@id\":\"https:\/\/wirtschaftlichefreiheit.de\/wordpress\/#\/schema\/person\/c9438cc42f0ce395ee1c9ad2c299edd7\"},\"headline\":\"Wirtschaftspolitik neu ausrichten (5) Kehrtwende in der Energiepolitik schaffen\",\"datePublished\":\"2025-01-23T16:11:48+00:00\",\"dateModified\":\"2025-01-29T16:21:16+00:00\",\"mainEntityOfPage\":{\"@id\":\"https:\/\/wirtschaftlichefreiheit.de\/wordpress\/?p=39114\"},\"wordCount\":917,\"commentCount\":5,\"image\":{\"@id\":\"https:\/\/wirtschaftlichefreiheit.de\/wordpress\/?p=39114#primaryimage\"},\"thumbnailUrl\":\"https:\/\/wirtschaftlichefreiheit.de\/wordpress\/bilder\/timeforchange-2000x1200-1.png\",\"keywords\":[\"Energiewende\",\"Manuel Frondel\"],\"articleSection\":[\"Energiepolitisches\"],\"inLanguage\":\"de\",\"potentialAction\":[{\"@type\":\"CommentAction\",\"name\":\"Comment\",\"target\":[\"https:\/\/wirtschaftlichefreiheit.de\/wordpress\/?p=39114#respond\"]}]},{\"@type\":\"WebPage\",\"@id\":\"https:\/\/wirtschaftlichefreiheit.de\/wordpress\/?p=39114\",\"url\":\"https:\/\/wirtschaftlichefreiheit.de\/wordpress\/?p=39114\",\"name\":\"Wirtschaftspolitik neu ausrichten (5) Kehrtwende in der Energiepolitik schaffen - Wirtschaftliche Freiheit\",\"isPartOf\":{\"@id\":\"https:\/\/wirtschaftlichefreiheit.de\/wordpress\/#website\"},\"primaryImageOfPage\":{\"@id\":\"https:\/\/wirtschaftlichefreiheit.de\/wordpress\/?p=39114#primaryimage\"},\"image\":{\"@id\":\"https:\/\/wirtschaftlichefreiheit.de\/wordpress\/?p=39114#primaryimage\"},\"thumbnailUrl\":\"https:\/\/wirtschaftlichefreiheit.de\/wordpress\/bilder\/timeforchange-2000x1200-1.png\",\"datePublished\":\"2025-01-23T16:11:48+00:00\",\"dateModified\":\"2025-01-29T16:21:16+00:00\",\"author\":{\"@id\":\"https:\/\/wirtschaftlichefreiheit.de\/wordpress\/#\/schema\/person\/c9438cc42f0ce395ee1c9ad2c299edd7\"},\"breadcrumb\":{\"@id\":\"https:\/\/wirtschaftlichefreiheit.de\/wordpress\/?p=39114#breadcrumb\"},\"inLanguage\":\"de\",\"potentialAction\":[{\"@type\":\"ReadAction\",\"target\":[\"https:\/\/wirtschaftlichefreiheit.de\/wordpress\/?p=39114\"]}]},{\"@type\":\"ImageObject\",\"inLanguage\":\"de\",\"@id\":\"https:\/\/wirtschaftlichefreiheit.de\/wordpress\/?p=39114#primaryimage\",\"url\":\"https:\/\/wirtschaftlichefreiheit.de\/wordpress\/bilder\/timeforchange-2000x1200-1.png\",\"contentUrl\":\"https:\/\/wirtschaftlichefreiheit.de\/wordpress\/bilder\/timeforchange-2000x1200-1.png\",\"width\":2000,\"height\":1200},{\"@type\":\"BreadcrumbList\",\"@id\":\"https:\/\/wirtschaftlichefreiheit.de\/wordpress\/?p=39114#breadcrumb\",\"itemListElement\":[{\"@type\":\"ListItem\",\"position\":1,\"name\":\"Startseite\",\"item\":\"https:\/\/wirtschaftlichefreiheit.de\/wordpress\"},{\"@type\":\"ListItem\",\"position\":2,\"name\":\"Wirtschaftspolitik neu ausrichten (5) Kehrtwende in der Energiepolitik schaffen\"}]},{\"@type\":\"WebSite\",\"@id\":\"https:\/\/wirtschaftlichefreiheit.de\/wordpress\/#website\",\"url\":\"https:\/\/wirtschaftlichefreiheit.de\/wordpress\/\",\"name\":\"Wirtschaftliche Freiheit\",\"description\":\"Das ordnungspolitische Journal\",\"potentialAction\":[{\"@type\":\"SearchAction\",\"target\":{\"@type\":\"EntryPoint\",\"urlTemplate\":\"https:\/\/wirtschaftlichefreiheit.de\/wordpress\/?s={search_term_string}\"},\"query-input\":{\"@type\":\"PropertyValueSpecification\",\"valueRequired\":true,\"valueName\":\"search_term_string\"}}],\"inLanguage\":\"de\"},{\"@type\":\"Person\",\"@id\":\"https:\/\/wirtschaftlichefreiheit.de\/wordpress\/#\/schema\/person\/c9438cc42f0ce395ee1c9ad2c299edd7\",\"name\":\"Manuel Frondel\",\"image\":{\"@type\":\"ImageObject\",\"inLanguage\":\"de\",\"@id\":\"https:\/\/wirtschaftlichefreiheit.de\/wordpress\/bilder\/frondel-scaled.jpg\",\"url\":\"https:\/\/wirtschaftlichefreiheit.de\/wordpress\/bilder\/frondel-scaled.jpg\",\"contentUrl\":\"https:\/\/wirtschaftlichefreiheit.de\/wordpress\/bilder\/frondel-scaled.jpg\",\"caption\":\"Manuel Frondel\"},\"description\":\"RWI Essen und Ruhr-Universit\u00e4t Bochum\",\"url\":\"https:\/\/wirtschaftlichefreiheit.de\/wordpress\/?author=157\"}]}<\/script>\n<!-- \/ Yoast SEO plugin. -->","yoast_head_json":{"title":"Wirtschaftspolitik neu ausrichten (5) Kehrtwende in der Energiepolitik schaffen - Wirtschaftliche Freiheit","robots":{"index":"index","follow":"follow","max-snippet":"max-snippet:-1","max-image-preview":"max-image-preview:large","max-video-preview":"max-video-preview:-1"},"canonical":"https:\/\/wirtschaftlichefreiheit.de\/wordpress\/?p=39114","og_locale":"de_DE","og_type":"article","og_title":"Wirtschaftspolitik neu ausrichten (5) Kehrtwende in der Energiepolitik schaffen - Wirtschaftliche Freiheit","og_description":"Damit die aus der Energiewende resultierenden finanziellen Belastungen f\u00fcr Staat, Gesellschaft und Unternehmen nicht weiter massiv zunehmen, sollten das im Jahr 2000 eingef\u00fchrte Erneuerbare-Energien-Gesetz (EEG) und damit die Subventionen f\u00fcr Erneuerbare schnellstm\u00f6glich abgeschafft werden. Anstatt neue wasserstofff\u00e4hige Erdgaskraftwerke zu bauen, die mit teurem gr\u00fcnem Wasserstoff betrieben werden, sollte die Abscheidung und Speicherung von Kohlendioxid aus Kohle- und Erdgaskraftwerken erlaubt werden. Die Stromerzeugung kann auch so treibhausgasneutral werden. Dann k\u00f6nnte das \u00fcberambitionierte, nicht wohlfahrtoptimale Erneuerbaren-Ziel eines Gr\u00fcnstromanteils von nahezu 100\u00a0% aufgegeben werden, den Stromverbrauchern w\u00fcrde ein dreistelliger Milliardenbetrag erspart bleiben, weil der Netzausbau weitaus weniger umfangreich ausfallen m\u00fcsste.","og_url":"https:\/\/wirtschaftlichefreiheit.de\/wordpress\/?p=39114","og_site_name":"Wirtschaftliche Freiheit","article_published_time":"2025-01-23T16:11:48+00:00","article_modified_time":"2025-01-29T16:21:16+00:00","og_image":[{"width":2000,"height":1200,"url":"http:\/\/wirtschaftlichefreiheit.de\/wordpress\/bilder\/timeforchange-2000x1200-1.png","type":"image\/png"}],"author":"Manuel Frondel","twitter_card":"summary_large_image","twitter_misc":{"Verfasst von":"Manuel Frondel","Gesch\u00e4tzte Lesezeit":"5\u00a0Minuten"},"schema":{"@context":"https:\/\/schema.org","@graph":[{"@type":"Article","@id":"https:\/\/wirtschaftlichefreiheit.de\/wordpress\/?p=39114#article","isPartOf":{"@id":"https:\/\/wirtschaftlichefreiheit.de\/wordpress\/?p=39114"},"author":{"name":"Manuel Frondel","@id":"https:\/\/wirtschaftlichefreiheit.de\/wordpress\/#\/schema\/person\/c9438cc42f0ce395ee1c9ad2c299edd7"},"headline":"Wirtschaftspolitik neu ausrichten (5) Kehrtwende in der Energiepolitik schaffen","datePublished":"2025-01-23T16:11:48+00:00","dateModified":"2025-01-29T16:21:16+00:00","mainEntityOfPage":{"@id":"https:\/\/wirtschaftlichefreiheit.de\/wordpress\/?p=39114"},"wordCount":917,"commentCount":5,"image":{"@id":"https:\/\/wirtschaftlichefreiheit.de\/wordpress\/?p=39114#primaryimage"},"thumbnailUrl":"https:\/\/wirtschaftlichefreiheit.de\/wordpress\/bilder\/timeforchange-2000x1200-1.png","keywords":["Energiewende","Manuel Frondel"],"articleSection":["Energiepolitisches"],"inLanguage":"de","potentialAction":[{"@type":"CommentAction","name":"Comment","target":["https:\/\/wirtschaftlichefreiheit.de\/wordpress\/?p=39114#respond"]}]},{"@type":"WebPage","@id":"https:\/\/wirtschaftlichefreiheit.de\/wordpress\/?p=39114","url":"https:\/\/wirtschaftlichefreiheit.de\/wordpress\/?p=39114","name":"Wirtschaftspolitik neu ausrichten (5) Kehrtwende in der Energiepolitik schaffen - Wirtschaftliche Freiheit","isPartOf":{"@id":"https:\/\/wirtschaftlichefreiheit.de\/wordpress\/#website"},"primaryImageOfPage":{"@id":"https:\/\/wirtschaftlichefreiheit.de\/wordpress\/?p=39114#primaryimage"},"image":{"@id":"https:\/\/wirtschaftlichefreiheit.de\/wordpress\/?p=39114#primaryimage"},"thumbnailUrl":"https:\/\/wirtschaftlichefreiheit.de\/wordpress\/bilder\/timeforchange-2000x1200-1.png","datePublished":"2025-01-23T16:11:48+00:00","dateModified":"2025-01-29T16:21:16+00:00","author":{"@id":"https:\/\/wirtschaftlichefreiheit.de\/wordpress\/#\/schema\/person\/c9438cc42f0ce395ee1c9ad2c299edd7"},"breadcrumb":{"@id":"https:\/\/wirtschaftlichefreiheit.de\/wordpress\/?p=39114#breadcrumb"},"inLanguage":"de","potentialAction":[{"@type":"ReadAction","target":["https:\/\/wirtschaftlichefreiheit.de\/wordpress\/?p=39114"]}]},{"@type":"ImageObject","inLanguage":"de","@id":"https:\/\/wirtschaftlichefreiheit.de\/wordpress\/?p=39114#primaryimage","url":"https:\/\/wirtschaftlichefreiheit.de\/wordpress\/bilder\/timeforchange-2000x1200-1.png","contentUrl":"https:\/\/wirtschaftlichefreiheit.de\/wordpress\/bilder\/timeforchange-2000x1200-1.png","width":2000,"height":1200},{"@type":"BreadcrumbList","@id":"https:\/\/wirtschaftlichefreiheit.de\/wordpress\/?p=39114#breadcrumb","itemListElement":[{"@type":"ListItem","position":1,"name":"Startseite","item":"https:\/\/wirtschaftlichefreiheit.de\/wordpress"},{"@type":"ListItem","position":2,"name":"Wirtschaftspolitik neu ausrichten (5) Kehrtwende in der Energiepolitik schaffen"}]},{"@type":"WebSite","@id":"https:\/\/wirtschaftlichefreiheit.de\/wordpress\/#website","url":"https:\/\/wirtschaftlichefreiheit.de\/wordpress\/","name":"Wirtschaftliche Freiheit","description":"Das ordnungspolitische Journal","potentialAction":[{"@type":"SearchAction","target":{"@type":"EntryPoint","urlTemplate":"https:\/\/wirtschaftlichefreiheit.de\/wordpress\/?s={search_term_string}"},"query-input":{"@type":"PropertyValueSpecification","valueRequired":true,"valueName":"search_term_string"}}],"inLanguage":"de"},{"@type":"Person","@id":"https:\/\/wirtschaftlichefreiheit.de\/wordpress\/#\/schema\/person\/c9438cc42f0ce395ee1c9ad2c299edd7","name":"Manuel Frondel","image":{"@type":"ImageObject","inLanguage":"de","@id":"https:\/\/wirtschaftlichefreiheit.de\/wordpress\/bilder\/frondel-scaled.jpg","url":"https:\/\/wirtschaftlichefreiheit.de\/wordpress\/bilder\/frondel-scaled.jpg","contentUrl":"https:\/\/wirtschaftlichefreiheit.de\/wordpress\/bilder\/frondel-scaled.jpg","caption":"Manuel Frondel"},"description":"RWI Essen und Ruhr-Universit\u00e4t Bochum","url":"https:\/\/wirtschaftlichefreiheit.de\/wordpress\/?author=157"}]}},"_links":{"self":[{"href":"https:\/\/wirtschaftlichefreiheit.de\/wordpress\/index.php?rest_route=\/wp\/v2\/posts\/39114","targetHints":{"allow":["GET"]}}],"collection":[{"href":"https:\/\/wirtschaftlichefreiheit.de\/wordpress\/index.php?rest_route=\/wp\/v2\/posts"}],"about":[{"href":"https:\/\/wirtschaftlichefreiheit.de\/wordpress\/index.php?rest_route=\/wp\/v2\/types\/post"}],"author":[{"embeddable":true,"href":"https:\/\/wirtschaftlichefreiheit.de\/wordpress\/index.php?rest_route=\/wp\/v2\/users\/157"}],"replies":[{"embeddable":true,"href":"https:\/\/wirtschaftlichefreiheit.de\/wordpress\/index.php?rest_route=%2Fwp%2Fv2%2Fcomments&post=39114"}],"version-history":[{"count":9,"href":"https:\/\/wirtschaftlichefreiheit.de\/wordpress\/index.php?rest_route=\/wp\/v2\/posts\/39114\/revisions"}],"predecessor-version":[{"id":39175,"href":"https:\/\/wirtschaftlichefreiheit.de\/wordpress\/index.php?rest_route=\/wp\/v2\/posts\/39114\/revisions\/39175"}],"wp:featuredmedia":[{"embeddable":true,"href":"https:\/\/wirtschaftlichefreiheit.de\/wordpress\/index.php?rest_route=\/wp\/v2\/media\/39119"}],"wp:attachment":[{"href":"https:\/\/wirtschaftlichefreiheit.de\/wordpress\/index.php?rest_route=%2Fwp%2Fv2%2Fmedia&parent=39114"}],"wp:term":[{"taxonomy":"category","embeddable":true,"href":"https:\/\/wirtschaftlichefreiheit.de\/wordpress\/index.php?rest_route=%2Fwp%2Fv2%2Fcategories&post=39114"},{"taxonomy":"post_tag","embeddable":true,"href":"https:\/\/wirtschaftlichefreiheit.de\/wordpress\/index.php?rest_route=%2Fwp%2Fv2%2Ftags&post=39114"}],"curies":[{"name":"wp","href":"https:\/\/api.w.org\/{rel}","templated":true}]}}