{"id":39627,"date":"2025-03-11T12:12:00","date_gmt":"2025-03-11T11:12:00","guid":{"rendered":"https:\/\/wirtschaftlichefreiheit.de\/wordpress\/?p=39627"},"modified":"2025-09-26T13:10:47","modified_gmt":"2025-09-26T12:10:47","slug":"kurz-kommentiert-schuldenbremse-und-sondierungspapier-ein-fiasko-oekonomischer-politikberatung","status":"publish","type":"post","link":"https:\/\/wirtschaftlichefreiheit.de\/wordpress\/?p=39627","title":{"rendered":"<b>Kurz kommentiert <\/b><br>Schuldenbremse und Sondierungspapier <br><b>Ein Fiasko \u00f6konomischer Politikberatung? <\/b>"},"content":{"rendered":"\n<p><em>Sp\u00e4testens mit dem entt\u00e4uschenden Sondierungspapier stellt sich heraus, dass das Lockern der Schuldenbremse ein Fehler war. Man kann diesen auch als die Folge eines Scheiterns der \u00f6konomischen Politikberatung interpretieren.<\/em><\/p>\n\n\n\n<p>Das Sondierungspapier von Union und SPD wird mit seinen finanz- und wirtschaftspolitischen Teilen von der Fachwelt bisher gr\u00f6\u00dftenteils skeptisch beurteilt. Die erhoffte Wirtschaftswende, eine umfassende Neuorientierung hin zu einer auf Effizienz und Wachstum ausgerichteten Politik, bleibt jedenfalls aus. Wenigen Hoffnungsschimmern, wie der vagen Aussicht auf eine Reform der Unternehmensteuern, stehen grobe Schnitzer gegen\u00fcber, von der Mietpreisbremse \u00fcber eine planwirtschaftliche Gr\u00fcnstahlquote bis zur M\u00fctterrente.<\/p>\n\n\n\n<p>Die neue Koalition wird das Geld mit vollen H\u00e4nden ausgeben, aber sie wird damit vor allem kurzfristige W\u00fcnsche zahlreicher Interessengruppen bedienen. Es ist absehbar, dass wegen zahlreicher konsumtiver Ausgabenw\u00fcnsche auch das neue Sonderverm\u00f6gen nur teilweise zus\u00e4tzliche Investitionen finanzieren wird. Denn zur Finanzierung von \u00f6ffentlichem Konsum und Umverteilung werden ohnehin schon geplante Investitionen aus dem Kernhaushalt ins Sonderverm\u00f6gen verschoben werden m\u00fcssen.<\/p>\n\n\n\n<p>All das ist unerfreulich, aber f\u00fcr diejenigen \u00d6konomen nicht \u00fcberraschend, die sich mit Public Choice (also der \u00f6konomischen Theorie der Politik) und Ordnungs\u00f6konomik besch\u00e4ftigt haben. Diese warnten stets davor, dass ein Aufweichen der Schuldenbremse keine neue Welle effizienter Investitionen ausl\u00f6sen wird, sondern dass das Lockern der staatlichen Budgetrestriktion den \u00f6ffentlichen Konsum anfeuern und vor allem den notwendigen Reformdruck hin zu mehr Wettbewerbsf\u00e4higkeit gef\u00e4hrlich reduzieren wird.<\/p>\n\n\n\n<p>Dennoch haben nicht wenige \u00d6konominnen und \u00d6konomen in den letzten Jahren gegen die Schuldenbremse argumentiert und gefordert, dass diese entweder gelockert oder ganz beseitigt werden solle. Und damit sind bei weitem nicht nur diejenigen gemeint, die zu Beginn der Sondierungsgespr\u00e4che gemeinsam mit dem saarl\u00e4ndischen Finanzminister einen Plan f\u00fcr ein Sonderverm\u00f6gen und die Ausnahme f\u00fcr Verteidigungsausgaben geschmiedet haben. Wieso konnten diese Kolleginnen und Kollegen, die die relevante polit-\u00f6konomische Literatur ja auch kennen, die Gefahren nicht sehen?<\/p>\n\n\n\n<p>Die Antwort darauf findet man vielleicht, wenn man sich den weiteren Bogen der Debatte um die Schuldenbremse in den letzten Jahren noch einmal in Erinnerung ruft. W\u00e4hrend der Corona-Pandemie setzte sich ein positiveres Bild wirtschaftspolitischer Probleml\u00f6sungsf\u00e4higkeit durch als es zuvor vorherrschend war. Dieser Wandel war nicht zuletzt gepr\u00e4gt von gestiegenem Vertrauen auf der pers\u00f6nlichen Ebene, zwischen politikberatender Wissenschaft und der Politik.<\/p>\n\n\n\n<p>In formalen und informalen Austauschen fanden deutlich mehr Wissenschaftlerinnen und Wissenschaftler als vorher die N\u00e4he der M\u00e4chtigen. Sie genossen dies oft sichtlich, wie zahlreiche Beitr\u00e4ge in Sozialen Medien zeigen. Damit ging pers\u00f6nliche Distanz zur Macht verloren. Was aber viel wichtiger sein d\u00fcrfte: Es trat eine Tugend \u00f6konomischer Analyse in den Hintergrund, n\u00e4mlich das Denken in Anreizen und Institutionen. Warum brauchen wir eine Institution wie die Schuldenbremse, wenn man den politischen Akteuren, mit denen man da regelm\u00e4\u00dfig freundlich interagiert, doch pers\u00f6nlich trauen kann?<\/p>\n\n\n\n<p>Dazu mag in dem einen oder anderen Fall noch eine gewisse Hybris kommen. Wenn man sich f\u00fcr das \u00f6konomische Hirn der Entscheider h\u00e4lt, dann h\u00e4lt man vielleicht auch irgendwann die M\u00e4chtigen f\u00fcr die Ausf\u00fchrenden der eigenen \u00f6konomischen Ideen. Man ist also im praktischen Fall davon \u00fcberzeugt, dass die Politiker, deren Handlungsspielr\u00e4ume man durch Sonderverm\u00f6gen und Ausnahmeregeln deutlich erweitert, diese Spielr\u00e4ume schon sinnvoll nutzen werden \u2013 denn man ber\u00e4t sie ja selbst!<\/p>\n\n\n\n<p>So ist es nun nicht gekommen. Zwischen dem Lockern der Schuldenbremse und dem Beschluss der weitestgehend ineffizienten, ja sch\u00e4dlichen Nutzung der neuen Haushaltsspielr\u00e4ume liegt kaum eine Woche. Die Politik folgt, nicht \u00fcberraschend, ihrer eigenen Logik und nicht dem Ratschlag der sie beratenden \u00d6konominnen und \u00d6konomen. Man kann nun hoffen, dass dies auch zu einem Umdenken in der \u00f6konomischen Politikberatung f\u00fchrt.<\/p>\n\n\n\n<p>Distanz zur Macht k\u00f6nnte wieder zu einer Tugend werden. Wenn schon nicht pers\u00f6nlich, dann doch zumindest analytisch. Gute Politikberatung sollte immer ber\u00fccksichtigen, wie die Spielregeln f\u00fcr die Politik funktionieren und ausgenutzt werden, wenn die Akteure im politischen Betrieb keine Wohlfahrtsmaximierer sind, sondern ihre ganz eigenen Ziele verfolgen. Das ist eigentlich trivial. Vergessen wurde es zuletzt dennoch.<\/p>\n<!-- AddThis Advanced Settings generic via filter on the_content --><!-- AddThis Share Buttons generic via filter on the_content --><!-- AddThis Related Posts generic via filter on the_content -->","protected":false},"excerpt":{"rendered":"<p>Sp\u00e4testens mit dem entt\u00e4uschenden Sondierungspapier stellt sich heraus, dass das Lockern der Schuldenbremse ein Fehler war. Man kann diesen auch als die Folge eines Scheiterns der \u00f6konomischen Politikberatung interpretieren.<!-- AddThis Advanced Settings generic via filter on wp_trim_excerpt --><!-- AddThis Share Buttons generic via filter on wp_trim_excerpt --><!-- AddThis Related Posts generic via filter on wp_trim_excerpt --><\/p>\n","protected":false},"author":37,"featured_media":39630,"comment_status":"open","ping_status":"open","sticky":false,"template":"","format":"standard","meta":{"footnotes":""},"categories":[31],"tags":[1424,738,153,4760],"class_list":["post-39627","post","type-post","status-publish","format-standard","has-post-thumbnail","hentry","category-politisches","tag-politikberatung","tag-schnellenbach","tag-schuldenbremse","tag-sondierungspapier"],"yoast_head":"<!-- This site is optimized with the Yoast SEO plugin v27.2 - https:\/\/yoast.com\/product\/yoast-seo-wordpress\/ -->\n<title>Kurz kommentiert Schuldenbremse und Sondierungspapier Ein Fiasko \u00f6konomischer Politikberatung?  - Wirtschaftliche Freiheit<\/title>\n<meta name=\"robots\" content=\"index, follow, max-snippet:-1, max-image-preview:large, max-video-preview:-1\" \/>\n<link rel=\"canonical\" href=\"https:\/\/wirtschaftlichefreiheit.de\/wordpress\/?p=39627\" \/>\n<meta property=\"og:locale\" content=\"de_DE\" \/>\n<meta property=\"og:type\" content=\"article\" \/>\n<meta property=\"og:title\" content=\"Kurz kommentiert Schuldenbremse und Sondierungspapier Ein Fiasko \u00f6konomischer Politikberatung?  - Wirtschaftliche Freiheit\" \/>\n<meta property=\"og:description\" content=\"Sp\u00e4testens mit dem entt\u00e4uschenden Sondierungspapier stellt sich heraus, dass das Lockern der Schuldenbremse ein Fehler war. Man kann diesen auch als die Folge eines Scheiterns der \u00f6konomischen Politikberatung interpretieren.\" \/>\n<meta property=\"og:url\" content=\"https:\/\/wirtschaftlichefreiheit.de\/wordpress\/?p=39627\" \/>\n<meta property=\"og:site_name\" content=\"Wirtschaftliche Freiheit\" \/>\n<meta property=\"article:published_time\" content=\"2025-03-11T11:12:00+00:00\" \/>\n<meta property=\"article:modified_time\" content=\"2025-09-26T12:10:47+00:00\" \/>\n<meta property=\"og:image\" content=\"http:\/\/wirtschaftlichefreiheit.de\/wordpress\/bilder\/geralt-1024x683.png\" \/>\n\t<meta property=\"og:image:width\" content=\"1024\" \/>\n\t<meta property=\"og:image:height\" content=\"683\" \/>\n\t<meta property=\"og:image:type\" content=\"image\/png\" \/>\n<meta name=\"author\" content=\"Jan Schnellenbach\" \/>\n<meta name=\"twitter:card\" content=\"summary_large_image\" \/>\n<meta name=\"twitter:label1\" content=\"Verfasst von\" \/>\n\t<meta name=\"twitter:data1\" content=\"Jan Schnellenbach\" \/>\n\t<meta name=\"twitter:label2\" content=\"Gesch\u00e4tzte Lesezeit\" \/>\n\t<meta name=\"twitter:data2\" content=\"4\u00a0Minuten\" \/>\n<script type=\"application\/ld+json\" class=\"yoast-schema-graph\">{\"@context\":\"https:\/\/schema.org\",\"@graph\":[{\"@type\":\"Article\",\"@id\":\"https:\/\/wirtschaftlichefreiheit.de\/wordpress\/?p=39627#article\",\"isPartOf\":{\"@id\":\"https:\/\/wirtschaftlichefreiheit.de\/wordpress\/?p=39627\"},\"author\":{\"name\":\"Jan Schnellenbach\",\"@id\":\"https:\/\/wirtschaftlichefreiheit.de\/wordpress\/#\/schema\/person\/b4e3f13ea24d514f6e985c29be203360\"},\"headline\":\"Kurz kommentiert Schuldenbremse und Sondierungspapier Ein Fiasko \u00f6konomischer Politikberatung?\",\"datePublished\":\"2025-03-11T11:12:00+00:00\",\"dateModified\":\"2025-09-26T12:10:47+00:00\",\"mainEntityOfPage\":{\"@id\":\"https:\/\/wirtschaftlichefreiheit.de\/wordpress\/?p=39627\"},\"wordCount\":685,\"commentCount\":1,\"image\":{\"@id\":\"https:\/\/wirtschaftlichefreiheit.de\/wordpress\/?p=39627#primaryimage\"},\"thumbnailUrl\":\"https:\/\/wirtschaftlichefreiheit.de\/wordpress\/bilder\/geralt.png\",\"keywords\":[\"Politikberatung\",\"Schnellenbach\",\"schuldenbremse\",\"Sondierungspapier\"],\"articleSection\":[\"Politisches\"],\"inLanguage\":\"de\",\"potentialAction\":[{\"@type\":\"CommentAction\",\"name\":\"Comment\",\"target\":[\"https:\/\/wirtschaftlichefreiheit.de\/wordpress\/?p=39627#respond\"]}]},{\"@type\":\"WebPage\",\"@id\":\"https:\/\/wirtschaftlichefreiheit.de\/wordpress\/?p=39627\",\"url\":\"https:\/\/wirtschaftlichefreiheit.de\/wordpress\/?p=39627\",\"name\":\"Kurz kommentiert Schuldenbremse und Sondierungspapier Ein Fiasko \u00f6konomischer Politikberatung? - Wirtschaftliche Freiheit\",\"isPartOf\":{\"@id\":\"https:\/\/wirtschaftlichefreiheit.de\/wordpress\/#website\"},\"primaryImageOfPage\":{\"@id\":\"https:\/\/wirtschaftlichefreiheit.de\/wordpress\/?p=39627#primaryimage\"},\"image\":{\"@id\":\"https:\/\/wirtschaftlichefreiheit.de\/wordpress\/?p=39627#primaryimage\"},\"thumbnailUrl\":\"https:\/\/wirtschaftlichefreiheit.de\/wordpress\/bilder\/geralt.png\",\"datePublished\":\"2025-03-11T11:12:00+00:00\",\"dateModified\":\"2025-09-26T12:10:47+00:00\",\"author\":{\"@id\":\"https:\/\/wirtschaftlichefreiheit.de\/wordpress\/#\/schema\/person\/b4e3f13ea24d514f6e985c29be203360\"},\"breadcrumb\":{\"@id\":\"https:\/\/wirtschaftlichefreiheit.de\/wordpress\/?p=39627#breadcrumb\"},\"inLanguage\":\"de\",\"potentialAction\":[{\"@type\":\"ReadAction\",\"target\":[\"https:\/\/wirtschaftlichefreiheit.de\/wordpress\/?p=39627\"]}]},{\"@type\":\"ImageObject\",\"inLanguage\":\"de\",\"@id\":\"https:\/\/wirtschaftlichefreiheit.de\/wordpress\/?p=39627#primaryimage\",\"url\":\"https:\/\/wirtschaftlichefreiheit.de\/wordpress\/bilder\/geralt.png\",\"contentUrl\":\"https:\/\/wirtschaftlichefreiheit.de\/wordpress\/bilder\/geralt.png\",\"width\":1949,\"height\":1300},{\"@type\":\"BreadcrumbList\",\"@id\":\"https:\/\/wirtschaftlichefreiheit.de\/wordpress\/?p=39627#breadcrumb\",\"itemListElement\":[{\"@type\":\"ListItem\",\"position\":1,\"name\":\"Startseite\",\"item\":\"https:\/\/wirtschaftlichefreiheit.de\/wordpress\"},{\"@type\":\"ListItem\",\"position\":2,\"name\":\"Kurz kommentiert Schuldenbremse und Sondierungspapier Ein Fiasko \u00f6konomischer Politikberatung?\"}]},{\"@type\":\"WebSite\",\"@id\":\"https:\/\/wirtschaftlichefreiheit.de\/wordpress\/#website\",\"url\":\"https:\/\/wirtschaftlichefreiheit.de\/wordpress\/\",\"name\":\"Wirtschaftliche Freiheit\",\"description\":\"Das ordnungspolitische Journal\",\"potentialAction\":[{\"@type\":\"SearchAction\",\"target\":{\"@type\":\"EntryPoint\",\"urlTemplate\":\"https:\/\/wirtschaftlichefreiheit.de\/wordpress\/?s={search_term_string}\"},\"query-input\":{\"@type\":\"PropertyValueSpecification\",\"valueRequired\":true,\"valueName\":\"search_term_string\"}}],\"inLanguage\":\"de\"},{\"@type\":\"Person\",\"@id\":\"https:\/\/wirtschaftlichefreiheit.de\/wordpress\/#\/schema\/person\/b4e3f13ea24d514f6e985c29be203360\",\"name\":\"Jan Schnellenbach\",\"image\":{\"@type\":\"ImageObject\",\"inLanguage\":\"de\",\"@id\":\"https:\/\/wirtschaftlichefreiheit.de\/wordpress\/bilder\/jans.png\",\"url\":\"https:\/\/wirtschaftlichefreiheit.de\/wordpress\/bilder\/jans.png\",\"contentUrl\":\"https:\/\/wirtschaftlichefreiheit.de\/wordpress\/bilder\/jans.png\",\"caption\":\"Jan Schnellenbach\"},\"description\":\"Brandenburgische Technische Universit\u00e4t Cottbus\",\"url\":\"https:\/\/wirtschaftlichefreiheit.de\/wordpress\/?author=37\"}]}<\/script>\n<!-- \/ Yoast SEO plugin. -->","yoast_head_json":{"title":"Kurz kommentiert Schuldenbremse und Sondierungspapier Ein Fiasko \u00f6konomischer Politikberatung?  - Wirtschaftliche Freiheit","robots":{"index":"index","follow":"follow","max-snippet":"max-snippet:-1","max-image-preview":"max-image-preview:large","max-video-preview":"max-video-preview:-1"},"canonical":"https:\/\/wirtschaftlichefreiheit.de\/wordpress\/?p=39627","og_locale":"de_DE","og_type":"article","og_title":"Kurz kommentiert Schuldenbremse und Sondierungspapier Ein Fiasko \u00f6konomischer Politikberatung?  - Wirtschaftliche Freiheit","og_description":"Sp\u00e4testens mit dem entt\u00e4uschenden Sondierungspapier stellt sich heraus, dass das Lockern der Schuldenbremse ein Fehler war. Man kann diesen auch als die Folge eines Scheiterns der \u00f6konomischen Politikberatung interpretieren.","og_url":"https:\/\/wirtschaftlichefreiheit.de\/wordpress\/?p=39627","og_site_name":"Wirtschaftliche Freiheit","article_published_time":"2025-03-11T11:12:00+00:00","article_modified_time":"2025-09-26T12:10:47+00:00","og_image":[{"width":1024,"height":683,"url":"http:\/\/wirtschaftlichefreiheit.de\/wordpress\/bilder\/geralt-1024x683.png","type":"image\/png"}],"author":"Jan Schnellenbach","twitter_card":"summary_large_image","twitter_misc":{"Verfasst von":"Jan Schnellenbach","Gesch\u00e4tzte Lesezeit":"4\u00a0Minuten"},"schema":{"@context":"https:\/\/schema.org","@graph":[{"@type":"Article","@id":"https:\/\/wirtschaftlichefreiheit.de\/wordpress\/?p=39627#article","isPartOf":{"@id":"https:\/\/wirtschaftlichefreiheit.de\/wordpress\/?p=39627"},"author":{"name":"Jan Schnellenbach","@id":"https:\/\/wirtschaftlichefreiheit.de\/wordpress\/#\/schema\/person\/b4e3f13ea24d514f6e985c29be203360"},"headline":"Kurz kommentiert Schuldenbremse und Sondierungspapier Ein Fiasko \u00f6konomischer Politikberatung?","datePublished":"2025-03-11T11:12:00+00:00","dateModified":"2025-09-26T12:10:47+00:00","mainEntityOfPage":{"@id":"https:\/\/wirtschaftlichefreiheit.de\/wordpress\/?p=39627"},"wordCount":685,"commentCount":1,"image":{"@id":"https:\/\/wirtschaftlichefreiheit.de\/wordpress\/?p=39627#primaryimage"},"thumbnailUrl":"https:\/\/wirtschaftlichefreiheit.de\/wordpress\/bilder\/geralt.png","keywords":["Politikberatung","Schnellenbach","schuldenbremse","Sondierungspapier"],"articleSection":["Politisches"],"inLanguage":"de","potentialAction":[{"@type":"CommentAction","name":"Comment","target":["https:\/\/wirtschaftlichefreiheit.de\/wordpress\/?p=39627#respond"]}]},{"@type":"WebPage","@id":"https:\/\/wirtschaftlichefreiheit.de\/wordpress\/?p=39627","url":"https:\/\/wirtschaftlichefreiheit.de\/wordpress\/?p=39627","name":"Kurz kommentiert Schuldenbremse und Sondierungspapier Ein Fiasko \u00f6konomischer Politikberatung? - Wirtschaftliche Freiheit","isPartOf":{"@id":"https:\/\/wirtschaftlichefreiheit.de\/wordpress\/#website"},"primaryImageOfPage":{"@id":"https:\/\/wirtschaftlichefreiheit.de\/wordpress\/?p=39627#primaryimage"},"image":{"@id":"https:\/\/wirtschaftlichefreiheit.de\/wordpress\/?p=39627#primaryimage"},"thumbnailUrl":"https:\/\/wirtschaftlichefreiheit.de\/wordpress\/bilder\/geralt.png","datePublished":"2025-03-11T11:12:00+00:00","dateModified":"2025-09-26T12:10:47+00:00","author":{"@id":"https:\/\/wirtschaftlichefreiheit.de\/wordpress\/#\/schema\/person\/b4e3f13ea24d514f6e985c29be203360"},"breadcrumb":{"@id":"https:\/\/wirtschaftlichefreiheit.de\/wordpress\/?p=39627#breadcrumb"},"inLanguage":"de","potentialAction":[{"@type":"ReadAction","target":["https:\/\/wirtschaftlichefreiheit.de\/wordpress\/?p=39627"]}]},{"@type":"ImageObject","inLanguage":"de","@id":"https:\/\/wirtschaftlichefreiheit.de\/wordpress\/?p=39627#primaryimage","url":"https:\/\/wirtschaftlichefreiheit.de\/wordpress\/bilder\/geralt.png","contentUrl":"https:\/\/wirtschaftlichefreiheit.de\/wordpress\/bilder\/geralt.png","width":1949,"height":1300},{"@type":"BreadcrumbList","@id":"https:\/\/wirtschaftlichefreiheit.de\/wordpress\/?p=39627#breadcrumb","itemListElement":[{"@type":"ListItem","position":1,"name":"Startseite","item":"https:\/\/wirtschaftlichefreiheit.de\/wordpress"},{"@type":"ListItem","position":2,"name":"Kurz kommentiert Schuldenbremse und Sondierungspapier Ein Fiasko \u00f6konomischer Politikberatung?"}]},{"@type":"WebSite","@id":"https:\/\/wirtschaftlichefreiheit.de\/wordpress\/#website","url":"https:\/\/wirtschaftlichefreiheit.de\/wordpress\/","name":"Wirtschaftliche Freiheit","description":"Das ordnungspolitische Journal","potentialAction":[{"@type":"SearchAction","target":{"@type":"EntryPoint","urlTemplate":"https:\/\/wirtschaftlichefreiheit.de\/wordpress\/?s={search_term_string}"},"query-input":{"@type":"PropertyValueSpecification","valueRequired":true,"valueName":"search_term_string"}}],"inLanguage":"de"},{"@type":"Person","@id":"https:\/\/wirtschaftlichefreiheit.de\/wordpress\/#\/schema\/person\/b4e3f13ea24d514f6e985c29be203360","name":"Jan Schnellenbach","image":{"@type":"ImageObject","inLanguage":"de","@id":"https:\/\/wirtschaftlichefreiheit.de\/wordpress\/bilder\/jans.png","url":"https:\/\/wirtschaftlichefreiheit.de\/wordpress\/bilder\/jans.png","contentUrl":"https:\/\/wirtschaftlichefreiheit.de\/wordpress\/bilder\/jans.png","caption":"Jan Schnellenbach"},"description":"Brandenburgische Technische Universit\u00e4t Cottbus","url":"https:\/\/wirtschaftlichefreiheit.de\/wordpress\/?author=37"}]}},"_links":{"self":[{"href":"https:\/\/wirtschaftlichefreiheit.de\/wordpress\/index.php?rest_route=\/wp\/v2\/posts\/39627","targetHints":{"allow":["GET"]}}],"collection":[{"href":"https:\/\/wirtschaftlichefreiheit.de\/wordpress\/index.php?rest_route=\/wp\/v2\/posts"}],"about":[{"href":"https:\/\/wirtschaftlichefreiheit.de\/wordpress\/index.php?rest_route=\/wp\/v2\/types\/post"}],"author":[{"embeddable":true,"href":"https:\/\/wirtschaftlichefreiheit.de\/wordpress\/index.php?rest_route=\/wp\/v2\/users\/37"}],"replies":[{"embeddable":true,"href":"https:\/\/wirtschaftlichefreiheit.de\/wordpress\/index.php?rest_route=%2Fwp%2Fv2%2Fcomments&post=39627"}],"version-history":[{"count":3,"href":"https:\/\/wirtschaftlichefreiheit.de\/wordpress\/index.php?rest_route=\/wp\/v2\/posts\/39627\/revisions"}],"predecessor-version":[{"id":39633,"href":"https:\/\/wirtschaftlichefreiheit.de\/wordpress\/index.php?rest_route=\/wp\/v2\/posts\/39627\/revisions\/39633"}],"wp:featuredmedia":[{"embeddable":true,"href":"https:\/\/wirtschaftlichefreiheit.de\/wordpress\/index.php?rest_route=\/wp\/v2\/media\/39630"}],"wp:attachment":[{"href":"https:\/\/wirtschaftlichefreiheit.de\/wordpress\/index.php?rest_route=%2Fwp%2Fv2%2Fmedia&parent=39627"}],"wp:term":[{"taxonomy":"category","embeddable":true,"href":"https:\/\/wirtschaftlichefreiheit.de\/wordpress\/index.php?rest_route=%2Fwp%2Fv2%2Fcategories&post=39627"},{"taxonomy":"post_tag","embeddable":true,"href":"https:\/\/wirtschaftlichefreiheit.de\/wordpress\/index.php?rest_route=%2Fwp%2Fv2%2Ftags&post=39627"}],"curies":[{"name":"wp","href":"https:\/\/api.w.org\/{rel}","templated":true}]}}