{"id":40242,"date":"2025-05-20T00:57:00","date_gmt":"2025-05-19T23:57:00","guid":{"rendered":"https:\/\/wirtschaftlichefreiheit.de\/wordpress\/?p=40242"},"modified":"2025-05-20T07:32:03","modified_gmt":"2025-05-20T06:32:03","slug":"gastbeitrag-sozialstaat-mit-kalenderfunktion-was-uns-die-gedenktage-zur-sozialen-sicherung-2025-verraten","status":"publish","type":"post","link":"https:\/\/wirtschaftlichefreiheit.de\/wordpress\/?p=40242","title":{"rendered":"<b>Gastbeitrag <\/b><br>Sozialstaat mit Kalenderfunktion <br><b>Was uns die Gedenktage zur sozialen Sicherung 2025 verraten <\/b>"},"content":{"rendered":"\n<p>Kalendereintr\u00e4ge sind in der Regel harmlos. Sie zeigen Geburtstage, Ferien, Feiertage \u2013 oder wenn man Pech hat, den n\u00e4chsten Zahnarzttermin. Es gibt aber auch Termine, die unangenehme Wahrheiten \u00fcber unseren Sozialstaat verraten: den Kalendereintrag der Gedenktage zur sozialen Sicherung.<\/p>\n\n\n\n<p>Zwei dieser Daten sind mittlerweile Teil der Debatte um die Zukunftsf\u00e4higkeit unseres Sozialstaats: der Sozialabgabengedenktag und der Sozialleistungsgedenktag. Beide geben dar\u00fcber Auskunft, wie lange eine Durchschnittsperson in Deutschland arbeiten muss, um die staatlichen Sozialausgaben zu finanzieren \u2013 entweder alle Sozialleistungen oder nur jene, die nicht durch Beitr\u00e4ge gedeckt sind.<\/p>\n\n\n\n<p>Im Jahr 2025 f\u00e4llt der Sozialabgabengedenktag auf den 4. April, der Sozialleistungsgedenktag auf den 29. Januar. Damit konnten beide Tage im Vergleich zum Vorjahr zwei Tage fr\u00fcher begangen werden \u2013 ein seltener Grund zur Freude? Vielleicht. Denn so richtig zum Feiern ist trotzdem niemandem zumute.<\/p>\n\n\n\n<p>Zwar sind diese zwei Tage schnell erkl\u00e4rt, aber in ihrer Aussagekraft dennoch nicht zu untersch\u00e4tzen. Der Sozialleistungsgedenktag markiert den Tag, bis zu dem eine Durchschnittsperson \u2013 also \u00fcber alle Altersgruppen und Erwerbsstatus hinweg \u2013 rechnerisch ausschlie\u00dflich f\u00fcr sogenannte beitragsfremde Leistungen arbeitet. Darunter fallen beispielsweise die steuerfinanzierten Leistungen der Rentenversicherungen oder das B\u00fcrgergeld \u2013 Sozialleistungen also, f\u00fcr die keine eigenen Beitr\u00e4ge gezahlt wurden und die auch keine direkten Anspr\u00fcche f\u00fcr die Leistungen erzeugen. Der Sozialabgabengedenktag hingegen umfasst s\u00e4mtliche Sozialausgaben \u2013 unabh\u00e4ngig davon, ob sie beitrags- oder steuerfinanziert sind. Dazu z\u00e4hlen neben den Leistungen der Sozialversicherungen auch familienpolitische Transfers wie das Elterngeld.<\/p>\n\n\n\n<p>Diese Unterscheidung macht deutlich: Die Belastung durch den Sozialstaat hat zwei Gesichter \u2013 eines der eigenen Absicherung, und eines der kollektiven Umverteilung. Beides kostet. Viel.<\/p>\n\n\n\n<h3 class=\"wp-block-heading\">Der Schein tr\u00fcgt \u2013 Zwei Tage fr\u00fcher, aber die strukturelle Schieflage bleibt<\/h3>\n\n\n\n<p>Die diesj\u00e4hrige leichte Verschiebung der Gedenktage nach vorn t\u00e4uscht \u00fcber strukturelle Probleme hinweg. Verantwortlich f\u00fcr die Ver\u00e4nderung war nicht ein R\u00fcckgang der Sozialausgaben, sondern ein Anstieg des bereinigten Nettonationaleinkommens. Kurz: Die B\u00fcrger haben mehr verdient \u2013 und dadurch den Sozialstaat rechnerisch fr\u00fcher \u201eabgearbeitet\u201c.<\/p>\n\n\n\n<p>Der tats\u00e4chliche Finanzierungsbedarf bleibt hingegen hoch. Allein zur Finanzierung der beitragsfremden Leistungen wurden 2023 rund 259 Milliarden Euro ben\u00f6tigt. Und die Richtung stimmt nicht: Die demografische Entwicklung ist bereits heute weitgehend vorgezeichnet \u2013 n\u00e4mlich hin zu einer \u00c4ra, in der deutlich weniger Erwerbst\u00e4tige deutlich mehr Leistungsempf\u00e4nger versorgen m\u00fcssen.<\/p>\n\n\n\n<h3 class=\"wp-block-heading\">Haushalt am Limit \u2013 Steuereinnahmen unter Druck<\/h3>\n\n\n\n<p>Was das langfristig bedeutet, zeigt die nachfolgende Grafik \u2013 ein Blick auf die fiskalische Realit\u00e4t:<\/p>\n\n\n\n<figure class=\"wp-block-image size-full\"><img loading=\"lazy\" decoding=\"async\" width=\"1024\" height=\"751\" src=\"https:\/\/wirtschaftlichefreiheit.de\/wordpress\/bilder\/sozialgedenktag-1024x751-1.png\" alt=\"\" class=\"wp-image-40259\" srcset=\"https:\/\/wirtschaftlichefreiheit.de\/wordpress\/bilder\/sozialgedenktag-1024x751-1.png 1024w, https:\/\/wirtschaftlichefreiheit.de\/wordpress\/bilder\/sozialgedenktag-1024x751-1-300x220.png 300w, https:\/\/wirtschaftlichefreiheit.de\/wordpress\/bilder\/sozialgedenktag-1024x751-1-768x563.png 768w\" sizes=\"auto, (max-width: 767px) 89vw, (max-width: 1000px) 54vw, (max-width: 1071px) 543px, 580px\" \/><\/figure>\n\n\n\n<p>Die Abbildung zeigt deutlich: Nach aktuellen Annahmen m\u00fcssen ab etwa 2050 mehr als ein Viertel aller Steuereinnahmen aufgewendet werden, um allein die beitragsfremden Leistungen zu finanzieren. Ber\u00fccksichtigt man s\u00e4mtliche Sozialausgaben, steigt dieser Anteil bis 2060 auf fast 40 Prozent.<\/p>\n\n\n\n<p>Die zentrale Botschaft: Der Sozialstaat beansprucht zunehmend jeden verf\u00fcgbaren Euro \u2013 und das schon heute. Bereits jetzt ist der finanzielle Spielraum f\u00fcr Investitionen in Zukunftsaufgaben wie Bildung, Digitalisierung oder Klimaschutz begrenzt. Ohne Kurskorrektur wird er in den kommenden Jahrzehnten weiter schrumpfen \u2013 nicht, weil die Priorit\u00e4ten falsch gesetzt w\u00e4ren, sondern weil kaum noch etwas zu verteilen bleibt.<\/p>\n\n\n\n<h3 class=\"wp-block-heading\">Nachhaltigkeit? Fehlanzeige<\/h3>\n\n\n\n<p>Noch gravierender wird die Lage, wenn man die sogenannten impliziten Schulden des Sozialstaats betrachtet \u2013 also das, was der Staat eigentlich heute zur\u00fccklegen m\u00fcsste, um seine Leistungsversprechen in Zukunft erf\u00fcllen zu k\u00f6nnen. Nach aktuellen Berechnungen summiert sich diese implizite Schuld auf 166,4 Prozent des BIP. Etwa ein Drittel davon entf\u00e4llt auf beitragsfremde Leistungen \u2013 Leistungen also, die streng nach dem Versicherungsprinzip nicht unmittelbar zu den Aufgaben der Sozialversicherungen geh\u00f6ren, wenngleich diese Frage in der \u00f6ffentlichen Debatte durchaus umstritten ist.<\/p>\n\n\n\n<h3 class=\"wp-block-heading\">Fazit<\/h3>\n\n\n\n<p>Der Blick auf das Kalenderdatum des Sozialabgabengedenktags kann leicht den Eindruck erwecken, dass die Belastung tragbar oder gar r\u00fcckl\u00e4ufig sei. Doch dieser Eindruck ist tr\u00fcgerisch: Die strukturellen Probleme des Sozialstaats und die demografische Entwicklung lassen erwarten, dass dieser Tag in Zukunft deutlich sp\u00e4ter im Jahr liegt \u2013 2030 etwa erst Mitte April, 2050 sogar gegen Ende April. Der scheinbar fr\u00fche Termin in diesem Jahr spiegelt nicht die wachsende finanzielle Schieflage wider, sondern blendet sie aus.<\/p>\n\n\n\n<p>Der Ruf nach mehr staatlicher Absicherung ist laut, aber nicht nachhaltig. Die Gedenktage zur sozialen Sicherung sind keine symbolischen Spielereien, sondern rechnerische Realit\u00e4tschecks. Sie zeigen, wie gro\u00df die Umverteilungsmaschine geworden ist. Dass die Gedenktage zwei Tage fr\u00fcher im Jahr begangen werden konnten, liegt nicht an weniger Staat \u2013 sondern an mehr Wirtschaft. Und das wiederum ist eine Momentaufnahme. Die strukturellen Probleme bleiben.<\/p>\n\n\n\n<p><strong>Hinweis<\/strong>: Eine ausf\u00fchrliche Studie zu den Gedenktagen der sozialen Sicherung findet sich in der Reihe <a href=\"https:\/\/www.stiftung-marktwirtschaft.de\/inhalte\/publikationen\/detailansicht\/fiskalische-nachhaltigkeit-des-sozialstaates-2025\/\">Argumente zu Marktwirtschaft und Politik<\/a> der Stiftung Marktwirtschaft. Zur Nachhaltigkeit und den Auswirkungen m\u00f6glicher Reform\u00fcberlegungen zu beitragsfremden Leistungen auf unterschiedliche Generationen siehe folgender <a href=\"https:\/\/www.degruyterbrill.com\/document\/doi\/10.1515\/zsr-2024-0023\/html\">Fachbeitrag<\/a>.<\/p>\n<!-- AddThis Advanced Settings generic via filter on the_content --><!-- AddThis Share Buttons generic via filter on the_content --><!-- AddThis Related Posts generic via filter on the_content -->","protected":false},"excerpt":{"rendered":"<p>Der Sozialabgaben- und der Sozialleistungsgedenktag zeigen jedes Jahr aufs Neue, wie gro\u00df der Anteil der Wirtschaftsleistung ist, der zur Finanzierung sozialstaatlicher Leistungen aufgewendet wird. Warum zwei Tage fr\u00fcher im Kalender nicht unbedingt eine gute Nachricht sind und was das mit 259 Milliarden Euro, impliziten Schulden und dem Ende des fiskalischen Atems zu tun hat, lesen Sie hier.<!-- AddThis Advanced Settings generic via filter on wp_trim_excerpt --><!-- AddThis Share Buttons generic via filter on wp_trim_excerpt --><!-- AddThis Related Posts generic via filter on wp_trim_excerpt --><\/p>\n","protected":false},"author":461,"featured_media":40254,"comment_status":"open","ping_status":"open","sticky":false,"template":"","format":"standard","meta":{"footnotes":""},"categories":[4],"tags":[4624,4622,4625],"class_list":["post-40242","post","type-post","status-publish","format-standard","has-post-thumbnail","hentry","category-soziales","tag-schultis","tag-sozialabgabengedenktag","tag-stramka"],"yoast_head":"<!-- This site is optimized with the Yoast SEO plugin v27.2 - https:\/\/yoast.com\/product\/yoast-seo-wordpress\/ -->\n<title>Gastbeitrag Sozialstaat mit Kalenderfunktion Was uns die Gedenktage zur sozialen Sicherung 2025 verraten  - Wirtschaftliche Freiheit<\/title>\n<meta name=\"robots\" content=\"index, follow, max-snippet:-1, max-image-preview:large, max-video-preview:-1\" \/>\n<link rel=\"canonical\" href=\"https:\/\/wirtschaftlichefreiheit.de\/wordpress\/?p=40242\" \/>\n<meta property=\"og:locale\" content=\"de_DE\" \/>\n<meta property=\"og:type\" content=\"article\" \/>\n<meta property=\"og:title\" content=\"Gastbeitrag Sozialstaat mit Kalenderfunktion Was uns die Gedenktage zur sozialen Sicherung 2025 verraten  - Wirtschaftliche Freiheit\" \/>\n<meta property=\"og:description\" content=\"Der Sozialabgaben- und der Sozialleistungsgedenktag zeigen jedes Jahr aufs Neue, wie gro\u00df der Anteil der Wirtschaftsleistung ist, der zur Finanzierung sozialstaatlicher Leistungen aufgewendet wird. Warum zwei Tage fr\u00fcher im Kalender nicht unbedingt eine gute Nachricht sind und was das mit 259 Milliarden Euro, impliziten Schulden und dem Ende des fiskalischen Atems zu tun hat, lesen Sie hier.\" \/>\n<meta property=\"og:url\" content=\"https:\/\/wirtschaftlichefreiheit.de\/wordpress\/?p=40242\" \/>\n<meta property=\"og:site_name\" content=\"Wirtschaftliche Freiheit\" \/>\n<meta property=\"article:published_time\" content=\"2025-05-19T23:57:00+00:00\" \/>\n<meta property=\"article:modified_time\" content=\"2025-05-20T06:32:03+00:00\" \/>\n<meta property=\"og:image\" content=\"http:\/\/wirtschaftlichefreiheit.de\/wordpress\/bilder\/sozialabgabengedenktag1.png\" \/>\n\t<meta property=\"og:image:width\" content=\"721\" \/>\n\t<meta property=\"og:image:height\" content=\"378\" \/>\n\t<meta property=\"og:image:type\" content=\"image\/png\" \/>\n<meta name=\"author\" content=\"Sebastian Schultis und Sebastian Stramka\" \/>\n<meta name=\"twitter:card\" content=\"summary_large_image\" \/>\n<meta name=\"twitter:label1\" content=\"Verfasst von\" \/>\n\t<meta name=\"twitter:data1\" content=\"Sebastian Schultis und Sebastian Stramka\" \/>\n\t<meta name=\"twitter:label2\" content=\"Gesch\u00e4tzte Lesezeit\" \/>\n\t<meta name=\"twitter:data2\" content=\"5\u00a0Minuten\" \/>\n<script type=\"application\/ld+json\" class=\"yoast-schema-graph\">{\"@context\":\"https:\/\/schema.org\",\"@graph\":[{\"@type\":\"Article\",\"@id\":\"https:\/\/wirtschaftlichefreiheit.de\/wordpress\/?p=40242#article\",\"isPartOf\":{\"@id\":\"https:\/\/wirtschaftlichefreiheit.de\/wordpress\/?p=40242\"},\"author\":{\"name\":\"Sebastian Schultis und Sebastian Stramka\",\"@id\":\"https:\/\/wirtschaftlichefreiheit.de\/wordpress\/#\/schema\/person\/37337814e7bcefbe7e5ef8a75818f2a9\"},\"headline\":\"Gastbeitrag Sozialstaat mit Kalenderfunktion Was uns die Gedenktage zur sozialen Sicherung 2025 verraten\",\"datePublished\":\"2025-05-19T23:57:00+00:00\",\"dateModified\":\"2025-05-20T06:32:03+00:00\",\"mainEntityOfPage\":{\"@id\":\"https:\/\/wirtschaftlichefreiheit.de\/wordpress\/?p=40242\"},\"wordCount\":777,\"commentCount\":0,\"image\":{\"@id\":\"https:\/\/wirtschaftlichefreiheit.de\/wordpress\/?p=40242#primaryimage\"},\"thumbnailUrl\":\"https:\/\/wirtschaftlichefreiheit.de\/wordpress\/bilder\/sozialabgabengedenktag1.png\",\"keywords\":[\"Schultis\",\"Sozialabgabengedenktag\",\"Stramka\"],\"articleSection\":[\"Soziales\"],\"inLanguage\":\"de\",\"potentialAction\":[{\"@type\":\"CommentAction\",\"name\":\"Comment\",\"target\":[\"https:\/\/wirtschaftlichefreiheit.de\/wordpress\/?p=40242#respond\"]}]},{\"@type\":\"WebPage\",\"@id\":\"https:\/\/wirtschaftlichefreiheit.de\/wordpress\/?p=40242\",\"url\":\"https:\/\/wirtschaftlichefreiheit.de\/wordpress\/?p=40242\",\"name\":\"Gastbeitrag Sozialstaat mit Kalenderfunktion Was uns die Gedenktage zur sozialen Sicherung 2025 verraten - Wirtschaftliche Freiheit\",\"isPartOf\":{\"@id\":\"https:\/\/wirtschaftlichefreiheit.de\/wordpress\/#website\"},\"primaryImageOfPage\":{\"@id\":\"https:\/\/wirtschaftlichefreiheit.de\/wordpress\/?p=40242#primaryimage\"},\"image\":{\"@id\":\"https:\/\/wirtschaftlichefreiheit.de\/wordpress\/?p=40242#primaryimage\"},\"thumbnailUrl\":\"https:\/\/wirtschaftlichefreiheit.de\/wordpress\/bilder\/sozialabgabengedenktag1.png\",\"datePublished\":\"2025-05-19T23:57:00+00:00\",\"dateModified\":\"2025-05-20T06:32:03+00:00\",\"author\":{\"@id\":\"https:\/\/wirtschaftlichefreiheit.de\/wordpress\/#\/schema\/person\/37337814e7bcefbe7e5ef8a75818f2a9\"},\"breadcrumb\":{\"@id\":\"https:\/\/wirtschaftlichefreiheit.de\/wordpress\/?p=40242#breadcrumb\"},\"inLanguage\":\"de\",\"potentialAction\":[{\"@type\":\"ReadAction\",\"target\":[\"https:\/\/wirtschaftlichefreiheit.de\/wordpress\/?p=40242\"]}]},{\"@type\":\"ImageObject\",\"inLanguage\":\"de\",\"@id\":\"https:\/\/wirtschaftlichefreiheit.de\/wordpress\/?p=40242#primaryimage\",\"url\":\"https:\/\/wirtschaftlichefreiheit.de\/wordpress\/bilder\/sozialabgabengedenktag1.png\",\"contentUrl\":\"https:\/\/wirtschaftlichefreiheit.de\/wordpress\/bilder\/sozialabgabengedenktag1.png\",\"width\":721,\"height\":378},{\"@type\":\"BreadcrumbList\",\"@id\":\"https:\/\/wirtschaftlichefreiheit.de\/wordpress\/?p=40242#breadcrumb\",\"itemListElement\":[{\"@type\":\"ListItem\",\"position\":1,\"name\":\"Startseite\",\"item\":\"https:\/\/wirtschaftlichefreiheit.de\/wordpress\"},{\"@type\":\"ListItem\",\"position\":2,\"name\":\"Gastbeitrag Sozialstaat mit Kalenderfunktion Was uns die Gedenktage zur sozialen Sicherung 2025 verraten\"}]},{\"@type\":\"WebSite\",\"@id\":\"https:\/\/wirtschaftlichefreiheit.de\/wordpress\/#website\",\"url\":\"https:\/\/wirtschaftlichefreiheit.de\/wordpress\/\",\"name\":\"Wirtschaftliche Freiheit\",\"description\":\"Das ordnungspolitische Journal\",\"potentialAction\":[{\"@type\":\"SearchAction\",\"target\":{\"@type\":\"EntryPoint\",\"urlTemplate\":\"https:\/\/wirtschaftlichefreiheit.de\/wordpress\/?s={search_term_string}\"},\"query-input\":{\"@type\":\"PropertyValueSpecification\",\"valueRequired\":true,\"valueName\":\"search_term_string\"}}],\"inLanguage\":\"de\"},{\"@type\":\"Person\",\"@id\":\"https:\/\/wirtschaftlichefreiheit.de\/wordpress\/#\/schema\/person\/37337814e7bcefbe7e5ef8a75818f2a9\",\"name\":\"Sebastian Schultis und Sebastian Stramka\",\"image\":{\"@type\":\"ImageObject\",\"inLanguage\":\"de\",\"@id\":\"https:\/\/wirtschaftlichefreiheit.de\/wordpress\/bilder\/schultisstramka.png\",\"url\":\"https:\/\/wirtschaftlichefreiheit.de\/wordpress\/bilder\/schultisstramka.png\",\"contentUrl\":\"https:\/\/wirtschaftlichefreiheit.de\/wordpress\/bilder\/schultisstramka.png\",\"caption\":\"Sebastian Schultis und Sebastian Stramka\"},\"description\":\"Albert-Ludwigs-Universit\u00e4t Freiburg Albert-Ludwigs-Universit\u00e4t Freiburg\",\"url\":\"https:\/\/wirtschaftlichefreiheit.de\/wordpress\/?author=461\"}]}<\/script>\n<!-- \/ Yoast SEO plugin. -->","yoast_head_json":{"title":"Gastbeitrag Sozialstaat mit Kalenderfunktion Was uns die Gedenktage zur sozialen Sicherung 2025 verraten  - Wirtschaftliche Freiheit","robots":{"index":"index","follow":"follow","max-snippet":"max-snippet:-1","max-image-preview":"max-image-preview:large","max-video-preview":"max-video-preview:-1"},"canonical":"https:\/\/wirtschaftlichefreiheit.de\/wordpress\/?p=40242","og_locale":"de_DE","og_type":"article","og_title":"Gastbeitrag Sozialstaat mit Kalenderfunktion Was uns die Gedenktage zur sozialen Sicherung 2025 verraten  - Wirtschaftliche Freiheit","og_description":"Der Sozialabgaben- und der Sozialleistungsgedenktag zeigen jedes Jahr aufs Neue, wie gro\u00df der Anteil der Wirtschaftsleistung ist, der zur Finanzierung sozialstaatlicher Leistungen aufgewendet wird. Warum zwei Tage fr\u00fcher im Kalender nicht unbedingt eine gute Nachricht sind und was das mit 259 Milliarden Euro, impliziten Schulden und dem Ende des fiskalischen Atems zu tun hat, lesen Sie hier.","og_url":"https:\/\/wirtschaftlichefreiheit.de\/wordpress\/?p=40242","og_site_name":"Wirtschaftliche Freiheit","article_published_time":"2025-05-19T23:57:00+00:00","article_modified_time":"2025-05-20T06:32:03+00:00","og_image":[{"width":721,"height":378,"url":"http:\/\/wirtschaftlichefreiheit.de\/wordpress\/bilder\/sozialabgabengedenktag1.png","type":"image\/png"}],"author":"Sebastian Schultis und Sebastian Stramka","twitter_card":"summary_large_image","twitter_misc":{"Verfasst von":"Sebastian Schultis und Sebastian Stramka","Gesch\u00e4tzte Lesezeit":"5\u00a0Minuten"},"schema":{"@context":"https:\/\/schema.org","@graph":[{"@type":"Article","@id":"https:\/\/wirtschaftlichefreiheit.de\/wordpress\/?p=40242#article","isPartOf":{"@id":"https:\/\/wirtschaftlichefreiheit.de\/wordpress\/?p=40242"},"author":{"name":"Sebastian Schultis und Sebastian Stramka","@id":"https:\/\/wirtschaftlichefreiheit.de\/wordpress\/#\/schema\/person\/37337814e7bcefbe7e5ef8a75818f2a9"},"headline":"Gastbeitrag Sozialstaat mit Kalenderfunktion Was uns die Gedenktage zur sozialen Sicherung 2025 verraten","datePublished":"2025-05-19T23:57:00+00:00","dateModified":"2025-05-20T06:32:03+00:00","mainEntityOfPage":{"@id":"https:\/\/wirtschaftlichefreiheit.de\/wordpress\/?p=40242"},"wordCount":777,"commentCount":0,"image":{"@id":"https:\/\/wirtschaftlichefreiheit.de\/wordpress\/?p=40242#primaryimage"},"thumbnailUrl":"https:\/\/wirtschaftlichefreiheit.de\/wordpress\/bilder\/sozialabgabengedenktag1.png","keywords":["Schultis","Sozialabgabengedenktag","Stramka"],"articleSection":["Soziales"],"inLanguage":"de","potentialAction":[{"@type":"CommentAction","name":"Comment","target":["https:\/\/wirtschaftlichefreiheit.de\/wordpress\/?p=40242#respond"]}]},{"@type":"WebPage","@id":"https:\/\/wirtschaftlichefreiheit.de\/wordpress\/?p=40242","url":"https:\/\/wirtschaftlichefreiheit.de\/wordpress\/?p=40242","name":"Gastbeitrag Sozialstaat mit Kalenderfunktion Was uns die Gedenktage zur sozialen Sicherung 2025 verraten - Wirtschaftliche Freiheit","isPartOf":{"@id":"https:\/\/wirtschaftlichefreiheit.de\/wordpress\/#website"},"primaryImageOfPage":{"@id":"https:\/\/wirtschaftlichefreiheit.de\/wordpress\/?p=40242#primaryimage"},"image":{"@id":"https:\/\/wirtschaftlichefreiheit.de\/wordpress\/?p=40242#primaryimage"},"thumbnailUrl":"https:\/\/wirtschaftlichefreiheit.de\/wordpress\/bilder\/sozialabgabengedenktag1.png","datePublished":"2025-05-19T23:57:00+00:00","dateModified":"2025-05-20T06:32:03+00:00","author":{"@id":"https:\/\/wirtschaftlichefreiheit.de\/wordpress\/#\/schema\/person\/37337814e7bcefbe7e5ef8a75818f2a9"},"breadcrumb":{"@id":"https:\/\/wirtschaftlichefreiheit.de\/wordpress\/?p=40242#breadcrumb"},"inLanguage":"de","potentialAction":[{"@type":"ReadAction","target":["https:\/\/wirtschaftlichefreiheit.de\/wordpress\/?p=40242"]}]},{"@type":"ImageObject","inLanguage":"de","@id":"https:\/\/wirtschaftlichefreiheit.de\/wordpress\/?p=40242#primaryimage","url":"https:\/\/wirtschaftlichefreiheit.de\/wordpress\/bilder\/sozialabgabengedenktag1.png","contentUrl":"https:\/\/wirtschaftlichefreiheit.de\/wordpress\/bilder\/sozialabgabengedenktag1.png","width":721,"height":378},{"@type":"BreadcrumbList","@id":"https:\/\/wirtschaftlichefreiheit.de\/wordpress\/?p=40242#breadcrumb","itemListElement":[{"@type":"ListItem","position":1,"name":"Startseite","item":"https:\/\/wirtschaftlichefreiheit.de\/wordpress"},{"@type":"ListItem","position":2,"name":"Gastbeitrag Sozialstaat mit Kalenderfunktion Was uns die Gedenktage zur sozialen Sicherung 2025 verraten"}]},{"@type":"WebSite","@id":"https:\/\/wirtschaftlichefreiheit.de\/wordpress\/#website","url":"https:\/\/wirtschaftlichefreiheit.de\/wordpress\/","name":"Wirtschaftliche Freiheit","description":"Das ordnungspolitische Journal","potentialAction":[{"@type":"SearchAction","target":{"@type":"EntryPoint","urlTemplate":"https:\/\/wirtschaftlichefreiheit.de\/wordpress\/?s={search_term_string}"},"query-input":{"@type":"PropertyValueSpecification","valueRequired":true,"valueName":"search_term_string"}}],"inLanguage":"de"},{"@type":"Person","@id":"https:\/\/wirtschaftlichefreiheit.de\/wordpress\/#\/schema\/person\/37337814e7bcefbe7e5ef8a75818f2a9","name":"Sebastian Schultis und Sebastian Stramka","image":{"@type":"ImageObject","inLanguage":"de","@id":"https:\/\/wirtschaftlichefreiheit.de\/wordpress\/bilder\/schultisstramka.png","url":"https:\/\/wirtschaftlichefreiheit.de\/wordpress\/bilder\/schultisstramka.png","contentUrl":"https:\/\/wirtschaftlichefreiheit.de\/wordpress\/bilder\/schultisstramka.png","caption":"Sebastian Schultis und Sebastian Stramka"},"description":"Albert-Ludwigs-Universit\u00e4t Freiburg Albert-Ludwigs-Universit\u00e4t Freiburg","url":"https:\/\/wirtschaftlichefreiheit.de\/wordpress\/?author=461"}]}},"_links":{"self":[{"href":"https:\/\/wirtschaftlichefreiheit.de\/wordpress\/index.php?rest_route=\/wp\/v2\/posts\/40242","targetHints":{"allow":["GET"]}}],"collection":[{"href":"https:\/\/wirtschaftlichefreiheit.de\/wordpress\/index.php?rest_route=\/wp\/v2\/posts"}],"about":[{"href":"https:\/\/wirtschaftlichefreiheit.de\/wordpress\/index.php?rest_route=\/wp\/v2\/types\/post"}],"author":[{"embeddable":true,"href":"https:\/\/wirtschaftlichefreiheit.de\/wordpress\/index.php?rest_route=\/wp\/v2\/users\/461"}],"replies":[{"embeddable":true,"href":"https:\/\/wirtschaftlichefreiheit.de\/wordpress\/index.php?rest_route=%2Fwp%2Fv2%2Fcomments&post=40242"}],"version-history":[{"count":5,"href":"https:\/\/wirtschaftlichefreiheit.de\/wordpress\/index.php?rest_route=\/wp\/v2\/posts\/40242\/revisions"}],"predecessor-version":[{"id":40260,"href":"https:\/\/wirtschaftlichefreiheit.de\/wordpress\/index.php?rest_route=\/wp\/v2\/posts\/40242\/revisions\/40260"}],"wp:featuredmedia":[{"embeddable":true,"href":"https:\/\/wirtschaftlichefreiheit.de\/wordpress\/index.php?rest_route=\/wp\/v2\/media\/40254"}],"wp:attachment":[{"href":"https:\/\/wirtschaftlichefreiheit.de\/wordpress\/index.php?rest_route=%2Fwp%2Fv2%2Fmedia&parent=40242"}],"wp:term":[{"taxonomy":"category","embeddable":true,"href":"https:\/\/wirtschaftlichefreiheit.de\/wordpress\/index.php?rest_route=%2Fwp%2Fv2%2Fcategories&post=40242"},{"taxonomy":"post_tag","embeddable":true,"href":"https:\/\/wirtschaftlichefreiheit.de\/wordpress\/index.php?rest_route=%2Fwp%2Fv2%2Ftags&post=40242"}],"curies":[{"name":"wp","href":"https:\/\/api.w.org\/{rel}","templated":true}]}}