{"id":40261,"date":"2025-05-16T06:00:04","date_gmt":"2025-05-16T05:00:04","guid":{"rendered":"https:\/\/wirtschaftlichefreiheit.de\/wordpress\/?p=40261"},"modified":"2025-11-17T17:28:34","modified_gmt":"2025-11-17T16:28:34","slug":"podcast-niedergang-der-welthandelsorganisation-ist-donald-trump-ein-brandbeschleuniger","status":"publish","type":"post","link":"https:\/\/wirtschaftlichefreiheit.de\/wordpress\/?p=40261","title":{"rendered":"<b>Podcast <\/b><br>Niedergang der Welthandelsorganisation <br><b>Ist Donald Trump ein Brandbeschleuniger? <\/b>"},"content":{"rendered":"\n<p>Die internationale Handelspolitik ist ein Thema. Daf\u00fcr sorgt Donald Trump. Die Welthandelsordnung ist in Unordnung, die WTO im Niedergang. Es steht nicht gut um die WTO. Sie ist seit der gescheiterten Doha-Runde gel\u00e4hmt. Der Trend spricht weltweit gegen offene M\u00e4rkte. Immer mehr Mitgliedsl\u00e4nder der WTO verletzen die Regeln. Daran wird sich so schnell nichts \u00e4ndern. Die USA betreiben gegenw\u00e4rtig eine Handelspolitik mit der Brechstrange. Donald Trump macht eine chaotische Zollpolitik. Handelspolitische Regeln interessieren ihn nicht. Die multilaterale Handelsordnung ist ihm egal.<\/p>\n\n\n\n<p>Macht Donald Trump der Welthandelsordnung endg\u00fcltig den Garaus? Oder ist er der Totengr\u00e4ber, der die WTO beerdigt, die l\u00e4ngst tot ist? Funktioniert eine Welthandelsordnung nur, wenn ein Hegemon sie am Laufen h\u00e4lt? Haben die USA das Interesse an dieser Rolle l\u00e4ngst verloren? Oder fehlt ihnen die Macht? Kann das Vakuum, das die alte Ordnung hinterl\u00e4sst, ausgef\u00fcllt werden? Sind kooperative L\u00f6sungen ohne einen (neuen) Hegemonen denkbar? Ist die WTO in der Lage, sich rundzuerneuern oder ist sie zu gro\u00df, zu komplex und zu m\u00fcde (Gabriel Felbermayr)? Was aber dann?<\/p>\n\n\n\n<p>Prof. (em.) Dr. <strong>Norbert Berthold <\/strong>(JMU) im Gespr\u00e4ch mit Prof. Dr. <strong>Rolf Langhammer<\/strong> (IfW)<\/p>\n\n\n\n<figure class=\"wp-block-embed is-type-rich is-provider-spotify wp-block-embed-spotify wp-embed-aspect-21-9 wp-has-aspect-ratio\"><div class=\"wp-block-embed__wrapper\">\n<iframe title=\"Spotify Embed: #75: Niedergang der Welthandelsorganisation - Ist Donald Trump ein Brandbeschleuniger?\" style=\"border-radius: 12px\" width=\"100%\" height=\"152\" frameborder=\"0\" allowfullscreen allow=\"autoplay; clipboard-write; encrypted-media; fullscreen; picture-in-picture\" loading=\"lazy\" src=\"https:\/\/open.spotify.com\/embed\/episode\/3bAPeVXshvF9pon6CDngJq?si=CPVz7Ip_RLGEyOkCRcYTuw&#038;utm_source=oembed\"><\/iframe>\n<\/div><\/figure>\n\n\n\n<p><strong>Teilnehmer:<\/strong><\/p>\n\n\n\n<p><strong>Rolf Langhammer<\/strong> ist Au\u00dfenwirtschafts-und Entwicklungs\u00f6konom am Kiel Institut f\u00fcr Weltwirtschaft (IfW) und Honorarprofessor an der Universit\u00e4t Kiel. Bis 2012 leitete er verschiedene Forschungsabteilungen am IfW. Er war von 1997 \u2013 2012 Stellvertreter des Pr\u00e4sidenten und Vizepr\u00e4sident. Seit seinem Ruhestand 2012 arbeitet er weiter am IfW.<\/p>\n\n\n\n<p><strong>Norbert Berthold<\/strong> ist Professor (em.) f\u00fcr Volkswirtschaftslehre, insbesondere Wirtschaftsordnung und Sozialpolitik an der Julius-Maximilians-Universit\u00e4t W\u00fcrzburg. Er war an den Universit\u00e4ten Freiburg, Basel, M\u00fcnster, Hamburg, Konstanz, D\u00fcsseldorf und W\u00fcrzburg t\u00e4tig.&nbsp;Norbert Berthold ist Initiator und Betreiber des \u00d6konomen-Blogs \u201eWirtschaftliche Freiheit\u201c und damit auch Namensgeber und Initiator dieses Podcasts.<\/p>\n\n\n\n<p><strong>Blog-Beitrag zum Thema:<\/strong><\/p>\n\n\n\n<p>Norbert Berthold (JMU, 2025): <a href=\"https:\/\/wirtschaftlichefreiheit.de\/wordpress\/?p=40272\">Der Fall der WTO. Sind liberale Welthandelsordnungen inh\u00e4rent instabil?<\/a><\/p>\n\n\n\n<p>Henning Klodt (IfW, 2025): <a href=\"https:\/\/wirtschaftlichefreiheit.de\/wordpress\/?p=39702\">Donald Trump. T\u00f6ter oder Totengr\u00e4ber der globalen Weltordnung?<\/a><\/p>\n<!-- AddThis Advanced Settings generic via filter on the_content --><!-- AddThis Share Buttons generic via filter on the_content --><!-- AddThis Related Posts generic via filter on the_content -->","protected":false},"excerpt":{"rendered":"<p>Die internationale Handelspolitik ist ein Thema. Daf\u00fcr sorgt Donald Trump. Die Welthandelsordnung ist in Unordnung, die WTO im Niedergang. Es steht nicht gut um die WTO. Sie ist seit der gescheiterten Doha-Runde gel\u00e4hmt. Der Trend spricht weltweit gegen offene M\u00e4rkte. Immer mehr Mitgliedsl\u00e4nder der WTO spielen regelwidrig. Daran wird sich so schnell nichts \u00e4ndern. Die USA betreiben gegenw\u00e4rtig eine Handelspolitik mit der Brechstrange. Donald Trump macht eine chaotische Zollpolitik. Handelspolitische Regeln interessieren ihn nicht. Die multilaterale Handelsordnung ist ihm egal.<!-- AddThis Advanced Settings generic via filter on wp_trim_excerpt --><!-- AddThis Share Buttons generic via filter on wp_trim_excerpt --><!-- AddThis Related Posts generic via filter on wp_trim_excerpt --><\/p>\n","protected":false},"author":58,"featured_media":40269,"comment_status":"open","ping_status":"open","sticky":false,"template":"","format":"standard","meta":{"footnotes":""},"categories":[2170,4378],"tags":[556,4779,2333,894],"class_list":["post-40261","post","type-post","status-publish","format-standard","has-post-thumbnail","hentry","category-handelspolitisches","category-podcasts","tag-berthold","tag-langhammer","tag-trump","tag-wto"],"yoast_head":"<!-- This site is optimized with the Yoast SEO plugin v27.2 - https:\/\/yoast.com\/product\/yoast-seo-wordpress\/ -->\n<title>Podcast Niedergang der Welthandelsorganisation Ist Donald Trump ein Brandbeschleuniger?  - Wirtschaftliche Freiheit<\/title>\n<meta name=\"robots\" content=\"index, follow, max-snippet:-1, max-image-preview:large, max-video-preview:-1\" \/>\n<link rel=\"canonical\" href=\"https:\/\/wirtschaftlichefreiheit.de\/wordpress\/?p=40261\" \/>\n<meta property=\"og:locale\" content=\"de_DE\" \/>\n<meta property=\"og:type\" content=\"article\" \/>\n<meta property=\"og:title\" content=\"Podcast Niedergang der Welthandelsorganisation Ist Donald Trump ein Brandbeschleuniger?  - Wirtschaftliche Freiheit\" \/>\n<meta property=\"og:description\" content=\"Die internationale Handelspolitik ist ein Thema. Daf\u00fcr sorgt Donald Trump. Die Welthandelsordnung ist in Unordnung, die WTO im Niedergang. Es steht nicht gut um die WTO. Sie ist seit der gescheiterten Doha-Runde gel\u00e4hmt. Der Trend spricht weltweit gegen offene M\u00e4rkte. Immer mehr Mitgliedsl\u00e4nder der WTO spielen regelwidrig. Daran wird sich so schnell nichts \u00e4ndern. Die USA betreiben gegenw\u00e4rtig eine Handelspolitik mit der Brechstrange. Donald Trump macht eine chaotische Zollpolitik. Handelspolitische Regeln interessieren ihn nicht. Die multilaterale Handelsordnung ist ihm egal.\" \/>\n<meta property=\"og:url\" content=\"https:\/\/wirtschaftlichefreiheit.de\/wordpress\/?p=40261\" \/>\n<meta property=\"og:site_name\" content=\"Wirtschaftliche Freiheit\" \/>\n<meta property=\"article:published_time\" content=\"2025-05-16T05:00:04+00:00\" \/>\n<meta property=\"article:modified_time\" content=\"2025-11-17T16:28:34+00:00\" \/>\n<meta property=\"og:image\" content=\"http:\/\/wirtschaftlichefreiheit.de\/wordpress\/bilder\/bertlang1-1024x640.png\" \/>\n\t<meta property=\"og:image:width\" content=\"1024\" \/>\n\t<meta property=\"og:image:height\" content=\"640\" \/>\n\t<meta property=\"og:image:type\" content=\"image\/png\" \/>\n<meta name=\"author\" content=\"Wirtschaftliche Freiheit\" \/>\n<meta name=\"twitter:card\" content=\"summary_large_image\" \/>\n<meta name=\"twitter:label1\" content=\"Verfasst von\" \/>\n\t<meta name=\"twitter:data1\" content=\"Wirtschaftliche Freiheit\" \/>\n\t<meta name=\"twitter:label2\" content=\"Gesch\u00e4tzte Lesezeit\" \/>\n\t<meta name=\"twitter:data2\" content=\"2\u00a0Minuten\" \/>\n<script type=\"application\/ld+json\" class=\"yoast-schema-graph\">{\"@context\":\"https:\/\/schema.org\",\"@graph\":[{\"@type\":\"Article\",\"@id\":\"https:\/\/wirtschaftlichefreiheit.de\/wordpress\/?p=40261#article\",\"isPartOf\":{\"@id\":\"https:\/\/wirtschaftlichefreiheit.de\/wordpress\/?p=40261\"},\"author\":{\"name\":\"Wirtschaftliche Freiheit\",\"@id\":\"https:\/\/wirtschaftlichefreiheit.de\/wordpress\/#\/schema\/person\/788618a184d31b0801c59c1fadd473c4\"},\"headline\":\"Podcast Niedergang der Welthandelsorganisation Ist Donald Trump ein Brandbeschleuniger?\",\"datePublished\":\"2025-05-16T05:00:04+00:00\",\"dateModified\":\"2025-11-17T16:28:34+00:00\",\"mainEntityOfPage\":{\"@id\":\"https:\/\/wirtschaftlichefreiheit.de\/wordpress\/?p=40261\"},\"wordCount\":351,\"commentCount\":0,\"image\":{\"@id\":\"https:\/\/wirtschaftlichefreiheit.de\/wordpress\/?p=40261#primaryimage\"},\"thumbnailUrl\":\"https:\/\/wirtschaftlichefreiheit.de\/wordpress\/bilder\/bertlang1.png\",\"keywords\":[\"Berthold\",\"Langhammer\",\"Trump\",\"WTO\"],\"articleSection\":[\"Handelspolitisches\",\"Podcasts (neu)\"],\"inLanguage\":\"de\",\"potentialAction\":[{\"@type\":\"CommentAction\",\"name\":\"Comment\",\"target\":[\"https:\/\/wirtschaftlichefreiheit.de\/wordpress\/?p=40261#respond\"]}]},{\"@type\":\"WebPage\",\"@id\":\"https:\/\/wirtschaftlichefreiheit.de\/wordpress\/?p=40261\",\"url\":\"https:\/\/wirtschaftlichefreiheit.de\/wordpress\/?p=40261\",\"name\":\"Podcast Niedergang der Welthandelsorganisation Ist Donald Trump ein Brandbeschleuniger? - Wirtschaftliche Freiheit\",\"isPartOf\":{\"@id\":\"https:\/\/wirtschaftlichefreiheit.de\/wordpress\/#website\"},\"primaryImageOfPage\":{\"@id\":\"https:\/\/wirtschaftlichefreiheit.de\/wordpress\/?p=40261#primaryimage\"},\"image\":{\"@id\":\"https:\/\/wirtschaftlichefreiheit.de\/wordpress\/?p=40261#primaryimage\"},\"thumbnailUrl\":\"https:\/\/wirtschaftlichefreiheit.de\/wordpress\/bilder\/bertlang1.png\",\"datePublished\":\"2025-05-16T05:00:04+00:00\",\"dateModified\":\"2025-11-17T16:28:34+00:00\",\"author\":{\"@id\":\"https:\/\/wirtschaftlichefreiheit.de\/wordpress\/#\/schema\/person\/788618a184d31b0801c59c1fadd473c4\"},\"breadcrumb\":{\"@id\":\"https:\/\/wirtschaftlichefreiheit.de\/wordpress\/?p=40261#breadcrumb\"},\"inLanguage\":\"de\",\"potentialAction\":[{\"@type\":\"ReadAction\",\"target\":[\"https:\/\/wirtschaftlichefreiheit.de\/wordpress\/?p=40261\"]}]},{\"@type\":\"ImageObject\",\"inLanguage\":\"de\",\"@id\":\"https:\/\/wirtschaftlichefreiheit.de\/wordpress\/?p=40261#primaryimage\",\"url\":\"https:\/\/wirtschaftlichefreiheit.de\/wordpress\/bilder\/bertlang1.png\",\"contentUrl\":\"https:\/\/wirtschaftlichefreiheit.de\/wordpress\/bilder\/bertlang1.png\",\"width\":4573,\"height\":2858},{\"@type\":\"BreadcrumbList\",\"@id\":\"https:\/\/wirtschaftlichefreiheit.de\/wordpress\/?p=40261#breadcrumb\",\"itemListElement\":[{\"@type\":\"ListItem\",\"position\":1,\"name\":\"Startseite\",\"item\":\"https:\/\/wirtschaftlichefreiheit.de\/wordpress\"},{\"@type\":\"ListItem\",\"position\":2,\"name\":\"Podcast Niedergang der Welthandelsorganisation Ist Donald Trump ein Brandbeschleuniger?\"}]},{\"@type\":\"WebSite\",\"@id\":\"https:\/\/wirtschaftlichefreiheit.de\/wordpress\/#website\",\"url\":\"https:\/\/wirtschaftlichefreiheit.de\/wordpress\/\",\"name\":\"Wirtschaftliche Freiheit\",\"description\":\"Das ordnungspolitische Journal\",\"potentialAction\":[{\"@type\":\"SearchAction\",\"target\":{\"@type\":\"EntryPoint\",\"urlTemplate\":\"https:\/\/wirtschaftlichefreiheit.de\/wordpress\/?s={search_term_string}\"},\"query-input\":{\"@type\":\"PropertyValueSpecification\",\"valueRequired\":true,\"valueName\":\"search_term_string\"}}],\"inLanguage\":\"de\"},{\"@type\":\"Person\",\"@id\":\"https:\/\/wirtschaftlichefreiheit.de\/wordpress\/#\/schema\/person\/788618a184d31b0801c59c1fadd473c4\",\"name\":\"Wirtschaftliche Freiheit\",\"image\":{\"@type\":\"ImageObject\",\"inLanguage\":\"de\",\"@id\":\"https:\/\/wirtschaftlichefreiheit.de\/wordpress\/bilder\/189780_211178845564593_6670846_n.jpg\",\"url\":\"https:\/\/wirtschaftlichefreiheit.de\/wordpress\/bilder\/189780_211178845564593_6670846_n.jpg\",\"contentUrl\":\"https:\/\/wirtschaftlichefreiheit.de\/wordpress\/bilder\/189780_211178845564593_6670846_n.jpg\",\"caption\":\"Wirtschaftliche Freiheit\"},\"description\":\"Das ordnungspolitische Journal\",\"url\":\"https:\/\/wirtschaftlichefreiheit.de\/wordpress\/?author=58\"}]}<\/script>\n<!-- \/ Yoast SEO plugin. -->","yoast_head_json":{"title":"Podcast Niedergang der Welthandelsorganisation Ist Donald Trump ein Brandbeschleuniger?  - Wirtschaftliche Freiheit","robots":{"index":"index","follow":"follow","max-snippet":"max-snippet:-1","max-image-preview":"max-image-preview:large","max-video-preview":"max-video-preview:-1"},"canonical":"https:\/\/wirtschaftlichefreiheit.de\/wordpress\/?p=40261","og_locale":"de_DE","og_type":"article","og_title":"Podcast Niedergang der Welthandelsorganisation Ist Donald Trump ein Brandbeschleuniger?  - Wirtschaftliche Freiheit","og_description":"Die internationale Handelspolitik ist ein Thema. Daf\u00fcr sorgt Donald Trump. Die Welthandelsordnung ist in Unordnung, die WTO im Niedergang. Es steht nicht gut um die WTO. Sie ist seit der gescheiterten Doha-Runde gel\u00e4hmt. Der Trend spricht weltweit gegen offene M\u00e4rkte. Immer mehr Mitgliedsl\u00e4nder der WTO spielen regelwidrig. Daran wird sich so schnell nichts \u00e4ndern. Die USA betreiben gegenw\u00e4rtig eine Handelspolitik mit der Brechstrange. Donald Trump macht eine chaotische Zollpolitik. Handelspolitische Regeln interessieren ihn nicht. Die multilaterale Handelsordnung ist ihm egal.","og_url":"https:\/\/wirtschaftlichefreiheit.de\/wordpress\/?p=40261","og_site_name":"Wirtschaftliche Freiheit","article_published_time":"2025-05-16T05:00:04+00:00","article_modified_time":"2025-11-17T16:28:34+00:00","og_image":[{"width":1024,"height":640,"url":"http:\/\/wirtschaftlichefreiheit.de\/wordpress\/bilder\/bertlang1-1024x640.png","type":"image\/png"}],"author":"Wirtschaftliche Freiheit","twitter_card":"summary_large_image","twitter_misc":{"Verfasst von":"Wirtschaftliche Freiheit","Gesch\u00e4tzte Lesezeit":"2\u00a0Minuten"},"schema":{"@context":"https:\/\/schema.org","@graph":[{"@type":"Article","@id":"https:\/\/wirtschaftlichefreiheit.de\/wordpress\/?p=40261#article","isPartOf":{"@id":"https:\/\/wirtschaftlichefreiheit.de\/wordpress\/?p=40261"},"author":{"name":"Wirtschaftliche Freiheit","@id":"https:\/\/wirtschaftlichefreiheit.de\/wordpress\/#\/schema\/person\/788618a184d31b0801c59c1fadd473c4"},"headline":"Podcast Niedergang der Welthandelsorganisation Ist Donald Trump ein Brandbeschleuniger?","datePublished":"2025-05-16T05:00:04+00:00","dateModified":"2025-11-17T16:28:34+00:00","mainEntityOfPage":{"@id":"https:\/\/wirtschaftlichefreiheit.de\/wordpress\/?p=40261"},"wordCount":351,"commentCount":0,"image":{"@id":"https:\/\/wirtschaftlichefreiheit.de\/wordpress\/?p=40261#primaryimage"},"thumbnailUrl":"https:\/\/wirtschaftlichefreiheit.de\/wordpress\/bilder\/bertlang1.png","keywords":["Berthold","Langhammer","Trump","WTO"],"articleSection":["Handelspolitisches","Podcasts (neu)"],"inLanguage":"de","potentialAction":[{"@type":"CommentAction","name":"Comment","target":["https:\/\/wirtschaftlichefreiheit.de\/wordpress\/?p=40261#respond"]}]},{"@type":"WebPage","@id":"https:\/\/wirtschaftlichefreiheit.de\/wordpress\/?p=40261","url":"https:\/\/wirtschaftlichefreiheit.de\/wordpress\/?p=40261","name":"Podcast Niedergang der Welthandelsorganisation Ist Donald Trump ein Brandbeschleuniger? - Wirtschaftliche Freiheit","isPartOf":{"@id":"https:\/\/wirtschaftlichefreiheit.de\/wordpress\/#website"},"primaryImageOfPage":{"@id":"https:\/\/wirtschaftlichefreiheit.de\/wordpress\/?p=40261#primaryimage"},"image":{"@id":"https:\/\/wirtschaftlichefreiheit.de\/wordpress\/?p=40261#primaryimage"},"thumbnailUrl":"https:\/\/wirtschaftlichefreiheit.de\/wordpress\/bilder\/bertlang1.png","datePublished":"2025-05-16T05:00:04+00:00","dateModified":"2025-11-17T16:28:34+00:00","author":{"@id":"https:\/\/wirtschaftlichefreiheit.de\/wordpress\/#\/schema\/person\/788618a184d31b0801c59c1fadd473c4"},"breadcrumb":{"@id":"https:\/\/wirtschaftlichefreiheit.de\/wordpress\/?p=40261#breadcrumb"},"inLanguage":"de","potentialAction":[{"@type":"ReadAction","target":["https:\/\/wirtschaftlichefreiheit.de\/wordpress\/?p=40261"]}]},{"@type":"ImageObject","inLanguage":"de","@id":"https:\/\/wirtschaftlichefreiheit.de\/wordpress\/?p=40261#primaryimage","url":"https:\/\/wirtschaftlichefreiheit.de\/wordpress\/bilder\/bertlang1.png","contentUrl":"https:\/\/wirtschaftlichefreiheit.de\/wordpress\/bilder\/bertlang1.png","width":4573,"height":2858},{"@type":"BreadcrumbList","@id":"https:\/\/wirtschaftlichefreiheit.de\/wordpress\/?p=40261#breadcrumb","itemListElement":[{"@type":"ListItem","position":1,"name":"Startseite","item":"https:\/\/wirtschaftlichefreiheit.de\/wordpress"},{"@type":"ListItem","position":2,"name":"Podcast Niedergang der Welthandelsorganisation Ist Donald Trump ein Brandbeschleuniger?"}]},{"@type":"WebSite","@id":"https:\/\/wirtschaftlichefreiheit.de\/wordpress\/#website","url":"https:\/\/wirtschaftlichefreiheit.de\/wordpress\/","name":"Wirtschaftliche Freiheit","description":"Das ordnungspolitische Journal","potentialAction":[{"@type":"SearchAction","target":{"@type":"EntryPoint","urlTemplate":"https:\/\/wirtschaftlichefreiheit.de\/wordpress\/?s={search_term_string}"},"query-input":{"@type":"PropertyValueSpecification","valueRequired":true,"valueName":"search_term_string"}}],"inLanguage":"de"},{"@type":"Person","@id":"https:\/\/wirtschaftlichefreiheit.de\/wordpress\/#\/schema\/person\/788618a184d31b0801c59c1fadd473c4","name":"Wirtschaftliche Freiheit","image":{"@type":"ImageObject","inLanguage":"de","@id":"https:\/\/wirtschaftlichefreiheit.de\/wordpress\/bilder\/189780_211178845564593_6670846_n.jpg","url":"https:\/\/wirtschaftlichefreiheit.de\/wordpress\/bilder\/189780_211178845564593_6670846_n.jpg","contentUrl":"https:\/\/wirtschaftlichefreiheit.de\/wordpress\/bilder\/189780_211178845564593_6670846_n.jpg","caption":"Wirtschaftliche Freiheit"},"description":"Das ordnungspolitische Journal","url":"https:\/\/wirtschaftlichefreiheit.de\/wordpress\/?author=58"}]}},"_links":{"self":[{"href":"https:\/\/wirtschaftlichefreiheit.de\/wordpress\/index.php?rest_route=\/wp\/v2\/posts\/40261","targetHints":{"allow":["GET"]}}],"collection":[{"href":"https:\/\/wirtschaftlichefreiheit.de\/wordpress\/index.php?rest_route=\/wp\/v2\/posts"}],"about":[{"href":"https:\/\/wirtschaftlichefreiheit.de\/wordpress\/index.php?rest_route=\/wp\/v2\/types\/post"}],"author":[{"embeddable":true,"href":"https:\/\/wirtschaftlichefreiheit.de\/wordpress\/index.php?rest_route=\/wp\/v2\/users\/58"}],"replies":[{"embeddable":true,"href":"https:\/\/wirtschaftlichefreiheit.de\/wordpress\/index.php?rest_route=%2Fwp%2Fv2%2Fcomments&post=40261"}],"version-history":[{"count":6,"href":"https:\/\/wirtschaftlichefreiheit.de\/wordpress\/index.php?rest_route=\/wp\/v2\/posts\/40261\/revisions"}],"predecessor-version":[{"id":40785,"href":"https:\/\/wirtschaftlichefreiheit.de\/wordpress\/index.php?rest_route=\/wp\/v2\/posts\/40261\/revisions\/40785"}],"wp:featuredmedia":[{"embeddable":true,"href":"https:\/\/wirtschaftlichefreiheit.de\/wordpress\/index.php?rest_route=\/wp\/v2\/media\/40269"}],"wp:attachment":[{"href":"https:\/\/wirtschaftlichefreiheit.de\/wordpress\/index.php?rest_route=%2Fwp%2Fv2%2Fmedia&parent=40261"}],"wp:term":[{"taxonomy":"category","embeddable":true,"href":"https:\/\/wirtschaftlichefreiheit.de\/wordpress\/index.php?rest_route=%2Fwp%2Fv2%2Fcategories&post=40261"},{"taxonomy":"post_tag","embeddable":true,"href":"https:\/\/wirtschaftlichefreiheit.de\/wordpress\/index.php?rest_route=%2Fwp%2Fv2%2Ftags&post=40261"}],"curies":[{"name":"wp","href":"https:\/\/api.w.org\/{rel}","templated":true}]}}