{"id":40570,"date":"2025-06-20T04:39:41","date_gmt":"2025-06-20T03:39:41","guid":{"rendered":"https:\/\/wirtschaftlichefreiheit.de\/wordpress\/?p=40570"},"modified":"2026-01-16T09:17:54","modified_gmt":"2026-01-16T08:17:54","slug":"podcast-trump-und-die-tech-milliardaere-beginnt-jetzt-eine-libertaere-zeitrechnung","status":"publish","type":"post","link":"https:\/\/wirtschaftlichefreiheit.de\/wordpress\/?p=40570","title":{"rendered":"<b>Podcast <\/b><br>Trump und die Tech-Milliard\u00e4re <br><b>Beginnt jetzt eine libert\u00e4re Zeitrechnung? <\/b>"},"content":{"rendered":"\n<p>In Donald Trumps Umfeld tummeln sich Tech-Unternehmer mit libert\u00e4ren Ideen und einem Hang zu massiver Deregulierung. Das st\u00f6sst bei vielen Beobachtern auf Skepsis. Sind die Tech-Milliard\u00e4re mit ihrem Deregulierungs-Eifer eine Gefahr f\u00fcr die Demokratie? Und was verbirgt sich eigentlich hinter dem Begriff &#8222;libert\u00e4r&#8220;?<\/p>\n\n\n\n<p><strong>Dr. J\u00f6rn Quitzau<\/strong> (Bergos AG) im Gespr\u00e4ch mit <strong>Prof. Dr. Thomas Apolte<\/strong> (Universit\u00e4t M\u00fcnster)<\/p>\n\n\n<p><iframe style=\"width: 100%; max-width: 660px; overflow: hidden; border-radius: 10px;\" src=\"https:\/\/embed.podcasts.apple.com\/il\/podcast\/77-trump-und-die-tech-milliard%C3%A4re-beginnt-jetzt-eine\/id1547580182?i=1000713656643\" height=\"175\" frameborder=\"0\" sandbox=\"allow-forms allow-popups allow-same-origin allow-scripts allow-storage-access-by-user-activation allow-top-navigation-by-user-activation\"><\/iframe><\/p>\n\n\n<p><strong>Die Teilnehmer:<\/strong><\/p>\n\n\n\n<p><strong>Prof. Dr. Thomas Apolte<\/strong> ist Inhaber des Lehrstuhls f\u00fcr \u00d6konomische Politikanalyse am <a href=\"http:\/\/www.wiwi.uni-muenster.de\/ciw\/\">Centrum f\u00fcr Interdisziplin\u00e4re Wirtschaftsforschung<\/a> der Westf\u00e4lischen Wilhelms-Universit\u00e4t in M\u00fcnster. <\/p>\n\n\n\n<p><strong>J\u00f6rn Quitzau<\/strong> ist Chef\u00f6konom der Bergos AG. Zuvor war er Leiter &#8222;Wirtschaftstrends&#8220; beim Bankhaus Berenberg und Senior Economist bei Deutsche Bank Research. Gemeinsam mit Prof. Dr. Norbert Berthold ist er Initiator dieses Podcasts.<\/p>\n<!-- AddThis Advanced Settings generic via filter on the_content --><!-- AddThis Share Buttons generic via filter on the_content --><!-- AddThis Related Posts generic via filter on the_content -->","protected":false},"excerpt":{"rendered":"<p>In Donald Trumps Umfeld tummeln sich Tech-Unternehmer mit libert\u00e4ren Ideen und einem Hang zu massiver Deregulierung. Das st\u00f6sst bei vielen Beobachtern auf Skepsis. Sind die Tech-Milliard\u00e4re mit ihrem Deregulierungs-Eifer eine Gefahr f\u00fcr die Demokratie? Und was verbirgt sich eigentlich hinter dem Begriff &#8222;libert\u00e4r&#8220;?<!-- AddThis Advanced Settings generic via filter on wp_trim_excerpt --><!-- AddThis Share Buttons generic via filter on wp_trim_excerpt --><!-- AddThis Related Posts generic via filter on wp_trim_excerpt --><\/p>\n","protected":false},"author":58,"featured_media":40571,"comment_status":"open","ping_status":"open","sticky":false,"template":"","format":"standard","meta":{"footnotes":""},"categories":[4694,4378],"tags":[1717,2251,3110,4789],"class_list":["post-40570","post","type-post","status-publish","format-standard","has-post-thumbnail","hentry","category-libertaeres","category-podcasts","tag-apolte","tag-donald-trump","tag-quitzau","tag-tech-milliardaere"],"yoast_head":"<!-- This site is optimized with the Yoast SEO plugin v27.2 - https:\/\/yoast.com\/product\/yoast-seo-wordpress\/ -->\n<title>Podcast Trump und die Tech-Milliard\u00e4re Beginnt jetzt eine libert\u00e4re Zeitrechnung?  - Wirtschaftliche Freiheit<\/title>\n<meta name=\"robots\" content=\"index, follow, max-snippet:-1, max-image-preview:large, max-video-preview:-1\" \/>\n<link rel=\"canonical\" href=\"https:\/\/wirtschaftlichefreiheit.de\/wordpress\/?p=40570\" \/>\n<meta property=\"og:locale\" content=\"de_DE\" \/>\n<meta property=\"og:type\" content=\"article\" \/>\n<meta property=\"og:title\" content=\"Podcast Trump und die Tech-Milliard\u00e4re Beginnt jetzt eine libert\u00e4re Zeitrechnung?  - Wirtschaftliche Freiheit\" \/>\n<meta property=\"og:description\" content=\"In Donald Trumps Umfeld tummeln sich Tech-Unternehmer mit libert\u00e4ren Ideen und einem Hang zu massiver Deregulierung. Das st\u00f6sst bei vielen Beobachtern auf Skepsis. Sind die Tech-Milliard\u00e4re mit ihrem Deregulierungs-Eifer eine Gefahr f\u00fcr die Demokratie? Und was verbirgt sich eigentlich hinter dem Begriff &quot;libert\u00e4r&quot;?\" \/>\n<meta property=\"og:url\" content=\"https:\/\/wirtschaftlichefreiheit.de\/wordpress\/?p=40570\" \/>\n<meta property=\"og:site_name\" content=\"Wirtschaftliche Freiheit\" \/>\n<meta property=\"article:published_time\" content=\"2025-06-20T03:39:41+00:00\" \/>\n<meta property=\"article:modified_time\" content=\"2026-01-16T08:17:54+00:00\" \/>\n<meta property=\"og:image\" content=\"http:\/\/wirtschaftlichefreiheit.de\/wordpress\/bilder\/apoltequit-1024x640.png\" \/>\n\t<meta property=\"og:image:width\" content=\"1024\" \/>\n\t<meta property=\"og:image:height\" content=\"640\" \/>\n\t<meta property=\"og:image:type\" content=\"image\/png\" \/>\n<meta name=\"author\" content=\"Wirtschaftliche Freiheit\" \/>\n<meta name=\"twitter:card\" content=\"summary_large_image\" \/>\n<meta name=\"twitter:label1\" content=\"Verfasst von\" \/>\n\t<meta name=\"twitter:data1\" content=\"Wirtschaftliche Freiheit\" \/>\n\t<meta name=\"twitter:label2\" content=\"Gesch\u00e4tzte Lesezeit\" \/>\n\t<meta name=\"twitter:data2\" content=\"1\u00a0Minute\" \/>\n<script type=\"application\/ld+json\" class=\"yoast-schema-graph\">{\"@context\":\"https:\/\/schema.org\",\"@graph\":[{\"@type\":\"Article\",\"@id\":\"https:\/\/wirtschaftlichefreiheit.de\/wordpress\/?p=40570#article\",\"isPartOf\":{\"@id\":\"https:\/\/wirtschaftlichefreiheit.de\/wordpress\/?p=40570\"},\"author\":{\"name\":\"Wirtschaftliche Freiheit\",\"@id\":\"https:\/\/wirtschaftlichefreiheit.de\/wordpress\/#\/schema\/person\/788618a184d31b0801c59c1fadd473c4\"},\"headline\":\"Podcast Trump und die Tech-Milliard\u00e4re Beginnt jetzt eine libert\u00e4re Zeitrechnung?\",\"datePublished\":\"2025-06-20T03:39:41+00:00\",\"dateModified\":\"2026-01-16T08:17:54+00:00\",\"mainEntityOfPage\":{\"@id\":\"https:\/\/wirtschaftlichefreiheit.de\/wordpress\/?p=40570\"},\"wordCount\":142,\"commentCount\":0,\"image\":{\"@id\":\"https:\/\/wirtschaftlichefreiheit.de\/wordpress\/?p=40570#primaryimage\"},\"thumbnailUrl\":\"https:\/\/wirtschaftlichefreiheit.de\/wordpress\/bilder\/apoltequit.png\",\"keywords\":[\"Apolte\",\"Donald Trump\",\"Quitzau\",\"Tech-Milliard\u00e4re\"],\"articleSection\":[\"Libert\u00e4res\",\"Podcasts (neu)\"],\"inLanguage\":\"de\",\"potentialAction\":[{\"@type\":\"CommentAction\",\"name\":\"Comment\",\"target\":[\"https:\/\/wirtschaftlichefreiheit.de\/wordpress\/?p=40570#respond\"]}]},{\"@type\":\"WebPage\",\"@id\":\"https:\/\/wirtschaftlichefreiheit.de\/wordpress\/?p=40570\",\"url\":\"https:\/\/wirtschaftlichefreiheit.de\/wordpress\/?p=40570\",\"name\":\"Podcast Trump und die Tech-Milliard\u00e4re Beginnt jetzt eine libert\u00e4re Zeitrechnung? - Wirtschaftliche Freiheit\",\"isPartOf\":{\"@id\":\"https:\/\/wirtschaftlichefreiheit.de\/wordpress\/#website\"},\"primaryImageOfPage\":{\"@id\":\"https:\/\/wirtschaftlichefreiheit.de\/wordpress\/?p=40570#primaryimage\"},\"image\":{\"@id\":\"https:\/\/wirtschaftlichefreiheit.de\/wordpress\/?p=40570#primaryimage\"},\"thumbnailUrl\":\"https:\/\/wirtschaftlichefreiheit.de\/wordpress\/bilder\/apoltequit.png\",\"datePublished\":\"2025-06-20T03:39:41+00:00\",\"dateModified\":\"2026-01-16T08:17:54+00:00\",\"author\":{\"@id\":\"https:\/\/wirtschaftlichefreiheit.de\/wordpress\/#\/schema\/person\/788618a184d31b0801c59c1fadd473c4\"},\"breadcrumb\":{\"@id\":\"https:\/\/wirtschaftlichefreiheit.de\/wordpress\/?p=40570#breadcrumb\"},\"inLanguage\":\"de\",\"potentialAction\":[{\"@type\":\"ReadAction\",\"target\":[\"https:\/\/wirtschaftlichefreiheit.de\/wordpress\/?p=40570\"]}]},{\"@type\":\"ImageObject\",\"inLanguage\":\"de\",\"@id\":\"https:\/\/wirtschaftlichefreiheit.de\/wordpress\/?p=40570#primaryimage\",\"url\":\"https:\/\/wirtschaftlichefreiheit.de\/wordpress\/bilder\/apoltequit.png\",\"contentUrl\":\"https:\/\/wirtschaftlichefreiheit.de\/wordpress\/bilder\/apoltequit.png\",\"width\":4573,\"height\":2859},{\"@type\":\"BreadcrumbList\",\"@id\":\"https:\/\/wirtschaftlichefreiheit.de\/wordpress\/?p=40570#breadcrumb\",\"itemListElement\":[{\"@type\":\"ListItem\",\"position\":1,\"name\":\"Startseite\",\"item\":\"https:\/\/wirtschaftlichefreiheit.de\/wordpress\"},{\"@type\":\"ListItem\",\"position\":2,\"name\":\"Podcast Trump und die Tech-Milliard\u00e4re Beginnt jetzt eine libert\u00e4re Zeitrechnung?\"}]},{\"@type\":\"WebSite\",\"@id\":\"https:\/\/wirtschaftlichefreiheit.de\/wordpress\/#website\",\"url\":\"https:\/\/wirtschaftlichefreiheit.de\/wordpress\/\",\"name\":\"Wirtschaftliche Freiheit\",\"description\":\"Das ordnungspolitische Journal\",\"potentialAction\":[{\"@type\":\"SearchAction\",\"target\":{\"@type\":\"EntryPoint\",\"urlTemplate\":\"https:\/\/wirtschaftlichefreiheit.de\/wordpress\/?s={search_term_string}\"},\"query-input\":{\"@type\":\"PropertyValueSpecification\",\"valueRequired\":true,\"valueName\":\"search_term_string\"}}],\"inLanguage\":\"de\"},{\"@type\":\"Person\",\"@id\":\"https:\/\/wirtschaftlichefreiheit.de\/wordpress\/#\/schema\/person\/788618a184d31b0801c59c1fadd473c4\",\"name\":\"Wirtschaftliche Freiheit\",\"image\":{\"@type\":\"ImageObject\",\"inLanguage\":\"de\",\"@id\":\"https:\/\/wirtschaftlichefreiheit.de\/wordpress\/bilder\/189780_211178845564593_6670846_n.jpg\",\"url\":\"https:\/\/wirtschaftlichefreiheit.de\/wordpress\/bilder\/189780_211178845564593_6670846_n.jpg\",\"contentUrl\":\"https:\/\/wirtschaftlichefreiheit.de\/wordpress\/bilder\/189780_211178845564593_6670846_n.jpg\",\"caption\":\"Wirtschaftliche Freiheit\"},\"description\":\"Das ordnungspolitische Journal\",\"url\":\"https:\/\/wirtschaftlichefreiheit.de\/wordpress\/?author=58\"}]}<\/script>\n<!-- \/ Yoast SEO plugin. -->","yoast_head_json":{"title":"Podcast Trump und die Tech-Milliard\u00e4re Beginnt jetzt eine libert\u00e4re Zeitrechnung?  - Wirtschaftliche Freiheit","robots":{"index":"index","follow":"follow","max-snippet":"max-snippet:-1","max-image-preview":"max-image-preview:large","max-video-preview":"max-video-preview:-1"},"canonical":"https:\/\/wirtschaftlichefreiheit.de\/wordpress\/?p=40570","og_locale":"de_DE","og_type":"article","og_title":"Podcast Trump und die Tech-Milliard\u00e4re Beginnt jetzt eine libert\u00e4re Zeitrechnung?  - Wirtschaftliche Freiheit","og_description":"In Donald Trumps Umfeld tummeln sich Tech-Unternehmer mit libert\u00e4ren Ideen und einem Hang zu massiver Deregulierung. Das st\u00f6sst bei vielen Beobachtern auf Skepsis. Sind die Tech-Milliard\u00e4re mit ihrem Deregulierungs-Eifer eine Gefahr f\u00fcr die Demokratie? Und was verbirgt sich eigentlich hinter dem Begriff \"libert\u00e4r\"?","og_url":"https:\/\/wirtschaftlichefreiheit.de\/wordpress\/?p=40570","og_site_name":"Wirtschaftliche Freiheit","article_published_time":"2025-06-20T03:39:41+00:00","article_modified_time":"2026-01-16T08:17:54+00:00","og_image":[{"width":1024,"height":640,"url":"http:\/\/wirtschaftlichefreiheit.de\/wordpress\/bilder\/apoltequit-1024x640.png","type":"image\/png"}],"author":"Wirtschaftliche Freiheit","twitter_card":"summary_large_image","twitter_misc":{"Verfasst von":"Wirtschaftliche Freiheit","Gesch\u00e4tzte Lesezeit":"1\u00a0Minute"},"schema":{"@context":"https:\/\/schema.org","@graph":[{"@type":"Article","@id":"https:\/\/wirtschaftlichefreiheit.de\/wordpress\/?p=40570#article","isPartOf":{"@id":"https:\/\/wirtschaftlichefreiheit.de\/wordpress\/?p=40570"},"author":{"name":"Wirtschaftliche Freiheit","@id":"https:\/\/wirtschaftlichefreiheit.de\/wordpress\/#\/schema\/person\/788618a184d31b0801c59c1fadd473c4"},"headline":"Podcast Trump und die Tech-Milliard\u00e4re Beginnt jetzt eine libert\u00e4re Zeitrechnung?","datePublished":"2025-06-20T03:39:41+00:00","dateModified":"2026-01-16T08:17:54+00:00","mainEntityOfPage":{"@id":"https:\/\/wirtschaftlichefreiheit.de\/wordpress\/?p=40570"},"wordCount":142,"commentCount":0,"image":{"@id":"https:\/\/wirtschaftlichefreiheit.de\/wordpress\/?p=40570#primaryimage"},"thumbnailUrl":"https:\/\/wirtschaftlichefreiheit.de\/wordpress\/bilder\/apoltequit.png","keywords":["Apolte","Donald Trump","Quitzau","Tech-Milliard\u00e4re"],"articleSection":["Libert\u00e4res","Podcasts (neu)"],"inLanguage":"de","potentialAction":[{"@type":"CommentAction","name":"Comment","target":["https:\/\/wirtschaftlichefreiheit.de\/wordpress\/?p=40570#respond"]}]},{"@type":"WebPage","@id":"https:\/\/wirtschaftlichefreiheit.de\/wordpress\/?p=40570","url":"https:\/\/wirtschaftlichefreiheit.de\/wordpress\/?p=40570","name":"Podcast Trump und die Tech-Milliard\u00e4re Beginnt jetzt eine libert\u00e4re Zeitrechnung? - Wirtschaftliche Freiheit","isPartOf":{"@id":"https:\/\/wirtschaftlichefreiheit.de\/wordpress\/#website"},"primaryImageOfPage":{"@id":"https:\/\/wirtschaftlichefreiheit.de\/wordpress\/?p=40570#primaryimage"},"image":{"@id":"https:\/\/wirtschaftlichefreiheit.de\/wordpress\/?p=40570#primaryimage"},"thumbnailUrl":"https:\/\/wirtschaftlichefreiheit.de\/wordpress\/bilder\/apoltequit.png","datePublished":"2025-06-20T03:39:41+00:00","dateModified":"2026-01-16T08:17:54+00:00","author":{"@id":"https:\/\/wirtschaftlichefreiheit.de\/wordpress\/#\/schema\/person\/788618a184d31b0801c59c1fadd473c4"},"breadcrumb":{"@id":"https:\/\/wirtschaftlichefreiheit.de\/wordpress\/?p=40570#breadcrumb"},"inLanguage":"de","potentialAction":[{"@type":"ReadAction","target":["https:\/\/wirtschaftlichefreiheit.de\/wordpress\/?p=40570"]}]},{"@type":"ImageObject","inLanguage":"de","@id":"https:\/\/wirtschaftlichefreiheit.de\/wordpress\/?p=40570#primaryimage","url":"https:\/\/wirtschaftlichefreiheit.de\/wordpress\/bilder\/apoltequit.png","contentUrl":"https:\/\/wirtschaftlichefreiheit.de\/wordpress\/bilder\/apoltequit.png","width":4573,"height":2859},{"@type":"BreadcrumbList","@id":"https:\/\/wirtschaftlichefreiheit.de\/wordpress\/?p=40570#breadcrumb","itemListElement":[{"@type":"ListItem","position":1,"name":"Startseite","item":"https:\/\/wirtschaftlichefreiheit.de\/wordpress"},{"@type":"ListItem","position":2,"name":"Podcast Trump und die Tech-Milliard\u00e4re Beginnt jetzt eine libert\u00e4re Zeitrechnung?"}]},{"@type":"WebSite","@id":"https:\/\/wirtschaftlichefreiheit.de\/wordpress\/#website","url":"https:\/\/wirtschaftlichefreiheit.de\/wordpress\/","name":"Wirtschaftliche Freiheit","description":"Das ordnungspolitische Journal","potentialAction":[{"@type":"SearchAction","target":{"@type":"EntryPoint","urlTemplate":"https:\/\/wirtschaftlichefreiheit.de\/wordpress\/?s={search_term_string}"},"query-input":{"@type":"PropertyValueSpecification","valueRequired":true,"valueName":"search_term_string"}}],"inLanguage":"de"},{"@type":"Person","@id":"https:\/\/wirtschaftlichefreiheit.de\/wordpress\/#\/schema\/person\/788618a184d31b0801c59c1fadd473c4","name":"Wirtschaftliche Freiheit","image":{"@type":"ImageObject","inLanguage":"de","@id":"https:\/\/wirtschaftlichefreiheit.de\/wordpress\/bilder\/189780_211178845564593_6670846_n.jpg","url":"https:\/\/wirtschaftlichefreiheit.de\/wordpress\/bilder\/189780_211178845564593_6670846_n.jpg","contentUrl":"https:\/\/wirtschaftlichefreiheit.de\/wordpress\/bilder\/189780_211178845564593_6670846_n.jpg","caption":"Wirtschaftliche Freiheit"},"description":"Das ordnungspolitische Journal","url":"https:\/\/wirtschaftlichefreiheit.de\/wordpress\/?author=58"}]}},"_links":{"self":[{"href":"https:\/\/wirtschaftlichefreiheit.de\/wordpress\/index.php?rest_route=\/wp\/v2\/posts\/40570","targetHints":{"allow":["GET"]}}],"collection":[{"href":"https:\/\/wirtschaftlichefreiheit.de\/wordpress\/index.php?rest_route=\/wp\/v2\/posts"}],"about":[{"href":"https:\/\/wirtschaftlichefreiheit.de\/wordpress\/index.php?rest_route=\/wp\/v2\/types\/post"}],"author":[{"embeddable":true,"href":"https:\/\/wirtschaftlichefreiheit.de\/wordpress\/index.php?rest_route=\/wp\/v2\/users\/58"}],"replies":[{"embeddable":true,"href":"https:\/\/wirtschaftlichefreiheit.de\/wordpress\/index.php?rest_route=%2Fwp%2Fv2%2Fcomments&post=40570"}],"version-history":[{"count":14,"href":"https:\/\/wirtschaftlichefreiheit.de\/wordpress\/index.php?rest_route=\/wp\/v2\/posts\/40570\/revisions"}],"predecessor-version":[{"id":40607,"href":"https:\/\/wirtschaftlichefreiheit.de\/wordpress\/index.php?rest_route=\/wp\/v2\/posts\/40570\/revisions\/40607"}],"wp:featuredmedia":[{"embeddable":true,"href":"https:\/\/wirtschaftlichefreiheit.de\/wordpress\/index.php?rest_route=\/wp\/v2\/media\/40571"}],"wp:attachment":[{"href":"https:\/\/wirtschaftlichefreiheit.de\/wordpress\/index.php?rest_route=%2Fwp%2Fv2%2Fmedia&parent=40570"}],"wp:term":[{"taxonomy":"category","embeddable":true,"href":"https:\/\/wirtschaftlichefreiheit.de\/wordpress\/index.php?rest_route=%2Fwp%2Fv2%2Fcategories&post=40570"},{"taxonomy":"post_tag","embeddable":true,"href":"https:\/\/wirtschaftlichefreiheit.de\/wordpress\/index.php?rest_route=%2Fwp%2Fv2%2Ftags&post=40570"}],"curies":[{"name":"wp","href":"https:\/\/api.w.org\/{rel}","templated":true}]}}