{"id":40846,"date":"2025-07-22T05:22:32","date_gmt":"2025-07-22T04:22:32","guid":{"rendered":"https:\/\/wirtschaftlichefreiheit.de\/wordpress\/?p=40846"},"modified":"2025-07-24T09:03:32","modified_gmt":"2025-07-24T08:03:32","slug":"kurzpodcast-wirtschaftspolitischer-kurswechsel-oder-steht-die-welt-weiter-kopf","status":"publish","type":"post","link":"https:\/\/wirtschaftlichefreiheit.de\/wordpress\/?p=40846","title":{"rendered":"<b>(Kurz)Podcast <\/b><br>Wirtschaftspolitischer Kurswechsel <br><b>Oder steht die Welt weiter Kopf? <\/b>"},"content":{"rendered":"\n<p>Die deutsche Wachstumsschw\u00e4che hat viel damit zu tun, dass wirtschaftspolitische Weichen seit Jahren falsch gestellt wurden. Wachstumsf\u00f6rdernde Reformen blieben aus, weil sich die Wirtschaftspolitik zu lange u.a. auf niedrige Zinsen und die damaligen Besch\u00e4ftigungserfolge verlassen hat.<br><br>Hinzu kam ein Mentalit\u00e4tsproblem: Zu sehr hatte sich die Idee ausgebreitet, aus guten Absichten w\u00fcrden auch gute Ergebnisse. Wirtschaftliche Anreizmechanismen verloren an Bedeutung.<br><br>Prof. <a href=\"https:\/\/www.linkedin.com\/in\/norbert-berthold-a5a770128\/\"><\/a><a href=\"https:\/\/www.linkedin.com\/in\/ACoAAB9v0OYBYhW754-10WOi0QRPzdTLcxjvohs\">Norbert Berthold<\/a> und ich haben vor zwei Jahren 25 Experten gewinnen k\u00f6nnen, um in einem Buch des <a href=\"https:\/\/www.linkedin.com\/company\/vahlen\/\">Vahlen<\/a> Verlags die grunds\u00e4tzlichen Fehlsteuerungen zu skizzieren und L\u00f6sungsvorschl\u00e4ge f\u00fcr die einzelnen Politikbereiche zu pr\u00e4sentieren. (Link zum Buch: <a href=\"https:\/\/lnkd.in\/eCtsCGhr\">https:\/\/lnkd.in\/eCtsCGhr<\/a>)<\/p>\n\n\n<div class=\"wp-block-image\">\n<figure class=\"aligncenter size-full\"><img loading=\"lazy\" decoding=\"async\" width=\"305\" height=\"404\" src=\"https:\/\/wirtschaftlichefreiheit.de\/wordpress\/bilder\/buch-1-1-2.png\" alt=\"\" class=\"wp-image-40855\" srcset=\"https:\/\/wirtschaftlichefreiheit.de\/wordpress\/bilder\/buch-1-1-2.png 305w, https:\/\/wirtschaftlichefreiheit.de\/wordpress\/bilder\/buch-1-1-2-226x300.png 226w\" sizes=\"auto, (max-width: 305px) 100vw, 305px\" \/><\/figure>\n<\/div>\n\n\n<p>Inzwischen hat Deutschland eine neue Regierung, die einen wirtschaftspolitischen Neuanfang versprochen hat. Tats\u00e4chlich ist in viele Bereiche Bewegung gekommen. Ob diese Bewegung ausreicht, bleibt aber weiterhin offen.<\/p>\n\n\n\n<p>\u00dcber die aktuelle Lage habe ich ein kurzes Podcast-Gespr\u00e4ch mit <a href=\"https:\/\/www.linkedin.com\/in\/jana-werner\/\"><\/a><a href=\"https:\/\/www.linkedin.com\/in\/ACoAABVWTKkBBt8phb_6Mymp3P3mz2j_nO6rCcw\">Jana Werner<\/a> gef\u00fchrt.<\/p>\n\n\n\n<figure class=\"wp-block-embed is-type-rich is-provider-spotify wp-block-embed-spotify wp-embed-aspect-21-9 wp-has-aspect-ratio\"><div class=\"wp-block-embed__wrapper\">\n<iframe title=\"Spotify Embed: #64: Steht die Welt noch Kopf?\" style=\"border-radius: 12px\" width=\"100%\" height=\"152\" frameborder=\"0\" allowfullscreen allow=\"autoplay; clipboard-write; encrypted-media; fullscreen; picture-in-picture\" loading=\"lazy\" src=\"https:\/\/open.spotify.com\/embed\/episode\/1ECjoCaMaA7pPzvCcNHK7N?si=NT9ybaTnRGaWNQrf3OvcEA&#038;utm_source=oembed\"><\/iframe>\n<\/div><\/figure>\n\n\n\n<p><strong>Blog-Beitr\u00e4ge zum Thema:<\/strong><\/p>\n\n\n\n<p>Norbert Berthold (JMU) und J\u00f6rn Quitzau (Bergos): <a href=\"https:\/\/wirtschaftlichefreiheit.de\/wordpress\/?p=33587\">Die (Wirtschafts-)Welt steht Kopf. Abschied von Illusionen<\/a><\/p>\n\n\n\n<p>Norbert Berthold (JMU, 2022): <a href=\"https:\/\/wirtschaftlichefreiheit.de\/wordpress\/?p=32114\">Wirtschaftspolitik heute. Viel ordnungspolitischer Unfug<\/a><\/p>\n<!-- AddThis Advanced Settings generic via filter on the_content --><!-- AddThis Share Buttons generic via filter on the_content --><!-- AddThis Related Posts generic via filter on the_content -->","protected":false},"excerpt":{"rendered":"<p>Die Wirtschaft hat sich in den vergangenen Jahren in erschreckender Weise in die falsche Richtung entwickelt. Man kann auch sagen: Die Welt steht Kopf. \u00c4ndert sich das nun mit der neuen Bundesregierung?<!-- AddThis Advanced Settings generic via filter on wp_trim_excerpt --><!-- AddThis Share Buttons generic via filter on wp_trim_excerpt --><!-- AddThis Related Posts generic via filter on wp_trim_excerpt --><\/p>\n","protected":false},"author":112,"featured_media":40850,"comment_status":"open","ping_status":"open","sticky":false,"template":"","format":"standard","meta":{"footnotes":""},"categories":[4378,2869],"tags":[556,3110,4518,4800],"class_list":["post-40846","post","type-post","status-publish","format-standard","has-post-thumbnail","hentry","category-podcasts","category-wirtschaftspolitisches","tag-berthold","tag-quitzau","tag-welt-steht-kopf","tag-werner"],"yoast_head":"<!-- This site is optimized with the Yoast SEO plugin v27.2 - https:\/\/yoast.com\/product\/yoast-seo-wordpress\/ -->\n<title>(Kurz)Podcast Wirtschaftspolitischer Kurswechsel Oder steht die Welt weiter Kopf?  - Wirtschaftliche Freiheit<\/title>\n<meta name=\"robots\" content=\"index, follow, max-snippet:-1, max-image-preview:large, max-video-preview:-1\" \/>\n<link rel=\"canonical\" href=\"https:\/\/wirtschaftlichefreiheit.de\/wordpress\/?p=40846\" \/>\n<meta property=\"og:locale\" content=\"de_DE\" \/>\n<meta property=\"og:type\" content=\"article\" \/>\n<meta property=\"og:title\" content=\"(Kurz)Podcast Wirtschaftspolitischer Kurswechsel Oder steht die Welt weiter Kopf?  - Wirtschaftliche Freiheit\" \/>\n<meta property=\"og:description\" content=\"Die Wirtschaft hat sich in den vergangenen Jahren in erschreckender Weise in die falsche Richtung entwickelt. Man kann auch sagen: Die Welt steht Kopf. \u00c4ndert sich das nun mit der neuen Bundesregierung?\" \/>\n<meta property=\"og:url\" content=\"https:\/\/wirtschaftlichefreiheit.de\/wordpress\/?p=40846\" \/>\n<meta property=\"og:site_name\" content=\"Wirtschaftliche Freiheit\" \/>\n<meta property=\"article:published_time\" content=\"2025-07-22T04:22:32+00:00\" \/>\n<meta property=\"article:modified_time\" content=\"2025-07-24T08:03:32+00:00\" \/>\n<meta property=\"og:image\" content=\"http:\/\/wirtschaftlichefreiheit.de\/wordpress\/bilder\/etg-2-1-1.png\" \/>\n\t<meta property=\"og:image:width\" content=\"885\" \/>\n\t<meta property=\"og:image:height\" content=\"590\" \/>\n\t<meta property=\"og:image:type\" content=\"image\/png\" \/>\n<meta name=\"author\" content=\"J\u00f6rn Quitzau\" \/>\n<meta name=\"twitter:card\" content=\"summary_large_image\" \/>\n<meta name=\"twitter:label1\" content=\"Verfasst von\" \/>\n\t<meta name=\"twitter:data1\" content=\"J\u00f6rn Quitzau\" \/>\n\t<meta name=\"twitter:label2\" content=\"Gesch\u00e4tzte Lesezeit\" \/>\n\t<meta name=\"twitter:data2\" content=\"1\u00a0Minute\" \/>\n<script type=\"application\/ld+json\" class=\"yoast-schema-graph\">{\"@context\":\"https:\/\/schema.org\",\"@graph\":[{\"@type\":\"Article\",\"@id\":\"https:\/\/wirtschaftlichefreiheit.de\/wordpress\/?p=40846#article\",\"isPartOf\":{\"@id\":\"https:\/\/wirtschaftlichefreiheit.de\/wordpress\/?p=40846\"},\"author\":{\"name\":\"J\u00f6rn Quitzau\",\"@id\":\"https:\/\/wirtschaftlichefreiheit.de\/wordpress\/#\/schema\/person\/92c6141d5a76f5b6c1e1b3717f02ae9f\"},\"headline\":\"(Kurz)Podcast Wirtschaftspolitischer Kurswechsel Oder steht die Welt weiter Kopf?\",\"datePublished\":\"2025-07-22T04:22:32+00:00\",\"dateModified\":\"2025-07-24T08:03:32+00:00\",\"mainEntityOfPage\":{\"@id\":\"https:\/\/wirtschaftlichefreiheit.de\/wordpress\/?p=40846\"},\"wordCount\":203,\"commentCount\":0,\"image\":{\"@id\":\"https:\/\/wirtschaftlichefreiheit.de\/wordpress\/?p=40846#primaryimage\"},\"thumbnailUrl\":\"https:\/\/wirtschaftlichefreiheit.de\/wordpress\/bilder\/etg-2-1-1.png\",\"keywords\":[\"Berthold\",\"Quitzau\",\"Welt steht Kopf\",\"Werner\"],\"articleSection\":[\"Podcasts (neu)\",\"Wirtschaftspolitisches\"],\"inLanguage\":\"de\",\"potentialAction\":[{\"@type\":\"CommentAction\",\"name\":\"Comment\",\"target\":[\"https:\/\/wirtschaftlichefreiheit.de\/wordpress\/?p=40846#respond\"]}]},{\"@type\":\"WebPage\",\"@id\":\"https:\/\/wirtschaftlichefreiheit.de\/wordpress\/?p=40846\",\"url\":\"https:\/\/wirtschaftlichefreiheit.de\/wordpress\/?p=40846\",\"name\":\"(Kurz)Podcast Wirtschaftspolitischer Kurswechsel Oder steht die Welt weiter Kopf? - Wirtschaftliche Freiheit\",\"isPartOf\":{\"@id\":\"https:\/\/wirtschaftlichefreiheit.de\/wordpress\/#website\"},\"primaryImageOfPage\":{\"@id\":\"https:\/\/wirtschaftlichefreiheit.de\/wordpress\/?p=40846#primaryimage\"},\"image\":{\"@id\":\"https:\/\/wirtschaftlichefreiheit.de\/wordpress\/?p=40846#primaryimage\"},\"thumbnailUrl\":\"https:\/\/wirtschaftlichefreiheit.de\/wordpress\/bilder\/etg-2-1-1.png\",\"datePublished\":\"2025-07-22T04:22:32+00:00\",\"dateModified\":\"2025-07-24T08:03:32+00:00\",\"author\":{\"@id\":\"https:\/\/wirtschaftlichefreiheit.de\/wordpress\/#\/schema\/person\/92c6141d5a76f5b6c1e1b3717f02ae9f\"},\"breadcrumb\":{\"@id\":\"https:\/\/wirtschaftlichefreiheit.de\/wordpress\/?p=40846#breadcrumb\"},\"inLanguage\":\"de\",\"potentialAction\":[{\"@type\":\"ReadAction\",\"target\":[\"https:\/\/wirtschaftlichefreiheit.de\/wordpress\/?p=40846\"]}]},{\"@type\":\"ImageObject\",\"inLanguage\":\"de\",\"@id\":\"https:\/\/wirtschaftlichefreiheit.de\/wordpress\/?p=40846#primaryimage\",\"url\":\"https:\/\/wirtschaftlichefreiheit.de\/wordpress\/bilder\/etg-2-1-1.png\",\"contentUrl\":\"https:\/\/wirtschaftlichefreiheit.de\/wordpress\/bilder\/etg-2-1-1.png\",\"width\":885,\"height\":590},{\"@type\":\"BreadcrumbList\",\"@id\":\"https:\/\/wirtschaftlichefreiheit.de\/wordpress\/?p=40846#breadcrumb\",\"itemListElement\":[{\"@type\":\"ListItem\",\"position\":1,\"name\":\"Startseite\",\"item\":\"https:\/\/wirtschaftlichefreiheit.de\/wordpress\"},{\"@type\":\"ListItem\",\"position\":2,\"name\":\"(Kurz)Podcast Wirtschaftspolitischer Kurswechsel Oder steht die Welt weiter Kopf?\"}]},{\"@type\":\"WebSite\",\"@id\":\"https:\/\/wirtschaftlichefreiheit.de\/wordpress\/#website\",\"url\":\"https:\/\/wirtschaftlichefreiheit.de\/wordpress\/\",\"name\":\"Wirtschaftliche Freiheit\",\"description\":\"Das ordnungspolitische Journal\",\"potentialAction\":[{\"@type\":\"SearchAction\",\"target\":{\"@type\":\"EntryPoint\",\"urlTemplate\":\"https:\/\/wirtschaftlichefreiheit.de\/wordpress\/?s={search_term_string}\"},\"query-input\":{\"@type\":\"PropertyValueSpecification\",\"valueRequired\":true,\"valueName\":\"search_term_string\"}}],\"inLanguage\":\"de\"},{\"@type\":\"Person\",\"@id\":\"https:\/\/wirtschaftlichefreiheit.de\/wordpress\/#\/schema\/person\/92c6141d5a76f5b6c1e1b3717f02ae9f\",\"name\":\"J\u00f6rn Quitzau\",\"image\":{\"@type\":\"ImageObject\",\"inLanguage\":\"de\",\"@id\":\"https:\/\/wirtschaftlichefreiheit.de\/wordpress\/bilder\/joern_quitzau.png\",\"url\":\"https:\/\/wirtschaftlichefreiheit.de\/wordpress\/bilder\/joern_quitzau.png\",\"contentUrl\":\"https:\/\/wirtschaftlichefreiheit.de\/wordpress\/bilder\/joern_quitzau.png\",\"caption\":\"J\u00f6rn Quitzau\"},\"description\":\"Bergos AG\",\"url\":\"https:\/\/wirtschaftlichefreiheit.de\/wordpress\/?author=112\"}]}<\/script>\n<!-- \/ Yoast SEO plugin. -->","yoast_head_json":{"title":"(Kurz)Podcast Wirtschaftspolitischer Kurswechsel Oder steht die Welt weiter Kopf?  - Wirtschaftliche Freiheit","robots":{"index":"index","follow":"follow","max-snippet":"max-snippet:-1","max-image-preview":"max-image-preview:large","max-video-preview":"max-video-preview:-1"},"canonical":"https:\/\/wirtschaftlichefreiheit.de\/wordpress\/?p=40846","og_locale":"de_DE","og_type":"article","og_title":"(Kurz)Podcast Wirtschaftspolitischer Kurswechsel Oder steht die Welt weiter Kopf?  - Wirtschaftliche Freiheit","og_description":"Die Wirtschaft hat sich in den vergangenen Jahren in erschreckender Weise in die falsche Richtung entwickelt. Man kann auch sagen: Die Welt steht Kopf. \u00c4ndert sich das nun mit der neuen Bundesregierung?","og_url":"https:\/\/wirtschaftlichefreiheit.de\/wordpress\/?p=40846","og_site_name":"Wirtschaftliche Freiheit","article_published_time":"2025-07-22T04:22:32+00:00","article_modified_time":"2025-07-24T08:03:32+00:00","og_image":[{"width":885,"height":590,"url":"http:\/\/wirtschaftlichefreiheit.de\/wordpress\/bilder\/etg-2-1-1.png","type":"image\/png"}],"author":"J\u00f6rn Quitzau","twitter_card":"summary_large_image","twitter_misc":{"Verfasst von":"J\u00f6rn Quitzau","Gesch\u00e4tzte Lesezeit":"1\u00a0Minute"},"schema":{"@context":"https:\/\/schema.org","@graph":[{"@type":"Article","@id":"https:\/\/wirtschaftlichefreiheit.de\/wordpress\/?p=40846#article","isPartOf":{"@id":"https:\/\/wirtschaftlichefreiheit.de\/wordpress\/?p=40846"},"author":{"name":"J\u00f6rn Quitzau","@id":"https:\/\/wirtschaftlichefreiheit.de\/wordpress\/#\/schema\/person\/92c6141d5a76f5b6c1e1b3717f02ae9f"},"headline":"(Kurz)Podcast Wirtschaftspolitischer Kurswechsel Oder steht die Welt weiter Kopf?","datePublished":"2025-07-22T04:22:32+00:00","dateModified":"2025-07-24T08:03:32+00:00","mainEntityOfPage":{"@id":"https:\/\/wirtschaftlichefreiheit.de\/wordpress\/?p=40846"},"wordCount":203,"commentCount":0,"image":{"@id":"https:\/\/wirtschaftlichefreiheit.de\/wordpress\/?p=40846#primaryimage"},"thumbnailUrl":"https:\/\/wirtschaftlichefreiheit.de\/wordpress\/bilder\/etg-2-1-1.png","keywords":["Berthold","Quitzau","Welt steht Kopf","Werner"],"articleSection":["Podcasts (neu)","Wirtschaftspolitisches"],"inLanguage":"de","potentialAction":[{"@type":"CommentAction","name":"Comment","target":["https:\/\/wirtschaftlichefreiheit.de\/wordpress\/?p=40846#respond"]}]},{"@type":"WebPage","@id":"https:\/\/wirtschaftlichefreiheit.de\/wordpress\/?p=40846","url":"https:\/\/wirtschaftlichefreiheit.de\/wordpress\/?p=40846","name":"(Kurz)Podcast Wirtschaftspolitischer Kurswechsel Oder steht die Welt weiter Kopf? - Wirtschaftliche Freiheit","isPartOf":{"@id":"https:\/\/wirtschaftlichefreiheit.de\/wordpress\/#website"},"primaryImageOfPage":{"@id":"https:\/\/wirtschaftlichefreiheit.de\/wordpress\/?p=40846#primaryimage"},"image":{"@id":"https:\/\/wirtschaftlichefreiheit.de\/wordpress\/?p=40846#primaryimage"},"thumbnailUrl":"https:\/\/wirtschaftlichefreiheit.de\/wordpress\/bilder\/etg-2-1-1.png","datePublished":"2025-07-22T04:22:32+00:00","dateModified":"2025-07-24T08:03:32+00:00","author":{"@id":"https:\/\/wirtschaftlichefreiheit.de\/wordpress\/#\/schema\/person\/92c6141d5a76f5b6c1e1b3717f02ae9f"},"breadcrumb":{"@id":"https:\/\/wirtschaftlichefreiheit.de\/wordpress\/?p=40846#breadcrumb"},"inLanguage":"de","potentialAction":[{"@type":"ReadAction","target":["https:\/\/wirtschaftlichefreiheit.de\/wordpress\/?p=40846"]}]},{"@type":"ImageObject","inLanguage":"de","@id":"https:\/\/wirtschaftlichefreiheit.de\/wordpress\/?p=40846#primaryimage","url":"https:\/\/wirtschaftlichefreiheit.de\/wordpress\/bilder\/etg-2-1-1.png","contentUrl":"https:\/\/wirtschaftlichefreiheit.de\/wordpress\/bilder\/etg-2-1-1.png","width":885,"height":590},{"@type":"BreadcrumbList","@id":"https:\/\/wirtschaftlichefreiheit.de\/wordpress\/?p=40846#breadcrumb","itemListElement":[{"@type":"ListItem","position":1,"name":"Startseite","item":"https:\/\/wirtschaftlichefreiheit.de\/wordpress"},{"@type":"ListItem","position":2,"name":"(Kurz)Podcast Wirtschaftspolitischer Kurswechsel Oder steht die Welt weiter Kopf?"}]},{"@type":"WebSite","@id":"https:\/\/wirtschaftlichefreiheit.de\/wordpress\/#website","url":"https:\/\/wirtschaftlichefreiheit.de\/wordpress\/","name":"Wirtschaftliche Freiheit","description":"Das ordnungspolitische Journal","potentialAction":[{"@type":"SearchAction","target":{"@type":"EntryPoint","urlTemplate":"https:\/\/wirtschaftlichefreiheit.de\/wordpress\/?s={search_term_string}"},"query-input":{"@type":"PropertyValueSpecification","valueRequired":true,"valueName":"search_term_string"}}],"inLanguage":"de"},{"@type":"Person","@id":"https:\/\/wirtschaftlichefreiheit.de\/wordpress\/#\/schema\/person\/92c6141d5a76f5b6c1e1b3717f02ae9f","name":"J\u00f6rn Quitzau","image":{"@type":"ImageObject","inLanguage":"de","@id":"https:\/\/wirtschaftlichefreiheit.de\/wordpress\/bilder\/joern_quitzau.png","url":"https:\/\/wirtschaftlichefreiheit.de\/wordpress\/bilder\/joern_quitzau.png","contentUrl":"https:\/\/wirtschaftlichefreiheit.de\/wordpress\/bilder\/joern_quitzau.png","caption":"J\u00f6rn Quitzau"},"description":"Bergos AG","url":"https:\/\/wirtschaftlichefreiheit.de\/wordpress\/?author=112"}]}},"_links":{"self":[{"href":"https:\/\/wirtschaftlichefreiheit.de\/wordpress\/index.php?rest_route=\/wp\/v2\/posts\/40846","targetHints":{"allow":["GET"]}}],"collection":[{"href":"https:\/\/wirtschaftlichefreiheit.de\/wordpress\/index.php?rest_route=\/wp\/v2\/posts"}],"about":[{"href":"https:\/\/wirtschaftlichefreiheit.de\/wordpress\/index.php?rest_route=\/wp\/v2\/types\/post"}],"author":[{"embeddable":true,"href":"https:\/\/wirtschaftlichefreiheit.de\/wordpress\/index.php?rest_route=\/wp\/v2\/users\/112"}],"replies":[{"embeddable":true,"href":"https:\/\/wirtschaftlichefreiheit.de\/wordpress\/index.php?rest_route=%2Fwp%2Fv2%2Fcomments&post=40846"}],"version-history":[{"count":6,"href":"https:\/\/wirtschaftlichefreiheit.de\/wordpress\/index.php?rest_route=\/wp\/v2\/posts\/40846\/revisions"}],"predecessor-version":[{"id":40903,"href":"https:\/\/wirtschaftlichefreiheit.de\/wordpress\/index.php?rest_route=\/wp\/v2\/posts\/40846\/revisions\/40903"}],"wp:featuredmedia":[{"embeddable":true,"href":"https:\/\/wirtschaftlichefreiheit.de\/wordpress\/index.php?rest_route=\/wp\/v2\/media\/40850"}],"wp:attachment":[{"href":"https:\/\/wirtschaftlichefreiheit.de\/wordpress\/index.php?rest_route=%2Fwp%2Fv2%2Fmedia&parent=40846"}],"wp:term":[{"taxonomy":"category","embeddable":true,"href":"https:\/\/wirtschaftlichefreiheit.de\/wordpress\/index.php?rest_route=%2Fwp%2Fv2%2Fcategories&post=40846"},{"taxonomy":"post_tag","embeddable":true,"href":"https:\/\/wirtschaftlichefreiheit.de\/wordpress\/index.php?rest_route=%2Fwp%2Fv2%2Ftags&post=40846"}],"curies":[{"name":"wp","href":"https:\/\/api.w.org\/{rel}","templated":true}]}}