{"id":40932,"date":"2025-07-26T00:01:00","date_gmt":"2025-07-25T23:01:00","guid":{"rendered":"https:\/\/wirtschaftlichefreiheit.de\/wordpress\/?p=40932"},"modified":"2025-08-12T06:15:54","modified_gmt":"2025-08-12T05:15:54","slug":"gastbeitrag-die-mieten-sind-zu-hoch-alle-mieten-nein","status":"publish","type":"post","link":"https:\/\/wirtschaftlichefreiheit.de\/wordpress\/?p=40932","title":{"rendered":"<b>Gastbeitrag <\/b><br>Die Mieten sind zu hoch. <br><b>Alle Mieten? Nein! <\/b>"},"content":{"rendered":"\n<p><em>Die regulierungsbedingte Marktspaltung zwischen Mietadel und Wohnungssuchenden wird zunehmend zum Problem. Sie verursacht Lock-in-Effekte und f\u00fchrt zu Fehlallokation. Ohne diese Marktverzerrung w\u00e4ren Neuvertr\u00e4ge mutma\u00dflich erheblich g\u00fcnstiger. Bei staatlich mitverursachter Explosion der Neubaumieten kann kaum so viel gebaut werden, um diesen Missstand zu kompensieren. Mieterschutz ist richtig und wichtig. Wenn aber \u201egut gemeint\u201c zu \u201eschlecht gemacht\u201c mutiert, werden Reformen zur Pflicht.<\/em><\/p>\n\n\n\n<p>Als ich ein Kind war, kostete die Kugel Eis 20 Pfennig, also ungef\u00e4hr 10 Cent. Heute zahlt man nicht selten 2 Euro daf\u00fcr. Das ist das 20-fache. Ist das in Ordnung? Es kommt darauf an. Denn es hat sich zwischenzeitlich nicht nur der Eispreis ver\u00e4ndert, sondern auch: Das allgemeine Preisniveau, meine \u00f6konomischen M\u00f6glichkeiten und mein Eiskonsum. In einfacheren Worten: Es hat sich zum Beispiel auch der Zuckerpreis, mein Einkommen und die Menge der von mir verspeisten Eiskugeln ge\u00e4ndert. Das alles muss ber\u00fccksichtigt werden, wenn die Frage gestellt wird, was denn heutzutage noch \u201eleistbar\u201c oder erschwinglich sei.<\/p>\n\n\n\n<figure class=\"wp-block-image size-large\"><img loading=\"lazy\" decoding=\"async\" width=\"1024\" height=\"748\" src=\"https:\/\/wirtschaftlichefreiheit.de\/wordpress\/bilder\/miete1-1024x748.png\" alt=\"\" class=\"wp-image-40941\" srcset=\"https:\/\/wirtschaftlichefreiheit.de\/wordpress\/bilder\/miete1-1024x748.png 1024w, https:\/\/wirtschaftlichefreiheit.de\/wordpress\/bilder\/miete1-300x219.png 300w, https:\/\/wirtschaftlichefreiheit.de\/wordpress\/bilder\/miete1-768x561.png 768w, https:\/\/wirtschaftlichefreiheit.de\/wordpress\/bilder\/miete1-1536x1122.png 1536w, https:\/\/wirtschaftlichefreiheit.de\/wordpress\/bilder\/miete1-2048x1496.png 2048w\" sizes=\"auto, (max-width: 767px) 89vw, (max-width: 1000px) 54vw, (max-width: 1071px) 543px, 580px\" \/><\/figure>\n\n\n\n<p>So \u00e4hnlich ist das auch beim Thema Mieten, konkret bei der Nettokaltmiete. Schaut man allein auf die Entwicklung der inserierten Quadratmetermieten im Zeitraum 2010 bis 2024, dann sind diese im bundesdeutschen Mittel bei Wiedervermietung um 66% und im Neubau sogar um 69% gestiegen \u2013 knapp 4% pro Jahr (vgl. Abbildung 1). Manche w\u00fcrden sagen: fast eine Verdoppelung. Allerdings sind im selben Zeitraum auch andere G\u00fcter und Dienstleistungen teurer geworden. Genau genommen um durchschnittlich 38%, wenn man die Gewichtung des <strong>Verbraucherpreisindex<\/strong> von destatis heranzieht. Rechnet man diese allgemeine Teuerungsrate heraus, dann sind die Mieten inflationsbereinigt im Neubau \u201enur\u201c um 25% und bei Wiedervermietung um 23% gestiegen \u2013 rund 1,5% pro Jahr.<\/p>\n\n\n\n<p>Ber\u00fccksichtigt man alternativ die Entwicklung der Miete relativ zum <strong>Einkommen<\/strong>, dann ergibt sich gerade einmal eine Zunahme der Wohnkostenbelastung um knapp 10% f\u00fcr eine 80qm Neubauwohnung bzw. um 7% bei der Neuanmietung einer Bestandswohnung. Die Situation hat sich sogar leicht entsch\u00e4rft, im Jahr 2022 hatte die Zunahme gegen\u00fcber 2010 noch bei rund 11% gelegen. Denn tats\u00e4chlich sind die Haushaltsnettoeinkommen seit 2010 sogar um 49% gestiegen, also noch st\u00e4rker als das allgemeine Preisniveau. Wer demnach im Jahr 2010 bei einem Neuvertrag f\u00fcr 80qm eine Wohnkostenbelastung von beispielsweise 30% gehabt h\u00e4tte, der m\u00fcsste heute f\u00fcr eine gleich gro\u00dfe Wohnung im Neubau 32,9% seines Einkommens oder im Bestand 32,2% ausgeben.<\/p>\n\n\n\n<p>Bei dem einen oder der anderen mag sich nun eine Diskrepanz auftun zwischen der gef\u00fchlten Belastungssteigerung und den hier dargestellten Werten. So einiges davon d\u00fcrfte sich jedoch dadurch erkl\u00e4ren, dass heutzutage mehr Menschen in den teureren <strong>Schwarmst\u00e4dten<\/strong> wohnen als fr\u00fcher und die <strong>Anspr\u00fcche<\/strong> an die Wohnungsgr\u00f6\u00dfe wie auch deren Ausstattung gestiegen sind.<\/p>\n\n\n\n<p>Aber klar, die Mieten sind real h\u00f6her als vor 15 Jahren und etwas st\u00e4rker gestiegen als die Inflation, das soll hier nicht wegdiskutiert werden. Allerdings gibt es eben nicht die eine Miete. Und hier geht es jetzt nicht mehr um Qualit\u00e4tsunterschiede wie Lage, Ausstattung oder Wohnfl\u00e4che. Denn selbstverst\u00e4ndlich darf eine bessere Wohnung auch mehr kosten. Nein, im Folgenden geht es um Mietunterschiede, die sich allein durch das <strong>Alter des Mietvertrags<\/strong> oder eben die Wohndauer ergeben. Und hier darf sehr wohl gefragt werden, ob dies gerechtfertigt ist. Zumal es jetzt auch um eine der Ursachen f\u00fcr die aktuelle Wohnungsknappheit geht.<\/p>\n\n\n\n<h2 class=\"wp-block-heading\">1.&nbsp;&nbsp;&nbsp;&nbsp;&nbsp; Der Einfluss der Wohndauer auf die Mieth\u00f6he<\/h2>\n\n\n\n<p>Tats\u00e4chlich weisen \u00e4ltere Mietvertr\u00e4ge im Vergleich zu den oben betrachteten inserierten Neuvertragsmieten ganz erhebliche Preisabschl\u00e4ge auf. Nimmt man die Wiedervermietungsmiete im Bestand als Referenz (Index 100; vgl. Abbildung 2), dann ist ein bis zu vier Jahre alter Mietvertrag je nach Region schon um etwa ein Zehntel g\u00fcnstiger (Index 86-91). Noch besser haben es Mieter mit einer Wohndauer von mehr als vier bis zw\u00f6lf Jahren, hier ergibt sich bereits ein Abschlag von rund einem Viertel (Index 73-79). Am g\u00fcnstigsten wohnt, wer schon vor mehr als 12 Jahren eingezogen ist, im Vergleich zur Referenz zahlt man dann etwa ein Drittel weniger (Index 63-72). Teurer ist dagegen ein Neubau, dort liegt die Miete mindestens ein gutes Drittel h\u00f6her als bei einem Neuvertrag in einer Bestandswohnung (Index 131-146).<\/p>\n\n\n\n<figure class=\"wp-block-image size-large\"><img loading=\"lazy\" decoding=\"async\" width=\"1024\" height=\"269\" src=\"https:\/\/wirtschaftlichefreiheit.de\/wordpress\/bilder\/miete5-1024x269.png\" alt=\"\" class=\"wp-image-40940\" srcset=\"https:\/\/wirtschaftlichefreiheit.de\/wordpress\/bilder\/miete5-1024x269.png 1024w, https:\/\/wirtschaftlichefreiheit.de\/wordpress\/bilder\/miete5-300x79.png 300w, https:\/\/wirtschaftlichefreiheit.de\/wordpress\/bilder\/miete5-768x202.png 768w, https:\/\/wirtschaftlichefreiheit.de\/wordpress\/bilder\/miete5-1536x403.png 1536w, https:\/\/wirtschaftlichefreiheit.de\/wordpress\/bilder\/miete5-2048x538.png 2048w\" sizes=\"auto, (max-width: 767px) 89vw, (max-width: 1000px) 54vw, (max-width: 1071px) 543px, 580px\" \/><\/figure>\n\n\n\n<figure class=\"wp-block-image size-large\"><img loading=\"lazy\" decoding=\"async\" width=\"1024\" height=\"751\" src=\"https:\/\/wirtschaftlichefreiheit.de\/wordpress\/bilder\/miete2-1024x751.png\" alt=\"\" class=\"wp-image-40942\" srcset=\"https:\/\/wirtschaftlichefreiheit.de\/wordpress\/bilder\/miete2-1024x751.png 1024w, https:\/\/wirtschaftlichefreiheit.de\/wordpress\/bilder\/miete2-300x220.png 300w, https:\/\/wirtschaftlichefreiheit.de\/wordpress\/bilder\/miete2-768x563.png 768w, https:\/\/wirtschaftlichefreiheit.de\/wordpress\/bilder\/miete2-1536x1127.png 1536w, https:\/\/wirtschaftlichefreiheit.de\/wordpress\/bilder\/miete2-2048x1502.png 2048w\" sizes=\"auto, (max-width: 767px) 89vw, (max-width: 1000px) 54vw, (max-width: 1071px) 543px, 580px\" \/><\/figure>\n\n\n\n<p>Woher kommt diese Marktspaltung? Hier kommen Kappungsgrenze, Mietspiegel und Mietpreisbremse ins Spiel. Denn tats\u00e4chlich resultiert die Marktspaltung aus nichts anderem als dem unterschiedlichen Grad der Mietpreisregulierung:<\/p>\n\n\n\n<ul class=\"wp-block-list\">\n<li>F\u00fcr <strong>Bestandsmieten<\/strong> gibt es eine doppelte Mietbegrenzung: Sowohl die prozentuale Erh\u00f6hung<a id=\"_ftnref1\" href=\"#_ftn1\">[1]<\/a> innerhalb eines bestimmten Zeitraumes als auch die absolute Mieth\u00f6he<a id=\"_ftnref2\" href=\"#_ftn2\">[2]<\/a> ist gekappt. Die prozentuale Kappung wirkt vor allem bei niedrigen, sehr marktfernen Mieten. Diese k\u00f6nnen dadurch nur sehr langsam steigen, deswegen sinkt das Mietniveau mit der Wohndauer. Die absolute Kappung wirkt dagegen eher bei marktnahen Mieten. Sie verhindert im Zusammenspiel mit dem Mietspiegel eine Ann\u00e4herung an die wahren Knappheitsmieten (vgl. Kasten).<\/li>\n\n\n\n<li>F\u00fcr <strong>Wiedervermietungsmieten<\/strong> auf festgelegten, knappen M\u00e4rkten gilt die Mietpreisbremse<a id=\"_ftnref3\" href=\"#_ftn3\">[3]<\/a>, sie d\u00fcrfen demnach den Mietspiegel nicht um mehr als 10% \u00fcberschreiten. <a>Soweit die Vorschrift wirkt und der Mietspiegel mehr als 10% unter dem Marktniveau liegt, werden hier also ebenfalls keine wahren Knappheitsmieten erm\u00f6glicht.<\/a><\/li>\n\n\n\n<li>Lediglich <strong>Neubaumieten<\/strong> d\u00fcrfen hierzulande frei vereinbart werden. Sie spiegeln am ehesten die wahren Knappheitsmieten (aber mit Einschr\u00e4nkung, vgl. Fazit).<\/li>\n<\/ul>\n\n\n\n<figure class=\"wp-block-image size-large\"><img loading=\"lazy\" decoding=\"async\" width=\"1024\" height=\"751\" src=\"https:\/\/wirtschaftlichefreiheit.de\/wordpress\/bilder\/miete3-1024x751.png\" alt=\"\" class=\"wp-image-40943\" srcset=\"https:\/\/wirtschaftlichefreiheit.de\/wordpress\/bilder\/miete3-1024x751.png 1024w, https:\/\/wirtschaftlichefreiheit.de\/wordpress\/bilder\/miete3-300x220.png 300w, https:\/\/wirtschaftlichefreiheit.de\/wordpress\/bilder\/miete3-768x563.png 768w, https:\/\/wirtschaftlichefreiheit.de\/wordpress\/bilder\/miete3-1536x1127.png 1536w, https:\/\/wirtschaftlichefreiheit.de\/wordpress\/bilder\/miete3-2048x1502.png 2048w\" sizes=\"auto, (max-width: 767px) 89vw, (max-width: 1000px) 54vw, (max-width: 1071px) 543px, 580px\" \/><\/figure>\n\n\n\n<figure class=\"wp-block-image size-large\"><img loading=\"lazy\" decoding=\"async\" width=\"1024\" height=\"751\" src=\"https:\/\/wirtschaftlichefreiheit.de\/wordpress\/bilder\/miete4-1024x751.png\" alt=\"\" class=\"wp-image-40944\" srcset=\"https:\/\/wirtschaftlichefreiheit.de\/wordpress\/bilder\/miete4-1024x751.png 1024w, https:\/\/wirtschaftlichefreiheit.de\/wordpress\/bilder\/miete4-300x220.png 300w, https:\/\/wirtschaftlichefreiheit.de\/wordpress\/bilder\/miete4-768x563.png 768w, https:\/\/wirtschaftlichefreiheit.de\/wordpress\/bilder\/miete4-1536x1127.png 1536w, https:\/\/wirtschaftlichefreiheit.de\/wordpress\/bilder\/miete4-2048x1502.png 2048w\" sizes=\"auto, (max-width: 767px) 89vw, (max-width: 1000px) 54vw, (max-width: 1071px) 543px, 580px\" \/><\/figure>\n\n\n\n<h2 class=\"wp-block-heading\">2.&nbsp;&nbsp;&nbsp;&nbsp;&nbsp; Der Einfluss der Wohndauer auf die Mietentwicklung<\/h2>\n\n\n\n<p>Die Regulierung hat nicht nur Auswirkung auf das Mietniveau, sondern wegen der nachlaufenden und selbstreferenziellen Mietspiegel auch auf die <strong>Mietentwicklung<\/strong> (vgl. Abbildung 3a). So sind die inserierten Mieten bei Wiedervermietung in den letzten 13 Jahren um mehr als die H\u00e4lfte gestiegen (je nach Regionstyp um 52-61%), die Neubaumieten sogar um rund zwei Drittel (58-66%).<a href=\"#_ftn4\" id=\"_ftnref4\">[4]<\/a> Demgegen\u00fcber sind aber Bestandsmieten erheblich langsamer gewachsen: Ein bis zu vier Jahre alter Mietvertrag ist in den letzten 13 Jahren eher weniger als um die H\u00e4lfte teurer geworden (41-53%). Noch langsamer sind die Mieten bei einer Wohndauer von mehr als vier bis zw\u00f6lf Jahren gestiegen (30-38%) und weniger als ein Drittel betr\u00e4gt der Zuwachs bei Vertr\u00e4gen, die jeweils schon vor mehr als 12 Jahren abgeschlossen worden sind (24-31%).<\/p>\n\n\n\n<p>Es wird sehr deutlich: Der Mieterschutz wirkt. Aber wirkt er auch so wie er soll? Tats\u00e4chlich steigen die Mieten in Altvertr\u00e4gen ab 12 Jahren Wohndauer nicht einmal halb so schnell wie in Neuvertr\u00e4gen. Ist das gerecht? Schaut man schlie\u00dflich auf die <strong>inflationsbereinigten Mieten<\/strong>, dann sind die Altvertr\u00e4ge ab 12 Jahren Wohndauer zuletzt sogar g\u00fcnstiger geworden, au\u00dferhalb der kreisfreien Gro\u00dfst\u00e4dte trifft dies auch auf Vertr\u00e4ge mit mehr als 4 bis 12 Jahren Wohndauer zu (vgl. Abbildung 3b).<\/p>\n\n\n\n<p>Offenbar durchzieht den Mietwohnungsmarkt also eine erhebliche <strong>Spaltung<\/strong>. Und das hat enorme Konsequenzen f\u00fcr den Wohnungsmarkt!<\/p>\n\n\n\n<p>In vergangenen Zyklen trat dieses Problem weniger stark in den Vordergrund. Dies hat vermutlich zwei Ursachen: Zum einen wurde fr\u00fcher nach rund drei bis vier Jahren schon ausreichend neu gebaut, wodurch die Knappheit gelindert wurde und die aufgestauten Fehlallokationen sich \u201ezurechtruckeln\u201c konnten. Der aktuelle Zyklus aber dauert nunmehr schon rund 15 Jahre. Zum anderen war der Mietspiegel fr\u00fcher weniger nachlaufend.<\/p>\n\n\n\n<h2 class=\"wp-block-heading\">3.&nbsp;&nbsp;&nbsp;&nbsp;&nbsp; Fazit: Der Mietspiegel versch\u00e4rft die Wohnungsknappheit<\/h2>\n\n\n\n<p>Die regulierungsbedingte Kluft zwischen Bestandsmieten und Neuvertragsmieten wird zunehmend zum Problem. Die resultierende <strong>Fehlallokation<\/strong> hat zunehmend vergleichbar hohe Auswirkungen auf die Mieten und Preise wie die rein mengenm\u00e4\u00dfige Wohnungsknappheit. Der Wohnungsmarkt ist aktuell eingefroren, es gibt erhebliche Lock-in-Effekte.<\/p>\n\n\n\n<p>Denn die in ihrem Ausma\u00df nicht mehr zu rechtfertigenden Mietvorteile von Bestandsvertr\u00e4gen verhindern mehr und mehr Umz\u00fcge und damit verbundene Sickereffekte. Viele k\u00fcndigen in der <strong>Konsequenz<\/strong> nicht mehr ihre bisherige Wohnung, auch wenn<\/p>\n\n\n\n<ul class=\"wp-block-list\">\n<li>sie zu gro\u00df geworden ist,<\/li>\n\n\n\n<li>man in eine andere Stadt wegzieht oder<\/li>\n\n\n\n<li>man einen neuen Lebenspartner mit eigener Wohnung findet&nbsp;<br>(living apart together).<\/li>\n<\/ul>\n\n\n\n<p>So wird Wohnraum blockiert und \u201everschwendet\u201c \u2013 schlicht deswegen, weil man es sich aufgrund \u201ezu niedriger\u201c Bestandsmieten leisten kann.<\/p>\n\n\n\n<p>Der beste Schutz vor zu hohen Mieten ist es, ausreichend bezahlbaren Wohnraum zu schaffen, der auch verf\u00fcgbar ist. Verf\u00fcgbar wird dieser Wohnraum entweder \u00fcber Neubau oder \u00fcber <strong>freigezogene Bestandswohnungen<\/strong> und deren jeweiligen Sickereffekte. \u00dcberzogener Mieterschutz im Bestand senkt dagegen die Umzugsbereitschaft, f\u00fchrt so zu Fehlallokationen und resultiert in einer nicht zu rechtfertigenden Ungleichbehandlung junger und mobiler Haushalte, allen voran junge Familien.<\/p>\n\n\n\n<p>Hinzu kommt: Die Neuvertragsmieten w\u00e4ren vermutlich deutlich niedriger, wenn Bestandsmieten weniger oder besser und gerechter reguliert w\u00e4ren. Denn die wahre <strong>Knappheit w\u00e4re ja kleiner<\/strong>, wenn man die regulierungsbedingte Fehlallokation beseitigen w\u00fcrde. Mithin l\u00e4ge dann auch die wahre <strong>Knappheitsmiete niedriger<\/strong> als es die Neuvertragsmieten derzeit anzeigen.<\/p>\n\n\n\n<p>Nat\u00fcrlich drohen im \u00dcbergang zu einem neuen System <strong>Verwerfungen<\/strong>. Nicht bei allen Bestandsmietern, aber durchaus bei gering Verdienenden. Hier braucht es L\u00f6sungen, die sollten diskutiert werden. Man darf diese Problematik aber nicht l\u00e4nger ignorieren. Mit Neubau allein werden wir den Wohnungsmarkt nicht wieder ins Lot bringen.<\/p>\n\n\n\n<p>Und falls jetzt ein paar Schlaumeier meinen, man k\u00f6nne die Kluft rein mathematisch auch verringern, indem man die Neuvertrags- und Neubaumieten weiter nach unten reguliert: Diese Rechnung wird nicht aufgehen. Denn <strong>Bestandswohnungen<\/strong> werden dann wahlweise an Selbstnutzer verkauft oder verlottern (auch energetisch), wenn die erzielbare Neuvertragsmiete sich nicht mehr rechnet. Und <strong>Neubauwohnungen<\/strong> entstehen ohnehin nur dann, wenn die erzielbare Neubaumiete \u00fcber den Kosten der Herstellung und Finanzierung liegt. Ohne Subventionen sind das derzeit um die 20 Euro.<\/p>\n\n\n\n<hr class=\"wp-block-separator has-alpha-channel-opacity\"\/>\n\n\n\n<p><a href=\"#_ftnref1\" id=\"_ftn1\">[1]<\/a> &nbsp;&nbsp;&nbsp; \u00a7 558 BGB (3): Max. 20% in 3 Jahren bzw. 15% auf knappen M\u00e4rkten.<\/p>\n\n\n\n<p><a href=\"#_ftnref2\" id=\"_ftn2\">[2]<\/a> &nbsp;&nbsp;&nbsp; \u00a7 558 BGB (2): Die sogenannte orts\u00fcbliche Vergleichsmiete, die in aller Regel als Mietspiegelmiete erfasst wird.<\/p>\n\n\n\n<p><a href=\"#_ftnref3\" id=\"_ftn3\">[3]<\/a> &nbsp;&nbsp;&nbsp; Voraussetzung: Die betreffende Wohnung wurde vor dem 1. Oktober 2014 hergestellt.<\/p>\n\n\n\n<p><a href=\"#_ftnref4\" id=\"_ftn4\">[4]<\/a> &nbsp;&nbsp;&nbsp; Laut empirica paper <a href=\"https:\/\/www.empirica-institut.de\/fileadmin\/Redaktion\/Publikationen_Referenzen\/PDFs\/empi273rbjag.pdf\">273<\/a> \u00fcbersch\u00e4tzen Inserate das wahre Mietniveau leicht, ihre zeitliche Ver\u00e4nderung und regionale Struktur d\u00fcrfte jedoch unverzerrt sein.<\/p>\n\n\n\n<p><strong>Blog-Beitr\u00e4ge zum Thema:<\/strong><\/p>\n\n\n\n<p>Michael Voigtl\u00e4nder (IW, 2025): <a href=\"https:\/\/wirtschaftlichefreiheit.de\/wordpress\/?p=41084\">Mut zu mehr Wohneigentum. Warum die Politik umdenken muss<\/a><\/p>\n\n\n\n<p>Tobias Just (IREBS, 2025): <a href=\"https:\/\/wirtschaftlichefreiheit.de\/wordpress\/?p=40024\">Bezahlbar, verf\u00fcgbar, umweltvertr\u00e4glich. Der Koalitionsvertrag verspricht eine moderate Neuausrichtung der Wohnungspolitik<\/a><\/p>\n\n\n\n<p>Tobias Just (IREBS, 2025): <a href=\"https:\/\/wirtschaftlichefreiheit.de\/wordpress\/?p=39270\">Belastungen f\u00fcr den Wohnungsbau reduzieren<\/a><\/p>\n\n\n\n<p>Reiner Braun (Empirica, 2023): <a href=\"https:\/\/wirtschaftlichefreiheit.de\/wordpress\/?p=35506\">Grundsteuer hoch, Grunderwerbsteuer runter<\/a><\/p>\n\n\n\n<p>Felix Mindl (IWP, 2021): <a href=\"https:\/\/wirtschaftlichefreiheit.de\/wordpress\/?p=29527\">Wohnraumst\u00e4rkungsgesetz \u2013 WohnStg. Wird das Home-Sharing zuk\u00fcnftig seinem Namen gerecht?<\/a><\/p>\n\n\n\n<p>Norbert Berthold (JMU, 2018): <a href=\"https:\/\/wirtschaftlichefreiheit.de\/wordpress\/?p=23962\">Mietpreisbremse und \u201eSozialer Wohnungsbau\u201c. Irrwege in der Wohnungspolitik<\/a><\/p>\n<!-- AddThis Advanced Settings generic via filter on the_content --><!-- AddThis Share Buttons generic via filter on the_content --><!-- AddThis Related Posts generic via filter on the_content -->","protected":false},"excerpt":{"rendered":"<p>Die regulierungsbedingte Marktspaltung zwischen Mietadel und Wohnungssuchenden wird zunehmend zum Problem. Sie verursacht Lock-in-Effekte und f\u00fchrt zu Fehlallokation. Ohne diese Marktverzerrung w\u00e4ren Neuvertr\u00e4ge mutma\u00dflich erheblich g\u00fcnstiger. Bei staatlich mitverursachter Explosion der Neubaumieten kann kaum so viel gebaut werden, um diesen Missstand zu kompensieren. Mieterschutz ist richtig und wichtig. Wenn aber \u201egut gemeint\u201c zu \u201eschlecht gemacht\u201c mutiert, werden Reformen zur Pflicht.<!-- AddThis Advanced Settings generic via filter on wp_trim_excerpt --><!-- AddThis Share Buttons generic via filter on wp_trim_excerpt --><!-- AddThis Related Posts generic via filter on wp_trim_excerpt --><\/p>\n","protected":false},"author":433,"featured_media":40947,"comment_status":"open","ping_status":"open","sticky":false,"template":"","format":"standard","meta":{"footnotes":""},"categories":[3342],"tags":[1749,2964],"class_list":["post-40932","post","type-post","status-publish","format-standard","has-post-thumbnail","hentry","category-immobiles","tag-braun","tag-miete"],"yoast_head":"<!-- This site is optimized with the Yoast SEO plugin v27.2 - https:\/\/yoast.com\/product\/yoast-seo-wordpress\/ -->\n<title>Gastbeitrag Die Mieten sind zu hoch. Alle Mieten? Nein!  - Wirtschaftliche Freiheit<\/title>\n<meta name=\"robots\" content=\"index, follow, max-snippet:-1, max-image-preview:large, max-video-preview:-1\" \/>\n<link rel=\"canonical\" href=\"https:\/\/wirtschaftlichefreiheit.de\/wordpress\/?p=40932\" \/>\n<meta property=\"og:locale\" content=\"de_DE\" \/>\n<meta property=\"og:type\" content=\"article\" \/>\n<meta property=\"og:title\" content=\"Gastbeitrag Die Mieten sind zu hoch. Alle Mieten? Nein!  - Wirtschaftliche Freiheit\" \/>\n<meta property=\"og:description\" content=\"Die regulierungsbedingte Marktspaltung zwischen Mietadel und Wohnungssuchenden wird zunehmend zum Problem. Sie verursacht Lock-in-Effekte und f\u00fchrt zu Fehlallokation. Ohne diese Marktverzerrung w\u00e4ren Neuvertr\u00e4ge mutma\u00dflich erheblich g\u00fcnstiger. Bei staatlich mitverursachter Explosion der Neubaumieten kann kaum so viel gebaut werden, um diesen Missstand zu kompensieren. Mieterschutz ist richtig und wichtig. Wenn aber \u201egut gemeint\u201c zu \u201eschlecht gemacht\u201c mutiert, werden Reformen zur Pflicht.\" \/>\n<meta property=\"og:url\" content=\"https:\/\/wirtschaftlichefreiheit.de\/wordpress\/?p=40932\" \/>\n<meta property=\"og:site_name\" content=\"Wirtschaftliche Freiheit\" \/>\n<meta property=\"article:published_time\" content=\"2025-07-25T23:01:00+00:00\" \/>\n<meta property=\"article:modified_time\" content=\"2025-08-12T05:15:54+00:00\" \/>\n<meta property=\"og:image\" content=\"http:\/\/wirtschaftlichefreiheit.de\/wordpress\/bilder\/miete6-1024x576.png\" \/>\n\t<meta property=\"og:image:width\" content=\"1024\" \/>\n\t<meta property=\"og:image:height\" content=\"576\" \/>\n\t<meta property=\"og:image:type\" content=\"image\/png\" \/>\n<meta name=\"author\" content=\"Reiner Braun\" \/>\n<meta name=\"twitter:card\" content=\"summary_large_image\" \/>\n<meta name=\"twitter:label1\" content=\"Verfasst von\" \/>\n\t<meta name=\"twitter:data1\" content=\"Reiner Braun\" \/>\n\t<meta name=\"twitter:label2\" content=\"Gesch\u00e4tzte Lesezeit\" \/>\n\t<meta name=\"twitter:data2\" content=\"11\u00a0Minuten\" \/>\n<script type=\"application\/ld+json\" class=\"yoast-schema-graph\">{\"@context\":\"https:\/\/schema.org\",\"@graph\":[{\"@type\":\"Article\",\"@id\":\"https:\/\/wirtschaftlichefreiheit.de\/wordpress\/?p=40932#article\",\"isPartOf\":{\"@id\":\"https:\/\/wirtschaftlichefreiheit.de\/wordpress\/?p=40932\"},\"author\":{\"name\":\"Reiner Braun\",\"@id\":\"https:\/\/wirtschaftlichefreiheit.de\/wordpress\/#\/schema\/person\/a78b33e2ad0b3f10dd4350dff2310a05\"},\"headline\":\"Gastbeitrag Die Mieten sind zu hoch. Alle Mieten? Nein!\",\"datePublished\":\"2025-07-25T23:01:00+00:00\",\"dateModified\":\"2025-08-12T05:15:54+00:00\",\"mainEntityOfPage\":{\"@id\":\"https:\/\/wirtschaftlichefreiheit.de\/wordpress\/?p=40932\"},\"wordCount\":1658,\"commentCount\":1,\"image\":{\"@id\":\"https:\/\/wirtschaftlichefreiheit.de\/wordpress\/?p=40932#primaryimage\"},\"thumbnailUrl\":\"https:\/\/wirtschaftlichefreiheit.de\/wordpress\/bilder\/miete6.png\",\"keywords\":[\"Braun\",\"Miete\"],\"articleSection\":[\"Immobiles\"],\"inLanguage\":\"de\",\"potentialAction\":[{\"@type\":\"CommentAction\",\"name\":\"Comment\",\"target\":[\"https:\/\/wirtschaftlichefreiheit.de\/wordpress\/?p=40932#respond\"]}]},{\"@type\":\"WebPage\",\"@id\":\"https:\/\/wirtschaftlichefreiheit.de\/wordpress\/?p=40932\",\"url\":\"https:\/\/wirtschaftlichefreiheit.de\/wordpress\/?p=40932\",\"name\":\"Gastbeitrag Die Mieten sind zu hoch. Alle Mieten? Nein! - Wirtschaftliche Freiheit\",\"isPartOf\":{\"@id\":\"https:\/\/wirtschaftlichefreiheit.de\/wordpress\/#website\"},\"primaryImageOfPage\":{\"@id\":\"https:\/\/wirtschaftlichefreiheit.de\/wordpress\/?p=40932#primaryimage\"},\"image\":{\"@id\":\"https:\/\/wirtschaftlichefreiheit.de\/wordpress\/?p=40932#primaryimage\"},\"thumbnailUrl\":\"https:\/\/wirtschaftlichefreiheit.de\/wordpress\/bilder\/miete6.png\",\"datePublished\":\"2025-07-25T23:01:00+00:00\",\"dateModified\":\"2025-08-12T05:15:54+00:00\",\"author\":{\"@id\":\"https:\/\/wirtschaftlichefreiheit.de\/wordpress\/#\/schema\/person\/a78b33e2ad0b3f10dd4350dff2310a05\"},\"breadcrumb\":{\"@id\":\"https:\/\/wirtschaftlichefreiheit.de\/wordpress\/?p=40932#breadcrumb\"},\"inLanguage\":\"de\",\"potentialAction\":[{\"@type\":\"ReadAction\",\"target\":[\"https:\/\/wirtschaftlichefreiheit.de\/wordpress\/?p=40932\"]}]},{\"@type\":\"ImageObject\",\"inLanguage\":\"de\",\"@id\":\"https:\/\/wirtschaftlichefreiheit.de\/wordpress\/?p=40932#primaryimage\",\"url\":\"https:\/\/wirtschaftlichefreiheit.de\/wordpress\/bilder\/miete6.png\",\"contentUrl\":\"https:\/\/wirtschaftlichefreiheit.de\/wordpress\/bilder\/miete6.png\",\"width\":2310,\"height\":1300},{\"@type\":\"BreadcrumbList\",\"@id\":\"https:\/\/wirtschaftlichefreiheit.de\/wordpress\/?p=40932#breadcrumb\",\"itemListElement\":[{\"@type\":\"ListItem\",\"position\":1,\"name\":\"Startseite\",\"item\":\"https:\/\/wirtschaftlichefreiheit.de\/wordpress\"},{\"@type\":\"ListItem\",\"position\":2,\"name\":\"Gastbeitrag Die Mieten sind zu hoch. Alle Mieten? Nein!\"}]},{\"@type\":\"WebSite\",\"@id\":\"https:\/\/wirtschaftlichefreiheit.de\/wordpress\/#website\",\"url\":\"https:\/\/wirtschaftlichefreiheit.de\/wordpress\/\",\"name\":\"Wirtschaftliche Freiheit\",\"description\":\"Das ordnungspolitische Journal\",\"potentialAction\":[{\"@type\":\"SearchAction\",\"target\":{\"@type\":\"EntryPoint\",\"urlTemplate\":\"https:\/\/wirtschaftlichefreiheit.de\/wordpress\/?s={search_term_string}\"},\"query-input\":{\"@type\":\"PropertyValueSpecification\",\"valueRequired\":true,\"valueName\":\"search_term_string\"}}],\"inLanguage\":\"de\"},{\"@type\":\"Person\",\"@id\":\"https:\/\/wirtschaftlichefreiheit.de\/wordpress\/#\/schema\/person\/a78b33e2ad0b3f10dd4350dff2310a05\",\"name\":\"Reiner Braun\",\"image\":{\"@type\":\"ImageObject\",\"inLanguage\":\"de\",\"@id\":\"https:\/\/wirtschaftlichefreiheit.de\/wordpress\/bilder\/braunpic.png.jpg\",\"url\":\"https:\/\/wirtschaftlichefreiheit.de\/wordpress\/bilder\/braunpic.png.jpg\",\"contentUrl\":\"https:\/\/wirtschaftlichefreiheit.de\/wordpress\/bilder\/braunpic.png.jpg\",\"caption\":\"Reiner Braun\"},\"description\":\"Empirica AG\",\"url\":\"https:\/\/wirtschaftlichefreiheit.de\/wordpress\/?author=433\"}]}<\/script>\n<!-- \/ Yoast SEO plugin. -->","yoast_head_json":{"title":"Gastbeitrag Die Mieten sind zu hoch. Alle Mieten? Nein!  - Wirtschaftliche Freiheit","robots":{"index":"index","follow":"follow","max-snippet":"max-snippet:-1","max-image-preview":"max-image-preview:large","max-video-preview":"max-video-preview:-1"},"canonical":"https:\/\/wirtschaftlichefreiheit.de\/wordpress\/?p=40932","og_locale":"de_DE","og_type":"article","og_title":"Gastbeitrag Die Mieten sind zu hoch. Alle Mieten? Nein!  - Wirtschaftliche Freiheit","og_description":"Die regulierungsbedingte Marktspaltung zwischen Mietadel und Wohnungssuchenden wird zunehmend zum Problem. Sie verursacht Lock-in-Effekte und f\u00fchrt zu Fehlallokation. Ohne diese Marktverzerrung w\u00e4ren Neuvertr\u00e4ge mutma\u00dflich erheblich g\u00fcnstiger. Bei staatlich mitverursachter Explosion der Neubaumieten kann kaum so viel gebaut werden, um diesen Missstand zu kompensieren. Mieterschutz ist richtig und wichtig. Wenn aber \u201egut gemeint\u201c zu \u201eschlecht gemacht\u201c mutiert, werden Reformen zur Pflicht.","og_url":"https:\/\/wirtschaftlichefreiheit.de\/wordpress\/?p=40932","og_site_name":"Wirtschaftliche Freiheit","article_published_time":"2025-07-25T23:01:00+00:00","article_modified_time":"2025-08-12T05:15:54+00:00","og_image":[{"width":1024,"height":576,"url":"http:\/\/wirtschaftlichefreiheit.de\/wordpress\/bilder\/miete6-1024x576.png","type":"image\/png"}],"author":"Reiner Braun","twitter_card":"summary_large_image","twitter_misc":{"Verfasst von":"Reiner Braun","Gesch\u00e4tzte Lesezeit":"11\u00a0Minuten"},"schema":{"@context":"https:\/\/schema.org","@graph":[{"@type":"Article","@id":"https:\/\/wirtschaftlichefreiheit.de\/wordpress\/?p=40932#article","isPartOf":{"@id":"https:\/\/wirtschaftlichefreiheit.de\/wordpress\/?p=40932"},"author":{"name":"Reiner Braun","@id":"https:\/\/wirtschaftlichefreiheit.de\/wordpress\/#\/schema\/person\/a78b33e2ad0b3f10dd4350dff2310a05"},"headline":"Gastbeitrag Die Mieten sind zu hoch. Alle Mieten? Nein!","datePublished":"2025-07-25T23:01:00+00:00","dateModified":"2025-08-12T05:15:54+00:00","mainEntityOfPage":{"@id":"https:\/\/wirtschaftlichefreiheit.de\/wordpress\/?p=40932"},"wordCount":1658,"commentCount":1,"image":{"@id":"https:\/\/wirtschaftlichefreiheit.de\/wordpress\/?p=40932#primaryimage"},"thumbnailUrl":"https:\/\/wirtschaftlichefreiheit.de\/wordpress\/bilder\/miete6.png","keywords":["Braun","Miete"],"articleSection":["Immobiles"],"inLanguage":"de","potentialAction":[{"@type":"CommentAction","name":"Comment","target":["https:\/\/wirtschaftlichefreiheit.de\/wordpress\/?p=40932#respond"]}]},{"@type":"WebPage","@id":"https:\/\/wirtschaftlichefreiheit.de\/wordpress\/?p=40932","url":"https:\/\/wirtschaftlichefreiheit.de\/wordpress\/?p=40932","name":"Gastbeitrag Die Mieten sind zu hoch. Alle Mieten? Nein! - Wirtschaftliche Freiheit","isPartOf":{"@id":"https:\/\/wirtschaftlichefreiheit.de\/wordpress\/#website"},"primaryImageOfPage":{"@id":"https:\/\/wirtschaftlichefreiheit.de\/wordpress\/?p=40932#primaryimage"},"image":{"@id":"https:\/\/wirtschaftlichefreiheit.de\/wordpress\/?p=40932#primaryimage"},"thumbnailUrl":"https:\/\/wirtschaftlichefreiheit.de\/wordpress\/bilder\/miete6.png","datePublished":"2025-07-25T23:01:00+00:00","dateModified":"2025-08-12T05:15:54+00:00","author":{"@id":"https:\/\/wirtschaftlichefreiheit.de\/wordpress\/#\/schema\/person\/a78b33e2ad0b3f10dd4350dff2310a05"},"breadcrumb":{"@id":"https:\/\/wirtschaftlichefreiheit.de\/wordpress\/?p=40932#breadcrumb"},"inLanguage":"de","potentialAction":[{"@type":"ReadAction","target":["https:\/\/wirtschaftlichefreiheit.de\/wordpress\/?p=40932"]}]},{"@type":"ImageObject","inLanguage":"de","@id":"https:\/\/wirtschaftlichefreiheit.de\/wordpress\/?p=40932#primaryimage","url":"https:\/\/wirtschaftlichefreiheit.de\/wordpress\/bilder\/miete6.png","contentUrl":"https:\/\/wirtschaftlichefreiheit.de\/wordpress\/bilder\/miete6.png","width":2310,"height":1300},{"@type":"BreadcrumbList","@id":"https:\/\/wirtschaftlichefreiheit.de\/wordpress\/?p=40932#breadcrumb","itemListElement":[{"@type":"ListItem","position":1,"name":"Startseite","item":"https:\/\/wirtschaftlichefreiheit.de\/wordpress"},{"@type":"ListItem","position":2,"name":"Gastbeitrag Die Mieten sind zu hoch. Alle Mieten? Nein!"}]},{"@type":"WebSite","@id":"https:\/\/wirtschaftlichefreiheit.de\/wordpress\/#website","url":"https:\/\/wirtschaftlichefreiheit.de\/wordpress\/","name":"Wirtschaftliche Freiheit","description":"Das ordnungspolitische Journal","potentialAction":[{"@type":"SearchAction","target":{"@type":"EntryPoint","urlTemplate":"https:\/\/wirtschaftlichefreiheit.de\/wordpress\/?s={search_term_string}"},"query-input":{"@type":"PropertyValueSpecification","valueRequired":true,"valueName":"search_term_string"}}],"inLanguage":"de"},{"@type":"Person","@id":"https:\/\/wirtschaftlichefreiheit.de\/wordpress\/#\/schema\/person\/a78b33e2ad0b3f10dd4350dff2310a05","name":"Reiner Braun","image":{"@type":"ImageObject","inLanguage":"de","@id":"https:\/\/wirtschaftlichefreiheit.de\/wordpress\/bilder\/braunpic.png.jpg","url":"https:\/\/wirtschaftlichefreiheit.de\/wordpress\/bilder\/braunpic.png.jpg","contentUrl":"https:\/\/wirtschaftlichefreiheit.de\/wordpress\/bilder\/braunpic.png.jpg","caption":"Reiner Braun"},"description":"Empirica AG","url":"https:\/\/wirtschaftlichefreiheit.de\/wordpress\/?author=433"}]}},"_links":{"self":[{"href":"https:\/\/wirtschaftlichefreiheit.de\/wordpress\/index.php?rest_route=\/wp\/v2\/posts\/40932","targetHints":{"allow":["GET"]}}],"collection":[{"href":"https:\/\/wirtschaftlichefreiheit.de\/wordpress\/index.php?rest_route=\/wp\/v2\/posts"}],"about":[{"href":"https:\/\/wirtschaftlichefreiheit.de\/wordpress\/index.php?rest_route=\/wp\/v2\/types\/post"}],"author":[{"embeddable":true,"href":"https:\/\/wirtschaftlichefreiheit.de\/wordpress\/index.php?rest_route=\/wp\/v2\/users\/433"}],"replies":[{"embeddable":true,"href":"https:\/\/wirtschaftlichefreiheit.de\/wordpress\/index.php?rest_route=%2Fwp%2Fv2%2Fcomments&post=40932"}],"version-history":[{"count":9,"href":"https:\/\/wirtschaftlichefreiheit.de\/wordpress\/index.php?rest_route=\/wp\/v2\/posts\/40932\/revisions"}],"predecessor-version":[{"id":41111,"href":"https:\/\/wirtschaftlichefreiheit.de\/wordpress\/index.php?rest_route=\/wp\/v2\/posts\/40932\/revisions\/41111"}],"wp:featuredmedia":[{"embeddable":true,"href":"https:\/\/wirtschaftlichefreiheit.de\/wordpress\/index.php?rest_route=\/wp\/v2\/media\/40947"}],"wp:attachment":[{"href":"https:\/\/wirtschaftlichefreiheit.de\/wordpress\/index.php?rest_route=%2Fwp%2Fv2%2Fmedia&parent=40932"}],"wp:term":[{"taxonomy":"category","embeddable":true,"href":"https:\/\/wirtschaftlichefreiheit.de\/wordpress\/index.php?rest_route=%2Fwp%2Fv2%2Fcategories&post=40932"},{"taxonomy":"post_tag","embeddable":true,"href":"https:\/\/wirtschaftlichefreiheit.de\/wordpress\/index.php?rest_route=%2Fwp%2Fv2%2Ftags&post=40932"}],"curies":[{"name":"wp","href":"https:\/\/api.w.org\/{rel}","templated":true}]}}