{"id":40975,"date":"2025-07-30T00:10:00","date_gmt":"2025-07-29T23:10:00","guid":{"rendered":"https:\/\/wirtschaftlichefreiheit.de\/wordpress\/?p=40975"},"modified":"2026-04-22T17:01:21","modified_gmt":"2026-04-22T16:01:21","slug":"podcast-sanierungsfall-sozialversicherungen-reformansaetze-fuer-renten-kranken-und-pflegeversicherung","status":"publish","type":"post","link":"https:\/\/wirtschaftlichefreiheit.de\/wordpress\/?p=40975","title":{"rendered":"<b>Podcast <\/b><br>Sanierungsfall Sozialversicherungen?! <br><b>Reformans\u00e4tze f\u00fcr Renten-, Kranken- und Pflegeversicherung <\/b>"},"content":{"rendered":"\n<p>Die umlagefinanzierten Systeme der Sozialen Sicherung \u2013 GRV, GKV und SPV \u2013 sind fiskalisch nicht nachhaltig. In allen steigen die finanziellen Defizite. Die Politik versucht, mit staatlichen Zusch\u00fcssen die L\u00f6cher zu stopfen, k\u00fcnftig wohl auch mit Mitteln aus dem Sonderverm\u00f6gen Infrastruktur. Schon heute werden gro\u00dfe Teile der Steuereinnahmen des Bundes f\u00fcr die Sozialversicherungen eingesetzt. Ohne wirkliche Reformen wird sich die fiskalische Lage von GRV, GKV und SPV weiter zuspitzen. Die Politik tut noch immer so, als w\u00e4re mit den Systemen der Sozialen Sicherung alles in Ordnung. Sie verweigert sich der Realit\u00e4t und verst\u00e4rkt, wie in der GRV, die Krise noch (Nachhaltigkeitsfaktor, M\u00fctterrente, Rente mit 63). Diese Strategie der Camouflage ist \u00f6konomisch und politisch nicht nachhaltig. K\u00fcnftige Generationen sind die Dummen. Sie werden sich wehren. Eine solche Politik ist zum Scheitern verurteilt. Grundlegende Reformen der Systeme der Sozialen Sicherung lassen sich nicht weiter auf die lange Bank schieben. Sie sind notwendig, jetzt.<\/p>\n\n\n\n<p>Prof. (em.) Dr. <strong>Norbert Berthold<\/strong> (JMU) im Gespr\u00e4ch mit Prof. Dr. <strong>Bernd Raffelh\u00fcschen <\/strong>(ALU).<\/p>\n\n\n\n<figure class=\"wp-block-embed is-type-rich is-provider-spotify wp-block-embed-spotify wp-embed-aspect-21-9 wp-has-aspect-ratio\"><div class=\"wp-block-embed__wrapper\">\n<iframe title=\"Spotify Embed: #79: Sanierungsfall Sozialversicherungen? Reformans\u00e4tze f\u00fcr Renten-, Kranken- und Pflegeversicherung\" style=\"border-radius: 12px\" width=\"100%\" height=\"152\" frameborder=\"0\" allowfullscreen allow=\"autoplay; clipboard-write; encrypted-media; fullscreen; picture-in-picture\" loading=\"lazy\" src=\"https:\/\/open.spotify.com\/embed\/episode\/0aMJR34zSTeO8svhSNw2qT?si=8f7cd6c59b3646c2&#038;utm_source=oembed\"><\/iframe>\n<\/div><\/figure>\n\n\n<p><iframe style=\"width: 100%; max-width: 660px; overflow: hidden; border-radius: 10px;\" src=\"https:\/\/embed.podcasts.apple.com\/de\/podcast\/79-sanierungsfall-sozialversicherungen-reformans%C3%A4tze\/id1547580182?i=1000719663356\" height=\"175\" frameborder=\"0\" sandbox=\"allow-forms allow-popups allow-same-origin allow-scripts allow-storage-access-by-user-activation allow-top-navigation-by-user-activation\"><\/iframe><\/p>\n\n\n<p><strong>Inhalt:<\/strong><\/p>\n\n\n\n<ol class=\"wp-block-list\">\n<li>Wie fiskalisch nachhaltig sind die umlagefinanzierten Systeme der Sozialen Sicherung (GRV, GKV, SPV)?<\/li>\n\n\n\n<li>Gibt es ein gemeinsames Muster der Ursachen finanzieller Defizite in Systemen der Sozialen Sicherung? (Demographie, \u201emoral hazard\u201c, Umverteilung)<\/li>\n\n\n\n<li>Wo besteht Reformbedarf in der GRV? Was sind die Ursachen? Welche konkreten Reformans\u00e4tze sind sinnvoll?<\/li>\n\n\n\n<li>Gibt es Reformbedarf in der GKV? Was f\u00fchrt zu den finanziellen Ungleichgewichten? Wo sollte mit Reformen angesetzt werden?<\/li>\n\n\n\n<li>Wie reformbed\u00fcrftig ist die SPV? Unterscheiden sich die Ursachen von denen in der GRV und der GKV? Wo k\u00f6nnte reformiert werden?<\/li>\n\n\n\n<li>Warum herrscht Reformstillstand? Warum schweigt der Koalitionsvertrag zu notwendigen Reformen? Wie wird es weitergehen?<\/li>\n<\/ol>\n\n\n\n<p><strong>Teilnehmer:<\/strong><\/p>\n\n\n\n<p><strong>Bernd Raffelh\u00fcschen<\/strong> ist Professor f\u00fcr Finanzwissenschaft und Direktor des Forschungszentrums Generationenvertr\u00e4ge an der Albert-Ludwigs-Universit\u00e4t Freiburg und war Professor an der Universit\u00e4t Bergen, Norwegen (1994-2019).<strong><\/strong><\/p>\n\n\n\n<p><strong>Norbert Berthold<\/strong> ist Professor (em.) f\u00fcr Volkswirtschaftslehre, insbesondere Wirtschaftsordnung und Sozialpolitik an der Julius-Maximilians-Universit\u00e4t W\u00fcrzburg. Er war an den Universit\u00e4ten Freiburg, Basel, M\u00fcnster, Hamburg, Konstanz, D\u00fcsseldorf und W\u00fcrzburg t\u00e4tig.&nbsp;Norbert Berthold ist Initiator und Betreiber des \u00d6konomen-Blogs \u201eWirtschaftliche Freiheit\u201c und Namensgeber und Initiator dieses Podcasts.<\/p>\n\n\n\n<p><strong>Blog-Beitr\u00e4ge zum Thema:<\/strong><\/p>\n\n\n\n<p>Bernd Raffelh\u00fcschen (ALU, 2025): <a href=\"https:\/\/wirtschaftlichefreiheit.de\/wordpress\/?p=39058\">Rentenversicherung generationengerecht reformieren<\/a><\/p>\n\n\n\n<p>Guido Raddatz (Stiftung Marktwirtschaft, 2020): <a href=\"https:\/\/wirtschaftlichefreiheit.de\/wordpress\/?p=28076\">Soziale Pflegeversicherung. Geplante Vollversicherung ist das falsche Signal<\/a><\/p>\n\n\n\n<p>Norbert Berthold (JMU, 2017): <a href=\"https:\/\/wirtschaftlichefreiheit.de\/wordpress\/?p=21917\">Die (linke) B\u00fcrgerversicherung ist tot. Es lebe die (liberale) B\u00fcrgerversicherung! Private Krankenversicherung f\u00fcr alle<\/a><\/p>\n\n\n\n<p><strong>Blog-Beitr\u00e4ge der Serie &#8222;Die Zukunft des Sozialstaates\u201d:<\/strong><\/p>\n\n\n\n<p>Norbert Berthold: <a href=\"http:\/\/wirtschaftlichefreiheit.de\/wordpress\/?p=24397\">Die Zukunft des Sozialstaates (1): Das Ideal<\/a><\/p>\n\n\n\n<p>Norbert Berthold: <a href=\"http:\/\/wirtschaftlichefreiheit.de\/wordpress\/?p=24596\">Die Zukunft des Sozialstaates (2): Die Realit\u00e4t<\/a><\/p>\n\n\n\n<p>Norbert Berthold: <a href=\"http:\/\/wirtschaftlichefreiheit.de\/wordpress\/?p=24961\">Die Zukunft des Sozialstaates (3): Die Reformen<\/a><\/p>\n\n\n\n<p>Norbert Berthold: <a href=\"http:\/\/wirtschaftlichefreiheit.de\/wordpress\/?p=25351\">Die Zukunft des Sozialstaates (4): Die Revolution<\/a><\/p>\n\n\n\n<p>Norbert Berthold: <a href=\"https:\/\/wirtschaftlichefreiheit.de\/wordpress\/?p=25356\">Die Zukunft des Sozialstaates (5): Das Fazit<\/a><\/p>\n<!-- AddThis Advanced Settings generic via filter on the_content --><!-- AddThis Share Buttons generic via filter on the_content --><!-- AddThis Related Posts generic via filter on the_content -->","protected":false},"excerpt":{"rendered":"<p>Die umlagefinanzierten Systeme der Sozialen Sicherung \u2013 GRV, GKV und SPV \u2013 sind fiskalisch nicht nachhaltig.  Noch immer tut die Politik so, als w\u00e4re mit den Sozialversicherungen alles in Ordnung. Sie verweigert sich der Realit\u00e4t und verst\u00e4rkt, wie in der GRV, die Krise noch (Nachhaltigkeitsfaktor, M\u00fctterrente, Rente mit 63). Mit staatlichen Zusch\u00fcssen stopft sie notd\u00fcrftig L\u00f6cher. Diese Politik der Camouflage l\u00e4sst sich nicht durchhalten. Nachfolgende Generationen werden sich wehren. Grundlegende Reformen der Systeme der Sozialen Sicherung sind notwendig, jetzt.<!-- AddThis Advanced Settings generic via filter on wp_trim_excerpt --><!-- AddThis Share Buttons generic via filter on wp_trim_excerpt --><!-- AddThis Related Posts generic via filter on wp_trim_excerpt --><\/p>\n","protected":false},"author":58,"featured_media":40982,"comment_status":"open","ping_status":"open","sticky":false,"template":"","format":"standard","meta":{"footnotes":""},"categories":[4391,4378,4],"tags":[556,889,513,3334,560,354],"class_list":["post-40975","post","type-post","status-publish","format-standard","has-post-thumbnail","hentry","category-blog-reloaded","category-podcasts","category-soziales","tag-berthold","tag-krankenversicherung","tag-pflegeversicherung","tag-raffelhueschen","tag-rentenversicherung","tag-soziale-sicherung"],"yoast_head":"<!-- This site is optimized with the Yoast SEO plugin v27.2 - https:\/\/yoast.com\/product\/yoast-seo-wordpress\/ -->\n<title>Podcast Sanierungsfall Sozialversicherungen?! Reformans\u00e4tze f\u00fcr Renten-, Kranken- und Pflegeversicherung  - Wirtschaftliche Freiheit<\/title>\n<meta name=\"robots\" content=\"index, follow, max-snippet:-1, max-image-preview:large, max-video-preview:-1\" \/>\n<link rel=\"canonical\" href=\"https:\/\/wirtschaftlichefreiheit.de\/wordpress\/?p=40975\" \/>\n<meta property=\"og:locale\" content=\"de_DE\" \/>\n<meta property=\"og:type\" content=\"article\" \/>\n<meta property=\"og:title\" content=\"Podcast Sanierungsfall Sozialversicherungen?! Reformans\u00e4tze f\u00fcr Renten-, Kranken- und Pflegeversicherung  - Wirtschaftliche Freiheit\" \/>\n<meta property=\"og:description\" content=\"Die umlagefinanzierten Systeme der Sozialen Sicherung \u2013 GRV, GKV und SPV \u2013 sind fiskalisch nicht nachhaltig. Noch immer tut die Politik so, als w\u00e4re mit den Sozialversicherungen alles in Ordnung. Sie verweigert sich der Realit\u00e4t und verst\u00e4rkt, wie in der GRV, die Krise noch (Nachhaltigkeitsfaktor, M\u00fctterrente, Rente mit 63). Mit staatlichen Zusch\u00fcssen stopft sie notd\u00fcrftig L\u00f6cher. Diese Politik der Camouflage l\u00e4sst sich nicht durchhalten. Nachfolgende Generationen werden sich wehren. Grundlegende Reformen der Systeme der Sozialen Sicherung sind notwendig, jetzt.\" \/>\n<meta property=\"og:url\" content=\"https:\/\/wirtschaftlichefreiheit.de\/wordpress\/?p=40975\" \/>\n<meta property=\"og:site_name\" content=\"Wirtschaftliche Freiheit\" \/>\n<meta property=\"article:published_time\" content=\"2025-07-29T23:10:00+00:00\" \/>\n<meta property=\"article:modified_time\" content=\"2026-04-22T16:01:21+00:00\" \/>\n<meta property=\"og:image\" content=\"http:\/\/wirtschaftlichefreiheit.de\/wordpress\/bilder\/bertraff2025-1-1024x640.png\" \/>\n\t<meta property=\"og:image:width\" content=\"1024\" \/>\n\t<meta property=\"og:image:height\" content=\"640\" \/>\n\t<meta property=\"og:image:type\" content=\"image\/png\" \/>\n<meta name=\"author\" content=\"Wirtschaftliche Freiheit\" \/>\n<meta name=\"twitter:card\" content=\"summary_large_image\" \/>\n<meta name=\"twitter:label1\" content=\"Verfasst von\" \/>\n\t<meta name=\"twitter:data1\" content=\"Wirtschaftliche Freiheit\" \/>\n\t<meta name=\"twitter:label2\" content=\"Gesch\u00e4tzte Lesezeit\" \/>\n\t<meta name=\"twitter:data2\" content=\"3\u00a0Minuten\" \/>\n<script type=\"application\/ld+json\" class=\"yoast-schema-graph\">{\"@context\":\"https:\/\/schema.org\",\"@graph\":[{\"@type\":\"Article\",\"@id\":\"https:\/\/wirtschaftlichefreiheit.de\/wordpress\/?p=40975#article\",\"isPartOf\":{\"@id\":\"https:\/\/wirtschaftlichefreiheit.de\/wordpress\/?p=40975\"},\"author\":{\"name\":\"Wirtschaftliche Freiheit\",\"@id\":\"https:\/\/wirtschaftlichefreiheit.de\/wordpress\/#\/schema\/person\/788618a184d31b0801c59c1fadd473c4\"},\"headline\":\"Podcast Sanierungsfall Sozialversicherungen?! Reformans\u00e4tze f\u00fcr Renten-, Kranken- und Pflegeversicherung\",\"datePublished\":\"2025-07-29T23:10:00+00:00\",\"dateModified\":\"2026-04-22T16:01:21+00:00\",\"mainEntityOfPage\":{\"@id\":\"https:\/\/wirtschaftlichefreiheit.de\/wordpress\/?p=40975\"},\"wordCount\":481,\"commentCount\":0,\"image\":{\"@id\":\"https:\/\/wirtschaftlichefreiheit.de\/wordpress\/?p=40975#primaryimage\"},\"thumbnailUrl\":\"https:\/\/wirtschaftlichefreiheit.de\/wordpress\/bilder\/bertraff2025-1.png\",\"keywords\":[\"Berthold\",\"Krankenversicherung\",\"Pflegeversicherung\",\"Raffelh\u00fcschen\",\"Rentenversicherung\",\"Soziale Sicherung\"],\"articleSection\":[\"Blog-Reloaded\",\"Podcasts (neu)\",\"Soziales\"],\"inLanguage\":\"de\",\"potentialAction\":[{\"@type\":\"CommentAction\",\"name\":\"Comment\",\"target\":[\"https:\/\/wirtschaftlichefreiheit.de\/wordpress\/?p=40975#respond\"]}]},{\"@type\":\"WebPage\",\"@id\":\"https:\/\/wirtschaftlichefreiheit.de\/wordpress\/?p=40975\",\"url\":\"https:\/\/wirtschaftlichefreiheit.de\/wordpress\/?p=40975\",\"name\":\"Podcast Sanierungsfall Sozialversicherungen?! Reformans\u00e4tze f\u00fcr Renten-, Kranken- und Pflegeversicherung - Wirtschaftliche Freiheit\",\"isPartOf\":{\"@id\":\"https:\/\/wirtschaftlichefreiheit.de\/wordpress\/#website\"},\"primaryImageOfPage\":{\"@id\":\"https:\/\/wirtschaftlichefreiheit.de\/wordpress\/?p=40975#primaryimage\"},\"image\":{\"@id\":\"https:\/\/wirtschaftlichefreiheit.de\/wordpress\/?p=40975#primaryimage\"},\"thumbnailUrl\":\"https:\/\/wirtschaftlichefreiheit.de\/wordpress\/bilder\/bertraff2025-1.png\",\"datePublished\":\"2025-07-29T23:10:00+00:00\",\"dateModified\":\"2026-04-22T16:01:21+00:00\",\"author\":{\"@id\":\"https:\/\/wirtschaftlichefreiheit.de\/wordpress\/#\/schema\/person\/788618a184d31b0801c59c1fadd473c4\"},\"breadcrumb\":{\"@id\":\"https:\/\/wirtschaftlichefreiheit.de\/wordpress\/?p=40975#breadcrumb\"},\"inLanguage\":\"de\",\"potentialAction\":[{\"@type\":\"ReadAction\",\"target\":[\"https:\/\/wirtschaftlichefreiheit.de\/wordpress\/?p=40975\"]}]},{\"@type\":\"ImageObject\",\"inLanguage\":\"de\",\"@id\":\"https:\/\/wirtschaftlichefreiheit.de\/wordpress\/?p=40975#primaryimage\",\"url\":\"https:\/\/wirtschaftlichefreiheit.de\/wordpress\/bilder\/bertraff2025-1.png\",\"contentUrl\":\"https:\/\/wirtschaftlichefreiheit.de\/wordpress\/bilder\/bertraff2025-1.png\",\"width\":4573,\"height\":2858},{\"@type\":\"BreadcrumbList\",\"@id\":\"https:\/\/wirtschaftlichefreiheit.de\/wordpress\/?p=40975#breadcrumb\",\"itemListElement\":[{\"@type\":\"ListItem\",\"position\":1,\"name\":\"Startseite\",\"item\":\"https:\/\/wirtschaftlichefreiheit.de\/wordpress\"},{\"@type\":\"ListItem\",\"position\":2,\"name\":\"Podcast Sanierungsfall Sozialversicherungen?! Reformans\u00e4tze f\u00fcr Renten-, Kranken- und Pflegeversicherung\"}]},{\"@type\":\"WebSite\",\"@id\":\"https:\/\/wirtschaftlichefreiheit.de\/wordpress\/#website\",\"url\":\"https:\/\/wirtschaftlichefreiheit.de\/wordpress\/\",\"name\":\"Wirtschaftliche Freiheit\",\"description\":\"Das ordnungspolitische Journal\",\"potentialAction\":[{\"@type\":\"SearchAction\",\"target\":{\"@type\":\"EntryPoint\",\"urlTemplate\":\"https:\/\/wirtschaftlichefreiheit.de\/wordpress\/?s={search_term_string}\"},\"query-input\":{\"@type\":\"PropertyValueSpecification\",\"valueRequired\":true,\"valueName\":\"search_term_string\"}}],\"inLanguage\":\"de\"},{\"@type\":\"Person\",\"@id\":\"https:\/\/wirtschaftlichefreiheit.de\/wordpress\/#\/schema\/person\/788618a184d31b0801c59c1fadd473c4\",\"name\":\"Wirtschaftliche Freiheit\",\"image\":{\"@type\":\"ImageObject\",\"inLanguage\":\"de\",\"@id\":\"https:\/\/wirtschaftlichefreiheit.de\/wordpress\/bilder\/189780_211178845564593_6670846_n.jpg\",\"url\":\"https:\/\/wirtschaftlichefreiheit.de\/wordpress\/bilder\/189780_211178845564593_6670846_n.jpg\",\"contentUrl\":\"https:\/\/wirtschaftlichefreiheit.de\/wordpress\/bilder\/189780_211178845564593_6670846_n.jpg\",\"caption\":\"Wirtschaftliche Freiheit\"},\"description\":\"Das ordnungspolitische Journal\",\"url\":\"https:\/\/wirtschaftlichefreiheit.de\/wordpress\/?author=58\"}]}<\/script>\n<!-- \/ Yoast SEO plugin. -->","yoast_head_json":{"title":"Podcast Sanierungsfall Sozialversicherungen?! Reformans\u00e4tze f\u00fcr Renten-, Kranken- und Pflegeversicherung  - Wirtschaftliche Freiheit","robots":{"index":"index","follow":"follow","max-snippet":"max-snippet:-1","max-image-preview":"max-image-preview:large","max-video-preview":"max-video-preview:-1"},"canonical":"https:\/\/wirtschaftlichefreiheit.de\/wordpress\/?p=40975","og_locale":"de_DE","og_type":"article","og_title":"Podcast Sanierungsfall Sozialversicherungen?! Reformans\u00e4tze f\u00fcr Renten-, Kranken- und Pflegeversicherung  - Wirtschaftliche Freiheit","og_description":"Die umlagefinanzierten Systeme der Sozialen Sicherung \u2013 GRV, GKV und SPV \u2013 sind fiskalisch nicht nachhaltig. Noch immer tut die Politik so, als w\u00e4re mit den Sozialversicherungen alles in Ordnung. Sie verweigert sich der Realit\u00e4t und verst\u00e4rkt, wie in der GRV, die Krise noch (Nachhaltigkeitsfaktor, M\u00fctterrente, Rente mit 63). Mit staatlichen Zusch\u00fcssen stopft sie notd\u00fcrftig L\u00f6cher. Diese Politik der Camouflage l\u00e4sst sich nicht durchhalten. Nachfolgende Generationen werden sich wehren. Grundlegende Reformen der Systeme der Sozialen Sicherung sind notwendig, jetzt.","og_url":"https:\/\/wirtschaftlichefreiheit.de\/wordpress\/?p=40975","og_site_name":"Wirtschaftliche Freiheit","article_published_time":"2025-07-29T23:10:00+00:00","article_modified_time":"2026-04-22T16:01:21+00:00","og_image":[{"width":1024,"height":640,"url":"http:\/\/wirtschaftlichefreiheit.de\/wordpress\/bilder\/bertraff2025-1-1024x640.png","type":"image\/png"}],"author":"Wirtschaftliche Freiheit","twitter_card":"summary_large_image","twitter_misc":{"Verfasst von":"Wirtschaftliche Freiheit","Gesch\u00e4tzte Lesezeit":"3\u00a0Minuten"},"schema":{"@context":"https:\/\/schema.org","@graph":[{"@type":"Article","@id":"https:\/\/wirtschaftlichefreiheit.de\/wordpress\/?p=40975#article","isPartOf":{"@id":"https:\/\/wirtschaftlichefreiheit.de\/wordpress\/?p=40975"},"author":{"name":"Wirtschaftliche Freiheit","@id":"https:\/\/wirtschaftlichefreiheit.de\/wordpress\/#\/schema\/person\/788618a184d31b0801c59c1fadd473c4"},"headline":"Podcast Sanierungsfall Sozialversicherungen?! Reformans\u00e4tze f\u00fcr Renten-, Kranken- und Pflegeversicherung","datePublished":"2025-07-29T23:10:00+00:00","dateModified":"2026-04-22T16:01:21+00:00","mainEntityOfPage":{"@id":"https:\/\/wirtschaftlichefreiheit.de\/wordpress\/?p=40975"},"wordCount":481,"commentCount":0,"image":{"@id":"https:\/\/wirtschaftlichefreiheit.de\/wordpress\/?p=40975#primaryimage"},"thumbnailUrl":"https:\/\/wirtschaftlichefreiheit.de\/wordpress\/bilder\/bertraff2025-1.png","keywords":["Berthold","Krankenversicherung","Pflegeversicherung","Raffelh\u00fcschen","Rentenversicherung","Soziale Sicherung"],"articleSection":["Blog-Reloaded","Podcasts (neu)","Soziales"],"inLanguage":"de","potentialAction":[{"@type":"CommentAction","name":"Comment","target":["https:\/\/wirtschaftlichefreiheit.de\/wordpress\/?p=40975#respond"]}]},{"@type":"WebPage","@id":"https:\/\/wirtschaftlichefreiheit.de\/wordpress\/?p=40975","url":"https:\/\/wirtschaftlichefreiheit.de\/wordpress\/?p=40975","name":"Podcast Sanierungsfall Sozialversicherungen?! Reformans\u00e4tze f\u00fcr Renten-, Kranken- und Pflegeversicherung - Wirtschaftliche Freiheit","isPartOf":{"@id":"https:\/\/wirtschaftlichefreiheit.de\/wordpress\/#website"},"primaryImageOfPage":{"@id":"https:\/\/wirtschaftlichefreiheit.de\/wordpress\/?p=40975#primaryimage"},"image":{"@id":"https:\/\/wirtschaftlichefreiheit.de\/wordpress\/?p=40975#primaryimage"},"thumbnailUrl":"https:\/\/wirtschaftlichefreiheit.de\/wordpress\/bilder\/bertraff2025-1.png","datePublished":"2025-07-29T23:10:00+00:00","dateModified":"2026-04-22T16:01:21+00:00","author":{"@id":"https:\/\/wirtschaftlichefreiheit.de\/wordpress\/#\/schema\/person\/788618a184d31b0801c59c1fadd473c4"},"breadcrumb":{"@id":"https:\/\/wirtschaftlichefreiheit.de\/wordpress\/?p=40975#breadcrumb"},"inLanguage":"de","potentialAction":[{"@type":"ReadAction","target":["https:\/\/wirtschaftlichefreiheit.de\/wordpress\/?p=40975"]}]},{"@type":"ImageObject","inLanguage":"de","@id":"https:\/\/wirtschaftlichefreiheit.de\/wordpress\/?p=40975#primaryimage","url":"https:\/\/wirtschaftlichefreiheit.de\/wordpress\/bilder\/bertraff2025-1.png","contentUrl":"https:\/\/wirtschaftlichefreiheit.de\/wordpress\/bilder\/bertraff2025-1.png","width":4573,"height":2858},{"@type":"BreadcrumbList","@id":"https:\/\/wirtschaftlichefreiheit.de\/wordpress\/?p=40975#breadcrumb","itemListElement":[{"@type":"ListItem","position":1,"name":"Startseite","item":"https:\/\/wirtschaftlichefreiheit.de\/wordpress"},{"@type":"ListItem","position":2,"name":"Podcast Sanierungsfall Sozialversicherungen?! Reformans\u00e4tze f\u00fcr Renten-, Kranken- und Pflegeversicherung"}]},{"@type":"WebSite","@id":"https:\/\/wirtschaftlichefreiheit.de\/wordpress\/#website","url":"https:\/\/wirtschaftlichefreiheit.de\/wordpress\/","name":"Wirtschaftliche Freiheit","description":"Das ordnungspolitische Journal","potentialAction":[{"@type":"SearchAction","target":{"@type":"EntryPoint","urlTemplate":"https:\/\/wirtschaftlichefreiheit.de\/wordpress\/?s={search_term_string}"},"query-input":{"@type":"PropertyValueSpecification","valueRequired":true,"valueName":"search_term_string"}}],"inLanguage":"de"},{"@type":"Person","@id":"https:\/\/wirtschaftlichefreiheit.de\/wordpress\/#\/schema\/person\/788618a184d31b0801c59c1fadd473c4","name":"Wirtschaftliche Freiheit","image":{"@type":"ImageObject","inLanguage":"de","@id":"https:\/\/wirtschaftlichefreiheit.de\/wordpress\/bilder\/189780_211178845564593_6670846_n.jpg","url":"https:\/\/wirtschaftlichefreiheit.de\/wordpress\/bilder\/189780_211178845564593_6670846_n.jpg","contentUrl":"https:\/\/wirtschaftlichefreiheit.de\/wordpress\/bilder\/189780_211178845564593_6670846_n.jpg","caption":"Wirtschaftliche Freiheit"},"description":"Das ordnungspolitische Journal","url":"https:\/\/wirtschaftlichefreiheit.de\/wordpress\/?author=58"}]}},"_links":{"self":[{"href":"https:\/\/wirtschaftlichefreiheit.de\/wordpress\/index.php?rest_route=\/wp\/v2\/posts\/40975","targetHints":{"allow":["GET"]}}],"collection":[{"href":"https:\/\/wirtschaftlichefreiheit.de\/wordpress\/index.php?rest_route=\/wp\/v2\/posts"}],"about":[{"href":"https:\/\/wirtschaftlichefreiheit.de\/wordpress\/index.php?rest_route=\/wp\/v2\/types\/post"}],"author":[{"embeddable":true,"href":"https:\/\/wirtschaftlichefreiheit.de\/wordpress\/index.php?rest_route=\/wp\/v2\/users\/58"}],"replies":[{"embeddable":true,"href":"https:\/\/wirtschaftlichefreiheit.de\/wordpress\/index.php?rest_route=%2Fwp%2Fv2%2Fcomments&post=40975"}],"version-history":[{"count":14,"href":"https:\/\/wirtschaftlichefreiheit.de\/wordpress\/index.php?rest_route=\/wp\/v2\/posts\/40975\/revisions"}],"predecessor-version":[{"id":42257,"href":"https:\/\/wirtschaftlichefreiheit.de\/wordpress\/index.php?rest_route=\/wp\/v2\/posts\/40975\/revisions\/42257"}],"wp:featuredmedia":[{"embeddable":true,"href":"https:\/\/wirtschaftlichefreiheit.de\/wordpress\/index.php?rest_route=\/wp\/v2\/media\/40982"}],"wp:attachment":[{"href":"https:\/\/wirtschaftlichefreiheit.de\/wordpress\/index.php?rest_route=%2Fwp%2Fv2%2Fmedia&parent=40975"}],"wp:term":[{"taxonomy":"category","embeddable":true,"href":"https:\/\/wirtschaftlichefreiheit.de\/wordpress\/index.php?rest_route=%2Fwp%2Fv2%2Fcategories&post=40975"},{"taxonomy":"post_tag","embeddable":true,"href":"https:\/\/wirtschaftlichefreiheit.de\/wordpress\/index.php?rest_route=%2Fwp%2Fv2%2Ftags&post=40975"}],"curies":[{"name":"wp","href":"https:\/\/api.w.org\/{rel}","templated":true}]}}