{"id":41317,"date":"2025-09-04T05:29:46","date_gmt":"2025-09-04T04:29:46","guid":{"rendered":"https:\/\/wirtschaftlichefreiheit.de\/wordpress\/?p=41317"},"modified":"2026-01-01T09:15:23","modified_gmt":"2026-01-01T08:15:23","slug":"gastbeitrag-es-war-einmal-beeinflussen-historische-werte-und-normen-die-langfristige-wirtschaftliche-entwicklung","status":"publish","type":"post","link":"https:\/\/wirtschaftlichefreiheit.de\/wordpress\/?p=41317","title":{"rendered":"<b>Gastbeitrag <\/b><br>Es war einmal <br><b>Beeinflussen historische Werte und Normen die langfristige wirtschaftliche Entwicklung? <\/b>"},"content":{"rendered":"\n<p><em>Die L\u00e4nder, in denen am Ende des 19. Jahrhunderts in M\u00e4rchen die Kooperationsbereitschaft gest\u00e4rkt wurde, wachsen bis heute st\u00e4rker. Wo dieser Wert nicht positiv konnotiert war, ist das Wachstum heute geringer.<\/em><\/p>\n\n\n\n<p>Dass Werte und Normen eine wichtige Rolle f\u00fcr die Entwicklung von Gesellschaften spielen ist eine altbekannte Hypothese, die \u2013 neben vielen anderen \u2013 auch von Adam Smith geteilt wurde. Dass Menschen die in ihrer Gesellschaft jeweils g\u00fcltigen Werte und Normen w\u00e4hrend ihrer Kindheit erlernen und dann im Laufe ihres Lebens weitgehend unver\u00e4ndert daran festhalten, ist eine ebenfalls weit verbreitete Hypothese. Andererseits beobachten wir in verschiedenen Lebensbereichen einen sehr schnellen Wandel von Werten und Normen, etwa in Bezug auf gleichgeschlechtliche Partnerschaften.<\/p>\n\n\n\n<p>Um die Relevanz von Werten und Normen \u00fcber eine relativ lange Frist zu ermitteln, werden Daten ben\u00f6tigt. Das gilt nat\u00fcrlich auch f\u00fcr die Beschreibung von Wertewandel. Der World Values Survey enth\u00e4lt viele Informationen zu Werten und Normen und hat sich zu einer wichtigen Datenquelle entwickelt. Allerdings reichen die Daten nur bis 1981 zur\u00fcck, aus der ersten Welle liegen zudem nur Daten aus 22 L\u00e4ndern vor. Was also tun, um die vorherrschenden Werte und Normen von \u2013 etwa \u2013 1881 zu ermitteln?<\/p>\n\n\n\n<p>Unsere Idee: wir sammeln traditionelle M\u00e4rchen aus m\u00f6glichst vielen Gesellschaften und werten sie auf die von ihnen propagierten Werte und Normen aus. Jahrhundertelang wurden M\u00e4rchen nicht nur zur Unterhaltung genutzt, sondern haben auch eine wichtige Rolle bei der Erziehung \u2013 und der Vermittlung von Werten und Normen \u2013 gespielt. Als wichtiger Teil von Folklore wurden sie m\u00fcndlich von Generation zu Generation weitergegeben. Insofern sind sie eine wichtige Quelle f\u00fcr die historisch vorherrschenden Werte und Normen verschiedener Gesellschaften.<\/p>\n\n\n\n<p>Als \u00d6konomen sind wir daran interessiert, welche Werte und Normen sich positiv auf die langfristige Entwicklung von Gesellschaften auswirken. Wir wollen wissen, ob bestimmte Normen wachstumsf\u00f6rdernd sind oder nicht. Dazu haben wir die \u00f6konomische Literatur durchforstet und darauf aufbauend insgesamt 36 Variablen kreiert, die wir in sieben Gruppen zusammengefasst haben, n\u00e4mlich Kooperation, Altruismus, Arbeitsmoral, Unternehmertum, Toleranz, (Ablehnung von) Diskriminierung und das Infragestellen von Autorit\u00e4t. Um es an einem Beispiel konkreter zu machen: Der Faktor \u201eArbeitsmoral\u201c kn\u00fcpft nat\u00fcrlich an Max Weber an und enth\u00e4lt Variablen zu harter Arbeit, Aufmerksamkeit f\u00fcrs Detail, Ehrlichkeit, Geduld, das Erf\u00fcllen von Versprechen und P\u00fcnktlichkeit.<\/p>\n\n\n\n<p>Aber bevor wir M\u00e4rchen auf diese Variablen hin kodieren konnten, mussten wir uns erstmal eine M\u00e4rchensammlung zulegen. Unser Interesse galt traditionellen M\u00e4rchen, die in den jeweiligen Gesellschaften popul\u00e4r waren. Der allergr\u00f6\u00dfte Teil unseres Korpus\u2018 stammt aus Anthologien, die sich in der Regel auf Staaten bzw. Regionen beziehen. Insgesamt enth\u00e4lt unser Korpus mehr als 27.000 M\u00e4rchen. Unsere Sammlung deckt 172 L\u00e4nder ab, in denen mehr als 99% der Weltbev\u00f6lkerung leben. F\u00fcr die Analyse der M\u00e4rchen haben wir ein Large Language Model (ChatGPT) genutzt.<\/p>\n\n\n\n<p>Um den Zusammenhang zwischen historisch vorherrschenden Werten und Normen und wirtschaftlicher Entwicklung herzustellen, haben wir ein Standardwachstumsmodell um jeweils einen unserer Faktoren erg\u00e4nzt. Wir haben daf\u00fcr die Periode zwischen 1990 und 2019 gew\u00e4hlt. Diese relativ aktuelle Periode erlaubt uns, eine hohe Zahl von Staaten bzw. M\u00e4rchentraditionen zu ber\u00fccksichtigen. F\u00fcr die 140 L\u00e4nder, f\u00fcr die uns Daten vorlagen, zeigt sich, dass alle sieben Faktoren signifikant mit Wirtschaftswachstum verbunden sind. Wenn wir die 140 L\u00e4nder in die \u00e4rmeren und die reicheren L\u00e4nder unterteilen zeigt sich, dass die Koeffizienten der \u00e4rmeren L\u00e4nder durchweg h\u00f6her sind als die der reicheren L\u00e4nder.<\/p>\n\n\n\n<p>Den Datensatz, auf dem diese Sch\u00e4tzungen beruhen, haben wir Historical Values Survey genannt, in bewusster Abgrenzung zum World Values Survey. Er kann bei der Beantwortung vieler Fragen helfen. So liegt es nahe, dass der Faktor \u201eInfragestellen von Autorit\u00e4t\u201c Konsequenzen f\u00fcr die Governance Qualit\u00e4t eines Landes und m\u00f6glicherweise sogar das realisierte Rechtsstaatsniveau haben kann. Derzeit arbeiten wir daran, dieselben Variablen f\u00fcr einige L\u00e4nder auf der regionalen Ebene zu ermitteln. F\u00fcr heterogene Staaten wie etwa Indien versprechen wir uns davon zus\u00e4tzliche Erkenntnisse \u00fcber die langfristigen Wirkungen von Werten und Normen.<\/p>\n\n\n\n<p><strong>Hinweis: <\/strong>Ein erstes Diskussionspapier zu diesem Projekt habe ich gemeinsam mit Mahdi Khesali und Nadia von Jacobi verfasst. Es ist unter dem Titel \u201eOnce Upon a Time: Introducing the Historical Values Survey\u201c verf\u00fcgbar und kann hier heruntergeladen werden: <a href=\"https:\/\/papers.ssrn.com\/sol3\/papers.cfm?abstract_id=5378791\">https:\/\/papers.ssrn.com\/sol3\/papers.cfm?abstract_id=5378791<\/a><\/p>\n<!-- AddThis Advanced Settings generic via filter on the_content --><!-- AddThis Share Buttons generic via filter on the_content --><!-- AddThis Related Posts generic via filter on the_content -->","protected":false},"excerpt":{"rendered":"<p>Die L\u00e4nder, in denen am Ende des 19. Jahrhunderts in M\u00e4rchen die Kooperationsbereitschaft gest\u00e4rkt wurde, wachsen bis heute st\u00e4rker. Wo dieser Wert nicht positiv konnotiert war, ist das Wachstum heute geringer.<!-- AddThis Advanced Settings generic via filter on wp_trim_excerpt --><!-- AddThis Share Buttons generic via filter on wp_trim_excerpt --><!-- AddThis Related Posts generic via filter on wp_trim_excerpt --><\/p>\n","protected":false},"author":492,"featured_media":41318,"comment_status":"open","ping_status":"open","sticky":false,"template":"","format":"standard","meta":{"footnotes":""},"categories":[4818],"tags":[4819,4820,167],"class_list":["post-41317","post","type-post","status-publish","format-standard","has-post-thumbnail","hentry","category-maerchenhaftes","tag-maerchen","tag-voigt","tag-wachstum"],"yoast_head":"<!-- This site is optimized with the Yoast SEO plugin v27.2 - https:\/\/yoast.com\/product\/yoast-seo-wordpress\/ -->\n<title>Gastbeitrag Es war einmal Beeinflussen historische Werte und Normen die langfristige wirtschaftliche Entwicklung?  - Wirtschaftliche Freiheit<\/title>\n<meta name=\"robots\" content=\"index, follow, max-snippet:-1, max-image-preview:large, max-video-preview:-1\" \/>\n<link rel=\"canonical\" href=\"https:\/\/wirtschaftlichefreiheit.de\/wordpress\/?p=41317\" \/>\n<meta property=\"og:locale\" content=\"de_DE\" \/>\n<meta property=\"og:type\" content=\"article\" \/>\n<meta property=\"og:title\" content=\"Gastbeitrag Es war einmal Beeinflussen historische Werte und Normen die langfristige wirtschaftliche Entwicklung?  - Wirtschaftliche Freiheit\" \/>\n<meta property=\"og:description\" content=\"Die L\u00e4nder, in denen am Ende des 19. Jahrhunderts in M\u00e4rchen die Kooperationsbereitschaft gest\u00e4rkt wurde, wachsen bis heute st\u00e4rker. Wo dieser Wert nicht positiv konnotiert war, ist das Wachstum heute geringer.\" \/>\n<meta property=\"og:url\" content=\"https:\/\/wirtschaftlichefreiheit.de\/wordpress\/?p=41317\" \/>\n<meta property=\"og:site_name\" content=\"Wirtschaftliche Freiheit\" \/>\n<meta property=\"article:published_time\" content=\"2025-09-04T04:29:46+00:00\" \/>\n<meta property=\"article:modified_time\" content=\"2026-01-01T08:15:23+00:00\" \/>\n<meta property=\"og:image\" content=\"http:\/\/wirtschaftlichefreiheit.de\/wordpress\/bilder\/pinoccio.png\" \/>\n\t<meta property=\"og:image:width\" content=\"1949\" \/>\n\t<meta property=\"og:image:height\" content=\"1299\" \/>\n\t<meta property=\"og:image:type\" content=\"image\/png\" \/>\n<meta name=\"author\" content=\"Stefan Voigt\" \/>\n<meta name=\"twitter:card\" content=\"summary_large_image\" \/>\n<meta name=\"twitter:label1\" content=\"Verfasst von\" \/>\n\t<meta name=\"twitter:data1\" content=\"Stefan Voigt\" \/>\n\t<meta name=\"twitter:label2\" content=\"Gesch\u00e4tzte Lesezeit\" \/>\n\t<meta name=\"twitter:data2\" content=\"4\u00a0Minuten\" \/>\n<script type=\"application\/ld+json\" class=\"yoast-schema-graph\">{\"@context\":\"https:\/\/schema.org\",\"@graph\":[{\"@type\":\"Article\",\"@id\":\"https:\/\/wirtschaftlichefreiheit.de\/wordpress\/?p=41317#article\",\"isPartOf\":{\"@id\":\"https:\/\/wirtschaftlichefreiheit.de\/wordpress\/?p=41317\"},\"author\":{\"name\":\"Stefan Voigt\",\"@id\":\"https:\/\/wirtschaftlichefreiheit.de\/wordpress\/#\/schema\/person\/895fc9ef86d58054ceb81374ff591d79\"},\"headline\":\"Gastbeitrag Es war einmal Beeinflussen historische Werte und Normen die langfristige wirtschaftliche Entwicklung?\",\"datePublished\":\"2025-09-04T04:29:46+00:00\",\"dateModified\":\"2026-01-01T08:15:23+00:00\",\"mainEntityOfPage\":{\"@id\":\"https:\/\/wirtschaftlichefreiheit.de\/wordpress\/?p=41317\"},\"wordCount\":738,\"commentCount\":0,\"image\":{\"@id\":\"https:\/\/wirtschaftlichefreiheit.de\/wordpress\/?p=41317#primaryimage\"},\"thumbnailUrl\":\"https:\/\/wirtschaftlichefreiheit.de\/wordpress\/bilder\/pinoccio.png\",\"keywords\":[\"M\u00e4rchen\",\"Voigt\",\"Wachstum\"],\"articleSection\":[\"M\u00e4rchenhaftes\"],\"inLanguage\":\"de\",\"potentialAction\":[{\"@type\":\"CommentAction\",\"name\":\"Comment\",\"target\":[\"https:\/\/wirtschaftlichefreiheit.de\/wordpress\/?p=41317#respond\"]}]},{\"@type\":\"WebPage\",\"@id\":\"https:\/\/wirtschaftlichefreiheit.de\/wordpress\/?p=41317\",\"url\":\"https:\/\/wirtschaftlichefreiheit.de\/wordpress\/?p=41317\",\"name\":\"Gastbeitrag Es war einmal Beeinflussen historische Werte und Normen die langfristige wirtschaftliche Entwicklung? - Wirtschaftliche Freiheit\",\"isPartOf\":{\"@id\":\"https:\/\/wirtschaftlichefreiheit.de\/wordpress\/#website\"},\"primaryImageOfPage\":{\"@id\":\"https:\/\/wirtschaftlichefreiheit.de\/wordpress\/?p=41317#primaryimage\"},\"image\":{\"@id\":\"https:\/\/wirtschaftlichefreiheit.de\/wordpress\/?p=41317#primaryimage\"},\"thumbnailUrl\":\"https:\/\/wirtschaftlichefreiheit.de\/wordpress\/bilder\/pinoccio.png\",\"datePublished\":\"2025-09-04T04:29:46+00:00\",\"dateModified\":\"2026-01-01T08:15:23+00:00\",\"author\":{\"@id\":\"https:\/\/wirtschaftlichefreiheit.de\/wordpress\/#\/schema\/person\/895fc9ef86d58054ceb81374ff591d79\"},\"breadcrumb\":{\"@id\":\"https:\/\/wirtschaftlichefreiheit.de\/wordpress\/?p=41317#breadcrumb\"},\"inLanguage\":\"de\",\"potentialAction\":[{\"@type\":\"ReadAction\",\"target\":[\"https:\/\/wirtschaftlichefreiheit.de\/wordpress\/?p=41317\"]}]},{\"@type\":\"ImageObject\",\"inLanguage\":\"de\",\"@id\":\"https:\/\/wirtschaftlichefreiheit.de\/wordpress\/?p=41317#primaryimage\",\"url\":\"https:\/\/wirtschaftlichefreiheit.de\/wordpress\/bilder\/pinoccio.png\",\"contentUrl\":\"https:\/\/wirtschaftlichefreiheit.de\/wordpress\/bilder\/pinoccio.png\",\"width\":1949,\"height\":1299},{\"@type\":\"BreadcrumbList\",\"@id\":\"https:\/\/wirtschaftlichefreiheit.de\/wordpress\/?p=41317#breadcrumb\",\"itemListElement\":[{\"@type\":\"ListItem\",\"position\":1,\"name\":\"Startseite\",\"item\":\"https:\/\/wirtschaftlichefreiheit.de\/wordpress\"},{\"@type\":\"ListItem\",\"position\":2,\"name\":\"Gastbeitrag Es war einmal Beeinflussen historische Werte und Normen die langfristige wirtschaftliche Entwicklung?\"}]},{\"@type\":\"WebSite\",\"@id\":\"https:\/\/wirtschaftlichefreiheit.de\/wordpress\/#website\",\"url\":\"https:\/\/wirtschaftlichefreiheit.de\/wordpress\/\",\"name\":\"Wirtschaftliche Freiheit\",\"description\":\"Das ordnungspolitische Journal\",\"potentialAction\":[{\"@type\":\"SearchAction\",\"target\":{\"@type\":\"EntryPoint\",\"urlTemplate\":\"https:\/\/wirtschaftlichefreiheit.de\/wordpress\/?s={search_term_string}\"},\"query-input\":{\"@type\":\"PropertyValueSpecification\",\"valueRequired\":true,\"valueName\":\"search_term_string\"}}],\"inLanguage\":\"de\"},{\"@type\":\"Person\",\"@id\":\"https:\/\/wirtschaftlichefreiheit.de\/wordpress\/#\/schema\/person\/895fc9ef86d58054ceb81374ff591d79\",\"name\":\"Stefan Voigt\",\"image\":{\"@type\":\"ImageObject\",\"inLanguage\":\"de\",\"@id\":\"https:\/\/wirtschaftlichefreiheit.de\/wordpress\/bilder\/voigt-scaled.jpg\",\"url\":\"https:\/\/wirtschaftlichefreiheit.de\/wordpress\/bilder\/voigt-scaled.jpg\",\"contentUrl\":\"https:\/\/wirtschaftlichefreiheit.de\/wordpress\/bilder\/voigt-scaled.jpg\",\"caption\":\"Stefan Voigt\"},\"description\":\"Universit\u00e4t Hamburg\",\"url\":\"https:\/\/wirtschaftlichefreiheit.de\/wordpress\/?author=492\"}]}<\/script>\n<!-- \/ Yoast SEO plugin. -->","yoast_head_json":{"title":"Gastbeitrag Es war einmal Beeinflussen historische Werte und Normen die langfristige wirtschaftliche Entwicklung?  - Wirtschaftliche Freiheit","robots":{"index":"index","follow":"follow","max-snippet":"max-snippet:-1","max-image-preview":"max-image-preview:large","max-video-preview":"max-video-preview:-1"},"canonical":"https:\/\/wirtschaftlichefreiheit.de\/wordpress\/?p=41317","og_locale":"de_DE","og_type":"article","og_title":"Gastbeitrag Es war einmal Beeinflussen historische Werte und Normen die langfristige wirtschaftliche Entwicklung?  - Wirtschaftliche Freiheit","og_description":"Die L\u00e4nder, in denen am Ende des 19. Jahrhunderts in M\u00e4rchen die Kooperationsbereitschaft gest\u00e4rkt wurde, wachsen bis heute st\u00e4rker. Wo dieser Wert nicht positiv konnotiert war, ist das Wachstum heute geringer.","og_url":"https:\/\/wirtschaftlichefreiheit.de\/wordpress\/?p=41317","og_site_name":"Wirtschaftliche Freiheit","article_published_time":"2025-09-04T04:29:46+00:00","article_modified_time":"2026-01-01T08:15:23+00:00","og_image":[{"width":1949,"height":1299,"url":"http:\/\/wirtschaftlichefreiheit.de\/wordpress\/bilder\/pinoccio.png","type":"image\/png"}],"author":"Stefan Voigt","twitter_card":"summary_large_image","twitter_misc":{"Verfasst von":"Stefan Voigt","Gesch\u00e4tzte Lesezeit":"4\u00a0Minuten"},"schema":{"@context":"https:\/\/schema.org","@graph":[{"@type":"Article","@id":"https:\/\/wirtschaftlichefreiheit.de\/wordpress\/?p=41317#article","isPartOf":{"@id":"https:\/\/wirtschaftlichefreiheit.de\/wordpress\/?p=41317"},"author":{"name":"Stefan Voigt","@id":"https:\/\/wirtschaftlichefreiheit.de\/wordpress\/#\/schema\/person\/895fc9ef86d58054ceb81374ff591d79"},"headline":"Gastbeitrag Es war einmal Beeinflussen historische Werte und Normen die langfristige wirtschaftliche Entwicklung?","datePublished":"2025-09-04T04:29:46+00:00","dateModified":"2026-01-01T08:15:23+00:00","mainEntityOfPage":{"@id":"https:\/\/wirtschaftlichefreiheit.de\/wordpress\/?p=41317"},"wordCount":738,"commentCount":0,"image":{"@id":"https:\/\/wirtschaftlichefreiheit.de\/wordpress\/?p=41317#primaryimage"},"thumbnailUrl":"https:\/\/wirtschaftlichefreiheit.de\/wordpress\/bilder\/pinoccio.png","keywords":["M\u00e4rchen","Voigt","Wachstum"],"articleSection":["M\u00e4rchenhaftes"],"inLanguage":"de","potentialAction":[{"@type":"CommentAction","name":"Comment","target":["https:\/\/wirtschaftlichefreiheit.de\/wordpress\/?p=41317#respond"]}]},{"@type":"WebPage","@id":"https:\/\/wirtschaftlichefreiheit.de\/wordpress\/?p=41317","url":"https:\/\/wirtschaftlichefreiheit.de\/wordpress\/?p=41317","name":"Gastbeitrag Es war einmal Beeinflussen historische Werte und Normen die langfristige wirtschaftliche Entwicklung? - Wirtschaftliche Freiheit","isPartOf":{"@id":"https:\/\/wirtschaftlichefreiheit.de\/wordpress\/#website"},"primaryImageOfPage":{"@id":"https:\/\/wirtschaftlichefreiheit.de\/wordpress\/?p=41317#primaryimage"},"image":{"@id":"https:\/\/wirtschaftlichefreiheit.de\/wordpress\/?p=41317#primaryimage"},"thumbnailUrl":"https:\/\/wirtschaftlichefreiheit.de\/wordpress\/bilder\/pinoccio.png","datePublished":"2025-09-04T04:29:46+00:00","dateModified":"2026-01-01T08:15:23+00:00","author":{"@id":"https:\/\/wirtschaftlichefreiheit.de\/wordpress\/#\/schema\/person\/895fc9ef86d58054ceb81374ff591d79"},"breadcrumb":{"@id":"https:\/\/wirtschaftlichefreiheit.de\/wordpress\/?p=41317#breadcrumb"},"inLanguage":"de","potentialAction":[{"@type":"ReadAction","target":["https:\/\/wirtschaftlichefreiheit.de\/wordpress\/?p=41317"]}]},{"@type":"ImageObject","inLanguage":"de","@id":"https:\/\/wirtschaftlichefreiheit.de\/wordpress\/?p=41317#primaryimage","url":"https:\/\/wirtschaftlichefreiheit.de\/wordpress\/bilder\/pinoccio.png","contentUrl":"https:\/\/wirtschaftlichefreiheit.de\/wordpress\/bilder\/pinoccio.png","width":1949,"height":1299},{"@type":"BreadcrumbList","@id":"https:\/\/wirtschaftlichefreiheit.de\/wordpress\/?p=41317#breadcrumb","itemListElement":[{"@type":"ListItem","position":1,"name":"Startseite","item":"https:\/\/wirtschaftlichefreiheit.de\/wordpress"},{"@type":"ListItem","position":2,"name":"Gastbeitrag Es war einmal Beeinflussen historische Werte und Normen die langfristige wirtschaftliche Entwicklung?"}]},{"@type":"WebSite","@id":"https:\/\/wirtschaftlichefreiheit.de\/wordpress\/#website","url":"https:\/\/wirtschaftlichefreiheit.de\/wordpress\/","name":"Wirtschaftliche Freiheit","description":"Das ordnungspolitische Journal","potentialAction":[{"@type":"SearchAction","target":{"@type":"EntryPoint","urlTemplate":"https:\/\/wirtschaftlichefreiheit.de\/wordpress\/?s={search_term_string}"},"query-input":{"@type":"PropertyValueSpecification","valueRequired":true,"valueName":"search_term_string"}}],"inLanguage":"de"},{"@type":"Person","@id":"https:\/\/wirtschaftlichefreiheit.de\/wordpress\/#\/schema\/person\/895fc9ef86d58054ceb81374ff591d79","name":"Stefan Voigt","image":{"@type":"ImageObject","inLanguage":"de","@id":"https:\/\/wirtschaftlichefreiheit.de\/wordpress\/bilder\/voigt-scaled.jpg","url":"https:\/\/wirtschaftlichefreiheit.de\/wordpress\/bilder\/voigt-scaled.jpg","contentUrl":"https:\/\/wirtschaftlichefreiheit.de\/wordpress\/bilder\/voigt-scaled.jpg","caption":"Stefan Voigt"},"description":"Universit\u00e4t Hamburg","url":"https:\/\/wirtschaftlichefreiheit.de\/wordpress\/?author=492"}]}},"_links":{"self":[{"href":"https:\/\/wirtschaftlichefreiheit.de\/wordpress\/index.php?rest_route=\/wp\/v2\/posts\/41317","targetHints":{"allow":["GET"]}}],"collection":[{"href":"https:\/\/wirtschaftlichefreiheit.de\/wordpress\/index.php?rest_route=\/wp\/v2\/posts"}],"about":[{"href":"https:\/\/wirtschaftlichefreiheit.de\/wordpress\/index.php?rest_route=\/wp\/v2\/types\/post"}],"author":[{"embeddable":true,"href":"https:\/\/wirtschaftlichefreiheit.de\/wordpress\/index.php?rest_route=\/wp\/v2\/users\/492"}],"replies":[{"embeddable":true,"href":"https:\/\/wirtschaftlichefreiheit.de\/wordpress\/index.php?rest_route=%2Fwp%2Fv2%2Fcomments&post=41317"}],"version-history":[{"count":4,"href":"https:\/\/wirtschaftlichefreiheit.de\/wordpress\/index.php?rest_route=\/wp\/v2\/posts\/41317\/revisions"}],"predecessor-version":[{"id":41322,"href":"https:\/\/wirtschaftlichefreiheit.de\/wordpress\/index.php?rest_route=\/wp\/v2\/posts\/41317\/revisions\/41322"}],"wp:featuredmedia":[{"embeddable":true,"href":"https:\/\/wirtschaftlichefreiheit.de\/wordpress\/index.php?rest_route=\/wp\/v2\/media\/41318"}],"wp:attachment":[{"href":"https:\/\/wirtschaftlichefreiheit.de\/wordpress\/index.php?rest_route=%2Fwp%2Fv2%2Fmedia&parent=41317"}],"wp:term":[{"taxonomy":"category","embeddable":true,"href":"https:\/\/wirtschaftlichefreiheit.de\/wordpress\/index.php?rest_route=%2Fwp%2Fv2%2Fcategories&post=41317"},{"taxonomy":"post_tag","embeddable":true,"href":"https:\/\/wirtschaftlichefreiheit.de\/wordpress\/index.php?rest_route=%2Fwp%2Fv2%2Ftags&post=41317"}],"curies":[{"name":"wp","href":"https:\/\/api.w.org\/{rel}","templated":true}]}}