{"id":41416,"date":"2025-09-15T00:13:00","date_gmt":"2025-09-14T23:13:00","guid":{"rendered":"https:\/\/wirtschaftlichefreiheit.de\/wordpress\/?p=41416"},"modified":"2026-05-01T06:27:54","modified_gmt":"2026-05-01T05:27:54","slug":"der-standort-deutschland-faellt-zurueck-woran-liegt-das-und-was-ist-die-loesung","status":"publish","type":"post","link":"https:\/\/wirtschaftlichefreiheit.de\/wordpress\/?p=41416","title":{"rendered":"Der Standort Deutschland f\u00e4llt zur\u00fcck <br><b>Woran liegt das? Und was ist die L\u00f6sung? <\/b>"},"content":{"rendered":"\n<p>Ein wuchernder Staat hat die deutsche Wirtschaft tr\u00e4ge gemacht und ihre Wettbewerbsf\u00e4higkeit unterwandert. Marktwirtschaftliche Reformen sind \u00fcberf\u00e4llig.<\/p>\n\n\n\n<p>1. <strong>Wachsende Herausforderungen und sinkende Leistungsf\u00e4higkeit<\/strong><\/p>\n\n\n\n<p>Es d\u00fcrfte wenigen verborgen geblieben sein, dass der Standort Deutschland rasant an Attraktivit\u00e4t verloren hat. Seit 2019 kommt das Bruttoinlandsprodukt nicht mehr vom Fleck und die Industrieproduktion sinkt (siehe Abbildung 1). Auch f\u00fcr die Zukunft ist keine Besserung in Sicht. Der neue Index f\u00fcr die Gesamtwirtschaft, der die wirtschaftliche Entwicklung ohne den staatlichen Sektor (\u00f6ffentliche Verwaltung, Gesund und Bildung) erfasst, ist hinter dem Bruttoinlandsprodukt zur\u00fcckgeblieben.<\/p>\n\n\n\n<figure class=\"wp-block-image size-large\"><img loading=\"lazy\" decoding=\"async\" width=\"1024\" height=\"751\" src=\"https:\/\/wirtschaftlichefreiheit.de\/wordpress\/bilder\/schnablstandort1-1024x751.png\" alt=\"\" class=\"wp-image-41423\" srcset=\"https:\/\/wirtschaftlichefreiheit.de\/wordpress\/bilder\/schnablstandort1-1024x751.png 1024w, https:\/\/wirtschaftlichefreiheit.de\/wordpress\/bilder\/schnablstandort1-300x220.png 300w, https:\/\/wirtschaftlichefreiheit.de\/wordpress\/bilder\/schnablstandort1-768x563.png 768w, https:\/\/wirtschaftlichefreiheit.de\/wordpress\/bilder\/schnablstandort1-1536x1127.png 1536w, https:\/\/wirtschaftlichefreiheit.de\/wordpress\/bilder\/schnablstandort1-2048x1502.png 2048w\" sizes=\"auto, (max-width: 767px) 89vw, (max-width: 1000px) 54vw, (max-width: 1071px) 543px, 580px\" \/><\/figure>\n\n\n\n<p>Mit einer fallenden Industrieproduktion, einer alternden Gesellschaft, einer maroden Infrastruktur, einer mangelnden Verteidigungsbereitschaft und einem aufgebl\u00e4hten Staatsapparat ist Deutschland unvorbereitet f\u00fcr die Herausforderungen der k\u00fcnstlichen Intelligenz, welche viele Arbeitspl\u00e4tze \u00fcberfl\u00fcssig machen wird.<\/p>\n\n\n\n<p>Mit Russlands Ukrainekrieg und der US-amerikanischen Zollpolitik ergeben sich zus\u00e4tzliche Lasten aus geopolitischen und geo\u00f6konomischen Spannungen. Was sind die Gr\u00fcnde f\u00fcr die wirtschaftliche Schw\u00e4che in einer Zeit, wo man diese wirklich nicht gebrauchen kann? Und was kann die Regierung in Berlin besser machen? Eine Ursachenanalyse ist die Grundlage f\u00fcr die richtige Therapie.<\/p>\n\n\n\n<p>2. <strong>Eine marode Infrastruktur und ein erodierendes Bildungssystem<\/strong><\/p>\n\n\n\n<p>Es ist weithin bekannt, dass die Verkehrsinfrastruktur in Deutschland nicht mehr die beste ist. Die physische Infrastruktur (Stra\u00dfen, Br\u00fccken, Bahnverkehr) ist marode, so dass Deutschland von seinem Spitzenplatz zur\u00fcckf\u00e4llt. Viele St\u00e4dte wirken runtergekommen, weil die Pflichtausgaben f\u00fcr Soziales den Kommunen keinen Raum mehr f\u00fcr Stadtpflege lassen.<\/p>\n\n\n\n<p>Die digitale Infrastruktur ist in Deutschland im Vergleich zu vielen anderen Industriel\u00e4ndern unterentwickelt. Die Regulierung der K\u00fcnstlichen Intelligenz durch den EU KI Act l\u00e4sst ein weiteres Wettbewerbshindernis erwarten. Aufgrund einer verfehlten Klimapolitik ist der Strompreis im internationalen Vergleich hoch, was zum Wettbewerbsproblem f\u00fcr die gesamte Industrie geworden ist.<\/p>\n\n\n\n<p>Auch die Bildung erodiert, obwohl diese f\u00fcr Deutschlands als rohstoffarmes Land das wichtigste Kapital ist. Die Anforderungen an den Schulen werden stetig zur\u00fcckgenommen, so dass die Ergebnisse bei den PISA-Tests stark abgefallen sind. Das Hochschulsystem, f\u00fcr das es keine Pisa-Tests gibt, k\u00f6nnte bei genauem Hinsehen \u00e4hnliche Defizite aufweisen. Die deutliche Ausweitung der Studienpl\u00e4tze seit 2007 um rund eine Million ist mit dem R\u00fcckgang der Anzahl der Lehrlinge einher gegangen, was ein Problem f\u00fcr die Klein- und Mittelunternehmen geworden ist.<\/p>\n\n\n\n<p>3. <strong>Ein wachsender, aber unproduktiver Staat<\/strong><\/p>\n\n\n\n<p>Seit der Jahrtausendwende ist der deutsche Staat stark gewachsen. Die Staatsquote liegt bei knapp 50 Prozent des Bruttoinlandsprodukts. Der Anteil der Erwerbst\u00e4tigen im \u00f6ffentlichen Sektor hat sich stetig erh\u00f6ht (siehe Abbildung 2), obwohl die Erwerbst\u00e4tigen im privaten Sektor deutlich produktiver sind.<\/p>\n\n\n\n<figure class=\"wp-block-image size-large\"><img loading=\"lazy\" decoding=\"async\" width=\"1024\" height=\"752\" src=\"https:\/\/wirtschaftlichefreiheit.de\/wordpress\/bilder\/schnablstandort2-1024x752.png\" alt=\"\" class=\"wp-image-41422\" srcset=\"https:\/\/wirtschaftlichefreiheit.de\/wordpress\/bilder\/schnablstandort2-1024x752.png 1024w, https:\/\/wirtschaftlichefreiheit.de\/wordpress\/bilder\/schnablstandort2-300x220.png 300w, https:\/\/wirtschaftlichefreiheit.de\/wordpress\/bilder\/schnablstandort2-768x564.png 768w, https:\/\/wirtschaftlichefreiheit.de\/wordpress\/bilder\/schnablstandort2-1536x1127.png 1536w, https:\/\/wirtschaftlichefreiheit.de\/wordpress\/bilder\/schnablstandort2-2048x1503.png 2048w\" sizes=\"auto, (max-width: 767px) 89vw, (max-width: 1000px) 54vw, (max-width: 1071px) 543px, 580px\" \/><\/figure>\n\n\n\n<p>Zwar kann der Staat durch die Bereitstellung \u00f6ffentlicher G\u00fcter wie einem verl\u00e4sslichen Rechtsrahmen und innere Sicherheit die Wirtschaftsleistung erh\u00f6hen. Doch kann er auch durch \u00fcberm\u00e4\u00dfige Umverteilung und Regulierung das Wachstum sch\u00e4digen, da dann Leistungsanreize schwinden. Je finanzkr\u00e4ftiger der Staat, desto mehr richten Unternehmen ihre Aktivit\u00e4t auf die Erlangung von Subventionen und von f\u00fcr sie vorteilhaften Regulierungen aus. Kein Wunder also, dass die deutsche Wirtschaft tr\u00e4ge geworden ist.&nbsp;<\/p>\n\n\n\n<p>Seit der Jahrtausendwende hat die soziale Sicherung Infrastruktur und Verteidigung als Staatsaufgaben zunehmend verdr\u00e4ngt. Hohe Steuer- und Abgabenlasten sowie meist von der Europ\u00e4ischen Union ausgehende Regulierungen bremsen das Wachstum aus. Die EU will im Rahmen der sogenannten Taxonomie alle Unternehmen nach Umwelt- und Klimakriterien klassifizieren und danach Kredite vergeben. Das klingt wie Planwirtschaft, die bekannterweise gescheitert ist.<\/p>\n\n\n\n<p>Das Kapital und die Leistungstr\u00e4ger wandern inzwischen zunehmend ab. Seit der Jahrtausendwende hat das Nettoauslandsverm\u00f6gen als Ergebnis persistent hoher Kapitalabfl\u00fcsse stetig auf zuletzt rund 3.500 Milliarden Euro zugenommen. Seit 2005 sind netto gut eine Million deutsche Staatsb\u00fcrger ausgewandert, die in Zeiten des Arbeitskr\u00e4ftemangels der deutschen Wirtschaft fehlen. Gleichzeitig hat sich die Zuwanderung in die Sozialsysteme beschleunigt, was hohe Kosten verursacht hat.<\/p>\n\n\n\n<p>4. <strong>Makro\u00f6konomische Ursachen f\u00fcr den Wettbewerbsverlust<\/strong><\/p>\n\n\n\n<p>Das Wachstum des unproduktiven Staates geht auf eine Lockerung der Budgetrestriktion durch die Europ\u00e4ische Zentralbank zur\u00fcck. Deren lange sehr expansive Geldpolitik hat u.a. durch umfangreiche Staatsanleihek\u00e4ufe einen deutlichen Anstieg der Staatseinnahmen bewirkt, von 1091 Milliarden Euro im Jahr 2007 auf 1713 Milliarden Euro im Jahr 2021. Bei der resultierenden Ausweitung der Sozialausgaben haben die Regierungen das Investieren vergessen.<\/p>\n\n\n\n<p>Dauerhaft niedrige Zinsen und steil steigende staatlichen Subventionen haben den Druck auf Unternehmen reduziert, Effizienzgewinne und Innovationen voranzubringen. Die Produktivit\u00e4tsgewinne gingen zur\u00fcck. Manche sagen, dass die Unternehmen am Tropf des Staates zombifiziert sind. Die expansive Geld- und Finanzpolitik hatte Verteilungseffekte zugunsten gro\u00dfer Unternehmen und Verwaltungszentren, was einen Keil in die Gesellschaft getrieben hat.<\/p>\n\n\n\n<p>Die Erosion der internationalen Wettbewerbsf\u00e4higkeit der deutschen Wirtschaft hat den Umweg \u00fcber die Arbeitsm\u00e4rkte genommen. Der Staat hat durch den Ausbau der sozialen Sicherung das Angebot auf dem Arbeitsmarkt verknappt. Mit dem immensen Ausbau der Besch\u00e4ftigung im \u00f6ffentlichen Sektor (\u00f6ffentliche Verwaltung, Bildung, Gesundheit) \u2013 plus 2,8 Millionen seit 2008! \u2013 hat er die Nachfrage am Arbeitsmarkt erh\u00f6ht. Das Ergebnis ist ein Fach- und Arbeitskr\u00e4ftemangel, der die Lohnst\u00fcckkosten nach oben getrieben hat.<\/p>\n\n\n\n<p>5. <strong>Wirtschaftspolitische Empfehlungen<\/strong><\/p>\n\n\n\n<p>Es wird immer wieder im geopolitischen Wettbewerb mit den USA, China und Russland ein starkes Europa gefordert. Deshalb ist es ein schlechter Plan, in der Wirtschaftsrechnung die Industrieproduktion durch mehr Besch\u00e4ftigte im \u00f6ffentlichen Sektor zu ersetzen, deren Beitrag zur Wirtschaftsleistung an der Grundlage ihrer Lohnkosten errechnet wird. Geopolitischer und geo\u00f6konomischer Einfluss begr\u00fcnden sich auf wirtschaftlicher St\u00e4rke, die nur durch wirtschaftliche Freiheit, also durch weniger \u2013 und nicht mehr! \u2013 Staat zu erreichen ist.<\/p>\n\n\n\n<p>Bis zur Jahrtausendwende hat eine marktwirtschaftliche Ordnung in Deutschland ausreichend Ressourcen geschaffen, um den Sozialstaat, die Verteidigung und eine gute Infrastruktur auch ohne ausufernde Schulden und Inflation zu finanzieren. Eine wettbewerbsorientierte Marktwirtschaft mit einem schlanken Staat machte einst Deutschland zu einer Weltwirtschaftsmacht, die Europa wirtschaftlich und politisch stabilisiert hat.<\/p>\n\n\n\n<p>Es braucht eine stabilit\u00e4tsorientierte Geldpolitik der Europ\u00e4ischen Zentralbank, deutliche Ausgabenk\u00fcrzungen des deutschen Staates (statt neuer Schulden) sowie eine umfassende Deregulierung der EU, die den Unternehmen in Deutschland wieder Luft f\u00fcr freie Entscheidungen und Eigenverantwortung gibt. Die Steuer- und Abgabenlast m\u00fcsste durch eine K\u00fcrzung des Staatskonsums sinken, um die Produktivit\u00e4tspotenziale von K\u00fcnstlicher Intelligenz zur Sicherung des Sozialstaates nutzen zu k\u00f6nnen.<\/p>\n\n\n\n<p><strong>Literatur<\/strong><\/p>\n\n\n\n<p>Duarte, Pablo \/ Gehringer, Agnieszka \/ Mayer, Thomas \/ Schnabl, Gunther 2025: <a href=\"https:\/\/www.flossbachvonstorch-researchinstitute.com\/de\/alle\/detail\/der-standort-deutschland-faellt-zurueck-ursachenanalyse-und-wirtschaftspolitische-empfehlungen\">Der Standort Deutschland f\u00e4llt zur\u00fcck \u2013 eine Ursachenanalyse und wirtschaftspolitische Empfehlungen.<\/a> <em>Flossbach von Storch Research Institute<\/em> 11.9.2025.<\/p>\n\n\n\n<p>Schnabl, Gunther 2024: Deutschlands fette Jahre sind vorbei. FinanzBuch Verlag, M\u00fcnchen.<\/p>\n<!-- AddThis Advanced Settings generic via filter on the_content --><!-- AddThis Share Buttons generic via filter on the_content --><!-- AddThis Related Posts generic via filter on the_content -->","protected":false},"excerpt":{"rendered":"<p>Ein wuchernder Staat hat die deutsche Wirtschaft tr\u00e4ge gemacht und ihre Wettbewerbsf\u00e4higkeit unterwandert. Marktwirtschaftliche Reformen sind \u00fcberf\u00e4llig.<!-- AddThis Advanced Settings generic via filter on wp_trim_excerpt --><!-- AddThis Share Buttons generic via filter on wp_trim_excerpt --><!-- AddThis Related Posts generic via filter on wp_trim_excerpt --><\/p>\n","protected":false},"author":47,"featured_media":41425,"comment_status":"open","ping_status":"open","sticky":false,"template":"","format":"standard","meta":{"footnotes":""},"categories":[2869],"tags":[2624,3765],"class_list":["post-41416","post","type-post","status-publish","format-standard","has-post-thumbnail","hentry","category-wirtschaftspolitisches","tag-schnabl","tag-standort-deutschland"],"yoast_head":"<!-- This site is optimized with the Yoast SEO plugin v27.2 - https:\/\/yoast.com\/product\/yoast-seo-wordpress\/ -->\n<title>Der Standort Deutschland f\u00e4llt zur\u00fcck Woran liegt das? Und was ist die L\u00f6sung?  - Wirtschaftliche Freiheit<\/title>\n<meta name=\"robots\" content=\"index, follow, max-snippet:-1, max-image-preview:large, max-video-preview:-1\" \/>\n<link rel=\"canonical\" href=\"https:\/\/wirtschaftlichefreiheit.de\/wordpress\/?p=41416\" \/>\n<meta property=\"og:locale\" content=\"de_DE\" \/>\n<meta property=\"og:type\" content=\"article\" \/>\n<meta property=\"og:title\" content=\"Der Standort Deutschland f\u00e4llt zur\u00fcck Woran liegt das? Und was ist die L\u00f6sung?  - Wirtschaftliche Freiheit\" \/>\n<meta property=\"og:description\" content=\"Ein wuchernder Staat hat die deutsche Wirtschaft tr\u00e4ge gemacht und ihre Wettbewerbsf\u00e4higkeit unterwandert. Marktwirtschaftliche Reformen sind \u00fcberf\u00e4llig.\" \/>\n<meta property=\"og:url\" content=\"https:\/\/wirtschaftlichefreiheit.de\/wordpress\/?p=41416\" \/>\n<meta property=\"og:site_name\" content=\"Wirtschaftliche Freiheit\" \/>\n<meta property=\"article:published_time\" content=\"2025-09-14T23:13:00+00:00\" \/>\n<meta property=\"article:modified_time\" content=\"2026-05-01T05:27:54+00:00\" \/>\n<meta property=\"og:image\" content=\"http:\/\/wirtschaftlichefreiheit.de\/wordpress\/bilder\/raindrops-1024x639.png\" \/>\n\t<meta property=\"og:image:width\" content=\"1024\" \/>\n\t<meta property=\"og:image:height\" content=\"639\" \/>\n\t<meta property=\"og:image:type\" content=\"image\/png\" \/>\n<meta name=\"author\" content=\"Gunther Schnabl\" \/>\n<meta name=\"twitter:card\" content=\"summary_large_image\" \/>\n<meta name=\"twitter:label1\" content=\"Verfasst von\" \/>\n\t<meta name=\"twitter:data1\" content=\"Gunther Schnabl\" \/>\n\t<meta name=\"twitter:label2\" content=\"Gesch\u00e4tzte Lesezeit\" \/>\n\t<meta name=\"twitter:data2\" content=\"7\u00a0Minuten\" \/>\n<script type=\"application\/ld+json\" class=\"yoast-schema-graph\">{\"@context\":\"https:\/\/schema.org\",\"@graph\":[{\"@type\":\"Article\",\"@id\":\"https:\/\/wirtschaftlichefreiheit.de\/wordpress\/?p=41416#article\",\"isPartOf\":{\"@id\":\"https:\/\/wirtschaftlichefreiheit.de\/wordpress\/?p=41416\"},\"author\":{\"name\":\"Gunther Schnabl\",\"@id\":\"https:\/\/wirtschaftlichefreiheit.de\/wordpress\/#\/schema\/person\/da7d116dbd3e72aa925469c8e58e9fd7\"},\"headline\":\"Der Standort Deutschland f\u00e4llt zur\u00fcck Woran liegt das? Und was ist die L\u00f6sung?\",\"datePublished\":\"2025-09-14T23:13:00+00:00\",\"dateModified\":\"2026-05-01T05:27:54+00:00\",\"mainEntityOfPage\":{\"@id\":\"https:\/\/wirtschaftlichefreiheit.de\/wordpress\/?p=41416\"},\"wordCount\":1074,\"commentCount\":0,\"image\":{\"@id\":\"https:\/\/wirtschaftlichefreiheit.de\/wordpress\/?p=41416#primaryimage\"},\"thumbnailUrl\":\"https:\/\/wirtschaftlichefreiheit.de\/wordpress\/bilder\/raindrops.png\",\"keywords\":[\"Schnabl\",\"Standort Deutschland\"],\"articleSection\":[\"Wirtschaftspolitisches\"],\"inLanguage\":\"de\",\"potentialAction\":[{\"@type\":\"CommentAction\",\"name\":\"Comment\",\"target\":[\"https:\/\/wirtschaftlichefreiheit.de\/wordpress\/?p=41416#respond\"]}]},{\"@type\":\"WebPage\",\"@id\":\"https:\/\/wirtschaftlichefreiheit.de\/wordpress\/?p=41416\",\"url\":\"https:\/\/wirtschaftlichefreiheit.de\/wordpress\/?p=41416\",\"name\":\"Der Standort Deutschland f\u00e4llt zur\u00fcck Woran liegt das? Und was ist die L\u00f6sung? - Wirtschaftliche Freiheit\",\"isPartOf\":{\"@id\":\"https:\/\/wirtschaftlichefreiheit.de\/wordpress\/#website\"},\"primaryImageOfPage\":{\"@id\":\"https:\/\/wirtschaftlichefreiheit.de\/wordpress\/?p=41416#primaryimage\"},\"image\":{\"@id\":\"https:\/\/wirtschaftlichefreiheit.de\/wordpress\/?p=41416#primaryimage\"},\"thumbnailUrl\":\"https:\/\/wirtschaftlichefreiheit.de\/wordpress\/bilder\/raindrops.png\",\"datePublished\":\"2025-09-14T23:13:00+00:00\",\"dateModified\":\"2026-05-01T05:27:54+00:00\",\"author\":{\"@id\":\"https:\/\/wirtschaftlichefreiheit.de\/wordpress\/#\/schema\/person\/da7d116dbd3e72aa925469c8e58e9fd7\"},\"breadcrumb\":{\"@id\":\"https:\/\/wirtschaftlichefreiheit.de\/wordpress\/?p=41416#breadcrumb\"},\"inLanguage\":\"de\",\"potentialAction\":[{\"@type\":\"ReadAction\",\"target\":[\"https:\/\/wirtschaftlichefreiheit.de\/wordpress\/?p=41416\"]}]},{\"@type\":\"ImageObject\",\"inLanguage\":\"de\",\"@id\":\"https:\/\/wirtschaftlichefreiheit.de\/wordpress\/?p=41416#primaryimage\",\"url\":\"https:\/\/wirtschaftlichefreiheit.de\/wordpress\/bilder\/raindrops.png\",\"contentUrl\":\"https:\/\/wirtschaftlichefreiheit.de\/wordpress\/bilder\/raindrops.png\",\"width\":2084,\"height\":1300},{\"@type\":\"BreadcrumbList\",\"@id\":\"https:\/\/wirtschaftlichefreiheit.de\/wordpress\/?p=41416#breadcrumb\",\"itemListElement\":[{\"@type\":\"ListItem\",\"position\":1,\"name\":\"Startseite\",\"item\":\"https:\/\/wirtschaftlichefreiheit.de\/wordpress\"},{\"@type\":\"ListItem\",\"position\":2,\"name\":\"Der Standort Deutschland f\u00e4llt zur\u00fcck Woran liegt das? Und was ist die L\u00f6sung?\"}]},{\"@type\":\"WebSite\",\"@id\":\"https:\/\/wirtschaftlichefreiheit.de\/wordpress\/#website\",\"url\":\"https:\/\/wirtschaftlichefreiheit.de\/wordpress\/\",\"name\":\"Wirtschaftliche Freiheit\",\"description\":\"Das ordnungspolitische Journal\",\"potentialAction\":[{\"@type\":\"SearchAction\",\"target\":{\"@type\":\"EntryPoint\",\"urlTemplate\":\"https:\/\/wirtschaftlichefreiheit.de\/wordpress\/?s={search_term_string}\"},\"query-input\":{\"@type\":\"PropertyValueSpecification\",\"valueRequired\":true,\"valueName\":\"search_term_string\"}}],\"inLanguage\":\"de\"},{\"@type\":\"Person\",\"@id\":\"https:\/\/wirtschaftlichefreiheit.de\/wordpress\/#\/schema\/person\/da7d116dbd3e72aa925469c8e58e9fd7\",\"name\":\"Gunther Schnabl\",\"image\":{\"@type\":\"ImageObject\",\"inLanguage\":\"de\",\"@id\":\"https:\/\/wirtschaftlichefreiheit.de\/wordpress\/bilder\/schnabl1234.jpg\",\"url\":\"https:\/\/wirtschaftlichefreiheit.de\/wordpress\/bilder\/schnabl1234.jpg\",\"contentUrl\":\"https:\/\/wirtschaftlichefreiheit.de\/wordpress\/bilder\/schnabl1234.jpg\",\"caption\":\"Gunther Schnabl\"},\"description\":\"Flossbach von Storch Research Institute\",\"url\":\"https:\/\/wirtschaftlichefreiheit.de\/wordpress\/?author=47\"}]}<\/script>\n<!-- \/ Yoast SEO plugin. -->","yoast_head_json":{"title":"Der Standort Deutschland f\u00e4llt zur\u00fcck Woran liegt das? Und was ist die L\u00f6sung?  - Wirtschaftliche Freiheit","robots":{"index":"index","follow":"follow","max-snippet":"max-snippet:-1","max-image-preview":"max-image-preview:large","max-video-preview":"max-video-preview:-1"},"canonical":"https:\/\/wirtschaftlichefreiheit.de\/wordpress\/?p=41416","og_locale":"de_DE","og_type":"article","og_title":"Der Standort Deutschland f\u00e4llt zur\u00fcck Woran liegt das? Und was ist die L\u00f6sung?  - Wirtschaftliche Freiheit","og_description":"Ein wuchernder Staat hat die deutsche Wirtschaft tr\u00e4ge gemacht und ihre Wettbewerbsf\u00e4higkeit unterwandert. Marktwirtschaftliche Reformen sind \u00fcberf\u00e4llig.","og_url":"https:\/\/wirtschaftlichefreiheit.de\/wordpress\/?p=41416","og_site_name":"Wirtschaftliche Freiheit","article_published_time":"2025-09-14T23:13:00+00:00","article_modified_time":"2026-05-01T05:27:54+00:00","og_image":[{"width":1024,"height":639,"url":"http:\/\/wirtschaftlichefreiheit.de\/wordpress\/bilder\/raindrops-1024x639.png","type":"image\/png"}],"author":"Gunther Schnabl","twitter_card":"summary_large_image","twitter_misc":{"Verfasst von":"Gunther Schnabl","Gesch\u00e4tzte Lesezeit":"7\u00a0Minuten"},"schema":{"@context":"https:\/\/schema.org","@graph":[{"@type":"Article","@id":"https:\/\/wirtschaftlichefreiheit.de\/wordpress\/?p=41416#article","isPartOf":{"@id":"https:\/\/wirtschaftlichefreiheit.de\/wordpress\/?p=41416"},"author":{"name":"Gunther Schnabl","@id":"https:\/\/wirtschaftlichefreiheit.de\/wordpress\/#\/schema\/person\/da7d116dbd3e72aa925469c8e58e9fd7"},"headline":"Der Standort Deutschland f\u00e4llt zur\u00fcck Woran liegt das? Und was ist die L\u00f6sung?","datePublished":"2025-09-14T23:13:00+00:00","dateModified":"2026-05-01T05:27:54+00:00","mainEntityOfPage":{"@id":"https:\/\/wirtschaftlichefreiheit.de\/wordpress\/?p=41416"},"wordCount":1074,"commentCount":0,"image":{"@id":"https:\/\/wirtschaftlichefreiheit.de\/wordpress\/?p=41416#primaryimage"},"thumbnailUrl":"https:\/\/wirtschaftlichefreiheit.de\/wordpress\/bilder\/raindrops.png","keywords":["Schnabl","Standort Deutschland"],"articleSection":["Wirtschaftspolitisches"],"inLanguage":"de","potentialAction":[{"@type":"CommentAction","name":"Comment","target":["https:\/\/wirtschaftlichefreiheit.de\/wordpress\/?p=41416#respond"]}]},{"@type":"WebPage","@id":"https:\/\/wirtschaftlichefreiheit.de\/wordpress\/?p=41416","url":"https:\/\/wirtschaftlichefreiheit.de\/wordpress\/?p=41416","name":"Der Standort Deutschland f\u00e4llt zur\u00fcck Woran liegt das? Und was ist die L\u00f6sung? - Wirtschaftliche Freiheit","isPartOf":{"@id":"https:\/\/wirtschaftlichefreiheit.de\/wordpress\/#website"},"primaryImageOfPage":{"@id":"https:\/\/wirtschaftlichefreiheit.de\/wordpress\/?p=41416#primaryimage"},"image":{"@id":"https:\/\/wirtschaftlichefreiheit.de\/wordpress\/?p=41416#primaryimage"},"thumbnailUrl":"https:\/\/wirtschaftlichefreiheit.de\/wordpress\/bilder\/raindrops.png","datePublished":"2025-09-14T23:13:00+00:00","dateModified":"2026-05-01T05:27:54+00:00","author":{"@id":"https:\/\/wirtschaftlichefreiheit.de\/wordpress\/#\/schema\/person\/da7d116dbd3e72aa925469c8e58e9fd7"},"breadcrumb":{"@id":"https:\/\/wirtschaftlichefreiheit.de\/wordpress\/?p=41416#breadcrumb"},"inLanguage":"de","potentialAction":[{"@type":"ReadAction","target":["https:\/\/wirtschaftlichefreiheit.de\/wordpress\/?p=41416"]}]},{"@type":"ImageObject","inLanguage":"de","@id":"https:\/\/wirtschaftlichefreiheit.de\/wordpress\/?p=41416#primaryimage","url":"https:\/\/wirtschaftlichefreiheit.de\/wordpress\/bilder\/raindrops.png","contentUrl":"https:\/\/wirtschaftlichefreiheit.de\/wordpress\/bilder\/raindrops.png","width":2084,"height":1300},{"@type":"BreadcrumbList","@id":"https:\/\/wirtschaftlichefreiheit.de\/wordpress\/?p=41416#breadcrumb","itemListElement":[{"@type":"ListItem","position":1,"name":"Startseite","item":"https:\/\/wirtschaftlichefreiheit.de\/wordpress"},{"@type":"ListItem","position":2,"name":"Der Standort Deutschland f\u00e4llt zur\u00fcck Woran liegt das? Und was ist die L\u00f6sung?"}]},{"@type":"WebSite","@id":"https:\/\/wirtschaftlichefreiheit.de\/wordpress\/#website","url":"https:\/\/wirtschaftlichefreiheit.de\/wordpress\/","name":"Wirtschaftliche Freiheit","description":"Das ordnungspolitische Journal","potentialAction":[{"@type":"SearchAction","target":{"@type":"EntryPoint","urlTemplate":"https:\/\/wirtschaftlichefreiheit.de\/wordpress\/?s={search_term_string}"},"query-input":{"@type":"PropertyValueSpecification","valueRequired":true,"valueName":"search_term_string"}}],"inLanguage":"de"},{"@type":"Person","@id":"https:\/\/wirtschaftlichefreiheit.de\/wordpress\/#\/schema\/person\/da7d116dbd3e72aa925469c8e58e9fd7","name":"Gunther Schnabl","image":{"@type":"ImageObject","inLanguage":"de","@id":"https:\/\/wirtschaftlichefreiheit.de\/wordpress\/bilder\/schnabl1234.jpg","url":"https:\/\/wirtschaftlichefreiheit.de\/wordpress\/bilder\/schnabl1234.jpg","contentUrl":"https:\/\/wirtschaftlichefreiheit.de\/wordpress\/bilder\/schnabl1234.jpg","caption":"Gunther Schnabl"},"description":"Flossbach von Storch Research Institute","url":"https:\/\/wirtschaftlichefreiheit.de\/wordpress\/?author=47"}]}},"_links":{"self":[{"href":"https:\/\/wirtschaftlichefreiheit.de\/wordpress\/index.php?rest_route=\/wp\/v2\/posts\/41416","targetHints":{"allow":["GET"]}}],"collection":[{"href":"https:\/\/wirtschaftlichefreiheit.de\/wordpress\/index.php?rest_route=\/wp\/v2\/posts"}],"about":[{"href":"https:\/\/wirtschaftlichefreiheit.de\/wordpress\/index.php?rest_route=\/wp\/v2\/types\/post"}],"author":[{"embeddable":true,"href":"https:\/\/wirtschaftlichefreiheit.de\/wordpress\/index.php?rest_route=\/wp\/v2\/users\/47"}],"replies":[{"embeddable":true,"href":"https:\/\/wirtschaftlichefreiheit.de\/wordpress\/index.php?rest_route=%2Fwp%2Fv2%2Fcomments&post=41416"}],"version-history":[{"count":7,"href":"https:\/\/wirtschaftlichefreiheit.de\/wordpress\/index.php?rest_route=\/wp\/v2\/posts\/41416\/revisions"}],"predecessor-version":[{"id":41432,"href":"https:\/\/wirtschaftlichefreiheit.de\/wordpress\/index.php?rest_route=\/wp\/v2\/posts\/41416\/revisions\/41432"}],"wp:featuredmedia":[{"embeddable":true,"href":"https:\/\/wirtschaftlichefreiheit.de\/wordpress\/index.php?rest_route=\/wp\/v2\/media\/41425"}],"wp:attachment":[{"href":"https:\/\/wirtschaftlichefreiheit.de\/wordpress\/index.php?rest_route=%2Fwp%2Fv2%2Fmedia&parent=41416"}],"wp:term":[{"taxonomy":"category","embeddable":true,"href":"https:\/\/wirtschaftlichefreiheit.de\/wordpress\/index.php?rest_route=%2Fwp%2Fv2%2Fcategories&post=41416"},{"taxonomy":"post_tag","embeddable":true,"href":"https:\/\/wirtschaftlichefreiheit.de\/wordpress\/index.php?rest_route=%2Fwp%2Fv2%2Ftags&post=41416"}],"curies":[{"name":"wp","href":"https:\/\/api.w.org\/{rel}","templated":true}]}}