{"id":41433,"date":"2025-09-17T00:29:00","date_gmt":"2025-09-16T23:29:00","guid":{"rendered":"https:\/\/wirtschaftlichefreiheit.de\/wordpress\/?p=41433"},"modified":"2025-09-18T13:20:58","modified_gmt":"2025-09-18T12:20:58","slug":"ohne-bremsen-in-die-schulden-wohin-fuehrt-die-naechste-grundgesetzaenderung","status":"publish","type":"post","link":"https:\/\/wirtschaftlichefreiheit.de\/wordpress\/?p=41433","title":{"rendered":"Ohne Bremsen in die Schulden <br><b>Wohin f\u00fchrt die n\u00e4chste Grundgesetz\u00e4nderung? <\/b>"},"content":{"rendered":"\n<p><em>Kann beim gerade angesto\u00dfenen Prozess zur Reform der Schuldenbremse ein sinnvolles Ergebnis herauskommen? Weder die Zusammensetzung der Expertenkommission noch die politische Konstellation lassen Gutes erwarten.<\/em><\/p>\n\n\n\n<p>Die Kommission zur Reform der Schuldenbremse hat ihre Arbeit aufgenommen. Aber wozu eigentlich? Ist die Schuldenbremse nicht schon l\u00e4ngst ausgehebelt? Ja und nein. Das Infrastruktur-Sonderverm\u00f6gen steht begrenzt zur Verf\u00fcgung: Projekte k\u00f6nnen bis 2037 beschlossen werden, bis 2045 muss das Geld f\u00fcr die beschlossenen Projekte dann endg\u00fcltig abflie\u00dfen. Danach br\u00e4uchte es erneut eine Zweidrittelmehrheit, wenn man ein neues Sonderverm\u00f6gen beschlie\u00dfen wollte.<\/p>\n\n\n\n<p>Die \u00c4nderung von Art. 109 des Grundgesetzes dagegen ist permanent. Ohne zeitliche Begrenzung z\u00e4hlen Mittel, die f\u00fcr einen erweiterten Verteidigungsbegriff aufgewendet werden, nicht gegen die Schuldenbremse, soweit sie 1 Prozent des BIP \u00fcbersteigen. Damit ist diese \u00c4nderung eigentlich auch die schwerwiegendere, obwohl das Sonderverm\u00f6gen in den Medien viel breiter diskutiert wurde. Vielleicht war es einfach greifbarer, \u00fcber den konkreten, gro\u00dfen Betrag von 500 Mrd. zu sprechen.<\/p>\n\n\n\n<p>Es war ein geschickter Schachzug der Gegner der Schuldenbremse, diese Form der \u00c4nderung von Art. 109 durchzusetzen. Denn wenn es dabei bleibt, dann kann man mit dem erweiterten Verteidigungsbegriff bei Bedarf kreativ umgehen und sich zwar nicht unbegrenzte, aber doch einige weitere Verschuldungsspielr\u00e4ume verschaffen. Damit sichert man sich aber auch eine gewisse Verhandlungsbereitschaft \u00fcber eine Neuformulierung der Schuldenbremse bei deren Bef\u00fcrwortern. Denen muss Art. 109 in seiner aktuellen Form ein Dorn im Auge sein, so dass es zumindest ein Interesse an einer eleganteren, systematischeren L\u00f6sung geben d\u00fcrfte.<\/p>\n\n\n\n<p>So sitzt nun also eine Expertenkommission an Reformvorschl\u00e4gen. Schon an der personellen Besetzung merkt man: W\u00e4hrend es bei den Unions-Nominierungen um Kompetenz ging, steht ansonsten oft erkennbar die ideologische Linientreue im Vordergrund. Ob diese recht disparate Gruppe sich auf einen gemeinsamen Vorschlag einigen k\u00f6nnen wird, ist offen. Der Zeitplan ist eng gesteckt, die Politik will m\u00f6glichst im Fr\u00fchjahr 2026 ins Gesetzgebungsverfahren.<\/p>\n\n\n\n<p>Dieses Verfahren wiederum wird nicht ganz einfach zu navigieren sein, denn f\u00fcr die Zweidrittelmehrheit braucht es die Linke. Egal, was die Kommission beschlie\u00dft \u2013 es wird nur ein Aufschlag f\u00fcr die weiteren politischen Verhandlungen sein, die dann, Unvereinbarkeitsbeschluss der Union hin oder her, mit der Linken folgen werden.<\/p>\n\n\n\n<p>Sp\u00e4testens dort ist es dann schwierig zu sehen, wie ein Kompromiss mit Linken und SPD aussehen k\u00f6nnte, der f\u00fcr die Union nicht zu einem v\u00f6lligen Gesichtsverlust wird. Die Union hat ihre W\u00e4hler schon im Fr\u00fchjahr massiv entt\u00e4uscht, mit ihrer Zustimmung zu den damals hastig beschlossenen \u00c4nderungen des Grundgesetzes. Hier noch eine Schippe draufzulegen und eine dauerhafte, weitere Lockerung der Schuldenbremse zu beschlie\u00dfen, w\u00fcrde den Umfragewerten der Partei sicher nicht guttun. Ihre Glaubw\u00fcrdigkeit als wirtschaftspolitische Stabilit\u00e4ts- und Reformpartei w\u00e4re am Ende.<\/p>\n\n\n\n<p>Aber nicht nur das. Es ist jetzt schon abzusehen, dass die Koalition bei wachstumsf\u00f6rdernden, angebotspolitischen Reformen weit hinter den Erwartungen zur\u00fcckbleiben wird. Schon die jetzt angesto\u00dfene zus\u00e4tzliche Verschuldung wird sich bei diesem langsamen Reformtempo und weiterhin geringem BIP-Wachstum in einer hohen Staatsschuldenquote und hohen Zinslasten in zuk\u00fcnftigen Bundeshaushalten niederschlagen. Denn es fehlt nicht nur an strukturellen Reformen. Auch die Finanzierung wachstumsf\u00f6rdernder Ausgaben mit den neuen Schulden f\u00e4llt weitgehend aus.<\/p>\n\n\n\n<p>Studien von Bundesbank und ifo haben j\u00fcngst den gro\u00dfen Verschiebebahnhof nachgewiesen, mit dem die Koalition alte Investitionsausgaben ins Sonderverm\u00f6gen schiebt und die neu gewonnenen Spielr\u00e4ume vor allem f\u00fcr Konsum und Umverteilung nutzt. So wird es also auch nichts mit dem versprochenen Wachstumsimpuls. Die problematischen Entwicklungen, vor denen die durch polit-\u00f6konomische Forschung informierten Bef\u00fcrworter der Schuldenbremse lange gewarnt haben, treffen ein.<\/p>\n\n\n\n<p>Als die ausgesuchten \u00f6konomischen Berater im Fr\u00fchjahr w\u00e4hrend der Koalitionsverhandlungen den Schliff der Schuldenbremse bef\u00fcrwortet hatten und genau diese Einw\u00e4nde ignorierten, konnte man ihnen vielleicht noch Naivit\u00e4t zugutehalten. So wohlwollend wird man die Arbeit der Expertenkommission aber nicht mehr beurteilen k\u00f6nnen, falls diese nun, in Kenntnis der j\u00fcngsten Erfahrungen, \u00e4hnliche Fehler wiederholt.<\/p>\n\n\n\n<p>Angesichts der politischen Konstellation ist eine Zweidrittelmehrheit f\u00fcr eine sinnvolle Reform der Schuldenbremse jedenfalls so gut wie ausgeschlossen. Unter diesen Umst\u00e4nden kann man den Unionsmitgliedern in der Kommission nur raten, prinzipienfest zu bleiben und sich auf keine faulen Kompromisse einzulassen. Und f\u00fcr die Union kann man nur hoffen, dass diese zwar mit gutem Willen verhandelt, aber am Ende lieber mit dem Status Quo leben wird, als ihre finanzpolitische Rest-Reputation einer faulen Zweidrittelmehrheit zu opfern.<\/p>\n\n\n\n<p><strong>Blog-Beitr\u00e4ge zum Thema:<\/strong><\/p>\n\n\n\n<p>J\u00f6rg K\u00f6nig (Stiftung Marktwirtschaft, 2025): <a href=\"https:\/\/wirtschaftlichefreiheit.de\/wordpress\/?p=41393\">Sollte die Schuldenbremse \u201emodernisiert\u201c werden?<\/a><\/p>\n<!-- AddThis Advanced Settings generic via filter on the_content --><!-- AddThis Share Buttons generic via filter on the_content --><!-- AddThis Related Posts generic via filter on the_content -->","protected":false},"excerpt":{"rendered":"<p>Kann beim gerade angesto\u00dfenen Prozess zur Reform der Schuldenbremse ein sinnvolles Ergebnis herauskommen? Weder die Zusammensetzung der Expertenkommission noch die politische Konstellation lassen Gutes erwarten.<!-- AddThis Advanced Settings generic via filter on wp_trim_excerpt --><!-- AddThis Share Buttons generic via filter on wp_trim_excerpt --><!-- AddThis Related Posts generic via filter on wp_trim_excerpt --><\/p>\n","protected":false},"author":37,"featured_media":41435,"comment_status":"open","ping_status":"open","sticky":false,"template":"","format":"standard","meta":{"footnotes":""},"categories":[10],"tags":[738,153],"class_list":["post-41433","post","type-post","status-publish","format-standard","has-post-thumbnail","hentry","category-fiskalisches","tag-schnellenbach","tag-schuldenbremse"],"yoast_head":"<!-- This site is optimized with the Yoast SEO plugin v27.2 - https:\/\/yoast.com\/product\/yoast-seo-wordpress\/ -->\n<title>Ohne Bremsen in die Schulden Wohin f\u00fchrt die n\u00e4chste Grundgesetz\u00e4nderung?  - Wirtschaftliche Freiheit<\/title>\n<meta name=\"robots\" content=\"index, follow, max-snippet:-1, max-image-preview:large, max-video-preview:-1\" \/>\n<link rel=\"canonical\" href=\"https:\/\/wirtschaftlichefreiheit.de\/wordpress\/?p=41433\" \/>\n<meta property=\"og:locale\" content=\"de_DE\" \/>\n<meta property=\"og:type\" content=\"article\" \/>\n<meta property=\"og:title\" content=\"Ohne Bremsen in die Schulden Wohin f\u00fchrt die n\u00e4chste Grundgesetz\u00e4nderung?  - Wirtschaftliche Freiheit\" \/>\n<meta property=\"og:description\" content=\"Kann beim gerade angesto\u00dfenen Prozess zur Reform der Schuldenbremse ein sinnvolles Ergebnis herauskommen? Weder die Zusammensetzung der Expertenkommission noch die politische Konstellation lassen Gutes erwarten.\" \/>\n<meta property=\"og:url\" content=\"https:\/\/wirtschaftlichefreiheit.de\/wordpress\/?p=41433\" \/>\n<meta property=\"og:site_name\" content=\"Wirtschaftliche Freiheit\" \/>\n<meta property=\"article:published_time\" content=\"2025-09-16T23:29:00+00:00\" \/>\n<meta property=\"article:modified_time\" content=\"2025-09-18T12:20:58+00:00\" \/>\n<meta property=\"og:image\" content=\"http:\/\/wirtschaftlichefreiheit.de\/wordpress\/bilder\/ferrari-1024x682.png\" \/>\n\t<meta property=\"og:image:width\" content=\"1024\" \/>\n\t<meta property=\"og:image:height\" content=\"682\" \/>\n\t<meta property=\"og:image:type\" content=\"image\/png\" \/>\n<meta name=\"author\" content=\"Jan Schnellenbach\" \/>\n<meta name=\"twitter:card\" content=\"summary_large_image\" \/>\n<meta name=\"twitter:label1\" content=\"Verfasst von\" \/>\n\t<meta name=\"twitter:data1\" content=\"Jan Schnellenbach\" \/>\n\t<meta name=\"twitter:label2\" content=\"Gesch\u00e4tzte Lesezeit\" \/>\n\t<meta name=\"twitter:data2\" content=\"5\u00a0Minuten\" \/>\n<script type=\"application\/ld+json\" class=\"yoast-schema-graph\">{\"@context\":\"https:\/\/schema.org\",\"@graph\":[{\"@type\":\"Article\",\"@id\":\"https:\/\/wirtschaftlichefreiheit.de\/wordpress\/?p=41433#article\",\"isPartOf\":{\"@id\":\"https:\/\/wirtschaftlichefreiheit.de\/wordpress\/?p=41433\"},\"author\":{\"name\":\"Jan Schnellenbach\",\"@id\":\"https:\/\/wirtschaftlichefreiheit.de\/wordpress\/#\/schema\/person\/b4e3f13ea24d514f6e985c29be203360\"},\"headline\":\"Ohne Bremsen in die Schulden Wohin f\u00fchrt die n\u00e4chste Grundgesetz\u00e4nderung?\",\"datePublished\":\"2025-09-16T23:29:00+00:00\",\"dateModified\":\"2025-09-18T12:20:58+00:00\",\"mainEntityOfPage\":{\"@id\":\"https:\/\/wirtschaftlichefreiheit.de\/wordpress\/?p=41433\"},\"wordCount\":764,\"commentCount\":0,\"image\":{\"@id\":\"https:\/\/wirtschaftlichefreiheit.de\/wordpress\/?p=41433#primaryimage\"},\"thumbnailUrl\":\"https:\/\/wirtschaftlichefreiheit.de\/wordpress\/bilder\/ferrari.png\",\"keywords\":[\"Schnellenbach\",\"schuldenbremse\"],\"articleSection\":[\"Fiskalisches\"],\"inLanguage\":\"de\",\"potentialAction\":[{\"@type\":\"CommentAction\",\"name\":\"Comment\",\"target\":[\"https:\/\/wirtschaftlichefreiheit.de\/wordpress\/?p=41433#respond\"]}]},{\"@type\":\"WebPage\",\"@id\":\"https:\/\/wirtschaftlichefreiheit.de\/wordpress\/?p=41433\",\"url\":\"https:\/\/wirtschaftlichefreiheit.de\/wordpress\/?p=41433\",\"name\":\"Ohne Bremsen in die Schulden Wohin f\u00fchrt die n\u00e4chste Grundgesetz\u00e4nderung? - Wirtschaftliche Freiheit\",\"isPartOf\":{\"@id\":\"https:\/\/wirtschaftlichefreiheit.de\/wordpress\/#website\"},\"primaryImageOfPage\":{\"@id\":\"https:\/\/wirtschaftlichefreiheit.de\/wordpress\/?p=41433#primaryimage\"},\"image\":{\"@id\":\"https:\/\/wirtschaftlichefreiheit.de\/wordpress\/?p=41433#primaryimage\"},\"thumbnailUrl\":\"https:\/\/wirtschaftlichefreiheit.de\/wordpress\/bilder\/ferrari.png\",\"datePublished\":\"2025-09-16T23:29:00+00:00\",\"dateModified\":\"2025-09-18T12:20:58+00:00\",\"author\":{\"@id\":\"https:\/\/wirtschaftlichefreiheit.de\/wordpress\/#\/schema\/person\/b4e3f13ea24d514f6e985c29be203360\"},\"breadcrumb\":{\"@id\":\"https:\/\/wirtschaftlichefreiheit.de\/wordpress\/?p=41433#breadcrumb\"},\"inLanguage\":\"de\",\"potentialAction\":[{\"@type\":\"ReadAction\",\"target\":[\"https:\/\/wirtschaftlichefreiheit.de\/wordpress\/?p=41433\"]}]},{\"@type\":\"ImageObject\",\"inLanguage\":\"de\",\"@id\":\"https:\/\/wirtschaftlichefreiheit.de\/wordpress\/?p=41433#primaryimage\",\"url\":\"https:\/\/wirtschaftlichefreiheit.de\/wordpress\/bilder\/ferrari.png\",\"contentUrl\":\"https:\/\/wirtschaftlichefreiheit.de\/wordpress\/bilder\/ferrari.png\",\"width\":1949,\"height\":1299},{\"@type\":\"BreadcrumbList\",\"@id\":\"https:\/\/wirtschaftlichefreiheit.de\/wordpress\/?p=41433#breadcrumb\",\"itemListElement\":[{\"@type\":\"ListItem\",\"position\":1,\"name\":\"Startseite\",\"item\":\"https:\/\/wirtschaftlichefreiheit.de\/wordpress\"},{\"@type\":\"ListItem\",\"position\":2,\"name\":\"Ohne Bremsen in die Schulden Wohin f\u00fchrt die n\u00e4chste Grundgesetz\u00e4nderung?\"}]},{\"@type\":\"WebSite\",\"@id\":\"https:\/\/wirtschaftlichefreiheit.de\/wordpress\/#website\",\"url\":\"https:\/\/wirtschaftlichefreiheit.de\/wordpress\/\",\"name\":\"Wirtschaftliche Freiheit\",\"description\":\"Das ordnungspolitische Journal\",\"potentialAction\":[{\"@type\":\"SearchAction\",\"target\":{\"@type\":\"EntryPoint\",\"urlTemplate\":\"https:\/\/wirtschaftlichefreiheit.de\/wordpress\/?s={search_term_string}\"},\"query-input\":{\"@type\":\"PropertyValueSpecification\",\"valueRequired\":true,\"valueName\":\"search_term_string\"}}],\"inLanguage\":\"de\"},{\"@type\":\"Person\",\"@id\":\"https:\/\/wirtschaftlichefreiheit.de\/wordpress\/#\/schema\/person\/b4e3f13ea24d514f6e985c29be203360\",\"name\":\"Jan Schnellenbach\",\"image\":{\"@type\":\"ImageObject\",\"inLanguage\":\"de\",\"@id\":\"https:\/\/wirtschaftlichefreiheit.de\/wordpress\/bilder\/jans.png\",\"url\":\"https:\/\/wirtschaftlichefreiheit.de\/wordpress\/bilder\/jans.png\",\"contentUrl\":\"https:\/\/wirtschaftlichefreiheit.de\/wordpress\/bilder\/jans.png\",\"caption\":\"Jan Schnellenbach\"},\"description\":\"Brandenburgische Technische Universit\u00e4t Cottbus\",\"url\":\"https:\/\/wirtschaftlichefreiheit.de\/wordpress\/?author=37\"}]}<\/script>\n<!-- \/ Yoast SEO plugin. -->","yoast_head_json":{"title":"Ohne Bremsen in die Schulden Wohin f\u00fchrt die n\u00e4chste Grundgesetz\u00e4nderung?  - Wirtschaftliche Freiheit","robots":{"index":"index","follow":"follow","max-snippet":"max-snippet:-1","max-image-preview":"max-image-preview:large","max-video-preview":"max-video-preview:-1"},"canonical":"https:\/\/wirtschaftlichefreiheit.de\/wordpress\/?p=41433","og_locale":"de_DE","og_type":"article","og_title":"Ohne Bremsen in die Schulden Wohin f\u00fchrt die n\u00e4chste Grundgesetz\u00e4nderung?  - Wirtschaftliche Freiheit","og_description":"Kann beim gerade angesto\u00dfenen Prozess zur Reform der Schuldenbremse ein sinnvolles Ergebnis herauskommen? Weder die Zusammensetzung der Expertenkommission noch die politische Konstellation lassen Gutes erwarten.","og_url":"https:\/\/wirtschaftlichefreiheit.de\/wordpress\/?p=41433","og_site_name":"Wirtschaftliche Freiheit","article_published_time":"2025-09-16T23:29:00+00:00","article_modified_time":"2025-09-18T12:20:58+00:00","og_image":[{"width":1024,"height":682,"url":"http:\/\/wirtschaftlichefreiheit.de\/wordpress\/bilder\/ferrari-1024x682.png","type":"image\/png"}],"author":"Jan Schnellenbach","twitter_card":"summary_large_image","twitter_misc":{"Verfasst von":"Jan Schnellenbach","Gesch\u00e4tzte Lesezeit":"5\u00a0Minuten"},"schema":{"@context":"https:\/\/schema.org","@graph":[{"@type":"Article","@id":"https:\/\/wirtschaftlichefreiheit.de\/wordpress\/?p=41433#article","isPartOf":{"@id":"https:\/\/wirtschaftlichefreiheit.de\/wordpress\/?p=41433"},"author":{"name":"Jan Schnellenbach","@id":"https:\/\/wirtschaftlichefreiheit.de\/wordpress\/#\/schema\/person\/b4e3f13ea24d514f6e985c29be203360"},"headline":"Ohne Bremsen in die Schulden Wohin f\u00fchrt die n\u00e4chste Grundgesetz\u00e4nderung?","datePublished":"2025-09-16T23:29:00+00:00","dateModified":"2025-09-18T12:20:58+00:00","mainEntityOfPage":{"@id":"https:\/\/wirtschaftlichefreiheit.de\/wordpress\/?p=41433"},"wordCount":764,"commentCount":0,"image":{"@id":"https:\/\/wirtschaftlichefreiheit.de\/wordpress\/?p=41433#primaryimage"},"thumbnailUrl":"https:\/\/wirtschaftlichefreiheit.de\/wordpress\/bilder\/ferrari.png","keywords":["Schnellenbach","schuldenbremse"],"articleSection":["Fiskalisches"],"inLanguage":"de","potentialAction":[{"@type":"CommentAction","name":"Comment","target":["https:\/\/wirtschaftlichefreiheit.de\/wordpress\/?p=41433#respond"]}]},{"@type":"WebPage","@id":"https:\/\/wirtschaftlichefreiheit.de\/wordpress\/?p=41433","url":"https:\/\/wirtschaftlichefreiheit.de\/wordpress\/?p=41433","name":"Ohne Bremsen in die Schulden Wohin f\u00fchrt die n\u00e4chste Grundgesetz\u00e4nderung? - Wirtschaftliche Freiheit","isPartOf":{"@id":"https:\/\/wirtschaftlichefreiheit.de\/wordpress\/#website"},"primaryImageOfPage":{"@id":"https:\/\/wirtschaftlichefreiheit.de\/wordpress\/?p=41433#primaryimage"},"image":{"@id":"https:\/\/wirtschaftlichefreiheit.de\/wordpress\/?p=41433#primaryimage"},"thumbnailUrl":"https:\/\/wirtschaftlichefreiheit.de\/wordpress\/bilder\/ferrari.png","datePublished":"2025-09-16T23:29:00+00:00","dateModified":"2025-09-18T12:20:58+00:00","author":{"@id":"https:\/\/wirtschaftlichefreiheit.de\/wordpress\/#\/schema\/person\/b4e3f13ea24d514f6e985c29be203360"},"breadcrumb":{"@id":"https:\/\/wirtschaftlichefreiheit.de\/wordpress\/?p=41433#breadcrumb"},"inLanguage":"de","potentialAction":[{"@type":"ReadAction","target":["https:\/\/wirtschaftlichefreiheit.de\/wordpress\/?p=41433"]}]},{"@type":"ImageObject","inLanguage":"de","@id":"https:\/\/wirtschaftlichefreiheit.de\/wordpress\/?p=41433#primaryimage","url":"https:\/\/wirtschaftlichefreiheit.de\/wordpress\/bilder\/ferrari.png","contentUrl":"https:\/\/wirtschaftlichefreiheit.de\/wordpress\/bilder\/ferrari.png","width":1949,"height":1299},{"@type":"BreadcrumbList","@id":"https:\/\/wirtschaftlichefreiheit.de\/wordpress\/?p=41433#breadcrumb","itemListElement":[{"@type":"ListItem","position":1,"name":"Startseite","item":"https:\/\/wirtschaftlichefreiheit.de\/wordpress"},{"@type":"ListItem","position":2,"name":"Ohne Bremsen in die Schulden Wohin f\u00fchrt die n\u00e4chste Grundgesetz\u00e4nderung?"}]},{"@type":"WebSite","@id":"https:\/\/wirtschaftlichefreiheit.de\/wordpress\/#website","url":"https:\/\/wirtschaftlichefreiheit.de\/wordpress\/","name":"Wirtschaftliche Freiheit","description":"Das ordnungspolitische Journal","potentialAction":[{"@type":"SearchAction","target":{"@type":"EntryPoint","urlTemplate":"https:\/\/wirtschaftlichefreiheit.de\/wordpress\/?s={search_term_string}"},"query-input":{"@type":"PropertyValueSpecification","valueRequired":true,"valueName":"search_term_string"}}],"inLanguage":"de"},{"@type":"Person","@id":"https:\/\/wirtschaftlichefreiheit.de\/wordpress\/#\/schema\/person\/b4e3f13ea24d514f6e985c29be203360","name":"Jan Schnellenbach","image":{"@type":"ImageObject","inLanguage":"de","@id":"https:\/\/wirtschaftlichefreiheit.de\/wordpress\/bilder\/jans.png","url":"https:\/\/wirtschaftlichefreiheit.de\/wordpress\/bilder\/jans.png","contentUrl":"https:\/\/wirtschaftlichefreiheit.de\/wordpress\/bilder\/jans.png","caption":"Jan Schnellenbach"},"description":"Brandenburgische Technische Universit\u00e4t Cottbus","url":"https:\/\/wirtschaftlichefreiheit.de\/wordpress\/?author=37"}]}},"_links":{"self":[{"href":"https:\/\/wirtschaftlichefreiheit.de\/wordpress\/index.php?rest_route=\/wp\/v2\/posts\/41433","targetHints":{"allow":["GET"]}}],"collection":[{"href":"https:\/\/wirtschaftlichefreiheit.de\/wordpress\/index.php?rest_route=\/wp\/v2\/posts"}],"about":[{"href":"https:\/\/wirtschaftlichefreiheit.de\/wordpress\/index.php?rest_route=\/wp\/v2\/types\/post"}],"author":[{"embeddable":true,"href":"https:\/\/wirtschaftlichefreiheit.de\/wordpress\/index.php?rest_route=\/wp\/v2\/users\/37"}],"replies":[{"embeddable":true,"href":"https:\/\/wirtschaftlichefreiheit.de\/wordpress\/index.php?rest_route=%2Fwp%2Fv2%2Fcomments&post=41433"}],"version-history":[{"count":3,"href":"https:\/\/wirtschaftlichefreiheit.de\/wordpress\/index.php?rest_route=\/wp\/v2\/posts\/41433\/revisions"}],"predecessor-version":[{"id":41438,"href":"https:\/\/wirtschaftlichefreiheit.de\/wordpress\/index.php?rest_route=\/wp\/v2\/posts\/41433\/revisions\/41438"}],"wp:featuredmedia":[{"embeddable":true,"href":"https:\/\/wirtschaftlichefreiheit.de\/wordpress\/index.php?rest_route=\/wp\/v2\/media\/41435"}],"wp:attachment":[{"href":"https:\/\/wirtschaftlichefreiheit.de\/wordpress\/index.php?rest_route=%2Fwp%2Fv2%2Fmedia&parent=41433"}],"wp:term":[{"taxonomy":"category","embeddable":true,"href":"https:\/\/wirtschaftlichefreiheit.de\/wordpress\/index.php?rest_route=%2Fwp%2Fv2%2Fcategories&post=41433"},{"taxonomy":"post_tag","embeddable":true,"href":"https:\/\/wirtschaftlichefreiheit.de\/wordpress\/index.php?rest_route=%2Fwp%2Fv2%2Ftags&post=41433"}],"curies":[{"name":"wp","href":"https:\/\/api.w.org\/{rel}","templated":true}]}}