{"id":42017,"date":"2025-11-16T00:34:00","date_gmt":"2025-11-15T23:34:00","guid":{"rendered":"https:\/\/wirtschaftlichefreiheit.de\/wordpress\/?p=42017"},"modified":"2025-12-27T11:31:27","modified_gmt":"2025-12-27T10:31:27","slug":"europaeischer-emissionshandel-in-der-kritik-1-die-gefahren-des-kampfes-gegen-den-emissionshandel","status":"publish","type":"post","link":"https:\/\/wirtschaftlichefreiheit.de\/wordpress\/?p=42017","title":{"rendered":"<b>Europ\u00e4ischer Emissionshandel in der Kritik (2) <\/b><br>Die Gefahren des Kampfes gegen den Emissionshandel"},"content":{"rendered":"\n<p>Christian Kullmann, der Chef des Chemiekonzerns Evonik, hat in den letzten Wochen in verschiedenen Medien die Abschaffung oder zumindest die Aussetzung des europ\u00e4ischen Emissionshandels gefordert. Sein Argument in aller K\u00fcrze: Das aktuelle System belaste die Produktion in Europa finanziell und schaffe so Nachteile im internationalen Wettbewerb. Gleichzeitig sei der Effekt auf das Weltklima gering, wenn nur in Europa eine ambitionierte Klimapolitik betrieben werde.<\/p>\n\n\n\n<p>Auf den ersten Blick ist an diesem Argument etwas dran: Tats\u00e4chlich belastet die CO<sub>2<\/sub>-Bepreisung gerade die energieintensiven Industrien wie die Chemie, indem er einen bei uns ohnehin schon hohen Energiepreis noch ein wenig zus\u00e4tzlich erh\u00f6ht. Und nat\u00fcrlich kann man dar\u00fcber diskutieren, ob dem Klima geholfen ist, wenn Europa strikte Emissionsgrenzen einh\u00e4lt, der gr\u00f6\u00dfte Teil des Rests der Welt aber nicht.<\/p>\n\n\n\n<p>Gerade der zweite Punkt erscheint uns intuitiv einleuchtend, da er ein simples \u00f6konomisches Modell spiegelt: Wenn im Gefangenendilemma viele andere nicht kooperieren, dann schaden wir uns in besonderem Ma\u00dfe selbst, wenn wir es doch tun. Ganz so einfach ist es aber nicht. Erstens ist Europa f\u00fcr viele unserer Konkurrenten ein wichtiger Markt. Wenn es uns gelingt, einen funktionierenden CO<sub>2<\/sub>-Ausgleich an der Grenze durchzusetzen, wie den aktuell geplanten CBAM, dann werden damit auch Anreize f\u00fcr unsere Wettbewerber gesetzt.<\/p>\n\n\n\n<p>Und zweitens kann es durch eine Beibehaltung der CO<sub>2<\/sub>-Bepreisung gelingen, bei uns Anreize f\u00fcr Investitionen in technischen Fortschritt bei der Emissionsvermeidung zu setzen, die dann auch in bisher klimapolitisch weniger engagierten L\u00e4ndern Verbreitung finden \u2013 einfach deshalb, weil sie den Preis reduzieren, der f\u00fcr Klimaschutz zu zahlen ist. Die vielbeschworenen Chinesen bauen zwar immer noch Kohlekraftwerke zu, aber gleichzeitig investieren sie bereits heute in beeindruckendem Ma\u00df in erneuerbare Energien. Signalisiert Europa mit einer Abschaffung des Emissionshandels, dass es die Klimapolitik nicht mehr ganz so ernst meint, dann wird nicht nur bei uns das Tempo des Fortschritts in diesem Sektor reduziert werden.<\/p>\n\n\n\n<p>Aber was ist nun mit der Wettbewerbsf\u00e4higkeit? Zun\u00e4chst mal muss man darauf hinweisen, dass diese sehr multidimensional ist. Sie h\u00e4ngt von Steuers\u00e4tzen ab, vom hoch qualifizierten Fachkr\u00e4fteangebot, von der Qualit\u00e4t der Infrastruktur, vom Grad der Regulierung von Investitionen und Produktion. In all diesen Bereichen schneiden wir in den g\u00e4ngigen Indizes nicht sehr gut oder sogar sehr schlecht ab. Und in all diesen Bereichen k\u00f6nnte man auch der Chemieindustrie helfen, ohne schwere klimapolitische Kollateralsch\u00e4den zu verursachen.<\/p>\n\n\n\n<p>Das Thema der deutschen Wettbewerbsf\u00e4higkeit ist hoch relevant und sollte politische Priorit\u00e4t erhalten. Aber wenn man das Thema angeht, dann spricht wenig daf\u00fcr, zuerst ausgerechnet den einen Hebel zu ziehen, der die L\u00f6sung eines ernsten und bedeutsamen Externalit\u00e4tenproblems infrage stellen w\u00fcrde.<\/p>\n\n\n\n<p>Hinter dem Angriff auf den Emissionshandel steht vielleicht auch die Erwartung, dass das Klimathema insgesamt von der Agenda verschwinden wird, oder jedenfalls im politischen Gesch\u00e4ft weniger relevant wird. Dies d\u00fcrfte ein Irrtum sein. Die zu l\u00f6senden Probleme sind real und werden sich nicht von selbst in Luft aufl\u00f6sen. Mit dem Emissionshandel verf\u00fcgen wir \u00fcber einen sehr effizienten Marktmechanismus. \u00d6konomen sind sich weitgehend einig dar\u00fcber, dass er gerade deshalb das Herzst\u00fcck der Klimapolitik sein sollte, weil er wirtschaftliche Freiheit von Unternehmen und Verbrauchern bewahrt und es ihnen selbst anheimstellt, die f\u00fcr sie beste M\u00f6glichkeit zur Emissionsvermeidung zu w\u00e4hlen.<\/p>\n\n\n\n<p>Der Emissionshandel braucht aber glaubw\u00fcrdige politische R\u00fcckendeckung. K\u00f6nnen die Marktteilnehmer nicht davon ausgehen, dass er wie geplant implementiert wird und die Emissionsreduktion wie versprochen angereizt wird, dann zerst\u00f6rt die Unglaubw\u00fcrdigkeit die langfristigen Investitions- und Innovationsanreize, die wir so dringend brauchen. Durch eine Abschaffung heute w\u00fcrde das Instrument politisch aber f\u00fcr lange Zeit unglaubw\u00fcrdig.<\/p>\n\n\n\n<p>An die Stelle des Emissionshandels w\u00fcrden Instrumente treten, die deutlich ineffizienter sind. Staatliche Planung, Regulierung, Mikromanagement. Darunter w\u00fcrde auch Evonik leiden, viel mehr als unter dem Emissionshandel. Ein Sieg in der aktuellen Lobby-Kampagne w\u00e4re f\u00fcr das Unternehmen ein sp\u00e4ter schmerzhafter Pyrrhussieg.<\/p>\n\n\n\n<p><strong>Podcast zum Thema:<\/strong><\/p>\n\n\n\n<p><a href=\"https:\/\/wirtschaftlichefreiheit.de\/wordpress\/?p=41921\">Emissionshandel unter Druck. Steht die (marktwirtschaftliche) Klimapolitik auf der Kippe?<\/a><\/p>\n\n\n\n<p><a>Prof. (em.) Dr. <\/a><strong>Norbert Berthold<\/strong><a> (JMU) im Gespr\u00e4ch mit Prof. <\/a><strong>Achim Wambach<\/strong><a>, PhD (ZEW)<\/a><\/p>\n\n\n\n<p><strong>Blog-Beitr\u00e4ge zum Thema:<\/strong><\/p>\n\n\n\n<p>Norbert Berthold (JMU, 2025): <a href=\"https:\/\/wirtschaftlichefreiheit.de\/wordpress\/?p=41935\">Klima im Wandel: Wende in der (europ\u00e4ischen) Klimapolitik?<\/a><\/p>\n\n\n\n<p>Joachim Weimann (OVGU, 2025): <a href=\"https:\/\/wirtschaftlichefreiheit.de\/wordpress\/?p=40039\">Beim Klima nichts Neues<\/a><\/p>\n\n\n\n<p>Reint E. Gropp und Oliver Holtem\u00f6ller (IWH, 2024): <a href=\"https:\/\/wirtschaftlichefreiheit.de\/wordpress\/?p=37157\">Sechs Punkte f\u00fcr mehr Effizienz<\/a><\/p>\n\n\n\n<p><strong>Video zum Thema:<\/strong><\/p>\n\n\n\n<p>Joachim Weimann (OVGU, 2021): <a href=\"https:\/\/wirtschaftlichefreiheit.de\/wordpress\/?p=29825\">Was ist gute Klimapolitik?<\/a><\/p>\n<!-- AddThis Advanced Settings generic via filter on the_content --><!-- AddThis Share Buttons generic via filter on the_content --><!-- AddThis Related Posts generic via filter on the_content -->","protected":false},"excerpt":{"rendered":"<p>Die Abschaffung des ETS w\u00e4re ein Pyrrhussieg f\u00fcr energieintensive Unternehmen. An Stelle des Emissionshandels w\u00fcrden Instrumente treten, die deutlich ineffizienter sind.<!-- AddThis Advanced Settings generic via filter on wp_trim_excerpt --><!-- AddThis Share Buttons generic via filter on wp_trim_excerpt --><!-- AddThis Related Posts generic via filter on wp_trim_excerpt --><\/p>\n","protected":false},"author":37,"featured_media":42023,"comment_status":"open","ping_status":"open","sticky":false,"template":"","format":"standard","meta":{"footnotes":""},"categories":[8,1841],"tags":[2265,738],"class_list":["post-42017","post","type-post","status-publish","format-standard","has-post-thumbnail","hentry","category-europaisches","category-klimatisches","tag-ets","tag-schnellenbach"],"yoast_head":"<!-- This site is optimized with the Yoast SEO plugin v27.2 - https:\/\/yoast.com\/product\/yoast-seo-wordpress\/ -->\n<title>Europ\u00e4ischer Emissionshandel in der Kritik (2) Die Gefahren des Kampfes gegen den Emissionshandel - Wirtschaftliche Freiheit<\/title>\n<meta name=\"robots\" content=\"index, follow, max-snippet:-1, max-image-preview:large, max-video-preview:-1\" \/>\n<link rel=\"canonical\" href=\"https:\/\/wirtschaftlichefreiheit.de\/wordpress\/?p=42017\" \/>\n<meta property=\"og:locale\" content=\"de_DE\" \/>\n<meta property=\"og:type\" content=\"article\" \/>\n<meta property=\"og:title\" content=\"Europ\u00e4ischer Emissionshandel in der Kritik (2) Die Gefahren des Kampfes gegen den Emissionshandel - Wirtschaftliche Freiheit\" \/>\n<meta property=\"og:description\" content=\"Die Abschaffung des ETS w\u00e4re ein Pyrrhussieg f\u00fcr energieintensive Unternehmen. An Stelle des Emissionshandels w\u00fcrden Instrumente treten, die deutlich ineffizienter sind.\" \/>\n<meta property=\"og:url\" content=\"https:\/\/wirtschaftlichefreiheit.de\/wordpress\/?p=42017\" \/>\n<meta property=\"og:site_name\" content=\"Wirtschaftliche Freiheit\" \/>\n<meta property=\"article:published_time\" content=\"2025-11-15T23:34:00+00:00\" \/>\n<meta property=\"article:modified_time\" content=\"2025-12-27T10:31:27+00:00\" \/>\n<meta property=\"og:image\" content=\"http:\/\/wirtschaftlichefreiheit.de\/wordpress\/bilder\/co2-1.png\" \/>\n\t<meta property=\"og:image:width\" content=\"2035\" \/>\n\t<meta property=\"og:image:height\" content=\"1299\" \/>\n\t<meta property=\"og:image:type\" content=\"image\/png\" \/>\n<meta name=\"author\" content=\"Jan Schnellenbach\" \/>\n<meta name=\"twitter:card\" content=\"summary_large_image\" \/>\n<meta name=\"twitter:label1\" content=\"Verfasst von\" \/>\n\t<meta name=\"twitter:data1\" content=\"Jan Schnellenbach\" \/>\n\t<meta name=\"twitter:label2\" content=\"Gesch\u00e4tzte Lesezeit\" \/>\n\t<meta name=\"twitter:data2\" content=\"1\u00a0Minute\" \/>\n<script type=\"application\/ld+json\" class=\"yoast-schema-graph\">{\"@context\":\"https:\/\/schema.org\",\"@graph\":[{\"@type\":\"Article\",\"@id\":\"https:\/\/wirtschaftlichefreiheit.de\/wordpress\/?p=42017#article\",\"isPartOf\":{\"@id\":\"https:\/\/wirtschaftlichefreiheit.de\/wordpress\/?p=42017\"},\"author\":{\"name\":\"Jan Schnellenbach\",\"@id\":\"https:\/\/wirtschaftlichefreiheit.de\/wordpress\/#\/schema\/person\/b4e3f13ea24d514f6e985c29be203360\"},\"headline\":\"Europ\u00e4ischer Emissionshandel in der Kritik (2) Die Gefahren des Kampfes gegen den Emissionshandel\",\"datePublished\":\"2025-11-15T23:34:00+00:00\",\"dateModified\":\"2025-12-27T10:31:27+00:00\",\"mainEntityOfPage\":{\"@id\":\"https:\/\/wirtschaftlichefreiheit.de\/wordpress\/?p=42017\"},\"wordCount\":751,\"commentCount\":1,\"image\":{\"@id\":\"https:\/\/wirtschaftlichefreiheit.de\/wordpress\/?p=42017#primaryimage\"},\"thumbnailUrl\":\"https:\/\/wirtschaftlichefreiheit.de\/wordpress\/bilder\/co2-1.png\",\"keywords\":[\"ETS\",\"Schnellenbach\"],\"articleSection\":[\"Europ\u00e4isches\",\"Klimatisches\"],\"inLanguage\":\"de\",\"potentialAction\":[{\"@type\":\"CommentAction\",\"name\":\"Comment\",\"target\":[\"https:\/\/wirtschaftlichefreiheit.de\/wordpress\/?p=42017#respond\"]}]},{\"@type\":\"WebPage\",\"@id\":\"https:\/\/wirtschaftlichefreiheit.de\/wordpress\/?p=42017\",\"url\":\"https:\/\/wirtschaftlichefreiheit.de\/wordpress\/?p=42017\",\"name\":\"Europ\u00e4ischer Emissionshandel in der Kritik (2) Die Gefahren des Kampfes gegen den Emissionshandel - Wirtschaftliche Freiheit\",\"isPartOf\":{\"@id\":\"https:\/\/wirtschaftlichefreiheit.de\/wordpress\/#website\"},\"primaryImageOfPage\":{\"@id\":\"https:\/\/wirtschaftlichefreiheit.de\/wordpress\/?p=42017#primaryimage\"},\"image\":{\"@id\":\"https:\/\/wirtschaftlichefreiheit.de\/wordpress\/?p=42017#primaryimage\"},\"thumbnailUrl\":\"https:\/\/wirtschaftlichefreiheit.de\/wordpress\/bilder\/co2-1.png\",\"datePublished\":\"2025-11-15T23:34:00+00:00\",\"dateModified\":\"2025-12-27T10:31:27+00:00\",\"author\":{\"@id\":\"https:\/\/wirtschaftlichefreiheit.de\/wordpress\/#\/schema\/person\/b4e3f13ea24d514f6e985c29be203360\"},\"breadcrumb\":{\"@id\":\"https:\/\/wirtschaftlichefreiheit.de\/wordpress\/?p=42017#breadcrumb\"},\"inLanguage\":\"de\",\"potentialAction\":[{\"@type\":\"ReadAction\",\"target\":[\"https:\/\/wirtschaftlichefreiheit.de\/wordpress\/?p=42017\"]}]},{\"@type\":\"ImageObject\",\"inLanguage\":\"de\",\"@id\":\"https:\/\/wirtschaftlichefreiheit.de\/wordpress\/?p=42017#primaryimage\",\"url\":\"https:\/\/wirtschaftlichefreiheit.de\/wordpress\/bilder\/co2-1.png\",\"contentUrl\":\"https:\/\/wirtschaftlichefreiheit.de\/wordpress\/bilder\/co2-1.png\",\"width\":2035,\"height\":1299},{\"@type\":\"BreadcrumbList\",\"@id\":\"https:\/\/wirtschaftlichefreiheit.de\/wordpress\/?p=42017#breadcrumb\",\"itemListElement\":[{\"@type\":\"ListItem\",\"position\":1,\"name\":\"Startseite\",\"item\":\"https:\/\/wirtschaftlichefreiheit.de\/wordpress\"},{\"@type\":\"ListItem\",\"position\":2,\"name\":\"Europ\u00e4ischer Emissionshandel in der Kritik (2) Die Gefahren des Kampfes gegen den Emissionshandel\"}]},{\"@type\":\"WebSite\",\"@id\":\"https:\/\/wirtschaftlichefreiheit.de\/wordpress\/#website\",\"url\":\"https:\/\/wirtschaftlichefreiheit.de\/wordpress\/\",\"name\":\"Wirtschaftliche Freiheit\",\"description\":\"Das ordnungspolitische Journal\",\"potentialAction\":[{\"@type\":\"SearchAction\",\"target\":{\"@type\":\"EntryPoint\",\"urlTemplate\":\"https:\/\/wirtschaftlichefreiheit.de\/wordpress\/?s={search_term_string}\"},\"query-input\":{\"@type\":\"PropertyValueSpecification\",\"valueRequired\":true,\"valueName\":\"search_term_string\"}}],\"inLanguage\":\"de\"},{\"@type\":\"Person\",\"@id\":\"https:\/\/wirtschaftlichefreiheit.de\/wordpress\/#\/schema\/person\/b4e3f13ea24d514f6e985c29be203360\",\"name\":\"Jan Schnellenbach\",\"image\":{\"@type\":\"ImageObject\",\"inLanguage\":\"de\",\"@id\":\"https:\/\/wirtschaftlichefreiheit.de\/wordpress\/bilder\/jans.png\",\"url\":\"https:\/\/wirtschaftlichefreiheit.de\/wordpress\/bilder\/jans.png\",\"contentUrl\":\"https:\/\/wirtschaftlichefreiheit.de\/wordpress\/bilder\/jans.png\",\"caption\":\"Jan Schnellenbach\"},\"description\":\"Brandenburgische Technische Universit\u00e4t Cottbus\",\"url\":\"https:\/\/wirtschaftlichefreiheit.de\/wordpress\/?author=37\"}]}<\/script>\n<!-- \/ Yoast SEO plugin. -->","yoast_head_json":{"title":"Europ\u00e4ischer Emissionshandel in der Kritik (2) Die Gefahren des Kampfes gegen den Emissionshandel - Wirtschaftliche Freiheit","robots":{"index":"index","follow":"follow","max-snippet":"max-snippet:-1","max-image-preview":"max-image-preview:large","max-video-preview":"max-video-preview:-1"},"canonical":"https:\/\/wirtschaftlichefreiheit.de\/wordpress\/?p=42017","og_locale":"de_DE","og_type":"article","og_title":"Europ\u00e4ischer Emissionshandel in der Kritik (2) Die Gefahren des Kampfes gegen den Emissionshandel - Wirtschaftliche Freiheit","og_description":"Die Abschaffung des ETS w\u00e4re ein Pyrrhussieg f\u00fcr energieintensive Unternehmen. An Stelle des Emissionshandels w\u00fcrden Instrumente treten, die deutlich ineffizienter sind.","og_url":"https:\/\/wirtschaftlichefreiheit.de\/wordpress\/?p=42017","og_site_name":"Wirtschaftliche Freiheit","article_published_time":"2025-11-15T23:34:00+00:00","article_modified_time":"2025-12-27T10:31:27+00:00","og_image":[{"width":2035,"height":1299,"url":"http:\/\/wirtschaftlichefreiheit.de\/wordpress\/bilder\/co2-1.png","type":"image\/png"}],"author":"Jan Schnellenbach","twitter_card":"summary_large_image","twitter_misc":{"Verfasst von":"Jan Schnellenbach","Gesch\u00e4tzte Lesezeit":"1\u00a0Minute"},"schema":{"@context":"https:\/\/schema.org","@graph":[{"@type":"Article","@id":"https:\/\/wirtschaftlichefreiheit.de\/wordpress\/?p=42017#article","isPartOf":{"@id":"https:\/\/wirtschaftlichefreiheit.de\/wordpress\/?p=42017"},"author":{"name":"Jan Schnellenbach","@id":"https:\/\/wirtschaftlichefreiheit.de\/wordpress\/#\/schema\/person\/b4e3f13ea24d514f6e985c29be203360"},"headline":"Europ\u00e4ischer Emissionshandel in der Kritik (2) Die Gefahren des Kampfes gegen den Emissionshandel","datePublished":"2025-11-15T23:34:00+00:00","dateModified":"2025-12-27T10:31:27+00:00","mainEntityOfPage":{"@id":"https:\/\/wirtschaftlichefreiheit.de\/wordpress\/?p=42017"},"wordCount":751,"commentCount":1,"image":{"@id":"https:\/\/wirtschaftlichefreiheit.de\/wordpress\/?p=42017#primaryimage"},"thumbnailUrl":"https:\/\/wirtschaftlichefreiheit.de\/wordpress\/bilder\/co2-1.png","keywords":["ETS","Schnellenbach"],"articleSection":["Europ\u00e4isches","Klimatisches"],"inLanguage":"de","potentialAction":[{"@type":"CommentAction","name":"Comment","target":["https:\/\/wirtschaftlichefreiheit.de\/wordpress\/?p=42017#respond"]}]},{"@type":"WebPage","@id":"https:\/\/wirtschaftlichefreiheit.de\/wordpress\/?p=42017","url":"https:\/\/wirtschaftlichefreiheit.de\/wordpress\/?p=42017","name":"Europ\u00e4ischer Emissionshandel in der Kritik (2) Die Gefahren des Kampfes gegen den Emissionshandel - Wirtschaftliche Freiheit","isPartOf":{"@id":"https:\/\/wirtschaftlichefreiheit.de\/wordpress\/#website"},"primaryImageOfPage":{"@id":"https:\/\/wirtschaftlichefreiheit.de\/wordpress\/?p=42017#primaryimage"},"image":{"@id":"https:\/\/wirtschaftlichefreiheit.de\/wordpress\/?p=42017#primaryimage"},"thumbnailUrl":"https:\/\/wirtschaftlichefreiheit.de\/wordpress\/bilder\/co2-1.png","datePublished":"2025-11-15T23:34:00+00:00","dateModified":"2025-12-27T10:31:27+00:00","author":{"@id":"https:\/\/wirtschaftlichefreiheit.de\/wordpress\/#\/schema\/person\/b4e3f13ea24d514f6e985c29be203360"},"breadcrumb":{"@id":"https:\/\/wirtschaftlichefreiheit.de\/wordpress\/?p=42017#breadcrumb"},"inLanguage":"de","potentialAction":[{"@type":"ReadAction","target":["https:\/\/wirtschaftlichefreiheit.de\/wordpress\/?p=42017"]}]},{"@type":"ImageObject","inLanguage":"de","@id":"https:\/\/wirtschaftlichefreiheit.de\/wordpress\/?p=42017#primaryimage","url":"https:\/\/wirtschaftlichefreiheit.de\/wordpress\/bilder\/co2-1.png","contentUrl":"https:\/\/wirtschaftlichefreiheit.de\/wordpress\/bilder\/co2-1.png","width":2035,"height":1299},{"@type":"BreadcrumbList","@id":"https:\/\/wirtschaftlichefreiheit.de\/wordpress\/?p=42017#breadcrumb","itemListElement":[{"@type":"ListItem","position":1,"name":"Startseite","item":"https:\/\/wirtschaftlichefreiheit.de\/wordpress"},{"@type":"ListItem","position":2,"name":"Europ\u00e4ischer Emissionshandel in der Kritik (2) Die Gefahren des Kampfes gegen den Emissionshandel"}]},{"@type":"WebSite","@id":"https:\/\/wirtschaftlichefreiheit.de\/wordpress\/#website","url":"https:\/\/wirtschaftlichefreiheit.de\/wordpress\/","name":"Wirtschaftliche Freiheit","description":"Das ordnungspolitische Journal","potentialAction":[{"@type":"SearchAction","target":{"@type":"EntryPoint","urlTemplate":"https:\/\/wirtschaftlichefreiheit.de\/wordpress\/?s={search_term_string}"},"query-input":{"@type":"PropertyValueSpecification","valueRequired":true,"valueName":"search_term_string"}}],"inLanguage":"de"},{"@type":"Person","@id":"https:\/\/wirtschaftlichefreiheit.de\/wordpress\/#\/schema\/person\/b4e3f13ea24d514f6e985c29be203360","name":"Jan Schnellenbach","image":{"@type":"ImageObject","inLanguage":"de","@id":"https:\/\/wirtschaftlichefreiheit.de\/wordpress\/bilder\/jans.png","url":"https:\/\/wirtschaftlichefreiheit.de\/wordpress\/bilder\/jans.png","contentUrl":"https:\/\/wirtschaftlichefreiheit.de\/wordpress\/bilder\/jans.png","caption":"Jan Schnellenbach"},"description":"Brandenburgische Technische Universit\u00e4t Cottbus","url":"https:\/\/wirtschaftlichefreiheit.de\/wordpress\/?author=37"}]}},"_links":{"self":[{"href":"https:\/\/wirtschaftlichefreiheit.de\/wordpress\/index.php?rest_route=\/wp\/v2\/posts\/42017","targetHints":{"allow":["GET"]}}],"collection":[{"href":"https:\/\/wirtschaftlichefreiheit.de\/wordpress\/index.php?rest_route=\/wp\/v2\/posts"}],"about":[{"href":"https:\/\/wirtschaftlichefreiheit.de\/wordpress\/index.php?rest_route=\/wp\/v2\/types\/post"}],"author":[{"embeddable":true,"href":"https:\/\/wirtschaftlichefreiheit.de\/wordpress\/index.php?rest_route=\/wp\/v2\/users\/37"}],"replies":[{"embeddable":true,"href":"https:\/\/wirtschaftlichefreiheit.de\/wordpress\/index.php?rest_route=%2Fwp%2Fv2%2Fcomments&post=42017"}],"version-history":[{"count":6,"href":"https:\/\/wirtschaftlichefreiheit.de\/wordpress\/index.php?rest_route=\/wp\/v2\/posts\/42017\/revisions"}],"predecessor-version":[{"id":42222,"href":"https:\/\/wirtschaftlichefreiheit.de\/wordpress\/index.php?rest_route=\/wp\/v2\/posts\/42017\/revisions\/42222"}],"wp:featuredmedia":[{"embeddable":true,"href":"https:\/\/wirtschaftlichefreiheit.de\/wordpress\/index.php?rest_route=\/wp\/v2\/media\/42023"}],"wp:attachment":[{"href":"https:\/\/wirtschaftlichefreiheit.de\/wordpress\/index.php?rest_route=%2Fwp%2Fv2%2Fmedia&parent=42017"}],"wp:term":[{"taxonomy":"category","embeddable":true,"href":"https:\/\/wirtschaftlichefreiheit.de\/wordpress\/index.php?rest_route=%2Fwp%2Fv2%2Fcategories&post=42017"},{"taxonomy":"post_tag","embeddable":true,"href":"https:\/\/wirtschaftlichefreiheit.de\/wordpress\/index.php?rest_route=%2Fwp%2Fv2%2Ftags&post=42017"}],"curies":[{"name":"wp","href":"https:\/\/api.w.org\/{rel}","templated":true}]}}