{"id":42266,"date":"2025-12-07T00:45:00","date_gmt":"2025-12-06T23:45:00","guid":{"rendered":"https:\/\/wirtschaftlichefreiheit.de\/wordpress\/?p=42266"},"modified":"2026-03-05T06:58:38","modified_gmt":"2026-03-05T05:58:38","slug":"gastbeitrag-das-ende-des-kapitalistischen-friedens-was-europa-jetzt-tun-sollte","status":"publish","type":"post","link":"https:\/\/wirtschaftlichefreiheit.de\/wordpress\/?p=42266","title":{"rendered":"<b>Gastbeitrag <\/b><br>Das Ende des \u201ekapitalistischen Friedens\u201c <br><b>Was Europa jetzt tun sollte <\/b>"},"content":{"rendered":"\n<p>Die Idee des \u201ekapitalistischen Friedens\u201d basiert auf der Annahme, dass offene M\u00e4rkte, Rechtssicherheit und eine marktwirtschaftliche Ordnung gewaltsame Konflikte weniger wahrscheinlich machen. Wirtschaftliche Verflechtung erh\u00f6ht die Opportunit\u00e4tskosten von Gewalt, schafft institutionelle Kan\u00e4le zur Konfliktl\u00f6sung und st\u00e4rkt das Vertrauen zwischen Staaten. Dieses Konzept steht in enger Beziehung zum Gedanken des liberalen Friedens, unterscheidet sich jedoch durch seinen \u00f6konomischen Fokus: Nicht die politische Gleichartigkeit, sondern die Funktionslogik marktwirtschaftlicher Systeme gilt als zentraler Stabilit\u00e4tsfaktor. Empirische und theoretische Arbeiten belegen, dass Marktwirtschaften untereinander seltener Krieg miteinander f\u00fchren, da Handel Wohlstand schafft, Mobilit\u00e4t diszipliniert und institutionelle Verfahren Gewalt ersetzen.<\/p>\n\n\n\n<p>Die Wurzeln des kapitalistischen Friedens reichen weit zur\u00fcck. Schon Montesquieu betonte, dass Handel zerst\u00f6rerische Vorurteile heile und die Sitten mildere. Adam Smith sah in Manufakturen und freiem Handel Quellen von Ordnung, gutem Regieren und individueller Sicherheit. Und Kant formulierte, dass der \u201eHandelsgeist\u201c nicht mit dem Krieg koexistieren k\u00f6nne. Diese Denktradition bildete im 20. Jahrhundert die Grundlage f\u00fcr den Multilateralismus und die regelbasierte Handelsordnung. Das GATT und sp\u00e4ter die WTO institutionalisierten Prinzipien wie Meistbeg\u00fcnstigung, Reziprozit\u00e4t und sanktionsgest\u00fctzte Streitbeilegung. Damit sollten strukturelle Machtvorteile gro\u00dfer L\u00e4nder neutralisiert werden, so dass sie sich so verhalten, als w\u00e4ren sie kleine L\u00e4nder.<\/p>\n\n\n\n<figure class=\"wp-block-image size-large\"><img loading=\"lazy\" decoding=\"async\" width=\"1024\" height=\"962\" src=\"https:\/\/wirtschaftlichefreiheit.de\/wordpress\/bilder\/kapfried-2-1024x962.png\" alt=\"\" class=\"wp-image-42275\" srcset=\"https:\/\/wirtschaftlichefreiheit.de\/wordpress\/bilder\/kapfried-2-1024x962.png 1024w, https:\/\/wirtschaftlichefreiheit.de\/wordpress\/bilder\/kapfried-2-300x282.png 300w, https:\/\/wirtschaftlichefreiheit.de\/wordpress\/bilder\/kapfried-2-768x721.png 768w, https:\/\/wirtschaftlichefreiheit.de\/wordpress\/bilder\/kapfried-2.png 1318w\" sizes=\"auto, (max-width: 767px) 89vw, (max-width: 1000px) 54vw, (max-width: 1071px) 543px, 580px\" \/><\/figure>\n\n\n\n<p>Diese regelbasierte Ordnung erm\u00f6glichte eine beispiellose Phase globalen Wachstums. Sinkende Transportkosten, reduzierte Z\u00f6lle und institutionelle Berechenbarkeit f\u00f6rderten Handel und Investitionen. Doch die Finanzkrise von 2008 markierte einen ersten Wendepunkt. Die seither zu beobachtende \u201eSlobalization\u201c spiegelte zun\u00e4chst eine stagnierende internationale Integration wider, der globale Handel w\u00e4chst mittlerweile kaum noch. Au\u00dfenhandelsungleichgewichte und die negativen Auswirkungen der raschen Integration, wie Arbeitsplatzverluste oder regionale Ungleichgewichte, werden politisch st\u00e4rker wahrgenommen. In den USA f\u00fchrte der erste \u201eChina-Schock\u201c nach dem WTO-Beitritt Chinas im Jahr 2001 zu deutlichen Anpassungskosten in industriellen Kernregionen. Dies verst\u00e4rkte die innenpolitische Polarisierung und handelsskeptische Str\u00f6mungen. Heute erleben Europa und insbesondere Deutschland einen zweiten \u201eChina-Schock\u201c: China produziert \u2013 oft stark subventioniert \u2013 zunehmend h\u00f6herwertige G\u00fcter und verdr\u00e4ngt europ\u00e4ische Anbieter, sogar in technologieintensiven Branchen. R\u00fcckl\u00e4ufige Exporte und eine sinkende Industrieproduktion illustrieren diese Entwicklung.<\/p>\n\n\n\n<p>Parallel dazu verfestigt sich ein Nullsummendenken. Die Vorstellung, dass wirtschaftliche Gewinne der einen Seite zwangsl\u00e4ufig Verluste der anderen bedingen, verdr\u00e4ngt die klassische Win-Win-Logik des Freihandels. In den USA spiegelt sich dies in der Rhetorik beider Parteien wider. Sowohl Donald Trumps Zollpolitik als auch die industriepolitischen Programme der Biden-Regierung \u2013 etwa der Inflation Reduction Act \u2013 folgen der Logik, durch handelspolitische Eingriffe innenpolitische Vorteile zu erzielen. Handel wird damit explizit zum Instrument der Machtprojektion. Das multilaterale Regelwerk wird dabei gezielt umgangen oder geschw\u00e4cht. Die USA nutzen gezielt bilaterale Verhandlungen, um ihre \u00f6konomische und sicherheitspolitische \u00dcberlegenheit strategisch auszuspielen. Mit dem sogenannten Liberation Day Act und darauf aufbauenden Ma\u00dfnahmen sollen Wertsch\u00f6pfungsketten in Richtung USA umgeleitet und Abh\u00e4ngigkeiten reduziert werden.<\/p>\n\n\n\n<p>Die traditionelle Welthandelsordnung verliert im Ergebnis ihre bindende Kraft. Regeln wirken nur, wenn sie verteidigt und durchgesetzt werden k\u00f6nnen. Die \u00f6konomische Handlungsf\u00e4higkeit Europas ist daher unmittelbar mit seiner sicherheitspolitischen Ausstattung verkn\u00fcpft. Solange die EU in hohem Ma\u00dfe von der Sicherheitsgarantie der USA abh\u00e4ngig bleibt, muss sie Zugest\u00e4ndnisse in Kauf nehmen. F\u00fcr Deutschland und Europa ergibt sich daraus ein klarer Handlungsauftrag. Erstens muss eigenst\u00e4ndige Verteidigungsf\u00e4higkeit als Voraussetzung f\u00fcr Offenheit verstanden werden. Der Aufbau gemeinsamer EU-Verteidigungs- und F\u00e4higkeitsstrukturen, eine koordinierte milit\u00e4rische Beschaffungspolitik und eine realistische strategische Planung sind in der neuen geo\u00f6konomischen Situation Grundlage f\u00fcr Handel und Wertsch\u00f6pfung. Zweitens gilt es, die regelbasierte Handelspolitik zu verteidigen und zu modernisieren. Dazu geh\u00f6rt die Wiederherstellung einer funktionsf\u00e4higen WTO-Streitbeilegung und der Abschluss von Handelsabkommen mit wichtigen Partnerl\u00e4ndern. Drittens sollte Europa seine strategische Resilienz st\u00e4rken, indem es Lieferketten diversifiziert, die Forschung zu Rohstoff- und Technologiealternativen f\u00f6rdert und bei kritischen G\u00fctern eigenst\u00e4ndige Produktionskapazit\u00e4ten aufbaut.<\/p>\n\n\n\n<p>Ein \u201ekapitalistischer Frieden\u201c wird \u2013 zumindest vorerst \u2013 nicht zur\u00fcckkehren. Deutschland und die EU sollten daher z\u00fcgig eine angebotsorientierte Reformagenda umsetzen. Denn Produktivit\u00e4t, Infrastruktur, Energieversorgung, Kapitalmarktintegration und Humankapital sind zentrale Stellschrauben nicht nur f\u00fcr Wohlstand, sondern auch f\u00fcr au\u00dfenpolitisches Gewicht. Wirtschaftliche St\u00e4rke bleibt die Voraussetzung f\u00fcr sicherheitspolitische Handlungsf\u00e4higkeit. Gleichzeitig muss eine politische Kommunikation entwickelt werden, die Offenheit und Stabilit\u00e4t wieder positiv verbindet und den weitverbreiteten Nullsummen-Narrativen entgegenwirkt.<\/p>\n\n\n\n<p><strong>Hinweis:<\/strong> Dieser Policy Brief entstand auf Grundlage des ECONWATCH-Meetings \u201eKapitalistischer Frieden und \u00f6konomische Machtpolitik\u201c mit Prof. Dr. Tim Krieger (Albert-Ludwigs-Universit\u00e4t Freiburg).<\/p>\n\n\n\n<p><strong>Podcasts zum Thema<\/strong>:<\/p>\n\n\n\n<p><a href=\"https:\/\/wirtschaftlichefreiheit.de\/wordpress\/?p=40261\">Niedergang der Welthandelsorganisation. Ist Donald Trump ein Brandbeschleuniger?<\/a>Prof. Dr. <strong>Norbert Berthold <\/strong>(JMU) im Gespr\u00e4ch mit Prof. Dr. <strong>Rolf Langhammer<\/strong> (IfW)<\/p>\n\n\n\n<p><a href=\"https:\/\/wirtschaftlichefreiheit.de\/wordpress\/?p=40067\">Donald Trump l\u00e4uft handelspolitisch Amok. Wann hat der Spuk ein Ende?<\/a> Prof. Dr. Norbert Berthold (JMU) im Gespr\u00e4ch mit Prof. Dr. Michael Frenkel (WHI)<\/p>\n\n\n\n<p><strong>Blog-Beitr\u00e4ge zum Thema:<\/strong><\/p>\n\n\n\n<p>Norbert Berthold (JMU, 2025): <a href=\"https:\/\/wirtschaftlichefreiheit.de\/wordpress\/?p=42352\">Was nun, Europa? US-Sicherheitsstrategie, Eurosklerose, Europ\u00e4ische Verteidigungsunion<\/a><\/p>\n\n\n\n<p>Norbert Berthold (JMU, 2025): <a href=\"https:\/\/wirtschaftlichefreiheit.de\/wordpress\/?p=40272\">Der Fall der WTO. Sind liberale Welthandelsordnungen inh\u00e4rent instabil?<\/a><\/p>\n\n\n\n<p>Norbert Berthold (JMU, 2025): <a href=\"https:\/\/wirtschaftlichefreiheit.de\/wordpress\/?p=39805\">Der amerikanische Don Quijote. Z\u00f6lle, \u00d6lflecken, Interventionsspiralen<\/a><\/p>\n\n\n\n<p>Henning Klodt (IfW, 2025): <a href=\"https:\/\/wirtschaftlichefreiheit.de\/wordpress\/?p=39702\">Donald Trump. T\u00f6ter oder Totengr\u00e4ber der globalen Weltordnung?<\/a><\/p>\n<!-- AddThis Advanced Settings generic via filter on the_content --><!-- AddThis Share Buttons generic via filter on the_content --><!-- AddThis Related Posts generic via filter on the_content -->","protected":false},"excerpt":{"rendered":"<p>Die traditionelle Welthandelsordnung verliert im Ergebnis ihre bindende Kraft. Regeln wirken nur, wenn sie verteidigt und durchgesetzt werden k\u00f6nnen. Die \u00f6konomische Handlungsf\u00e4higkeit Europas ist daher unmittelbar mit seiner sicherheitspolitischen Ausstattung verkn\u00fcpft. <!-- AddThis Advanced Settings generic via filter on wp_trim_excerpt --><!-- AddThis Share Buttons generic via filter on wp_trim_excerpt --><!-- AddThis Related Posts generic via filter on wp_trim_excerpt --><\/p>\n","protected":false},"author":464,"featured_media":42281,"comment_status":"open","ping_status":"open","sticky":false,"template":"","format":"standard","meta":{"footnotes":""},"categories":[34],"tags":[3922,4852,2959],"class_list":["post-42266","post","type-post","status-publish","format-standard","has-post-thumbnail","hentry","category-kapitalistisches","tag-cassel","tag-kapitalistischer-friede","tag-kohlstruck"],"yoast_head":"<!-- This site is optimized with the Yoast SEO plugin v27.2 - https:\/\/yoast.com\/product\/yoast-seo-wordpress\/ -->\n<title>Gastbeitrag Das Ende des \u201ekapitalistischen Friedens\u201c Was Europa jetzt tun sollte  - Wirtschaftliche Freiheit<\/title>\n<meta name=\"robots\" content=\"index, follow, max-snippet:-1, max-image-preview:large, max-video-preview:-1\" \/>\n<link rel=\"canonical\" href=\"https:\/\/wirtschaftlichefreiheit.de\/wordpress\/?p=42266\" \/>\n<meta property=\"og:locale\" content=\"de_DE\" \/>\n<meta property=\"og:type\" content=\"article\" \/>\n<meta property=\"og:title\" content=\"Gastbeitrag Das Ende des \u201ekapitalistischen Friedens\u201c Was Europa jetzt tun sollte  - Wirtschaftliche Freiheit\" \/>\n<meta property=\"og:description\" content=\"Die traditionelle Welthandelsordnung verliert im Ergebnis ihre bindende Kraft. Regeln wirken nur, wenn sie verteidigt und durchgesetzt werden k\u00f6nnen. Die \u00f6konomische Handlungsf\u00e4higkeit Europas ist daher unmittelbar mit seiner sicherheitspolitischen Ausstattung verkn\u00fcpft.\" \/>\n<meta property=\"og:url\" content=\"https:\/\/wirtschaftlichefreiheit.de\/wordpress\/?p=42266\" \/>\n<meta property=\"og:site_name\" content=\"Wirtschaftliche Freiheit\" \/>\n<meta property=\"article:published_time\" content=\"2025-12-06T23:45:00+00:00\" \/>\n<meta property=\"article:modified_time\" content=\"2026-03-05T05:58:38+00:00\" \/>\n<meta property=\"og:image\" content=\"http:\/\/wirtschaftlichefreiheit.de\/wordpress\/bilder\/kapfried1.png\" \/>\n\t<meta property=\"og:image:width\" content=\"2082\" \/>\n\t<meta property=\"og:image:height\" content=\"1299\" \/>\n\t<meta property=\"og:image:type\" content=\"image\/png\" \/>\n<meta name=\"author\" content=\"Susanne Cassel und Tobias Kohlstruck\" \/>\n<meta name=\"twitter:card\" content=\"summary_large_image\" \/>\n<meta name=\"twitter:label1\" content=\"Verfasst von\" \/>\n\t<meta name=\"twitter:data1\" content=\"Susanne Cassel und Tobias Kohlstruck\" \/>\n\t<meta name=\"twitter:label2\" content=\"Gesch\u00e4tzte Lesezeit\" \/>\n\t<meta name=\"twitter:data2\" content=\"5\u00a0Minuten\" \/>\n<script type=\"application\/ld+json\" class=\"yoast-schema-graph\">{\"@context\":\"https:\/\/schema.org\",\"@graph\":[{\"@type\":\"Article\",\"@id\":\"https:\/\/wirtschaftlichefreiheit.de\/wordpress\/?p=42266#article\",\"isPartOf\":{\"@id\":\"https:\/\/wirtschaftlichefreiheit.de\/wordpress\/?p=42266\"},\"author\":{\"name\":\"Susanne Cassel und Tobias Kohlstruck\",\"@id\":\"https:\/\/wirtschaftlichefreiheit.de\/wordpress\/#\/schema\/person\/c5fe031365d58692d93991f94ec61e64\"},\"headline\":\"Gastbeitrag Das Ende des \u201ekapitalistischen Friedens\u201c Was Europa jetzt tun sollte\",\"datePublished\":\"2025-12-06T23:45:00+00:00\",\"dateModified\":\"2026-03-05T05:58:38+00:00\",\"mainEntityOfPage\":{\"@id\":\"https:\/\/wirtschaftlichefreiheit.de\/wordpress\/?p=42266\"},\"wordCount\":852,\"commentCount\":0,\"image\":{\"@id\":\"https:\/\/wirtschaftlichefreiheit.de\/wordpress\/?p=42266#primaryimage\"},\"thumbnailUrl\":\"https:\/\/wirtschaftlichefreiheit.de\/wordpress\/bilder\/kapfried1.png\",\"keywords\":[\"Cassel\",\"Kapitalistischer Friede\",\"Kohlstruck\"],\"articleSection\":[\"Kapitalistisches\"],\"inLanguage\":\"de\",\"potentialAction\":[{\"@type\":\"CommentAction\",\"name\":\"Comment\",\"target\":[\"https:\/\/wirtschaftlichefreiheit.de\/wordpress\/?p=42266#respond\"]}]},{\"@type\":\"WebPage\",\"@id\":\"https:\/\/wirtschaftlichefreiheit.de\/wordpress\/?p=42266\",\"url\":\"https:\/\/wirtschaftlichefreiheit.de\/wordpress\/?p=42266\",\"name\":\"Gastbeitrag Das Ende des \u201ekapitalistischen Friedens\u201c Was Europa jetzt tun sollte - Wirtschaftliche Freiheit\",\"isPartOf\":{\"@id\":\"https:\/\/wirtschaftlichefreiheit.de\/wordpress\/#website\"},\"primaryImageOfPage\":{\"@id\":\"https:\/\/wirtschaftlichefreiheit.de\/wordpress\/?p=42266#primaryimage\"},\"image\":{\"@id\":\"https:\/\/wirtschaftlichefreiheit.de\/wordpress\/?p=42266#primaryimage\"},\"thumbnailUrl\":\"https:\/\/wirtschaftlichefreiheit.de\/wordpress\/bilder\/kapfried1.png\",\"datePublished\":\"2025-12-06T23:45:00+00:00\",\"dateModified\":\"2026-03-05T05:58:38+00:00\",\"author\":{\"@id\":\"https:\/\/wirtschaftlichefreiheit.de\/wordpress\/#\/schema\/person\/c5fe031365d58692d93991f94ec61e64\"},\"breadcrumb\":{\"@id\":\"https:\/\/wirtschaftlichefreiheit.de\/wordpress\/?p=42266#breadcrumb\"},\"inLanguage\":\"de\",\"potentialAction\":[{\"@type\":\"ReadAction\",\"target\":[\"https:\/\/wirtschaftlichefreiheit.de\/wordpress\/?p=42266\"]}]},{\"@type\":\"ImageObject\",\"inLanguage\":\"de\",\"@id\":\"https:\/\/wirtschaftlichefreiheit.de\/wordpress\/?p=42266#primaryimage\",\"url\":\"https:\/\/wirtschaftlichefreiheit.de\/wordpress\/bilder\/kapfried1.png\",\"contentUrl\":\"https:\/\/wirtschaftlichefreiheit.de\/wordpress\/bilder\/kapfried1.png\",\"width\":2082,\"height\":1299},{\"@type\":\"BreadcrumbList\",\"@id\":\"https:\/\/wirtschaftlichefreiheit.de\/wordpress\/?p=42266#breadcrumb\",\"itemListElement\":[{\"@type\":\"ListItem\",\"position\":1,\"name\":\"Startseite\",\"item\":\"https:\/\/wirtschaftlichefreiheit.de\/wordpress\"},{\"@type\":\"ListItem\",\"position\":2,\"name\":\"Gastbeitrag Das Ende des \u201ekapitalistischen Friedens\u201c Was Europa jetzt tun sollte\"}]},{\"@type\":\"WebSite\",\"@id\":\"https:\/\/wirtschaftlichefreiheit.de\/wordpress\/#website\",\"url\":\"https:\/\/wirtschaftlichefreiheit.de\/wordpress\/\",\"name\":\"Wirtschaftliche Freiheit\",\"description\":\"Das ordnungspolitische Journal\",\"potentialAction\":[{\"@type\":\"SearchAction\",\"target\":{\"@type\":\"EntryPoint\",\"urlTemplate\":\"https:\/\/wirtschaftlichefreiheit.de\/wordpress\/?s={search_term_string}\"},\"query-input\":{\"@type\":\"PropertyValueSpecification\",\"valueRequired\":true,\"valueName\":\"search_term_string\"}}],\"inLanguage\":\"de\"},{\"@type\":\"Person\",\"@id\":\"https:\/\/wirtschaftlichefreiheit.de\/wordpress\/#\/schema\/person\/c5fe031365d58692d93991f94ec61e64\",\"name\":\"Susanne Cassel und Tobias Kohlstruck\",\"image\":{\"@type\":\"ImageObject\",\"inLanguage\":\"de\",\"@id\":\"https:\/\/wirtschaftlichefreiheit.de\/wordpress\/bilder\/cakohl.png\",\"url\":\"https:\/\/wirtschaftlichefreiheit.de\/wordpress\/bilder\/cakohl.png\",\"contentUrl\":\"https:\/\/wirtschaftlichefreiheit.de\/wordpress\/bilder\/cakohl.png\",\"caption\":\"Susanne Cassel und Tobias Kohlstruck\"},\"description\":\"ECONWATCH ECONWATCH\",\"url\":\"https:\/\/wirtschaftlichefreiheit.de\/wordpress\/?author=464\"}]}<\/script>\n<!-- \/ Yoast SEO plugin. -->","yoast_head_json":{"title":"Gastbeitrag Das Ende des \u201ekapitalistischen Friedens\u201c Was Europa jetzt tun sollte  - Wirtschaftliche Freiheit","robots":{"index":"index","follow":"follow","max-snippet":"max-snippet:-1","max-image-preview":"max-image-preview:large","max-video-preview":"max-video-preview:-1"},"canonical":"https:\/\/wirtschaftlichefreiheit.de\/wordpress\/?p=42266","og_locale":"de_DE","og_type":"article","og_title":"Gastbeitrag Das Ende des \u201ekapitalistischen Friedens\u201c Was Europa jetzt tun sollte  - Wirtschaftliche Freiheit","og_description":"Die traditionelle Welthandelsordnung verliert im Ergebnis ihre bindende Kraft. Regeln wirken nur, wenn sie verteidigt und durchgesetzt werden k\u00f6nnen. Die \u00f6konomische Handlungsf\u00e4higkeit Europas ist daher unmittelbar mit seiner sicherheitspolitischen Ausstattung verkn\u00fcpft.","og_url":"https:\/\/wirtschaftlichefreiheit.de\/wordpress\/?p=42266","og_site_name":"Wirtschaftliche Freiheit","article_published_time":"2025-12-06T23:45:00+00:00","article_modified_time":"2026-03-05T05:58:38+00:00","og_image":[{"width":2082,"height":1299,"url":"http:\/\/wirtschaftlichefreiheit.de\/wordpress\/bilder\/kapfried1.png","type":"image\/png"}],"author":"Susanne Cassel und Tobias Kohlstruck","twitter_card":"summary_large_image","twitter_misc":{"Verfasst von":"Susanne Cassel und Tobias Kohlstruck","Gesch\u00e4tzte Lesezeit":"5\u00a0Minuten"},"schema":{"@context":"https:\/\/schema.org","@graph":[{"@type":"Article","@id":"https:\/\/wirtschaftlichefreiheit.de\/wordpress\/?p=42266#article","isPartOf":{"@id":"https:\/\/wirtschaftlichefreiheit.de\/wordpress\/?p=42266"},"author":{"name":"Susanne Cassel und Tobias Kohlstruck","@id":"https:\/\/wirtschaftlichefreiheit.de\/wordpress\/#\/schema\/person\/c5fe031365d58692d93991f94ec61e64"},"headline":"Gastbeitrag Das Ende des \u201ekapitalistischen Friedens\u201c Was Europa jetzt tun sollte","datePublished":"2025-12-06T23:45:00+00:00","dateModified":"2026-03-05T05:58:38+00:00","mainEntityOfPage":{"@id":"https:\/\/wirtschaftlichefreiheit.de\/wordpress\/?p=42266"},"wordCount":852,"commentCount":0,"image":{"@id":"https:\/\/wirtschaftlichefreiheit.de\/wordpress\/?p=42266#primaryimage"},"thumbnailUrl":"https:\/\/wirtschaftlichefreiheit.de\/wordpress\/bilder\/kapfried1.png","keywords":["Cassel","Kapitalistischer Friede","Kohlstruck"],"articleSection":["Kapitalistisches"],"inLanguage":"de","potentialAction":[{"@type":"CommentAction","name":"Comment","target":["https:\/\/wirtschaftlichefreiheit.de\/wordpress\/?p=42266#respond"]}]},{"@type":"WebPage","@id":"https:\/\/wirtschaftlichefreiheit.de\/wordpress\/?p=42266","url":"https:\/\/wirtschaftlichefreiheit.de\/wordpress\/?p=42266","name":"Gastbeitrag Das Ende des \u201ekapitalistischen Friedens\u201c Was Europa jetzt tun sollte - Wirtschaftliche Freiheit","isPartOf":{"@id":"https:\/\/wirtschaftlichefreiheit.de\/wordpress\/#website"},"primaryImageOfPage":{"@id":"https:\/\/wirtschaftlichefreiheit.de\/wordpress\/?p=42266#primaryimage"},"image":{"@id":"https:\/\/wirtschaftlichefreiheit.de\/wordpress\/?p=42266#primaryimage"},"thumbnailUrl":"https:\/\/wirtschaftlichefreiheit.de\/wordpress\/bilder\/kapfried1.png","datePublished":"2025-12-06T23:45:00+00:00","dateModified":"2026-03-05T05:58:38+00:00","author":{"@id":"https:\/\/wirtschaftlichefreiheit.de\/wordpress\/#\/schema\/person\/c5fe031365d58692d93991f94ec61e64"},"breadcrumb":{"@id":"https:\/\/wirtschaftlichefreiheit.de\/wordpress\/?p=42266#breadcrumb"},"inLanguage":"de","potentialAction":[{"@type":"ReadAction","target":["https:\/\/wirtschaftlichefreiheit.de\/wordpress\/?p=42266"]}]},{"@type":"ImageObject","inLanguage":"de","@id":"https:\/\/wirtschaftlichefreiheit.de\/wordpress\/?p=42266#primaryimage","url":"https:\/\/wirtschaftlichefreiheit.de\/wordpress\/bilder\/kapfried1.png","contentUrl":"https:\/\/wirtschaftlichefreiheit.de\/wordpress\/bilder\/kapfried1.png","width":2082,"height":1299},{"@type":"BreadcrumbList","@id":"https:\/\/wirtschaftlichefreiheit.de\/wordpress\/?p=42266#breadcrumb","itemListElement":[{"@type":"ListItem","position":1,"name":"Startseite","item":"https:\/\/wirtschaftlichefreiheit.de\/wordpress"},{"@type":"ListItem","position":2,"name":"Gastbeitrag Das Ende des \u201ekapitalistischen Friedens\u201c Was Europa jetzt tun sollte"}]},{"@type":"WebSite","@id":"https:\/\/wirtschaftlichefreiheit.de\/wordpress\/#website","url":"https:\/\/wirtschaftlichefreiheit.de\/wordpress\/","name":"Wirtschaftliche Freiheit","description":"Das ordnungspolitische Journal","potentialAction":[{"@type":"SearchAction","target":{"@type":"EntryPoint","urlTemplate":"https:\/\/wirtschaftlichefreiheit.de\/wordpress\/?s={search_term_string}"},"query-input":{"@type":"PropertyValueSpecification","valueRequired":true,"valueName":"search_term_string"}}],"inLanguage":"de"},{"@type":"Person","@id":"https:\/\/wirtschaftlichefreiheit.de\/wordpress\/#\/schema\/person\/c5fe031365d58692d93991f94ec61e64","name":"Susanne Cassel und Tobias Kohlstruck","image":{"@type":"ImageObject","inLanguage":"de","@id":"https:\/\/wirtschaftlichefreiheit.de\/wordpress\/bilder\/cakohl.png","url":"https:\/\/wirtschaftlichefreiheit.de\/wordpress\/bilder\/cakohl.png","contentUrl":"https:\/\/wirtschaftlichefreiheit.de\/wordpress\/bilder\/cakohl.png","caption":"Susanne Cassel und Tobias Kohlstruck"},"description":"ECONWATCH ECONWATCH","url":"https:\/\/wirtschaftlichefreiheit.de\/wordpress\/?author=464"}]}},"_links":{"self":[{"href":"https:\/\/wirtschaftlichefreiheit.de\/wordpress\/index.php?rest_route=\/wp\/v2\/posts\/42266","targetHints":{"allow":["GET"]}}],"collection":[{"href":"https:\/\/wirtschaftlichefreiheit.de\/wordpress\/index.php?rest_route=\/wp\/v2\/posts"}],"about":[{"href":"https:\/\/wirtschaftlichefreiheit.de\/wordpress\/index.php?rest_route=\/wp\/v2\/types\/post"}],"author":[{"embeddable":true,"href":"https:\/\/wirtschaftlichefreiheit.de\/wordpress\/index.php?rest_route=\/wp\/v2\/users\/464"}],"replies":[{"embeddable":true,"href":"https:\/\/wirtschaftlichefreiheit.de\/wordpress\/index.php?rest_route=%2Fwp%2Fv2%2Fcomments&post=42266"}],"version-history":[{"count":9,"href":"https:\/\/wirtschaftlichefreiheit.de\/wordpress\/index.php?rest_route=\/wp\/v2\/posts\/42266\/revisions"}],"predecessor-version":[{"id":42376,"href":"https:\/\/wirtschaftlichefreiheit.de\/wordpress\/index.php?rest_route=\/wp\/v2\/posts\/42266\/revisions\/42376"}],"wp:featuredmedia":[{"embeddable":true,"href":"https:\/\/wirtschaftlichefreiheit.de\/wordpress\/index.php?rest_route=\/wp\/v2\/media\/42281"}],"wp:attachment":[{"href":"https:\/\/wirtschaftlichefreiheit.de\/wordpress\/index.php?rest_route=%2Fwp%2Fv2%2Fmedia&parent=42266"}],"wp:term":[{"taxonomy":"category","embeddable":true,"href":"https:\/\/wirtschaftlichefreiheit.de\/wordpress\/index.php?rest_route=%2Fwp%2Fv2%2Fcategories&post=42266"},{"taxonomy":"post_tag","embeddable":true,"href":"https:\/\/wirtschaftlichefreiheit.de\/wordpress\/index.php?rest_route=%2Fwp%2Fv2%2Ftags&post=42266"}],"curies":[{"name":"wp","href":"https:\/\/api.w.org\/{rel}","templated":true}]}}