{"id":4253,"date":"2010-09-22T11:01:46","date_gmt":"2010-09-22T10:01:46","guid":{"rendered":"http:\/\/wirtschaftlichefreiheit.de\/wordpress\/?p=4253"},"modified":"2010-09-22T10:22:17","modified_gmt":"2010-09-22T09:22:17","slug":"die-deutsche-industrie-lebt-nicht-nur-vom-aussenhandel","status":"publish","type":"post","link":"https:\/\/wirtschaftlichefreiheit.de\/wordpress\/?p=4253","title":{"rendered":"<br\/>Die deutsche Industrie lebt nicht nur vom Au\u00dfenhandel<br>"},"content":{"rendered":"<p>Im Gefolge der weltweiten Wirtschaftskrise kam es zu einem R\u00fcckgang der Warenexporte und der Industrieproduktion in Deutschland in einem bisher nicht gekannten Ausma\u00df. Dies f\u00fchrte zum st\u00e4rksten R\u00fcckgang der gesamtwirtschaftlichen Aktivit\u00e4ten in Deutschland seit dem Zweiten Weltkrieg und sorgte f\u00fcr eine ausgepr\u00e4gte Kritik an der Struktur der deutschen Wirtschaft. Dabei wurde das relativ hohe Industriegewicht kontrovers diskutiert, das im Gegensatz zum internationalen Trend seit 1995 stabil blieb und vor der Krise sogar noch leicht angestiegen war. Im Fokus stand dabei vor allem die starke Weltmarktorientierung der deutschen Industrie. Vor diesem Hintergrund wird kritisiert, dass Deutschland im vorhergehenden Aufschwung vor allem aufgrund der positiven Wachstumsbeitr\u00e4ge des von der Industrie getragenen Au\u00dfenhandels gewachsen sei.<\/p>\n<p><!--more--><\/p>\n<p>Zur Erkl\u00e4rung der Entwicklung der Wertsch\u00f6pfung insgesamt, einzelner Branchen oder G\u00fctergruppen kann auf die Erkenntnisse \u00fcber den sektoralen Strukturwandel zur\u00fcckgegriffen werden:<\/p>\n<p>\u201c\u00a2\tDie Ver\u00e4nderungen im Branchengef\u00fcge einer Volkswirtschaft k\u00f6nnen teilweise durch Ver\u00e4nderungen bei der inl\u00e4ndischen Endnachfrage erkl\u00e4rt werden. Die inl\u00e4ndische Nachfrage nach Industrieprodukten verliert m\u00f6glicherweise langfristig an Bedeutung, weil sich mit steigendem Wohlstand die Nachfrage hin zu Dienstleistungen verschiebt.<\/p>\n<p>\u201c\u00a2\tEine fortschreitende intersektorale Arbeitsteilung, wie sie beispielsweise mit dem Vorleistungsaustausch zwischen Firmen und Branchen gemessen wird, kann ebenfalls die Wertsch\u00f6pfungsver\u00e4nderungen mit erkl\u00e4ren. In der langen Sicht wurde zum Beispiel ein Teil der industriellen Wertsch\u00f6pfung zunehmend in Dienstleistungsfirmen ausgelagert (Outsourcing).<\/p>\n<p>\u201c\u00a2\tUnd nicht zuletzt kann die Globalisierung im Sinne einer st\u00e4rkeren internationalen Arbeitsteilung den Au\u00dfenbeitrag und somit die Wertsch\u00f6pfung eines Produktionsbereichs beeinflussen \u2013 sei es durch eine relativ starke Importkonkurrenz oder eine besonders ausgepr\u00e4gte Exportorientierung.<\/p>\n<p>Die Wertsch\u00f6pfungsentwicklung auf Branchenebene kann insgesamt durch die inl\u00e4ndische Endnachfrage, die Vorratst\u00e4tigkeit, den Vorleistungssaldo und den Au\u00dfenbeitrag erkl\u00e4rt werden. Im Folgenden werden f\u00fcnf Industrie- oder G\u00fcterbereiche ausgew\u00e4hlt: Fahrzeuge, Maschinen, Elektrog\u00fcter, Metallg\u00fcter und chemische (einschlie\u00dflich pharmazeutische) Produkte. Bei diesen G\u00fctergruppen ist eine vergleichsweise hohe Exportt\u00e4tigkeit und Weltmarktorientierung zu beobachten. Um dieses Konzept f\u00fcr Deutschland umzusetzen, wurde mit den Input-Output-Tabellen (IOT) des Statistischen Bundesamts gearbeitet. Diese liegen bis zum Jahr 2007 vor und liefern Daten, um die produktions- und g\u00fcterm\u00e4\u00dfigen Verflechtungen innerhalb einer Volkswirtschaft darzustellen.<\/p>\n<p>Beim Blick auf den aktuellen Rand &#8211; also die Jahre 2004 bis 2007  \u2013 muss die These der vermeintlich \u00fcberzogenen Exportorientierung der deutschen Wirtschaft relativiert werden (siehe Abbildung).<\/p>\n<p style=\"text-align: center;\"><strong>Abbildung: Wachstumsbeitr\u00e4ge im Aufschwung 2004 bis 2007<\/strong><\/p>\n<p style=\"text-align: center;\"><a href=\"\/wordpress\/bilder\/groemling\/wachstum.jpg\" target=\"blank\"><img decoding=\"async\" class=\"aligncenter\" title=\"Wachstumsbeitrag\" src=\"\/wordpress\/bilder\/groemling\/wachstum.jpg\" alt=\"Wachstumsbeitrag\" width=\"400\" \/><\/a><br \/>\n<small>&#8211; zum Vergr\u00f6\u00dfern bitte auf die Grafik klicken &#8211; <\/small><\/p>\n<p><small><strong>Anmerkung:<\/strong> Wachstumsbeitr\u00e4ge der einzelnen Nachfragekomponenten zur Ver\u00e4nderung der nominalen Bruttowertsch\u00f6pfung im Zeitraum 2004 bis 2007 in Prozentpunkten.<br \/>\nPrivater und staatlicher Konsum (C), Anlageinvestitionen (AI), Vorratsinvestitionen (VI), Vorleistungssaldo aus Vorleistungslieferungen (VLL) und Vorleistungsk\u00e4ufen (VLK), Au\u00dfenbeitrag (X \u2013 M) aus Exporten (X) und Importen (M).<br \/>\n<strong>Quellen:<\/strong> Statistisches Bundesamt; Institut der deutschen Wirtschaft K\u00f6ln<\/small><\/p>\n<p>\u201c\u00a2\tGesamtwirtschaftlich spielt der Au\u00dfenbeitrag als Wachstumstreiber keine dominierende Rolle \u2013 und wird sogar klar von dem der heimischen Endnachfrage \u00fcberwogen. W\u00e4hrend die heimische Endnachfrage im Zeitraum 2004 bis 2007 einen Wachstumsbeitrag von \u00fcber 8 Prozentpunkten zum Zuwachs der nominalen Bruttowertsch\u00f6pfung von rund 12 Prozent lieferte, trug der Au\u00dfenhandel nur gut 4 Prozentpunkte bei. Dahinter steht nicht zuletzt, dass der deutsche Dienstleistungshandel \u2013 anders als der industrielle Warenhandel \u2013 ein Handelsbilanzdefizit aufweist, also h\u00f6here Importe als Exporte.<\/p>\n<p>\u201c\u00a2\tBei den Maschinen zeigte sich dagegen eine klare Dominanz des Au\u00dfenbeitrags. Doch steht dahinter vor allem die Rolle der Maschinen als Investitionsg\u00fcter, die gerade in den aufstrebenden Schwellenl\u00e4ndern stark nachgefragt wurden.<\/p>\n<p>\u201c\u00a2\tDemgegen\u00fcber spielt der Au\u00dfenhandel als Motor des Wachstums bei den Metallprodukten kaum eine Rolle. Vor allem, weil hier die Zuw\u00e4chse der Wertsch\u00f6pfung in erster Linie daraus resultieren, dass sich die inl\u00e4ndischen Vorleistungslieferungen deutlich besser als die Vorleistungsk\u00e4ufe entwickelt haben. Da die Rolle der Metallprodukte als Zulieferg\u00fcter dominiert, hat der Vorleistungssaldo stark zum Wachstum beigetragen.<\/p>\n<p>\u201c\u00a2\tBei den Industrieg\u00fctern insgesamt, den Fahrzeugen sowie den Chemie- und den Elektroprodukten hat der Au\u00dfenhandel zwar durchaus starke Wachstumsimpulse gegeben. Doch sind diese nicht sehr viel gr\u00f6\u00dfer als jene der \u00fcbrigen Komponenten, unter denen die heimische Endnachfrage die wichtigste Rolle spielt.<\/p>\n<p>Auch in der l\u00e4ngerfristigen Betrachtung 1995 bis 2007 des Strukturwandels zeigt sich bei den meisten Produktgruppen ein \u00e4hnliches Bild wie zwischen 2004 und 2007. Die Wachstumsbeitr\u00e4ge der heimischen Endnachfrage sind zwar klar positiv, werden aber durch einen starken negativen Effekt des Vorleistungssaldos \u00fcbertroffen. Denn in der Tendenz \u00fcberwiegen oft steigende Vorleistungsk\u00e4ufe und damit die Auslagerung von Wertsch\u00f6pfung (Outsourcing). Dies gilt vor allem f\u00fcr die Industrieg\u00fcter insgesamt sowie Maschinen und Fahrzeuge, aber nicht f\u00fcr Elektro- und Metallprodukte.<\/p>\n<p>Ohne die positiven Wachstumsimpulse des Au\u00dfenhandels w\u00e4re es zu starken Einbr\u00fcchen bei der nominalen Bruttowertsch\u00f6pfung wichtiger Produktgruppen gekommen. Der Au\u00dfenhandel hat also wesentlich dazu beigetragen, dass die deutsche Industrie nicht wie in vielen anderen L\u00e4ndern deutliche Anteilsverluste verbuchen musste. Vor allem in den Krisenjahren 2001 und 2002 verhinderte ein starker positiver Wachstumsbeitrag des Au\u00dfenhandels einen massiven Einbruch bei der Wertsch\u00f6pfung der Industrieprodukte.<\/p>\n<p><strong>Hinweis:<\/strong> <a href=\"http:\/\/www.iwkoeln.de\/Presse\/Expertenliste\/tabid\/194\/ExpertID\/27\/Default.aspx\" target=\"blank\">J\u00fcrgen Matthes<\/a> ist beim <a href=\"http:\/\/www.iwkoeln.de\/\" target=\"blank\">Institut<\/a> der deutschen Wirtschaft K\u00f6ln Experte f\u00fcr Internationale Wirtschaftsordnung.<\/p>\n<!-- AddThis Advanced Settings generic via filter on the_content --><!-- AddThis Share Buttons generic via filter on the_content --><!-- AddThis Related Posts generic via filter on the_content -->","protected":false},"excerpt":{"rendered":"<p>Im Gefolge der weltweiten Wirtschaftskrise kam es zu einem R\u00fcckgang der Warenexporte und der Industrieproduktion in Deutschland in einem bisher nicht gekannten Ausma\u00df. Dies f\u00fchrte &hellip; <\/p>\n<p class=\"link-more\"><a href=\"https:\/\/wirtschaftlichefreiheit.de\/wordpress\/?p=4253\" class=\"more-link\"><span class=\"screen-reader-text\">\u201e<br \/>Die deutsche Industrie lebt nicht nur vom Au\u00dfenhandel<br \/>\u201c <\/span>weiterlesen<\/a><\/p>\n<p><!-- AddThis Advanced Settings generic via filter on wp_trim_excerpt --><!-- AddThis Share Buttons generic via filter on wp_trim_excerpt --><!-- AddThis Related Posts generic via filter on wp_trim_excerpt --><\/p>\n","protected":false},"author":85,"featured_media":0,"comment_status":"open","ping_status":"open","sticky":false,"template":"","format":"standard","meta":{"footnotes":""},"categories":[6,7,33,23],"tags":[221,290,390,391],"class_list":["post-4253","post","type-post","status-publish","format-standard","hentry","category-alles","category-globales","category-makrooekonomisches","category-wettbewerbliches","tag-aussenhandel","tag-exporte","tag-industrieproduktion","tag-wertschoepfung"],"yoast_head":"<!-- This site is optimized with the Yoast SEO plugin v27.2 - https:\/\/yoast.com\/product\/yoast-seo-wordpress\/ -->\n<title>Die deutsche Industrie lebt nicht nur vom Au\u00dfenhandel - Wirtschaftliche Freiheit<\/title>\n<meta name=\"robots\" content=\"index, follow, max-snippet:-1, max-image-preview:large, max-video-preview:-1\" \/>\n<link rel=\"canonical\" href=\"https:\/\/wirtschaftlichefreiheit.de\/wordpress\/?p=4253\" \/>\n<meta property=\"og:locale\" content=\"de_DE\" \/>\n<meta property=\"og:type\" content=\"article\" \/>\n<meta property=\"og:title\" content=\"Die deutsche Industrie lebt nicht nur vom Au\u00dfenhandel - Wirtschaftliche Freiheit\" \/>\n<meta property=\"og:description\" content=\"Im Gefolge der weltweiten Wirtschaftskrise kam es zu einem R\u00fcckgang der Warenexporte und der Industrieproduktion in Deutschland in einem bisher nicht gekannten Ausma\u00df. Dies f\u00fchrte &hellip; \u201eDie deutsche Industrie lebt nicht nur vom Au\u00dfenhandel\u201c weiterlesen\" \/>\n<meta property=\"og:url\" content=\"https:\/\/wirtschaftlichefreiheit.de\/wordpress\/?p=4253\" \/>\n<meta property=\"og:site_name\" content=\"Wirtschaftliche Freiheit\" \/>\n<meta property=\"article:published_time\" content=\"2010-09-22T10:01:46+00:00\" \/>\n<meta name=\"author\" content=\"Michael Gr\u00f6mling und J\u00fcrgen Matthes\" \/>\n<meta name=\"twitter:card\" content=\"summary_large_image\" \/>\n<meta name=\"twitter:label1\" content=\"Verfasst von\" \/>\n\t<meta name=\"twitter:data1\" content=\"Michael Gr\u00f6mling und J\u00fcrgen Matthes\" \/>\n\t<meta name=\"twitter:label2\" content=\"Gesch\u00e4tzte Lesezeit\" \/>\n\t<meta name=\"twitter:data2\" content=\"4\u00a0Minuten\" \/>\n<script type=\"application\/ld+json\" class=\"yoast-schema-graph\">{\"@context\":\"https:\/\/schema.org\",\"@graph\":[{\"@type\":\"Article\",\"@id\":\"https:\/\/wirtschaftlichefreiheit.de\/wordpress\/?p=4253#article\",\"isPartOf\":{\"@id\":\"https:\/\/wirtschaftlichefreiheit.de\/wordpress\/?p=4253\"},\"author\":{\"name\":\"Michael Gr\u00f6mling und J\u00fcrgen Matthes\",\"@id\":\"https:\/\/wirtschaftlichefreiheit.de\/wordpress\/#\/schema\/person\/38ec144999a1d096ec949477e9d467f6\"},\"headline\":\"Die deutsche Industrie lebt nicht nur vom Au\u00dfenhandel\",\"datePublished\":\"2010-09-22T10:01:46+00:00\",\"mainEntityOfPage\":{\"@id\":\"https:\/\/wirtschaftlichefreiheit.de\/wordpress\/?p=4253\"},\"wordCount\":848,\"commentCount\":1,\"keywords\":[\"Au\u00dfenhandel\",\"Exporte\",\"Industrieproduktion\",\"Wertsch\u00f6pfung\"],\"articleSection\":[\"Alle Kategorien\",\"Globales\",\"Makro\u00f6konomisches\",\"Wettbewerbliches\"],\"inLanguage\":\"de\",\"potentialAction\":[{\"@type\":\"CommentAction\",\"name\":\"Comment\",\"target\":[\"https:\/\/wirtschaftlichefreiheit.de\/wordpress\/?p=4253#respond\"]}]},{\"@type\":\"WebPage\",\"@id\":\"https:\/\/wirtschaftlichefreiheit.de\/wordpress\/?p=4253\",\"url\":\"https:\/\/wirtschaftlichefreiheit.de\/wordpress\/?p=4253\",\"name\":\"Die deutsche Industrie lebt nicht nur vom Au\u00dfenhandel - Wirtschaftliche Freiheit\",\"isPartOf\":{\"@id\":\"https:\/\/wirtschaftlichefreiheit.de\/wordpress\/#website\"},\"datePublished\":\"2010-09-22T10:01:46+00:00\",\"author\":{\"@id\":\"https:\/\/wirtschaftlichefreiheit.de\/wordpress\/#\/schema\/person\/38ec144999a1d096ec949477e9d467f6\"},\"breadcrumb\":{\"@id\":\"https:\/\/wirtschaftlichefreiheit.de\/wordpress\/?p=4253#breadcrumb\"},\"inLanguage\":\"de\",\"potentialAction\":[{\"@type\":\"ReadAction\",\"target\":[\"https:\/\/wirtschaftlichefreiheit.de\/wordpress\/?p=4253\"]}]},{\"@type\":\"BreadcrumbList\",\"@id\":\"https:\/\/wirtschaftlichefreiheit.de\/wordpress\/?p=4253#breadcrumb\",\"itemListElement\":[{\"@type\":\"ListItem\",\"position\":1,\"name\":\"Startseite\",\"item\":\"https:\/\/wirtschaftlichefreiheit.de\/wordpress\"},{\"@type\":\"ListItem\",\"position\":2,\"name\":\"Die deutsche Industrie lebt nicht nur vom Au\u00dfenhandel\"}]},{\"@type\":\"WebSite\",\"@id\":\"https:\/\/wirtschaftlichefreiheit.de\/wordpress\/#website\",\"url\":\"https:\/\/wirtschaftlichefreiheit.de\/wordpress\/\",\"name\":\"Wirtschaftliche Freiheit\",\"description\":\"Das ordnungspolitische Journal\",\"potentialAction\":[{\"@type\":\"SearchAction\",\"target\":{\"@type\":\"EntryPoint\",\"urlTemplate\":\"https:\/\/wirtschaftlichefreiheit.de\/wordpress\/?s={search_term_string}\"},\"query-input\":{\"@type\":\"PropertyValueSpecification\",\"valueRequired\":true,\"valueName\":\"search_term_string\"}}],\"inLanguage\":\"de\"},{\"@type\":\"Person\",\"@id\":\"https:\/\/wirtschaftlichefreiheit.de\/wordpress\/#\/schema\/person\/38ec144999a1d096ec949477e9d467f6\",\"name\":\"Michael Gr\u00f6mling und J\u00fcrgen Matthes\",\"image\":{\"@type\":\"ImageObject\",\"inLanguage\":\"de\",\"@id\":\"https:\/\/wirtschaftlichefreiheit.de\/wordpress\/bilder\/groemling_matthes.png\",\"url\":\"https:\/\/wirtschaftlichefreiheit.de\/wordpress\/bilder\/groemling_matthes.png\",\"contentUrl\":\"https:\/\/wirtschaftlichefreiheit.de\/wordpress\/bilder\/groemling_matthes.png\",\"caption\":\"Michael Gr\u00f6mling und J\u00fcrgen Matthes\"},\"url\":\"https:\/\/wirtschaftlichefreiheit.de\/wordpress\/?author=85\"}]}<\/script>\n<!-- \/ Yoast SEO plugin. -->","yoast_head_json":{"title":"Die deutsche Industrie lebt nicht nur vom Au\u00dfenhandel - Wirtschaftliche Freiheit","robots":{"index":"index","follow":"follow","max-snippet":"max-snippet:-1","max-image-preview":"max-image-preview:large","max-video-preview":"max-video-preview:-1"},"canonical":"https:\/\/wirtschaftlichefreiheit.de\/wordpress\/?p=4253","og_locale":"de_DE","og_type":"article","og_title":"Die deutsche Industrie lebt nicht nur vom Au\u00dfenhandel - Wirtschaftliche Freiheit","og_description":"Im Gefolge der weltweiten Wirtschaftskrise kam es zu einem R\u00fcckgang der Warenexporte und der Industrieproduktion in Deutschland in einem bisher nicht gekannten Ausma\u00df. Dies f\u00fchrte &hellip; \u201eDie deutsche Industrie lebt nicht nur vom Au\u00dfenhandel\u201c weiterlesen","og_url":"https:\/\/wirtschaftlichefreiheit.de\/wordpress\/?p=4253","og_site_name":"Wirtschaftliche Freiheit","article_published_time":"2010-09-22T10:01:46+00:00","author":"Michael Gr\u00f6mling und J\u00fcrgen Matthes","twitter_card":"summary_large_image","twitter_misc":{"Verfasst von":"Michael Gr\u00f6mling und J\u00fcrgen Matthes","Gesch\u00e4tzte Lesezeit":"4\u00a0Minuten"},"schema":{"@context":"https:\/\/schema.org","@graph":[{"@type":"Article","@id":"https:\/\/wirtschaftlichefreiheit.de\/wordpress\/?p=4253#article","isPartOf":{"@id":"https:\/\/wirtschaftlichefreiheit.de\/wordpress\/?p=4253"},"author":{"name":"Michael Gr\u00f6mling und J\u00fcrgen Matthes","@id":"https:\/\/wirtschaftlichefreiheit.de\/wordpress\/#\/schema\/person\/38ec144999a1d096ec949477e9d467f6"},"headline":"Die deutsche Industrie lebt nicht nur vom Au\u00dfenhandel","datePublished":"2010-09-22T10:01:46+00:00","mainEntityOfPage":{"@id":"https:\/\/wirtschaftlichefreiheit.de\/wordpress\/?p=4253"},"wordCount":848,"commentCount":1,"keywords":["Au\u00dfenhandel","Exporte","Industrieproduktion","Wertsch\u00f6pfung"],"articleSection":["Alle Kategorien","Globales","Makro\u00f6konomisches","Wettbewerbliches"],"inLanguage":"de","potentialAction":[{"@type":"CommentAction","name":"Comment","target":["https:\/\/wirtschaftlichefreiheit.de\/wordpress\/?p=4253#respond"]}]},{"@type":"WebPage","@id":"https:\/\/wirtschaftlichefreiheit.de\/wordpress\/?p=4253","url":"https:\/\/wirtschaftlichefreiheit.de\/wordpress\/?p=4253","name":"Die deutsche Industrie lebt nicht nur vom Au\u00dfenhandel - Wirtschaftliche Freiheit","isPartOf":{"@id":"https:\/\/wirtschaftlichefreiheit.de\/wordpress\/#website"},"datePublished":"2010-09-22T10:01:46+00:00","author":{"@id":"https:\/\/wirtschaftlichefreiheit.de\/wordpress\/#\/schema\/person\/38ec144999a1d096ec949477e9d467f6"},"breadcrumb":{"@id":"https:\/\/wirtschaftlichefreiheit.de\/wordpress\/?p=4253#breadcrumb"},"inLanguage":"de","potentialAction":[{"@type":"ReadAction","target":["https:\/\/wirtschaftlichefreiheit.de\/wordpress\/?p=4253"]}]},{"@type":"BreadcrumbList","@id":"https:\/\/wirtschaftlichefreiheit.de\/wordpress\/?p=4253#breadcrumb","itemListElement":[{"@type":"ListItem","position":1,"name":"Startseite","item":"https:\/\/wirtschaftlichefreiheit.de\/wordpress"},{"@type":"ListItem","position":2,"name":"Die deutsche Industrie lebt nicht nur vom Au\u00dfenhandel"}]},{"@type":"WebSite","@id":"https:\/\/wirtschaftlichefreiheit.de\/wordpress\/#website","url":"https:\/\/wirtschaftlichefreiheit.de\/wordpress\/","name":"Wirtschaftliche Freiheit","description":"Das ordnungspolitische Journal","potentialAction":[{"@type":"SearchAction","target":{"@type":"EntryPoint","urlTemplate":"https:\/\/wirtschaftlichefreiheit.de\/wordpress\/?s={search_term_string}"},"query-input":{"@type":"PropertyValueSpecification","valueRequired":true,"valueName":"search_term_string"}}],"inLanguage":"de"},{"@type":"Person","@id":"https:\/\/wirtschaftlichefreiheit.de\/wordpress\/#\/schema\/person\/38ec144999a1d096ec949477e9d467f6","name":"Michael Gr\u00f6mling und J\u00fcrgen Matthes","image":{"@type":"ImageObject","inLanguage":"de","@id":"https:\/\/wirtschaftlichefreiheit.de\/wordpress\/bilder\/groemling_matthes.png","url":"https:\/\/wirtschaftlichefreiheit.de\/wordpress\/bilder\/groemling_matthes.png","contentUrl":"https:\/\/wirtschaftlichefreiheit.de\/wordpress\/bilder\/groemling_matthes.png","caption":"Michael Gr\u00f6mling und J\u00fcrgen Matthes"},"url":"https:\/\/wirtschaftlichefreiheit.de\/wordpress\/?author=85"}]}},"_links":{"self":[{"href":"https:\/\/wirtschaftlichefreiheit.de\/wordpress\/index.php?rest_route=\/wp\/v2\/posts\/4253","targetHints":{"allow":["GET"]}}],"collection":[{"href":"https:\/\/wirtschaftlichefreiheit.de\/wordpress\/index.php?rest_route=\/wp\/v2\/posts"}],"about":[{"href":"https:\/\/wirtschaftlichefreiheit.de\/wordpress\/index.php?rest_route=\/wp\/v2\/types\/post"}],"author":[{"embeddable":true,"href":"https:\/\/wirtschaftlichefreiheit.de\/wordpress\/index.php?rest_route=\/wp\/v2\/users\/85"}],"replies":[{"embeddable":true,"href":"https:\/\/wirtschaftlichefreiheit.de\/wordpress\/index.php?rest_route=%2Fwp%2Fv2%2Fcomments&post=4253"}],"version-history":[{"count":16,"href":"https:\/\/wirtschaftlichefreiheit.de\/wordpress\/index.php?rest_route=\/wp\/v2\/posts\/4253\/revisions"}],"predecessor-version":[{"id":4307,"href":"https:\/\/wirtschaftlichefreiheit.de\/wordpress\/index.php?rest_route=\/wp\/v2\/posts\/4253\/revisions\/4307"}],"wp:attachment":[{"href":"https:\/\/wirtschaftlichefreiheit.de\/wordpress\/index.php?rest_route=%2Fwp%2Fv2%2Fmedia&parent=4253"}],"wp:term":[{"taxonomy":"category","embeddable":true,"href":"https:\/\/wirtschaftlichefreiheit.de\/wordpress\/index.php?rest_route=%2Fwp%2Fv2%2Fcategories&post=4253"},{"taxonomy":"post_tag","embeddable":true,"href":"https:\/\/wirtschaftlichefreiheit.de\/wordpress\/index.php?rest_route=%2Fwp%2Fv2%2Ftags&post=4253"}],"curies":[{"name":"wp","href":"https:\/\/api.w.org\/{rel}","templated":true}]}}