{"id":42845,"date":"2026-02-01T00:48:00","date_gmt":"2026-01-31T23:48:00","guid":{"rendered":"https:\/\/wirtschaftlichefreiheit.de\/wordpress\/?p=42845"},"modified":"2026-02-01T07:17:31","modified_gmt":"2026-02-01T06:17:31","slug":"neuer-fed-chef-3-ein-regimewechsel-hin-zur-stabilitaet-interview-mit-gunther-schnabl","status":"publish","type":"post","link":"https:\/\/wirtschaftlichefreiheit.de\/wordpress\/?p=42845","title":{"rendered":"<b>Neuer Fed-Chef (3) <\/b><br>\u201eEin Regimewechsel hin zur Stabilit\u00e4t\u201c <b><br>Interview mit Gunther Schnabl <\/b>"},"content":{"rendered":"\n<p><em>Kevin Warsh, der fr\u00fchere Notenbankdirektor, soll Nachfolger von US-Zentralbankchef Jerome Powell werden. Im Interview mit <strong>Flossbach von Storch<\/strong> spricht <strong>Gunther Schnabl <\/strong>\u00fcber die politischen und monet\u00e4ren Konsequenzen des Wechsels an der Spitze der Fed.<\/em><\/p>\n\n\n\n<p><strong>Kevin Warsh wird der neue Pr\u00e4sident der US-Notenbank Federal Reserve. Was ist bislang \u00fcber ihn bekannt?<\/strong><\/p>\n\n\n\n<p id=\"ember1255\">Schnabl: Warsh bringt einige Erfahrung mit. Er war bereits zwischen 2006 und 2011 im Board of Governors der Fed, damals hat ihn der Republikanische Pr\u00e4sident George Bush ins Amt gebracht. Er k\u00f6nnte positive Impulse setzen.<\/p>\n\n\n\n<p id=\"ember1256\"><strong>Welche k\u00f6nnten das sein?<\/strong><\/p>\n\n\n\n<p id=\"ember1257\">Schnabl: Er gilt bislang weniger als Taube, sondern eher als Falke \u2013 also als Bef\u00fcrworter von Geldwertstabilit\u00e4t. Warsh hat die quantitative Lockerung der Fed einmal als \u201eRobin Hood mit umgekehrten Vorzeichen\u201c bezeichnet. Zumindest bislang lehnt er die Finanzierung von Staatsausgaben durch die Zentralbank ab. Er forderte mehrfach einen Regimewechsel in der seit der Jahrtausendwende sehr expansiven Geldpolitik.<\/p>\n\n\n\n<p id=\"ember1258\"><strong>Was w\u00fcrde das konkret bedeuten?<\/strong><\/p>\n\n\n\n<p id=\"ember1259\">Schnabl: \u201eBack to the roots\u201c \u2013 die Fed solle laut Warsh ihre Bilanz verk\u00fcrzen und weder Finanz- noch Wirtschaftspolitik betreiben. Das deckt sich stark mit der Vorstellung zur Neuausrichtung der Geldpolitik von Finanzminister Scott Bessent, der eine R\u00fcckbesinnung der Fed auf ihre Kernaufgaben Preisstabilit\u00e4t und Wachstum fordert.<\/p>\n\n\n\n<p id=\"ember1260\"><strong>Die geldpolitischen Vorstellungen der Kandidaten f\u00fcr den Fed-Vorsitz waren sehr unterschiedlich.<\/strong><\/p>\n\n\n\n<p id=\"ember1261\">Schnabl: Christopher Waller stand als langj\u00e4hriger Gouverneur der Fed f\u00fcr die bisherige Ausrichtung der Geldpolitik der Fed, die auch in gro\u00dfem Umfang Verm\u00f6genswerte gekauft hat. Gouverneurin Michelle Bowman ist st\u00e4rker auf Bankenaufsicht ausgerichtet und bez\u00fcglich der Geldpolitik weniger profiliert. Rick Rieder d\u00fcrfte als BlackRock-Investmentbanker f\u00fcr eine expansive Geldpolitik f\u00fcr die Stabilisierung der Finanzm\u00e4rkte gestanden haben. Kevin Hassett, Vorsitzender des Council of Economic Advisers, galt als enger Trump-Vertrauter ohne geldpolitische Expertise. Mit Kevin Warsh hat nun der scheinbar gr\u00f6\u00dfte Falke das Rennen gemacht.<\/p>\n\n\n\n<p id=\"ember1262\"><strong>Das d\u00fcrfte Donald Trumps \u00f6konomischen Zielen diametral widersprechen.<\/strong><\/p>\n\n\n\n<p id=\"ember1263\">Schnabl: Zumindest auf den ersten Blick. Der Pr\u00e4sident wird ja nicht m\u00fcde, lautstark Zinssenkungen zu fordern&#8230;<\/p>\n\n\n\n<p id=\"ember1264\"><strong>Wie l\u00e4sst sich dieser Widerspruch aufl\u00f6sen?<\/strong><\/p>\n\n\n\n<p id=\"ember1265\">Schnabl: Das wird sich in den n\u00e4chsten Monaten zeigen. Sein Kandidat muss noch vom Senat best\u00e4tigt werden. Letztlich ist Geldpolitik in der Praxis immer auch Politik. Warsh k\u00f6nnte sich etwa aus Loyalit\u00e4t zu Donald Trump zur Taube mausern. Da passt es auch gut ins Bild, dass er Trumps Forderungen nach Zinssenkungen j\u00fcngst f\u00fcr durchaus berechtigt bezeichnet hat. Warsh betonte in diesem Zusammenhang, dass ein h\u00f6heres Produktivit\u00e4tswachstum durch k\u00fcnstliche Intelligenz die Inflation d\u00e4mpfen kann. Nichtsdestotrotz steht die Frage im Raum, ob eine allzu taubenhafte Geldpolitik seiner Glaubw\u00fcrdigkeit schaden w\u00fcrde. Man darf nicht vergessen: Das Kapital jedes Notenbankchefs ist immer seine gute Reputation. Nimmt sie Schaden, leidet auch die W\u00e4hrung \u2013 in diesem Fall der Dollar als Weltleitw\u00e4hrung.<\/p>\n\n\n\n<p id=\"ember1266\"><strong>Und wenn er sich treu bleibt?<\/strong><\/p>\n\n\n\n<p id=\"ember1267\">Schnabl: Vielleicht geht\u2019s ja einmal in die richtige Richtung. Wenn die republikanischen Entscheidungstr\u00e4ger hinter dem Nebel der umstrittenen \u00c4u\u00dferungen von Donald Trump eine auf Dauer stabilit\u00e4tsorientiertere Geldpolitik anstreben. Daf\u00fcr sprechen zumindest eine entsprechende Positionierung von Scott Bessent, das Wahlprogramm der Republikaner sowie die Unruhe in der W\u00e4hlerschaft von Trump \u00fcber die hohen Lebensmittel- und H\u00e4userpreise.<\/p>\n\n\n\n<p id=\"ember1268\"><strong>Also nur viel L\u00e4rm um nichts?<\/strong><\/p>\n\n\n\n<p id=\"ember1269\">Schnabl: Einiges spricht also daf\u00fcr, dass hinter der disruptiven Zinssenkungsrhetorik Donald Trumps eine strategische Neujustierung der Geldpolitik steht. Unter keinem Fed-Pr\u00e4sidenten ist die Bilanz des Federal Reserve Systems so stark und so dauerhaft gewachsen, wie unter Jerome Powell. Das war teilweise au\u00dfergew\u00f6hnlichen Umst\u00e4nden wie der Coronakrise geschuldet, ging vielleicht aber auch zu weit. Die Kombination aus anhaltendem Inflationsdruck, Unzufriedenheit \u00fcber hohe Lebenshaltungskosten und dem erkl\u00e4rten Ziel, die internationale Rolle des Dollars zu sichern, l\u00e4sst die R\u00fcckkehr zu einer dauerhaft expansiven Geldpolitik politisch kaum mehr tragf\u00e4hig erscheinen. Ein starkes Amerika ohne starken Dollar gibt es nicht. Insofern k\u00f6nnte Kevin Warsh f\u00fcr einen Regimewechsel hin zu mehr Stabilit\u00e4tsorientierung stehen, wobei er zugleich mehr als zum Beispiel Kevin Hassett als politisch anschlussf\u00e4hig erscheint. Er k\u00f6nnte als neuer Pr\u00e4sident starke Signale bez\u00fcglich sinkender Inflation und eines starken Dollars an die US-W\u00e4hler und die internationalen Finanzm\u00e4rkte senden. Das w\u00e4re ein cleverer Schachzug der republikanischen Partei, auch \u00fcber das Wahljahr 2026 hinaus.<\/p>\n\n\n\n<p><strong>Blog-Serie: Neuer Fed-Chef<\/strong>:<\/p>\n\n\n\n<p>Mickey Levy (Hoover, 2026): <a href=\"https:\/\/wirtschaftlichefreiheit.de\/wordpress\/?p=42830\">US Federal Reserve Trump nominates Kevin Warsh<\/a><\/p>\n\n\n\n<p>Bernd Weidensteiner und Christoph Balz (CBK, 2026): <a href=\"https:\/\/wirtschaftlichefreiheit.de\/wordpress\/?p=42836\">Wof\u00fcr steht Kevin Warsh?<\/a><\/p>\n<!-- AddThis Advanced Settings generic via filter on the_content --><!-- AddThis Share Buttons generic via filter on the_content --><!-- AddThis Related Posts generic via filter on the_content -->","protected":false},"excerpt":{"rendered":"<p>Kevin Warsh, der fr\u00fchere Notenbankdirektor, soll Nachfolger von US-Zentralbankchef Jerome Powell werden. Im Interview spricht Gunther Schnabl \u00fcber die politischen und monet\u00e4ren Konsequenzen des Wechsels an der Spitze der Fed.<!-- AddThis Advanced Settings generic via filter on wp_trim_excerpt --><!-- AddThis Share Buttons generic via filter on wp_trim_excerpt --><!-- AddThis Related Posts generic via filter on wp_trim_excerpt --><\/p>\n","protected":false},"author":47,"featured_media":42849,"comment_status":"open","ping_status":"open","sticky":false,"template":"","format":"standard","meta":{"footnotes":""},"categories":[2451,12],"tags":[618,4869,4867],"class_list":["post-42845","post","type-post","status-publish","format-standard","has-post-thumbnail","hentry","category-amerikanisches","category-monetares","tag-fed","tag-gunther-schnabl","tag-kevin-warsh"],"yoast_head":"<!-- This site is optimized with the Yoast SEO plugin v27.2 - https:\/\/yoast.com\/product\/yoast-seo-wordpress\/ -->\n<title>Neuer Fed-Chef (3) \u201eEin Regimewechsel hin zur Stabilit\u00e4t\u201c Interview mit Gunther Schnabl  - Wirtschaftliche Freiheit<\/title>\n<meta name=\"robots\" content=\"index, follow, max-snippet:-1, max-image-preview:large, max-video-preview:-1\" \/>\n<link rel=\"canonical\" href=\"https:\/\/wirtschaftlichefreiheit.de\/wordpress\/?p=42845\" \/>\n<meta property=\"og:locale\" content=\"de_DE\" \/>\n<meta property=\"og:type\" content=\"article\" \/>\n<meta property=\"og:title\" content=\"Neuer Fed-Chef (3) \u201eEin Regimewechsel hin zur Stabilit\u00e4t\u201c Interview mit Gunther Schnabl  - Wirtschaftliche Freiheit\" \/>\n<meta property=\"og:description\" content=\"Kevin Warsh, der fr\u00fchere Notenbankdirektor, soll Nachfolger von US-Zentralbankchef Jerome Powell werden. Im Interview spricht Gunther Schnabl \u00fcber die politischen und monet\u00e4ren Konsequenzen des Wechsels an der Spitze der Fed.\" \/>\n<meta property=\"og:url\" content=\"https:\/\/wirtschaftlichefreiheit.de\/wordpress\/?p=42845\" \/>\n<meta property=\"og:site_name\" content=\"Wirtschaftliche Freiheit\" \/>\n<meta property=\"article:published_time\" content=\"2026-01-31T23:48:00+00:00\" \/>\n<meta property=\"article:modified_time\" content=\"2026-02-01T06:17:31+00:00\" \/>\n<meta property=\"og:image\" content=\"http:\/\/wirtschaftlichefreiheit.de\/wordpress\/bilder\/warsh-2-1024x636.png\" \/>\n\t<meta property=\"og:image:width\" content=\"1024\" \/>\n\t<meta property=\"og:image:height\" content=\"636\" \/>\n\t<meta property=\"og:image:type\" content=\"image\/png\" \/>\n<meta name=\"author\" content=\"Gunther Schnabl\" \/>\n<meta name=\"twitter:card\" content=\"summary_large_image\" \/>\n<meta name=\"twitter:label1\" content=\"Verfasst von\" \/>\n\t<meta name=\"twitter:data1\" content=\"Gunther Schnabl\" \/>\n\t<meta name=\"twitter:label2\" content=\"Gesch\u00e4tzte Lesezeit\" \/>\n\t<meta name=\"twitter:data2\" content=\"5\u00a0Minuten\" \/>\n<script type=\"application\/ld+json\" class=\"yoast-schema-graph\">{\"@context\":\"https:\/\/schema.org\",\"@graph\":[{\"@type\":\"Article\",\"@id\":\"https:\/\/wirtschaftlichefreiheit.de\/wordpress\/?p=42845#article\",\"isPartOf\":{\"@id\":\"https:\/\/wirtschaftlichefreiheit.de\/wordpress\/?p=42845\"},\"author\":{\"name\":\"Gunther Schnabl\",\"@id\":\"https:\/\/wirtschaftlichefreiheit.de\/wordpress\/#\/schema\/person\/da7d116dbd3e72aa925469c8e58e9fd7\"},\"headline\":\"Neuer Fed-Chef (3) \u201eEin Regimewechsel hin zur Stabilit\u00e4t\u201c Interview mit Gunther Schnabl\",\"datePublished\":\"2026-01-31T23:48:00+00:00\",\"dateModified\":\"2026-02-01T06:17:31+00:00\",\"mainEntityOfPage\":{\"@id\":\"https:\/\/wirtschaftlichefreiheit.de\/wordpress\/?p=42845\"},\"wordCount\":760,\"commentCount\":8,\"image\":{\"@id\":\"https:\/\/wirtschaftlichefreiheit.de\/wordpress\/?p=42845#primaryimage\"},\"thumbnailUrl\":\"https:\/\/wirtschaftlichefreiheit.de\/wordpress\/bilder\/warsh-2.png\",\"keywords\":[\"FED\",\"Gunther Schnabl\",\"Kevin Warsh\"],\"articleSection\":[\"Amerikanisches\",\"Monet\u00e4res\"],\"inLanguage\":\"de\",\"potentialAction\":[{\"@type\":\"CommentAction\",\"name\":\"Comment\",\"target\":[\"https:\/\/wirtschaftlichefreiheit.de\/wordpress\/?p=42845#respond\"]}]},{\"@type\":\"WebPage\",\"@id\":\"https:\/\/wirtschaftlichefreiheit.de\/wordpress\/?p=42845\",\"url\":\"https:\/\/wirtschaftlichefreiheit.de\/wordpress\/?p=42845\",\"name\":\"Neuer Fed-Chef (3) \u201eEin Regimewechsel hin zur Stabilit\u00e4t\u201c Interview mit Gunther Schnabl - Wirtschaftliche Freiheit\",\"isPartOf\":{\"@id\":\"https:\/\/wirtschaftlichefreiheit.de\/wordpress\/#website\"},\"primaryImageOfPage\":{\"@id\":\"https:\/\/wirtschaftlichefreiheit.de\/wordpress\/?p=42845#primaryimage\"},\"image\":{\"@id\":\"https:\/\/wirtschaftlichefreiheit.de\/wordpress\/?p=42845#primaryimage\"},\"thumbnailUrl\":\"https:\/\/wirtschaftlichefreiheit.de\/wordpress\/bilder\/warsh-2.png\",\"datePublished\":\"2026-01-31T23:48:00+00:00\",\"dateModified\":\"2026-02-01T06:17:31+00:00\",\"author\":{\"@id\":\"https:\/\/wirtschaftlichefreiheit.de\/wordpress\/#\/schema\/person\/da7d116dbd3e72aa925469c8e58e9fd7\"},\"breadcrumb\":{\"@id\":\"https:\/\/wirtschaftlichefreiheit.de\/wordpress\/?p=42845#breadcrumb\"},\"inLanguage\":\"de\",\"potentialAction\":[{\"@type\":\"ReadAction\",\"target\":[\"https:\/\/wirtschaftlichefreiheit.de\/wordpress\/?p=42845\"]}]},{\"@type\":\"ImageObject\",\"inLanguage\":\"de\",\"@id\":\"https:\/\/wirtschaftlichefreiheit.de\/wordpress\/?p=42845#primaryimage\",\"url\":\"https:\/\/wirtschaftlichefreiheit.de\/wordpress\/bilder\/warsh-2.png\",\"contentUrl\":\"https:\/\/wirtschaftlichefreiheit.de\/wordpress\/bilder\/warsh-2.png\",\"width\":2091,\"height\":1299},{\"@type\":\"BreadcrumbList\",\"@id\":\"https:\/\/wirtschaftlichefreiheit.de\/wordpress\/?p=42845#breadcrumb\",\"itemListElement\":[{\"@type\":\"ListItem\",\"position\":1,\"name\":\"Startseite\",\"item\":\"https:\/\/wirtschaftlichefreiheit.de\/wordpress\"},{\"@type\":\"ListItem\",\"position\":2,\"name\":\"Neuer Fed-Chef (3) \u201eEin Regimewechsel hin zur Stabilit\u00e4t\u201c Interview mit Gunther Schnabl\"}]},{\"@type\":\"WebSite\",\"@id\":\"https:\/\/wirtschaftlichefreiheit.de\/wordpress\/#website\",\"url\":\"https:\/\/wirtschaftlichefreiheit.de\/wordpress\/\",\"name\":\"Wirtschaftliche Freiheit\",\"description\":\"Das ordnungspolitische Journal\",\"potentialAction\":[{\"@type\":\"SearchAction\",\"target\":{\"@type\":\"EntryPoint\",\"urlTemplate\":\"https:\/\/wirtschaftlichefreiheit.de\/wordpress\/?s={search_term_string}\"},\"query-input\":{\"@type\":\"PropertyValueSpecification\",\"valueRequired\":true,\"valueName\":\"search_term_string\"}}],\"inLanguage\":\"de\"},{\"@type\":\"Person\",\"@id\":\"https:\/\/wirtschaftlichefreiheit.de\/wordpress\/#\/schema\/person\/da7d116dbd3e72aa925469c8e58e9fd7\",\"name\":\"Gunther Schnabl\",\"image\":{\"@type\":\"ImageObject\",\"inLanguage\":\"de\",\"@id\":\"https:\/\/wirtschaftlichefreiheit.de\/wordpress\/bilder\/schnabl1234.jpg\",\"url\":\"https:\/\/wirtschaftlichefreiheit.de\/wordpress\/bilder\/schnabl1234.jpg\",\"contentUrl\":\"https:\/\/wirtschaftlichefreiheit.de\/wordpress\/bilder\/schnabl1234.jpg\",\"caption\":\"Gunther Schnabl\"},\"description\":\"Flossbach von Storch Research Institute\",\"url\":\"https:\/\/wirtschaftlichefreiheit.de\/wordpress\/?author=47\"}]}<\/script>\n<!-- \/ Yoast SEO plugin. -->","yoast_head_json":{"title":"Neuer Fed-Chef (3) \u201eEin Regimewechsel hin zur Stabilit\u00e4t\u201c Interview mit Gunther Schnabl  - Wirtschaftliche Freiheit","robots":{"index":"index","follow":"follow","max-snippet":"max-snippet:-1","max-image-preview":"max-image-preview:large","max-video-preview":"max-video-preview:-1"},"canonical":"https:\/\/wirtschaftlichefreiheit.de\/wordpress\/?p=42845","og_locale":"de_DE","og_type":"article","og_title":"Neuer Fed-Chef (3) \u201eEin Regimewechsel hin zur Stabilit\u00e4t\u201c Interview mit Gunther Schnabl  - Wirtschaftliche Freiheit","og_description":"Kevin Warsh, der fr\u00fchere Notenbankdirektor, soll Nachfolger von US-Zentralbankchef Jerome Powell werden. Im Interview spricht Gunther Schnabl \u00fcber die politischen und monet\u00e4ren Konsequenzen des Wechsels an der Spitze der Fed.","og_url":"https:\/\/wirtschaftlichefreiheit.de\/wordpress\/?p=42845","og_site_name":"Wirtschaftliche Freiheit","article_published_time":"2026-01-31T23:48:00+00:00","article_modified_time":"2026-02-01T06:17:31+00:00","og_image":[{"width":1024,"height":636,"url":"http:\/\/wirtschaftlichefreiheit.de\/wordpress\/bilder\/warsh-2-1024x636.png","type":"image\/png"}],"author":"Gunther Schnabl","twitter_card":"summary_large_image","twitter_misc":{"Verfasst von":"Gunther Schnabl","Gesch\u00e4tzte Lesezeit":"5\u00a0Minuten"},"schema":{"@context":"https:\/\/schema.org","@graph":[{"@type":"Article","@id":"https:\/\/wirtschaftlichefreiheit.de\/wordpress\/?p=42845#article","isPartOf":{"@id":"https:\/\/wirtschaftlichefreiheit.de\/wordpress\/?p=42845"},"author":{"name":"Gunther Schnabl","@id":"https:\/\/wirtschaftlichefreiheit.de\/wordpress\/#\/schema\/person\/da7d116dbd3e72aa925469c8e58e9fd7"},"headline":"Neuer Fed-Chef (3) \u201eEin Regimewechsel hin zur Stabilit\u00e4t\u201c Interview mit Gunther Schnabl","datePublished":"2026-01-31T23:48:00+00:00","dateModified":"2026-02-01T06:17:31+00:00","mainEntityOfPage":{"@id":"https:\/\/wirtschaftlichefreiheit.de\/wordpress\/?p=42845"},"wordCount":760,"commentCount":8,"image":{"@id":"https:\/\/wirtschaftlichefreiheit.de\/wordpress\/?p=42845#primaryimage"},"thumbnailUrl":"https:\/\/wirtschaftlichefreiheit.de\/wordpress\/bilder\/warsh-2.png","keywords":["FED","Gunther Schnabl","Kevin Warsh"],"articleSection":["Amerikanisches","Monet\u00e4res"],"inLanguage":"de","potentialAction":[{"@type":"CommentAction","name":"Comment","target":["https:\/\/wirtschaftlichefreiheit.de\/wordpress\/?p=42845#respond"]}]},{"@type":"WebPage","@id":"https:\/\/wirtschaftlichefreiheit.de\/wordpress\/?p=42845","url":"https:\/\/wirtschaftlichefreiheit.de\/wordpress\/?p=42845","name":"Neuer Fed-Chef (3) \u201eEin Regimewechsel hin zur Stabilit\u00e4t\u201c Interview mit Gunther Schnabl - Wirtschaftliche Freiheit","isPartOf":{"@id":"https:\/\/wirtschaftlichefreiheit.de\/wordpress\/#website"},"primaryImageOfPage":{"@id":"https:\/\/wirtschaftlichefreiheit.de\/wordpress\/?p=42845#primaryimage"},"image":{"@id":"https:\/\/wirtschaftlichefreiheit.de\/wordpress\/?p=42845#primaryimage"},"thumbnailUrl":"https:\/\/wirtschaftlichefreiheit.de\/wordpress\/bilder\/warsh-2.png","datePublished":"2026-01-31T23:48:00+00:00","dateModified":"2026-02-01T06:17:31+00:00","author":{"@id":"https:\/\/wirtschaftlichefreiheit.de\/wordpress\/#\/schema\/person\/da7d116dbd3e72aa925469c8e58e9fd7"},"breadcrumb":{"@id":"https:\/\/wirtschaftlichefreiheit.de\/wordpress\/?p=42845#breadcrumb"},"inLanguage":"de","potentialAction":[{"@type":"ReadAction","target":["https:\/\/wirtschaftlichefreiheit.de\/wordpress\/?p=42845"]}]},{"@type":"ImageObject","inLanguage":"de","@id":"https:\/\/wirtschaftlichefreiheit.de\/wordpress\/?p=42845#primaryimage","url":"https:\/\/wirtschaftlichefreiheit.de\/wordpress\/bilder\/warsh-2.png","contentUrl":"https:\/\/wirtschaftlichefreiheit.de\/wordpress\/bilder\/warsh-2.png","width":2091,"height":1299},{"@type":"BreadcrumbList","@id":"https:\/\/wirtschaftlichefreiheit.de\/wordpress\/?p=42845#breadcrumb","itemListElement":[{"@type":"ListItem","position":1,"name":"Startseite","item":"https:\/\/wirtschaftlichefreiheit.de\/wordpress"},{"@type":"ListItem","position":2,"name":"Neuer Fed-Chef (3) \u201eEin Regimewechsel hin zur Stabilit\u00e4t\u201c Interview mit Gunther Schnabl"}]},{"@type":"WebSite","@id":"https:\/\/wirtschaftlichefreiheit.de\/wordpress\/#website","url":"https:\/\/wirtschaftlichefreiheit.de\/wordpress\/","name":"Wirtschaftliche Freiheit","description":"Das ordnungspolitische Journal","potentialAction":[{"@type":"SearchAction","target":{"@type":"EntryPoint","urlTemplate":"https:\/\/wirtschaftlichefreiheit.de\/wordpress\/?s={search_term_string}"},"query-input":{"@type":"PropertyValueSpecification","valueRequired":true,"valueName":"search_term_string"}}],"inLanguage":"de"},{"@type":"Person","@id":"https:\/\/wirtschaftlichefreiheit.de\/wordpress\/#\/schema\/person\/da7d116dbd3e72aa925469c8e58e9fd7","name":"Gunther Schnabl","image":{"@type":"ImageObject","inLanguage":"de","@id":"https:\/\/wirtschaftlichefreiheit.de\/wordpress\/bilder\/schnabl1234.jpg","url":"https:\/\/wirtschaftlichefreiheit.de\/wordpress\/bilder\/schnabl1234.jpg","contentUrl":"https:\/\/wirtschaftlichefreiheit.de\/wordpress\/bilder\/schnabl1234.jpg","caption":"Gunther Schnabl"},"description":"Flossbach von Storch Research Institute","url":"https:\/\/wirtschaftlichefreiheit.de\/wordpress\/?author=47"}]}},"_links":{"self":[{"href":"https:\/\/wirtschaftlichefreiheit.de\/wordpress\/index.php?rest_route=\/wp\/v2\/posts\/42845","targetHints":{"allow":["GET"]}}],"collection":[{"href":"https:\/\/wirtschaftlichefreiheit.de\/wordpress\/index.php?rest_route=\/wp\/v2\/posts"}],"about":[{"href":"https:\/\/wirtschaftlichefreiheit.de\/wordpress\/index.php?rest_route=\/wp\/v2\/types\/post"}],"author":[{"embeddable":true,"href":"https:\/\/wirtschaftlichefreiheit.de\/wordpress\/index.php?rest_route=\/wp\/v2\/users\/47"}],"replies":[{"embeddable":true,"href":"https:\/\/wirtschaftlichefreiheit.de\/wordpress\/index.php?rest_route=%2Fwp%2Fv2%2Fcomments&post=42845"}],"version-history":[{"count":10,"href":"https:\/\/wirtschaftlichefreiheit.de\/wordpress\/index.php?rest_route=\/wp\/v2\/posts\/42845\/revisions"}],"predecessor-version":[{"id":42863,"href":"https:\/\/wirtschaftlichefreiheit.de\/wordpress\/index.php?rest_route=\/wp\/v2\/posts\/42845\/revisions\/42863"}],"wp:featuredmedia":[{"embeddable":true,"href":"https:\/\/wirtschaftlichefreiheit.de\/wordpress\/index.php?rest_route=\/wp\/v2\/media\/42849"}],"wp:attachment":[{"href":"https:\/\/wirtschaftlichefreiheit.de\/wordpress\/index.php?rest_route=%2Fwp%2Fv2%2Fmedia&parent=42845"}],"wp:term":[{"taxonomy":"category","embeddable":true,"href":"https:\/\/wirtschaftlichefreiheit.de\/wordpress\/index.php?rest_route=%2Fwp%2Fv2%2Fcategories&post=42845"},{"taxonomy":"post_tag","embeddable":true,"href":"https:\/\/wirtschaftlichefreiheit.de\/wordpress\/index.php?rest_route=%2Fwp%2Fv2%2Ftags&post=42845"}],"curies":[{"name":"wp","href":"https:\/\/api.w.org\/{rel}","templated":true}]}}