{"id":43374,"date":"2026-03-15T06:23:48","date_gmt":"2026-03-15T05:23:48","guid":{"rendered":"https:\/\/wirtschaftlichefreiheit.de\/wordpress\/?p=43374"},"modified":"2026-03-16T06:59:35","modified_gmt":"2026-03-16T05:59:35","slug":"klimaschutz-als-exportleistung-ohne-mehrwertsteuer","status":"publish","type":"post","link":"https:\/\/wirtschaftlichefreiheit.de\/wordpress\/?p=43374","title":{"rendered":"Klimaschutz als Exportleistung ohne Mehrwertsteuer?"},"content":{"rendered":"\n<p>Steigende Energiepreise sind in Zeiten geopolitischer Spannungen und eines Kriegs im Nahen Osten keine \u00dcberraschung. Ebenso wenig \u00fcberrascht der reflexartige Ruf nach staatlicher Entlastung. H\u00e4ufig wird dabei argumentiert, ein gro\u00dfer Teil des Spritpreises bestehe ohnehin aus Steuern. Ganz falsch ist das nicht. Auf einen Liter Benzin entfallen neben Roh\u00f6lpreis, Transport und Raffinierung eine Energiesteuer von 65,4 Cent, bei Diesel sind es rund 47 Cent. Hinzu kommen 19 Prozent Mehrwertsteuer. Au\u00dferdem verteuert der staatlich festgelegte CO2-Preis inklusive Mehrwertsteuer den Liter Sprit derzeit um mindestens 15,7 Cent bei Benzin und 17,3 Cent bei Diesel.<\/p>\n\n\n\n<p>Der CO2-Preis ist jedoch keine willk\u00fcrliche Abgabe, sondern ein klimapolitisches Instrument. Seit 2021 wird jede Tonne CO2, die durch die Verbrennung fossiler Kraftstoffe entsteht, bepreist. Der Preis lag zun\u00e4chst bei 25 Euro pro Tonne \u2013 rund 7,1 Cent pro Liter Benzin inklusive Mehrwertsteuer \u2013 und ist bis 2025 auf 55 Euro gestiegen. Ab 2026 wird er \u00fcber Auktionen ermittelt werden und voraussichtlich zwischen 55 und 65 Euro pro Tonne liegen. Die Logik hinter dem CO2-Preis ist klar: Wer CO2 verursacht, soll daf\u00fcr zahlen und damit Anreize erhalten, Emissionen zu reduzieren, womit eine Klimaschutzleistung entsteht.<\/p>\n\n\n\n<h2 class=\"wp-block-heading\">Keine Doppelbesteuerung aber Exportleistung<\/h2>\n\n\n\n<p>Gelegentlich h\u00f6rt man die Kritik, es l\u00e4ge eine Doppelbesteuerung vor, weil auf den CO2-Preis zus\u00e4tzlich Mehrwertsteuer erhoben wird. Diese Kritik ist nicht haltbar. Die Mehrwertsteuer ist eine allgemeine Verbrauchsteuer, die auf nahezu alle Leistungen anf\u00e4llt. Daher muss sie auch auf Klimaschutzleistungen anfallen, denn zumindest erhofft man sich, durch den CO2-Preis einen Beitrag zum globalen Klimaschutz zu leisten. Tats\u00e4chlich schreibt das Bundesministerium f\u00fcr Wirtschaft und Energie, dass der CO2-Preis einen wichtigen \u201eBeitrag zum Klimaschutz\u201c darstellt. Insofern ist es folgerichtig, dass eine klimapolitisch motivierte Abgabe Teil der regul\u00e4ren Besteuerungsbasis wird.<\/p>\n\n\n\n<p>Doch ist Klimaschutz ein internationales \u00f6ffentliches Gut. Wenn in Deutschland Klimaschutz betrieben wird, profitieren davon die Menschen auf der ganzen Welt. Der unmittelbare Effekt hiesiger Klimaschutzleistungen f\u00fcr Deutschland selbst ist sehr gering. Klimaschutzleistungen hierzulande k\u00f6nnen logischerweise nicht das direkte Ziel haben, die Erderw\u00e4rmung relevant zu begrenzen, sondern sind mit der Hoffnung verbunden, auch der Rest der Welt m\u00f6ge Klimaschutz betreiben.<\/p>\n\n\n\n<p>\u00d6konomisch betrachtet produziert Deutschland mit seiner CO2-Bepreisung also eine Klimaschutzleistung, deren Wirkung \u00fcberwiegend im Ausland anf\u00e4llt. Insofern handelt es sich auch um eine Exportleistung: Deutschland reduziert Emissionen und tr\u00e4gt damit zu einem sehr kleinen Teil dazu bei, dass klimatische Risiken reduziert werden. Die Nutznie\u00dfer sind \u00fcberwiegend die B\u00fcrger der restlichen Welt. Da im Ausland nichts f\u00fcr den deutschen Klimaschutz bezahlt wird, handelt es sich um ein exportiertes Geschenk f\u00fcr die Welt.<\/p>\n\n\n\n<p>Mit Bezug auf Exportleistungen gilt \u00fcblicherweise das Bestimmungslandprinzip. Sie werden im Ursprungsland nicht mit der Mehrwertsteuer belastet. Deshalb erscheint die Mehrwertsteuer auf den CO2-Preis systematisch fragw\u00fcrdig.<\/p>\n\n\n\n<p>Konsequent gedacht m\u00fcsste sie entfallen \u2013 nicht nur bei Benzin und Diesel, sondern ebenso bei Heiz\u00f6l und Erdgas. Die Abschaffung der Mehrwertsteuer auf den CO2-Preis w\u00e4re keine populistische Steuersenkung, sondern eine steuerpolitische Klarstellung: Der CO2-Preis ist ein klimapolitisch motivierter Beitrag zum weltweiten Klimaschutz.<\/p>\n\n\n\n<h2 class=\"wp-block-heading\">Einw\u00e4nde und R\u00fcckerstattung<\/h2>\n\n\n\n<p>Man k\u00f6nnte einwenden, Deutschland profitiere umgekehrt auch vom Klimaschutz anderer Staaten. Das stimmt. Doch au\u00dferhalb Europas gibt es bislang nur wenige L\u00e4nder mit expliziten CO2-Preisen und effektiver Klimaschutz ist eher eine Randerscheinung. Und wenn Klimaschutz im Ausland geleistet wird, wird den Profiteuren hierzulande der Klimaschutznutzen nicht in Rechnung gestellt. Deutschland liefert Klimaschutzleistungen an die Welt gratis und erh\u00e4lt die geringen Klimaschutzleistungen anderer auch zum Nulltarif \u2013 weshalb auch nichts zu besteuern w\u00e4re.<\/p>\n\n\n\n<p>Bleibt die Frage, was eine solche steuerpolitische Neubewertung der Mehrwertsteuer auf den CO2-Preis f\u00fcr die Vergangenheit bedeuten w\u00fcrde. Inwiefern ist eine r\u00fcckwirkende Erstattung bis 2021 denkbar? Praktisch ist sie schwer umsetzbar, rechtlich scheint sie diskussionsw\u00fcrdig, wirtschaftspolitisch w\u00e4re sie konsistent, wenn man den Zweck des CO2-Preises Abgabe in den Vordergrund r\u00fcckt, der eben eine Klimaschutzleistung f\u00fcr die Welt darstellt.<\/p>\n\n\n\n<h1 class=\"wp-block-heading\">Zum Autor<\/h1>\n\n\n\n<p>Prof. Dr. David Stadelmann ist Professor f\u00fcr Volkswirtschaftslehre an der Universit\u00e4t Bayreuth (Deutschland); Senior Fellow am IWP \u2013 Institut f\u00fcr Schweizer Wirtschaftspolitik der Universit\u00e4t Luzern; Fellow bei CREMA \u2013 Center for Research in Economics, Management and the Arts; Fellow am Ostrom Workshop (Indiana University); Mitglied des Walter-Eucken-Instituts. <a href=\"mailto:david.stadelmann@uni-bayreuth.de\">david.stadelmann@uni-bayreuth.de<\/a><\/p>\n<!-- AddThis Advanced Settings generic via filter on the_content --><!-- AddThis Share Buttons generic via filter on the_content --><!-- AddThis Related Posts generic via filter on the_content -->","protected":false},"excerpt":{"rendered":"<p>Hohe Spritpreise befeuern den Ruf nach Steuersenkungen. Klimaschutzleistungen hierzulande wirken \u00fcberwiegend global und entsprechen damit einer Exportleistung. Deshalb sollte auf den CO2-Preis keine Mehrwertsteuer erhoben werden.<!-- AddThis Advanced Settings generic via filter on wp_trim_excerpt --><!-- AddThis Share Buttons generic via filter on wp_trim_excerpt --><!-- AddThis Related Posts generic via filter on wp_trim_excerpt --><\/p>\n","protected":false},"author":260,"featured_media":43377,"comment_status":"open","ping_status":"open","sticky":false,"template":"","format":"standard","meta":{"footnotes":""},"categories":[1841],"tags":[313,1952,2749],"class_list":["post-43374","post","type-post","status-publish","format-standard","has-post-thumbnail","hentry","category-klimatisches","tag-klimaschutz","tag-mehrwertsteuer","tag-stadelmann"],"yoast_head":"<!-- This site is optimized with the Yoast SEO plugin v27.2 - https:\/\/yoast.com\/product\/yoast-seo-wordpress\/ -->\n<title>Klimaschutz als Exportleistung ohne Mehrwertsteuer? - Wirtschaftliche Freiheit<\/title>\n<meta name=\"robots\" content=\"index, follow, max-snippet:-1, max-image-preview:large, max-video-preview:-1\" \/>\n<link rel=\"canonical\" href=\"https:\/\/wirtschaftlichefreiheit.de\/wordpress\/?p=43374\" \/>\n<meta property=\"og:locale\" content=\"de_DE\" \/>\n<meta property=\"og:type\" content=\"article\" \/>\n<meta property=\"og:title\" content=\"Klimaschutz als Exportleistung ohne Mehrwertsteuer? - Wirtschaftliche Freiheit\" \/>\n<meta property=\"og:description\" content=\"Hohe Spritpreise befeuern den Ruf nach Steuersenkungen. Klimaschutzleistungen hierzulande wirken \u00fcberwiegend global und entsprechen damit einer Exportleistung. Deshalb sollte auf den CO2-Preis keine Mehrwertsteuer erhoben werden.\" \/>\n<meta property=\"og:url\" content=\"https:\/\/wirtschaftlichefreiheit.de\/wordpress\/?p=43374\" \/>\n<meta property=\"og:site_name\" content=\"Wirtschaftliche Freiheit\" \/>\n<meta property=\"article:published_time\" content=\"2026-03-15T05:23:48+00:00\" \/>\n<meta property=\"article:modified_time\" content=\"2026-03-16T05:59:35+00:00\" \/>\n<meta property=\"og:image\" content=\"http:\/\/wirtschaftlichefreiheit.de\/wordpress\/bilder\/MwStCo2.jpg\" \/>\n\t<meta property=\"og:image:width\" content=\"1024\" \/>\n\t<meta property=\"og:image:height\" content=\"1024\" \/>\n\t<meta property=\"og:image:type\" content=\"image\/jpeg\" \/>\n<meta name=\"author\" content=\"David Stadelmann\" \/>\n<meta name=\"twitter:card\" content=\"summary_large_image\" \/>\n<meta name=\"twitter:label1\" content=\"Verfasst von\" \/>\n\t<meta name=\"twitter:data1\" content=\"David Stadelmann\" \/>\n\t<meta name=\"twitter:label2\" content=\"Gesch\u00e4tzte Lesezeit\" \/>\n\t<meta name=\"twitter:data2\" content=\"4\u00a0Minuten\" \/>\n<script type=\"application\/ld+json\" class=\"yoast-schema-graph\">{\"@context\":\"https:\/\/schema.org\",\"@graph\":[{\"@type\":\"Article\",\"@id\":\"https:\/\/wirtschaftlichefreiheit.de\/wordpress\/?p=43374#article\",\"isPartOf\":{\"@id\":\"https:\/\/wirtschaftlichefreiheit.de\/wordpress\/?p=43374\"},\"author\":{\"name\":\"David Stadelmann\",\"@id\":\"https:\/\/wirtschaftlichefreiheit.de\/wordpress\/#\/schema\/person\/4d65ac3dcb9df8edaee905e65c1af4b0\"},\"headline\":\"Klimaschutz als Exportleistung ohne Mehrwertsteuer?\",\"datePublished\":\"2026-03-15T05:23:48+00:00\",\"dateModified\":\"2026-03-16T05:59:35+00:00\",\"mainEntityOfPage\":{\"@id\":\"https:\/\/wirtschaftlichefreiheit.de\/wordpress\/?p=43374\"},\"wordCount\":708,\"commentCount\":1,\"image\":{\"@id\":\"https:\/\/wirtschaftlichefreiheit.de\/wordpress\/?p=43374#primaryimage\"},\"thumbnailUrl\":\"https:\/\/wirtschaftlichefreiheit.de\/wordpress\/bilder\/MwStCo2.jpg\",\"keywords\":[\"Klimaschutz\",\"Mehrwertsteuer\",\"Stadelmann\"],\"articleSection\":[\"Klimatisches\"],\"inLanguage\":\"de\",\"potentialAction\":[{\"@type\":\"CommentAction\",\"name\":\"Comment\",\"target\":[\"https:\/\/wirtschaftlichefreiheit.de\/wordpress\/?p=43374#respond\"]}]},{\"@type\":\"WebPage\",\"@id\":\"https:\/\/wirtschaftlichefreiheit.de\/wordpress\/?p=43374\",\"url\":\"https:\/\/wirtschaftlichefreiheit.de\/wordpress\/?p=43374\",\"name\":\"Klimaschutz als Exportleistung ohne Mehrwertsteuer? - Wirtschaftliche Freiheit\",\"isPartOf\":{\"@id\":\"https:\/\/wirtschaftlichefreiheit.de\/wordpress\/#website\"},\"primaryImageOfPage\":{\"@id\":\"https:\/\/wirtschaftlichefreiheit.de\/wordpress\/?p=43374#primaryimage\"},\"image\":{\"@id\":\"https:\/\/wirtschaftlichefreiheit.de\/wordpress\/?p=43374#primaryimage\"},\"thumbnailUrl\":\"https:\/\/wirtschaftlichefreiheit.de\/wordpress\/bilder\/MwStCo2.jpg\",\"datePublished\":\"2026-03-15T05:23:48+00:00\",\"dateModified\":\"2026-03-16T05:59:35+00:00\",\"author\":{\"@id\":\"https:\/\/wirtschaftlichefreiheit.de\/wordpress\/#\/schema\/person\/4d65ac3dcb9df8edaee905e65c1af4b0\"},\"breadcrumb\":{\"@id\":\"https:\/\/wirtschaftlichefreiheit.de\/wordpress\/?p=43374#breadcrumb\"},\"inLanguage\":\"de\",\"potentialAction\":[{\"@type\":\"ReadAction\",\"target\":[\"https:\/\/wirtschaftlichefreiheit.de\/wordpress\/?p=43374\"]}]},{\"@type\":\"ImageObject\",\"inLanguage\":\"de\",\"@id\":\"https:\/\/wirtschaftlichefreiheit.de\/wordpress\/?p=43374#primaryimage\",\"url\":\"https:\/\/wirtschaftlichefreiheit.de\/wordpress\/bilder\/MwStCo2.jpg\",\"contentUrl\":\"https:\/\/wirtschaftlichefreiheit.de\/wordpress\/bilder\/MwStCo2.jpg\",\"width\":1024,\"height\":1024},{\"@type\":\"BreadcrumbList\",\"@id\":\"https:\/\/wirtschaftlichefreiheit.de\/wordpress\/?p=43374#breadcrumb\",\"itemListElement\":[{\"@type\":\"ListItem\",\"position\":1,\"name\":\"Startseite\",\"item\":\"https:\/\/wirtschaftlichefreiheit.de\/wordpress\"},{\"@type\":\"ListItem\",\"position\":2,\"name\":\"Klimaschutz als Exportleistung ohne Mehrwertsteuer?\"}]},{\"@type\":\"WebSite\",\"@id\":\"https:\/\/wirtschaftlichefreiheit.de\/wordpress\/#website\",\"url\":\"https:\/\/wirtschaftlichefreiheit.de\/wordpress\/\",\"name\":\"Wirtschaftliche Freiheit\",\"description\":\"Das ordnungspolitische Journal\",\"potentialAction\":[{\"@type\":\"SearchAction\",\"target\":{\"@type\":\"EntryPoint\",\"urlTemplate\":\"https:\/\/wirtschaftlichefreiheit.de\/wordpress\/?s={search_term_string}\"},\"query-input\":{\"@type\":\"PropertyValueSpecification\",\"valueRequired\":true,\"valueName\":\"search_term_string\"}}],\"inLanguage\":\"de\"},{\"@type\":\"Person\",\"@id\":\"https:\/\/wirtschaftlichefreiheit.de\/wordpress\/#\/schema\/person\/4d65ac3dcb9df8edaee905e65c1af4b0\",\"name\":\"David Stadelmann\",\"image\":{\"@type\":\"ImageObject\",\"inLanguage\":\"de\",\"@id\":\"https:\/\/wirtschaftlichefreiheit.de\/wordpress\/bilder\/379.jpg\",\"url\":\"https:\/\/wirtschaftlichefreiheit.de\/wordpress\/bilder\/379.jpg\",\"contentUrl\":\"https:\/\/wirtschaftlichefreiheit.de\/wordpress\/bilder\/379.jpg\",\"caption\":\"David Stadelmann\"},\"description\":\"Universit\u00e4t Bayreuth\",\"url\":\"https:\/\/wirtschaftlichefreiheit.de\/wordpress\/?author=260\"}]}<\/script>\n<!-- \/ Yoast SEO plugin. -->","yoast_head_json":{"title":"Klimaschutz als Exportleistung ohne Mehrwertsteuer? - Wirtschaftliche Freiheit","robots":{"index":"index","follow":"follow","max-snippet":"max-snippet:-1","max-image-preview":"max-image-preview:large","max-video-preview":"max-video-preview:-1"},"canonical":"https:\/\/wirtschaftlichefreiheit.de\/wordpress\/?p=43374","og_locale":"de_DE","og_type":"article","og_title":"Klimaschutz als Exportleistung ohne Mehrwertsteuer? - Wirtschaftliche Freiheit","og_description":"Hohe Spritpreise befeuern den Ruf nach Steuersenkungen. Klimaschutzleistungen hierzulande wirken \u00fcberwiegend global und entsprechen damit einer Exportleistung. Deshalb sollte auf den CO2-Preis keine Mehrwertsteuer erhoben werden.","og_url":"https:\/\/wirtschaftlichefreiheit.de\/wordpress\/?p=43374","og_site_name":"Wirtschaftliche Freiheit","article_published_time":"2026-03-15T05:23:48+00:00","article_modified_time":"2026-03-16T05:59:35+00:00","og_image":[{"width":1024,"height":1024,"url":"http:\/\/wirtschaftlichefreiheit.de\/wordpress\/bilder\/MwStCo2.jpg","type":"image\/jpeg"}],"author":"David Stadelmann","twitter_card":"summary_large_image","twitter_misc":{"Verfasst von":"David Stadelmann","Gesch\u00e4tzte Lesezeit":"4\u00a0Minuten"},"schema":{"@context":"https:\/\/schema.org","@graph":[{"@type":"Article","@id":"https:\/\/wirtschaftlichefreiheit.de\/wordpress\/?p=43374#article","isPartOf":{"@id":"https:\/\/wirtschaftlichefreiheit.de\/wordpress\/?p=43374"},"author":{"name":"David Stadelmann","@id":"https:\/\/wirtschaftlichefreiheit.de\/wordpress\/#\/schema\/person\/4d65ac3dcb9df8edaee905e65c1af4b0"},"headline":"Klimaschutz als Exportleistung ohne Mehrwertsteuer?","datePublished":"2026-03-15T05:23:48+00:00","dateModified":"2026-03-16T05:59:35+00:00","mainEntityOfPage":{"@id":"https:\/\/wirtschaftlichefreiheit.de\/wordpress\/?p=43374"},"wordCount":708,"commentCount":1,"image":{"@id":"https:\/\/wirtschaftlichefreiheit.de\/wordpress\/?p=43374#primaryimage"},"thumbnailUrl":"https:\/\/wirtschaftlichefreiheit.de\/wordpress\/bilder\/MwStCo2.jpg","keywords":["Klimaschutz","Mehrwertsteuer","Stadelmann"],"articleSection":["Klimatisches"],"inLanguage":"de","potentialAction":[{"@type":"CommentAction","name":"Comment","target":["https:\/\/wirtschaftlichefreiheit.de\/wordpress\/?p=43374#respond"]}]},{"@type":"WebPage","@id":"https:\/\/wirtschaftlichefreiheit.de\/wordpress\/?p=43374","url":"https:\/\/wirtschaftlichefreiheit.de\/wordpress\/?p=43374","name":"Klimaschutz als Exportleistung ohne Mehrwertsteuer? - Wirtschaftliche Freiheit","isPartOf":{"@id":"https:\/\/wirtschaftlichefreiheit.de\/wordpress\/#website"},"primaryImageOfPage":{"@id":"https:\/\/wirtschaftlichefreiheit.de\/wordpress\/?p=43374#primaryimage"},"image":{"@id":"https:\/\/wirtschaftlichefreiheit.de\/wordpress\/?p=43374#primaryimage"},"thumbnailUrl":"https:\/\/wirtschaftlichefreiheit.de\/wordpress\/bilder\/MwStCo2.jpg","datePublished":"2026-03-15T05:23:48+00:00","dateModified":"2026-03-16T05:59:35+00:00","author":{"@id":"https:\/\/wirtschaftlichefreiheit.de\/wordpress\/#\/schema\/person\/4d65ac3dcb9df8edaee905e65c1af4b0"},"breadcrumb":{"@id":"https:\/\/wirtschaftlichefreiheit.de\/wordpress\/?p=43374#breadcrumb"},"inLanguage":"de","potentialAction":[{"@type":"ReadAction","target":["https:\/\/wirtschaftlichefreiheit.de\/wordpress\/?p=43374"]}]},{"@type":"ImageObject","inLanguage":"de","@id":"https:\/\/wirtschaftlichefreiheit.de\/wordpress\/?p=43374#primaryimage","url":"https:\/\/wirtschaftlichefreiheit.de\/wordpress\/bilder\/MwStCo2.jpg","contentUrl":"https:\/\/wirtschaftlichefreiheit.de\/wordpress\/bilder\/MwStCo2.jpg","width":1024,"height":1024},{"@type":"BreadcrumbList","@id":"https:\/\/wirtschaftlichefreiheit.de\/wordpress\/?p=43374#breadcrumb","itemListElement":[{"@type":"ListItem","position":1,"name":"Startseite","item":"https:\/\/wirtschaftlichefreiheit.de\/wordpress"},{"@type":"ListItem","position":2,"name":"Klimaschutz als Exportleistung ohne Mehrwertsteuer?"}]},{"@type":"WebSite","@id":"https:\/\/wirtschaftlichefreiheit.de\/wordpress\/#website","url":"https:\/\/wirtschaftlichefreiheit.de\/wordpress\/","name":"Wirtschaftliche Freiheit","description":"Das ordnungspolitische Journal","potentialAction":[{"@type":"SearchAction","target":{"@type":"EntryPoint","urlTemplate":"https:\/\/wirtschaftlichefreiheit.de\/wordpress\/?s={search_term_string}"},"query-input":{"@type":"PropertyValueSpecification","valueRequired":true,"valueName":"search_term_string"}}],"inLanguage":"de"},{"@type":"Person","@id":"https:\/\/wirtschaftlichefreiheit.de\/wordpress\/#\/schema\/person\/4d65ac3dcb9df8edaee905e65c1af4b0","name":"David Stadelmann","image":{"@type":"ImageObject","inLanguage":"de","@id":"https:\/\/wirtschaftlichefreiheit.de\/wordpress\/bilder\/379.jpg","url":"https:\/\/wirtschaftlichefreiheit.de\/wordpress\/bilder\/379.jpg","contentUrl":"https:\/\/wirtschaftlichefreiheit.de\/wordpress\/bilder\/379.jpg","caption":"David Stadelmann"},"description":"Universit\u00e4t Bayreuth","url":"https:\/\/wirtschaftlichefreiheit.de\/wordpress\/?author=260"}]}},"_links":{"self":[{"href":"https:\/\/wirtschaftlichefreiheit.de\/wordpress\/index.php?rest_route=\/wp\/v2\/posts\/43374","targetHints":{"allow":["GET"]}}],"collection":[{"href":"https:\/\/wirtschaftlichefreiheit.de\/wordpress\/index.php?rest_route=\/wp\/v2\/posts"}],"about":[{"href":"https:\/\/wirtschaftlichefreiheit.de\/wordpress\/index.php?rest_route=\/wp\/v2\/types\/post"}],"author":[{"embeddable":true,"href":"https:\/\/wirtschaftlichefreiheit.de\/wordpress\/index.php?rest_route=\/wp\/v2\/users\/260"}],"replies":[{"embeddable":true,"href":"https:\/\/wirtschaftlichefreiheit.de\/wordpress\/index.php?rest_route=%2Fwp%2Fv2%2Fcomments&post=43374"}],"version-history":[{"count":2,"href":"https:\/\/wirtschaftlichefreiheit.de\/wordpress\/index.php?rest_route=\/wp\/v2\/posts\/43374\/revisions"}],"predecessor-version":[{"id":43379,"href":"https:\/\/wirtschaftlichefreiheit.de\/wordpress\/index.php?rest_route=\/wp\/v2\/posts\/43374\/revisions\/43379"}],"wp:featuredmedia":[{"embeddable":true,"href":"https:\/\/wirtschaftlichefreiheit.de\/wordpress\/index.php?rest_route=\/wp\/v2\/media\/43377"}],"wp:attachment":[{"href":"https:\/\/wirtschaftlichefreiheit.de\/wordpress\/index.php?rest_route=%2Fwp%2Fv2%2Fmedia&parent=43374"}],"wp:term":[{"taxonomy":"category","embeddable":true,"href":"https:\/\/wirtschaftlichefreiheit.de\/wordpress\/index.php?rest_route=%2Fwp%2Fv2%2Fcategories&post=43374"},{"taxonomy":"post_tag","embeddable":true,"href":"https:\/\/wirtschaftlichefreiheit.de\/wordpress\/index.php?rest_route=%2Fwp%2Fv2%2Ftags&post=43374"}],"curies":[{"name":"wp","href":"https:\/\/api.w.org\/{rel}","templated":true}]}}