{"id":43416,"date":"2026-03-21T00:18:00","date_gmt":"2026-03-20T23:18:00","guid":{"rendered":"https:\/\/wirtschaftlichefreiheit.de\/wordpress\/?p=43416"},"modified":"2026-03-21T06:32:31","modified_gmt":"2026-03-21T05:32:31","slug":"gastbeitrag-juergen-habermas","status":"publish","type":"post","link":"https:\/\/wirtschaftlichefreiheit.de\/wordpress\/?p=43416","title":{"rendered":"<b>Gastbeitrag <\/b><br>J\u00fcrgen Habermas"},"content":{"rendered":"\n<p>Wenn ein bedeutender Philosoph stirbt, erscheint \u00fcblicherweise eine Vielzahl von Nachrufen. So auch f\u00fcr J\u00fcrgen Habermas, der k\u00fcrzlich im Alter von 96 Jahren starb. Erstaunlich ist allerdings, wie sehr diese Nachrufe in ihren Bewertungen auseinandergehen, und zwar nicht nur in zwei einander klar entgegengesetzte, sondern in ganz unterschiedliche Richtungen. Da gibt es zun\u00e4chst jene, die ihn pauschal und unkritisch als gro\u00dfen liberalen Denker preisen (so etwa Merz in seinen in den sozialen Medien ver\u00f6ffentlichten Stellungnahmen, <a href=\"https:\/\/www.bundesregierung.de\/breg-de\/aktuelles\/bundeskanzler-merz-zum-tod-von-juergen-habermas-2410956\">https:\/\/www.bundesregierung.de\/breg-de\/aktuelles\/bundeskanzler-merz-zum-tod-von-juergen-habermas-2410956<\/a> ). Dann gibt es jene, die ihn pauschal verrei\u00dfen, zum einen als Vordenker der Linken (so etwa Tichy, <a href=\"https:\/\/www.tichyseinblick.de\/meinungen\/das-erbe-von-juergen-habermas\/\">https:\/\/www.tichyseinblick.de\/meinungen\/das-erbe-von-juergen-habermas\/<\/a> ), dann aber auch als zu gro\u00dfen Freund Israels, oder auch als jemand mit deutlich autorit\u00e4ren Tendenzen.<\/p>\n\n\n\n<p>Diese Vielzahl an Bewertungen ist erstaunlich, und meine eigene sei hier hinzugef\u00fcgt. Ich halte Habermas f\u00fcr einen ohne Zweifel bedeutenden Philosophen, der ein vielrezipiertes Werk hinterl\u00e4sst. Es war immer ein Gewinn, sich damit auseinanderzusetzen, und das wird es weiterhin sein. Ich erinnere mich auch an pers\u00f6nliche Diskussionen mit ihm, so etwa am Rande von Deutschen Kongressen f\u00fcr Philosophie, in denen er erstaunlich offen auch mit jenen diskutierte, die andere Auffassungen hatten. Sein diskursbasierter Ansatz, die Theorie des herrschaftsfreien Diskurses oder auch der \u201azwanglose\u2018 Zwang des besseren Arguments bereiteten mir (und vielen anderen) schon immer gro\u00dfe Schwierigkeiten. Ich bin der Auffassung, dass diese Theorie sehr viel \u2013 und zu viel \u2013 ausblendet, insbesondere dann, wenn es um das Eigeninteresse, aber auch wenn es um Rationalit\u00e4t insgesamt geht. Es gibt ja bekanntlich die ber\u00fchmte Stellungnahme von Karl Popper zu Habermas aus dem Jahr 1970, in Form eines kleinen Briefes an Raymond Aron, in dem er sich geradezu vernichtend \u00e4u\u00dfert. Auch wenn man diese Formulierungen als \u00fcberspitzt empfinden mag: ich halte immer noch die Grundgedanken Poppers f\u00fcr weitaus kritischer und auch freiheitlicher als jene der kritischen Theorie.<\/p>\n\n\n\n<p>Und so manche Probleme der Diskurstheorie und Diskursethik zeigten sich erst in der Konkretisierung und Umsetzung: Diese Probleme haben sp\u00e4tere Nachfolger von Habermas vermutlich noch st\u00e4rker wahrgenommen als er selbst, n\u00e4mlich genau an jenen Stellen, wenn es um die Umsetzung oder die konkrete Ausformulierung angesichts realer \u00f6konomischer, gesellschaftlicher und auch technologischer Realit\u00e4ten ging. Um nur ein Beispiel zu nennen: Habermas formulierte zwar in aller Ausf\u00fchrlichkeit eine Theorie des kommunikativen Handelns, aber als das klar systemsprengende Internet erschien, konnte er damit offensichtlich nichts mehr anfangen. Die Entwicklung der digitalen Medien einschlie\u00dflich der heutigen Social Media hat er nicht mehr wirklich nachvollzogen.<\/p>\n\n\n\n<p>Neben den theoretischen und konzeptionellen Arbeiten stehen au\u00dferdem Habermas\u2018 zahlreiche politische Stellungnahmen \u2013 und nicht alle k\u00f6nnen als gelungen oder angemessen bezeichnet werden. Ein Negativ-Gipfelpunkt war seine ausdr\u00fcckliche, in einem Artikel vom Herbst 2021 ausgearbeitete Forderung nach einem quasi-diktatorischen Corona-Staat. Und schon mit dieser Forderung allein kann er nicht mehr als liberaler Denker angesehen werden \u2013 im Gegensatz etwa zu einem Popper oder Hayek.<\/p>\n\n\n\n<p>Dennoch bleibt festzuhalten, dass sich Habermas\u2018 Philosophie durchweg im \u00f6ffentlichen politischen Raum bewegte und auch so wahrgenommen wurde. Das halte ich, bei aller berechtigten Kritik, f\u00fcr eine grundlegende philosophische Tugend, die schon Sokrates und andere verk\u00f6rperten: Philosophie sollte \u00f6ffentlich sein und keine Scheu vor politischer Einmischung haben \u2013 daf\u00fcr stand Habermas, gerade im deutschsprachigen Raum, wie nur wenige.<\/p>\n<!-- AddThis Advanced Settings generic via filter on the_content --><!-- AddThis Share Buttons generic via filter on the_content --><!-- AddThis Related Posts generic via filter on the_content -->","protected":false},"excerpt":{"rendered":"<p>Habermas\u2018 Philosophie bewegte sich durchweg im \u00f6ffentlichen politischen Raum und wurde auch so wahrgenommen. Das halte ich, bei aller berechtigten Kritik, f\u00fcr eine grundlegende philosophische Tugend, die schon Sokrates und andere verk\u00f6rperten: Philosophie sollte \u00f6ffentlich sein und keine Scheu vor politischer Einmischung haben \u2013 daf\u00fcr stand Habermas, gerade im deutschsprachigen Raum, wie nur wenige.<!-- AddThis Advanced Settings generic via filter on wp_trim_excerpt --><!-- AddThis Share Buttons generic via filter on wp_trim_excerpt --><!-- AddThis Related Posts generic via filter on wp_trim_excerpt --><\/p>\n","protected":false},"author":351,"featured_media":43421,"comment_status":"open","ping_status":"open","sticky":false,"template":"","format":"standard","meta":{"footnotes":""},"categories":[2819],"tags":[4887,3505],"class_list":["post-43416","post","type-post","status-publish","format-standard","has-post-thumbnail","hentry","category-philosophisches","tag-habermas","tag-luetge"],"yoast_head":"<!-- This site is optimized with the Yoast SEO plugin v27.2 - https:\/\/yoast.com\/product\/yoast-seo-wordpress\/ -->\n<title>Gastbeitrag J\u00fcrgen Habermas - Wirtschaftliche Freiheit<\/title>\n<meta name=\"robots\" content=\"index, follow, max-snippet:-1, max-image-preview:large, max-video-preview:-1\" \/>\n<link rel=\"canonical\" href=\"https:\/\/wirtschaftlichefreiheit.de\/wordpress\/?p=43416\" \/>\n<meta property=\"og:locale\" content=\"de_DE\" \/>\n<meta property=\"og:type\" content=\"article\" \/>\n<meta property=\"og:title\" content=\"Gastbeitrag J\u00fcrgen Habermas - Wirtschaftliche Freiheit\" \/>\n<meta property=\"og:description\" content=\"Habermas\u2018 Philosophie bewegte sich durchweg im \u00f6ffentlichen politischen Raum und wurde auch so wahrgenommen. Das halte ich, bei aller berechtigten Kritik, f\u00fcr eine grundlegende philosophische Tugend, die schon Sokrates und andere verk\u00f6rperten: Philosophie sollte \u00f6ffentlich sein und keine Scheu vor politischer Einmischung haben \u2013 daf\u00fcr stand Habermas, gerade im deutschsprachigen Raum, wie nur wenige.\" \/>\n<meta property=\"og:url\" content=\"https:\/\/wirtschaftlichefreiheit.de\/wordpress\/?p=43416\" \/>\n<meta property=\"og:site_name\" content=\"Wirtschaftliche Freiheit\" \/>\n<meta property=\"article:published_time\" content=\"2026-03-20T23:18:00+00:00\" \/>\n<meta property=\"article:modified_time\" content=\"2026-03-21T05:32:31+00:00\" \/>\n<meta property=\"og:image\" content=\"http:\/\/wirtschaftlichefreiheit.de\/wordpress\/bilder\/habermas.png\" \/>\n\t<meta property=\"og:image:width\" content=\"2037\" \/>\n\t<meta property=\"og:image:height\" content=\"1303\" \/>\n\t<meta property=\"og:image:type\" content=\"image\/png\" \/>\n<meta name=\"author\" content=\"Christoph L\u00fctge\" \/>\n<meta name=\"twitter:card\" content=\"summary_large_image\" \/>\n<meta name=\"twitter:label1\" content=\"Verfasst von\" \/>\n\t<meta name=\"twitter:data1\" content=\"Christoph L\u00fctge\" \/>\n\t<meta name=\"twitter:label2\" content=\"Gesch\u00e4tzte Lesezeit\" \/>\n\t<meta name=\"twitter:data2\" content=\"4\u00a0Minuten\" \/>\n<script type=\"application\/ld+json\" class=\"yoast-schema-graph\">{\"@context\":\"https:\/\/schema.org\",\"@graph\":[{\"@type\":\"Article\",\"@id\":\"https:\/\/wirtschaftlichefreiheit.de\/wordpress\/?p=43416#article\",\"isPartOf\":{\"@id\":\"https:\/\/wirtschaftlichefreiheit.de\/wordpress\/?p=43416\"},\"author\":{\"name\":\"Christoph L\u00fctge\",\"@id\":\"https:\/\/wirtschaftlichefreiheit.de\/wordpress\/#\/schema\/person\/645487d9d7c78092dedc322c2314a8fb\"},\"headline\":\"Gastbeitrag J\u00fcrgen Habermas\",\"datePublished\":\"2026-03-20T23:18:00+00:00\",\"dateModified\":\"2026-03-21T05:32:31+00:00\",\"mainEntityOfPage\":{\"@id\":\"https:\/\/wirtschaftlichefreiheit.de\/wordpress\/?p=43416\"},\"wordCount\":554,\"commentCount\":0,\"image\":{\"@id\":\"https:\/\/wirtschaftlichefreiheit.de\/wordpress\/?p=43416#primaryimage\"},\"thumbnailUrl\":\"https:\/\/wirtschaftlichefreiheit.de\/wordpress\/bilder\/habermas.png\",\"keywords\":[\"Habermas\",\"L\u00fctge\"],\"articleSection\":[\"Philosophisches\"],\"inLanguage\":\"de\",\"potentialAction\":[{\"@type\":\"CommentAction\",\"name\":\"Comment\",\"target\":[\"https:\/\/wirtschaftlichefreiheit.de\/wordpress\/?p=43416#respond\"]}]},{\"@type\":\"WebPage\",\"@id\":\"https:\/\/wirtschaftlichefreiheit.de\/wordpress\/?p=43416\",\"url\":\"https:\/\/wirtschaftlichefreiheit.de\/wordpress\/?p=43416\",\"name\":\"Gastbeitrag J\u00fcrgen Habermas - Wirtschaftliche Freiheit\",\"isPartOf\":{\"@id\":\"https:\/\/wirtschaftlichefreiheit.de\/wordpress\/#website\"},\"primaryImageOfPage\":{\"@id\":\"https:\/\/wirtschaftlichefreiheit.de\/wordpress\/?p=43416#primaryimage\"},\"image\":{\"@id\":\"https:\/\/wirtschaftlichefreiheit.de\/wordpress\/?p=43416#primaryimage\"},\"thumbnailUrl\":\"https:\/\/wirtschaftlichefreiheit.de\/wordpress\/bilder\/habermas.png\",\"datePublished\":\"2026-03-20T23:18:00+00:00\",\"dateModified\":\"2026-03-21T05:32:31+00:00\",\"author\":{\"@id\":\"https:\/\/wirtschaftlichefreiheit.de\/wordpress\/#\/schema\/person\/645487d9d7c78092dedc322c2314a8fb\"},\"breadcrumb\":{\"@id\":\"https:\/\/wirtschaftlichefreiheit.de\/wordpress\/?p=43416#breadcrumb\"},\"inLanguage\":\"de\",\"potentialAction\":[{\"@type\":\"ReadAction\",\"target\":[\"https:\/\/wirtschaftlichefreiheit.de\/wordpress\/?p=43416\"]}]},{\"@type\":\"ImageObject\",\"inLanguage\":\"de\",\"@id\":\"https:\/\/wirtschaftlichefreiheit.de\/wordpress\/?p=43416#primaryimage\",\"url\":\"https:\/\/wirtschaftlichefreiheit.de\/wordpress\/bilder\/habermas.png\",\"contentUrl\":\"https:\/\/wirtschaftlichefreiheit.de\/wordpress\/bilder\/habermas.png\",\"width\":2037,\"height\":1303},{\"@type\":\"BreadcrumbList\",\"@id\":\"https:\/\/wirtschaftlichefreiheit.de\/wordpress\/?p=43416#breadcrumb\",\"itemListElement\":[{\"@type\":\"ListItem\",\"position\":1,\"name\":\"Startseite\",\"item\":\"https:\/\/wirtschaftlichefreiheit.de\/wordpress\"},{\"@type\":\"ListItem\",\"position\":2,\"name\":\"Gastbeitrag J\u00fcrgen Habermas\"}]},{\"@type\":\"WebSite\",\"@id\":\"https:\/\/wirtschaftlichefreiheit.de\/wordpress\/#website\",\"url\":\"https:\/\/wirtschaftlichefreiheit.de\/wordpress\/\",\"name\":\"Wirtschaftliche Freiheit\",\"description\":\"Das ordnungspolitische Journal\",\"potentialAction\":[{\"@type\":\"SearchAction\",\"target\":{\"@type\":\"EntryPoint\",\"urlTemplate\":\"https:\/\/wirtschaftlichefreiheit.de\/wordpress\/?s={search_term_string}\"},\"query-input\":{\"@type\":\"PropertyValueSpecification\",\"valueRequired\":true,\"valueName\":\"search_term_string\"}}],\"inLanguage\":\"de\"},{\"@type\":\"Person\",\"@id\":\"https:\/\/wirtschaftlichefreiheit.de\/wordpress\/#\/schema\/person\/645487d9d7c78092dedc322c2314a8fb\",\"name\":\"Christoph L\u00fctge\",\"image\":{\"@type\":\"ImageObject\",\"inLanguage\":\"de\",\"@id\":\"https:\/\/wirtschaftlichefreiheit.de\/wordpress\/bilder\/359.jpg\",\"url\":\"https:\/\/wirtschaftlichefreiheit.de\/wordpress\/bilder\/359.jpg\",\"contentUrl\":\"https:\/\/wirtschaftlichefreiheit.de\/wordpress\/bilder\/359.jpg\",\"caption\":\"Christoph L\u00fctge\"},\"description\":\"TU M\u00fcnchen\",\"url\":\"https:\/\/wirtschaftlichefreiheit.de\/wordpress\/?author=351\"}]}<\/script>\n<!-- \/ Yoast SEO plugin. -->","yoast_head_json":{"title":"Gastbeitrag J\u00fcrgen Habermas - Wirtschaftliche Freiheit","robots":{"index":"index","follow":"follow","max-snippet":"max-snippet:-1","max-image-preview":"max-image-preview:large","max-video-preview":"max-video-preview:-1"},"canonical":"https:\/\/wirtschaftlichefreiheit.de\/wordpress\/?p=43416","og_locale":"de_DE","og_type":"article","og_title":"Gastbeitrag J\u00fcrgen Habermas - Wirtschaftliche Freiheit","og_description":"Habermas\u2018 Philosophie bewegte sich durchweg im \u00f6ffentlichen politischen Raum und wurde auch so wahrgenommen. Das halte ich, bei aller berechtigten Kritik, f\u00fcr eine grundlegende philosophische Tugend, die schon Sokrates und andere verk\u00f6rperten: Philosophie sollte \u00f6ffentlich sein und keine Scheu vor politischer Einmischung haben \u2013 daf\u00fcr stand Habermas, gerade im deutschsprachigen Raum, wie nur wenige.","og_url":"https:\/\/wirtschaftlichefreiheit.de\/wordpress\/?p=43416","og_site_name":"Wirtschaftliche Freiheit","article_published_time":"2026-03-20T23:18:00+00:00","article_modified_time":"2026-03-21T05:32:31+00:00","og_image":[{"width":2037,"height":1303,"url":"http:\/\/wirtschaftlichefreiheit.de\/wordpress\/bilder\/habermas.png","type":"image\/png"}],"author":"Christoph L\u00fctge","twitter_card":"summary_large_image","twitter_misc":{"Verfasst von":"Christoph L\u00fctge","Gesch\u00e4tzte Lesezeit":"4\u00a0Minuten"},"schema":{"@context":"https:\/\/schema.org","@graph":[{"@type":"Article","@id":"https:\/\/wirtschaftlichefreiheit.de\/wordpress\/?p=43416#article","isPartOf":{"@id":"https:\/\/wirtschaftlichefreiheit.de\/wordpress\/?p=43416"},"author":{"name":"Christoph L\u00fctge","@id":"https:\/\/wirtschaftlichefreiheit.de\/wordpress\/#\/schema\/person\/645487d9d7c78092dedc322c2314a8fb"},"headline":"Gastbeitrag J\u00fcrgen Habermas","datePublished":"2026-03-20T23:18:00+00:00","dateModified":"2026-03-21T05:32:31+00:00","mainEntityOfPage":{"@id":"https:\/\/wirtschaftlichefreiheit.de\/wordpress\/?p=43416"},"wordCount":554,"commentCount":0,"image":{"@id":"https:\/\/wirtschaftlichefreiheit.de\/wordpress\/?p=43416#primaryimage"},"thumbnailUrl":"https:\/\/wirtschaftlichefreiheit.de\/wordpress\/bilder\/habermas.png","keywords":["Habermas","L\u00fctge"],"articleSection":["Philosophisches"],"inLanguage":"de","potentialAction":[{"@type":"CommentAction","name":"Comment","target":["https:\/\/wirtschaftlichefreiheit.de\/wordpress\/?p=43416#respond"]}]},{"@type":"WebPage","@id":"https:\/\/wirtschaftlichefreiheit.de\/wordpress\/?p=43416","url":"https:\/\/wirtschaftlichefreiheit.de\/wordpress\/?p=43416","name":"Gastbeitrag J\u00fcrgen Habermas - Wirtschaftliche Freiheit","isPartOf":{"@id":"https:\/\/wirtschaftlichefreiheit.de\/wordpress\/#website"},"primaryImageOfPage":{"@id":"https:\/\/wirtschaftlichefreiheit.de\/wordpress\/?p=43416#primaryimage"},"image":{"@id":"https:\/\/wirtschaftlichefreiheit.de\/wordpress\/?p=43416#primaryimage"},"thumbnailUrl":"https:\/\/wirtschaftlichefreiheit.de\/wordpress\/bilder\/habermas.png","datePublished":"2026-03-20T23:18:00+00:00","dateModified":"2026-03-21T05:32:31+00:00","author":{"@id":"https:\/\/wirtschaftlichefreiheit.de\/wordpress\/#\/schema\/person\/645487d9d7c78092dedc322c2314a8fb"},"breadcrumb":{"@id":"https:\/\/wirtschaftlichefreiheit.de\/wordpress\/?p=43416#breadcrumb"},"inLanguage":"de","potentialAction":[{"@type":"ReadAction","target":["https:\/\/wirtschaftlichefreiheit.de\/wordpress\/?p=43416"]}]},{"@type":"ImageObject","inLanguage":"de","@id":"https:\/\/wirtschaftlichefreiheit.de\/wordpress\/?p=43416#primaryimage","url":"https:\/\/wirtschaftlichefreiheit.de\/wordpress\/bilder\/habermas.png","contentUrl":"https:\/\/wirtschaftlichefreiheit.de\/wordpress\/bilder\/habermas.png","width":2037,"height":1303},{"@type":"BreadcrumbList","@id":"https:\/\/wirtschaftlichefreiheit.de\/wordpress\/?p=43416#breadcrumb","itemListElement":[{"@type":"ListItem","position":1,"name":"Startseite","item":"https:\/\/wirtschaftlichefreiheit.de\/wordpress"},{"@type":"ListItem","position":2,"name":"Gastbeitrag J\u00fcrgen Habermas"}]},{"@type":"WebSite","@id":"https:\/\/wirtschaftlichefreiheit.de\/wordpress\/#website","url":"https:\/\/wirtschaftlichefreiheit.de\/wordpress\/","name":"Wirtschaftliche Freiheit","description":"Das ordnungspolitische Journal","potentialAction":[{"@type":"SearchAction","target":{"@type":"EntryPoint","urlTemplate":"https:\/\/wirtschaftlichefreiheit.de\/wordpress\/?s={search_term_string}"},"query-input":{"@type":"PropertyValueSpecification","valueRequired":true,"valueName":"search_term_string"}}],"inLanguage":"de"},{"@type":"Person","@id":"https:\/\/wirtschaftlichefreiheit.de\/wordpress\/#\/schema\/person\/645487d9d7c78092dedc322c2314a8fb","name":"Christoph L\u00fctge","image":{"@type":"ImageObject","inLanguage":"de","@id":"https:\/\/wirtschaftlichefreiheit.de\/wordpress\/bilder\/359.jpg","url":"https:\/\/wirtschaftlichefreiheit.de\/wordpress\/bilder\/359.jpg","contentUrl":"https:\/\/wirtschaftlichefreiheit.de\/wordpress\/bilder\/359.jpg","caption":"Christoph L\u00fctge"},"description":"TU M\u00fcnchen","url":"https:\/\/wirtschaftlichefreiheit.de\/wordpress\/?author=351"}]}},"_links":{"self":[{"href":"https:\/\/wirtschaftlichefreiheit.de\/wordpress\/index.php?rest_route=\/wp\/v2\/posts\/43416","targetHints":{"allow":["GET"]}}],"collection":[{"href":"https:\/\/wirtschaftlichefreiheit.de\/wordpress\/index.php?rest_route=\/wp\/v2\/posts"}],"about":[{"href":"https:\/\/wirtschaftlichefreiheit.de\/wordpress\/index.php?rest_route=\/wp\/v2\/types\/post"}],"author":[{"embeddable":true,"href":"https:\/\/wirtschaftlichefreiheit.de\/wordpress\/index.php?rest_route=\/wp\/v2\/users\/351"}],"replies":[{"embeddable":true,"href":"https:\/\/wirtschaftlichefreiheit.de\/wordpress\/index.php?rest_route=%2Fwp%2Fv2%2Fcomments&post=43416"}],"version-history":[{"count":3,"href":"https:\/\/wirtschaftlichefreiheit.de\/wordpress\/index.php?rest_route=\/wp\/v2\/posts\/43416\/revisions"}],"predecessor-version":[{"id":43422,"href":"https:\/\/wirtschaftlichefreiheit.de\/wordpress\/index.php?rest_route=\/wp\/v2\/posts\/43416\/revisions\/43422"}],"wp:featuredmedia":[{"embeddable":true,"href":"https:\/\/wirtschaftlichefreiheit.de\/wordpress\/index.php?rest_route=\/wp\/v2\/media\/43421"}],"wp:attachment":[{"href":"https:\/\/wirtschaftlichefreiheit.de\/wordpress\/index.php?rest_route=%2Fwp%2Fv2%2Fmedia&parent=43416"}],"wp:term":[{"taxonomy":"category","embeddable":true,"href":"https:\/\/wirtschaftlichefreiheit.de\/wordpress\/index.php?rest_route=%2Fwp%2Fv2%2Fcategories&post=43416"},{"taxonomy":"post_tag","embeddable":true,"href":"https:\/\/wirtschaftlichefreiheit.de\/wordpress\/index.php?rest_route=%2Fwp%2Fv2%2Ftags&post=43416"}],"curies":[{"name":"wp","href":"https:\/\/api.w.org\/{rel}","templated":true}]}}