{"id":43681,"date":"2026-04-24T00:42:00","date_gmt":"2026-04-23T23:42:00","guid":{"rendered":"https:\/\/wirtschaftlichefreiheit.de\/wordpress\/?p=43681"},"modified":"2026-04-25T09:39:48","modified_gmt":"2026-04-25T08:39:48","slug":"gastbeitrag-oelpreisschock-schlimmer-als-in-den-70ern","status":"publish","type":"post","link":"https:\/\/wirtschaftlichefreiheit.de\/wordpress\/?p=43681","title":{"rendered":"<b>Gastbeitrag <\/b><br>\u00d6lpreisschock <br><b>Schlimmer als in den 70ern? <\/b>"},"content":{"rendered":"\n<p>Trotz eines st\u00e4rkeren R\u00fcckgangs der \u00d6lf\u00f6rderung d\u00fcrften die Industriel\u00e4nder unter der aktuellen Energiekrise weniger leiden als w\u00e4hrend der beiden \u00d6lkrisen der 1970er Jahre. Dies liegt daran, dass die Preise weniger stark gestiegen sind als damals und die Wirtschaft heute deutlich weniger \u201e\u00f6lintensiv\u201c ist als vor 50 Jahren. Selbst wenn man die steigenden Erdgaspreise mit einbezieht, die damals kaum eine Rolle spielten, \u00e4ndert dies nichts an dieser Schlussfolgerung. Allerdings stellen Probleme in der Lieferkette ein erhebliches Risiko dar. Daher ist es f\u00fcr eine Entwarnung noch zu fr\u00fch.<\/p>\n\n\n\n<p><strong>Krise gr\u00f6\u00dfer als 1973, 1979 und 2022 zusammen?<\/strong><\/p>\n\n\n\n<p><a><\/a>Fatih Birol, der Chef der International Energy Agency (IEA), sagte in einem Interview, dass die aktuelle Energiekrise schlimmer sei als die Krisen von 1973, 1979 und 2022 zusammen <a href=\"https:\/\/research.commerzbank.com\/links2\/html\/ab853f28-338c-4a42-8860-7ec60c6c448b?r=0&amp;firmId=45344#FN123456\" target=\"_blank\" rel=\"noreferrer noopener\">[1]<\/a>. Die Welt h\u00e4tte noch nie eine Angebotsunterbrechung dieses Umfangs erlebt.<\/p>\n\n\n\n<p>Tats\u00e4chlich ist die \u00d6lf\u00f6rderung wegen der Sperrung der Stra\u00dfe von Hormus und der Angriffe auf \u00d6lf\u00f6rder- und Verladeanlagen in der Region rund um den Persischen Golf st\u00e4rker zur\u00fcckgegangen als in den anderen \u00d6lkrisen der letzten 50 Jahre. So ist die t\u00e4gliche F\u00f6rderung von Roh\u00f6l seit Beginn des Iran-Kriegs laut IEA vermutlich um mindestens 10 Millionen Barrel gefallen. Dies entspricht rund 12% der globalen \u00d6lf\u00f6rderung. Bei den gro\u00dfen \u00d6lschocks der Vergangenheit verringerte sich die F\u00f6rderung hingegen &#8222;nur&#8220; um 7 bis 8% (Abb. 1).<\/p>\n\n\n\n<figure class=\"wp-block-image size-large\"><img loading=\"lazy\" decoding=\"async\" width=\"1024\" height=\"751\" src=\"https:\/\/wirtschaftlichefreiheit.de\/wordpress\/bilder\/oel1-1024x751.png\" alt=\"\" class=\"wp-image-43686\" srcset=\"https:\/\/wirtschaftlichefreiheit.de\/wordpress\/bilder\/oel1-1024x751.png 1024w, https:\/\/wirtschaftlichefreiheit.de\/wordpress\/bilder\/oel1-300x220.png 300w, https:\/\/wirtschaftlichefreiheit.de\/wordpress\/bilder\/oel1-768x563.png 768w, https:\/\/wirtschaftlichefreiheit.de\/wordpress\/bilder\/oel1-1536x1127.png 1536w, https:\/\/wirtschaftlichefreiheit.de\/wordpress\/bilder\/oel1-2048x1502.png 2048w\" sizes=\"auto, (max-width: 767px) 89vw, (max-width: 1000px) 54vw, (max-width: 1071px) 543px, 580px\" \/><\/figure>\n\n\n\n<p>Hinzu kommt der Ausfall von Erdgaslieferungen, die in den 1970er Jahren noch keine nennenswerte Rolle spielten. So sind die Exporte von Erdgas in den vergangenen Wochen doppelt so stark gefallen wie nach dem Angriff Russlands auf die Ukraine im Jahr 2022.<\/p>\n\n\n\n<p><strong>Das Gespenst der 1970er Jahre<\/strong><\/p>\n\n\n\n<p>Dabei haben schon die F\u00f6rderausf\u00e4lle in den 70er Jahren der Weltwirtschaft einen heftigen Schock. versetzt, der die lange Wachstumsphase nach dem 2. Weltkrieg, die keine gr\u00f6\u00dferen R\u00fcckschl\u00e4ge kannte, abrupt beendete. So l\u00f6ste die erste \u00d6lkrise in den USA die bis dahin schwerste Wirtschaftskrise nach dem 2. Weltkrieg aus. Nach einem kr\u00e4ftigen Wachstum von 5,6% im Jahr 1973 schrumpfte die US-Wirtschaft im Folgejahr um 0,5%. Auch 1975 nahm die Wirtschaftsleistung im Durchschnitt leicht ab. Die Arbeitslosenquote stieg stark an, und die &#8222;Gro\u00dfe Inflation&#8220; der 1970er Jahre setzte ein. Ebenfalls schmerzlich fiel die zweite \u00d6lkrise nach 1979 aus (Tabelle 1).<\/p>\n\n\n\n<p>Auch in Deutschland hat sich das Wachstum infolge der ersten \u00d6lkrise stark verlangsamt. Die Arbeitslosenquote nahm deutlich zu, die Jahre der Vollbesch\u00e4ftigung waren vorbei. Deutschland steckte die zweite \u00d6lkrise 1979\/1980 immerhin etwas besser weg, allerdings waren die fr\u00fchen 1980er Jahre ebenfalls wirtschaftlich schwierig.<\/p>\n\n\n\n<figure class=\"wp-block-image size-large\"><img loading=\"lazy\" decoding=\"async\" width=\"1024\" height=\"751\" src=\"https:\/\/wirtschaftlichefreiheit.de\/wordpress\/bilder\/oel2-2-1024x751.png\" alt=\"\" class=\"wp-image-43694\" srcset=\"https:\/\/wirtschaftlichefreiheit.de\/wordpress\/bilder\/oel2-2-1024x751.png 1024w, https:\/\/wirtschaftlichefreiheit.de\/wordpress\/bilder\/oel2-2-300x220.png 300w, https:\/\/wirtschaftlichefreiheit.de\/wordpress\/bilder\/oel2-2-768x563.png 768w, https:\/\/wirtschaftlichefreiheit.de\/wordpress\/bilder\/oel2-2-1536x1127.png 1536w, https:\/\/wirtschaftlichefreiheit.de\/wordpress\/bilder\/oel2-2-2048x1502.png 2048w\" sizes=\"auto, (max-width: 767px) 89vw, (max-width: 1000px) 54vw, (max-width: 1071px) 543px, 580px\" \/><\/figure>\n\n\n\n<p><strong>Der Preisschock f\u00e4llt jetzt weniger stark aus &#8230;<\/strong><\/p>\n\n\n\n<p>Trotz des st\u00e4rkeren R\u00fcckgangs der \u00d6lf\u00f6rderung in der aktuellen Krise sind die Preise deutlich weniger gestiegen als 1973\/74 und 1978\/79. So war der \u00d6lpreis 1974 im Jahresdurchschnitt 250% h\u00f6her als 1973, und 1979 war ein Barrel Roh\u00f6l immerhin etwa 125% teurer als im Durchschnitt des Vorjahres (Abb. 2). In diesem Jahr d\u00fcrfte der Preis hingegen selbst bei pessimistischen Annahmen f\u00fcr die kommenden Monate nur etwa 60% h\u00f6her liegen als im Vorjahresdurchschnitt.<\/p>\n\n\n\n<figure class=\"wp-block-image size-large\"><img loading=\"lazy\" decoding=\"async\" width=\"1024\" height=\"751\" src=\"https:\/\/wirtschaftlichefreiheit.de\/wordpress\/bilder\/oel3-1-1024x751.png\" alt=\"\" class=\"wp-image-43695\" srcset=\"https:\/\/wirtschaftlichefreiheit.de\/wordpress\/bilder\/oel3-1-1024x751.png 1024w, https:\/\/wirtschaftlichefreiheit.de\/wordpress\/bilder\/oel3-1-300x220.png 300w, https:\/\/wirtschaftlichefreiheit.de\/wordpress\/bilder\/oel3-1-768x563.png 768w, https:\/\/wirtschaftlichefreiheit.de\/wordpress\/bilder\/oel3-1-1536x1127.png 1536w, https:\/\/wirtschaftlichefreiheit.de\/wordpress\/bilder\/oel3-1-2048x1502.png 2048w\" sizes=\"auto, (max-width: 767px) 89vw, (max-width: 1000px) 54vw, (max-width: 1071px) 543px, 580px\" \/><\/figure>\n\n\n\n<p><strong>&#8230; und der Verlust an Kaufkraft ist deutlich geringer<\/strong><\/p>\n\n\n\n<p>Da zudem in den vergangenen 50 Jahren der \u00d6lverbrauch in den entwickelten L\u00e4ndern trotz steigender Wirtschaftsleistung abgenommen hat, d\u00fcrfte der Kaufkraftverlust aktuell deutlich kleiner ausfallen als der w\u00e4hrend der ersten \u00d6lkrise. So lie\u00df die erste \u00d6lkrise Deutschlands \u00d6lrechnung in einem Umfang von 2,5% des Bruttoinlandsprodukts steigen, in Japan entsprach der Anstieg sogar fast 4% des japanischen BIP (Abb. 3). Aktuell zeichnet sich f\u00fcr die vier von uns betrachteten L\u00e4nder bei einem Anstieg des \u00d6lpreises im Jahresdurchschnitt von 40 Dollar je Barrel hingegen ein Anstieg der \u00d6lrechnung zwischen 0,5% und 1% des BIP ab.<\/p>\n\n\n\n<figure class=\"wp-block-image size-large\"><img loading=\"lazy\" decoding=\"async\" width=\"1024\" height=\"751\" src=\"https:\/\/wirtschaftlichefreiheit.de\/wordpress\/bilder\/oel4-2-1024x751.png\" alt=\"\" class=\"wp-image-43692\" srcset=\"https:\/\/wirtschaftlichefreiheit.de\/wordpress\/bilder\/oel4-2-1024x751.png 1024w, https:\/\/wirtschaftlichefreiheit.de\/wordpress\/bilder\/oel4-2-300x220.png 300w, https:\/\/wirtschaftlichefreiheit.de\/wordpress\/bilder\/oel4-2-768x563.png 768w, https:\/\/wirtschaftlichefreiheit.de\/wordpress\/bilder\/oel4-2-1536x1127.png 1536w, https:\/\/wirtschaftlichefreiheit.de\/wordpress\/bilder\/oel4-2-2048x1502.png 2048w\" sizes=\"auto, (max-width: 767px) 89vw, (max-width: 1000px) 54vw, (max-width: 1071px) 543px, 580px\" \/><\/figure>\n\n\n\n<p><strong>Strategische Reserven als Puffer<\/strong><\/p>\n\n\n\n<p>In den 1970er Jahren hatten die OECD-Staaten kaum einen Puffer in Form von \u00d6lreserven, der kurzfristige Angebotsunterbrechungen h\u00e4tte abfedern k\u00f6nnen. Diese schlugen daher viel schneller auf die Wirtschaft durch. Heute verf\u00fcgen die meisten entwickelten L\u00e4ndern \u00fcber strategische \u00d6lreserven, die den Importbedarf von vier bis sechs Monaten decken k\u00f6nnen (Im Durchschnitt 140 Tage der Netto-Importe laut IEA-Monatsbericht).<\/p>\n\n\n\n<p><strong>Aber was ist mit dem Erdgas?<\/strong><\/p>\n\n\n\n<p>Der aktuelle Energieschock ist allerdings nicht auf \u00d6l beschr\u00e4nkt, sondern betrifft auch den Erdgasmarkt. 2024 wurden knapp 900 Mrd m\u00b3 Erdgas exportiert, ein gutes F\u00fcnftel der globalen Gasf\u00f6rderung. 140 Mrd m\u00b3 hiervon kamen aus dem Mittleren Osten, gr\u00f6\u00dftenteils in Form von verfl\u00fcssigtem Erdgas (LNG) aus Katar. Diese Exporte sind fast vollst\u00e4ndig zum Erliegen gekommen. Dies entspricht rund 3% des globalen Erdgasverbrauchs. Die Gaspreise sind daraufhin teilweise stark gestiegen.<\/p>\n\n\n\n<p>Der Verbrauch von Erdgas entspricht in Deutschland \u2013 gerechnet am Energieinhalt \u2013 rund zwei Drittel des \u00d6lverbrauchs. Ein starker Anstieg der Gaspreise verringert die Kaufkraft \u00e4hnlich stark wie ein \u00d6lschock.<\/p>\n\n\n\n<p>F\u00fcr eine grobe Absch\u00e4tzung der Auswirkung der gestiegenen Gaspreise verwenden wir die jeweiligen Gro\u00dfhandelspreise. So ist der f\u00fcr Deutschland ma\u00dfgebliche Preis (TTF) zuletzt auf knapp 50 Euro je Megawattstunde gestiegen. Gegen\u00fcber dem Durchschnittspreis von 2025 ist dies ein Anstieg von rund 30%. F\u00e4llt der Preisanstieg im Jahresdurchschnitt 2026 \u00e4hnlich hoch aus \u2013 wof\u00fcr der Preis in den kommenden Wochen noch etwas steigen m\u00fcsste \u2013 w\u00fcrde der Anstieg von Deutschlands Gasrechnung rund 0,3% des Bruttoinlandproduktes entsprechen (Tabelle 2). H\u00e4rter trifft es Japan mit einer doppelt so hohen Belastung. In den USA liegen die Gaspreise aktuell sogar unter dem Durchschnitt des Vorjahres, sodass die Verbraucher hier nicht belastet, sondern sogar entlastet werden.<\/p>\n\n\n\n<figure class=\"wp-block-image size-large\"><img loading=\"lazy\" decoding=\"async\" width=\"1024\" height=\"751\" src=\"https:\/\/wirtschaftlichefreiheit.de\/wordpress\/bilder\/oel5-1024x751.png\" alt=\"\" class=\"wp-image-43693\" srcset=\"https:\/\/wirtschaftlichefreiheit.de\/wordpress\/bilder\/oel5-1024x751.png 1024w, https:\/\/wirtschaftlichefreiheit.de\/wordpress\/bilder\/oel5-300x220.png 300w, https:\/\/wirtschaftlichefreiheit.de\/wordpress\/bilder\/oel5-768x563.png 768w, https:\/\/wirtschaftlichefreiheit.de\/wordpress\/bilder\/oel5-1536x1127.png 1536w, https:\/\/wirtschaftlichefreiheit.de\/wordpress\/bilder\/oel5-2048x1502.png 2048w\" sizes=\"auto, (max-width: 767px) 89vw, (max-width: 1000px) 54vw, (max-width: 1071px) 543px, 580px\" \/><\/figure>\n\n\n\n<p>Damit d\u00fcrfte der Anstieg der \u00d6l- und Erdgaspreise die Kaufkraft in Deutschland um weniger als 1% des BIP verringern, was deutlich weniger w\u00e4re als das Minus von 2,5% des BIP im Zuge der ersten \u00d6lkrise. Der interessanteste Unterschied zu damals ist wohl in den USA zu suchen. Diese haben jetzt im Unterschied zu 1973 einen \u00dcberschuss im Au\u00dfenhandel mit \u00d6lprodukten und ein merklich kleineres Defizit im Handel mit Roh\u00f6l. Zudem sind sie ein wichtiger Exporteur von Erdgas in Form von LNG geworden. Die \u00d6lpreise in den USA sind zwar ebenfalls deutlich gestiegen und entziehen damit den Verbrauchern Kaufkraft. Allerdings flie\u00dft dieses Geld nicht ins Ausland ab, sondern wird im Inland umverteilt. Damit d\u00fcrften die makro\u00f6konomischen Auswirkungen geringer sein als in Europa oder Deutschland.<\/p>\n\n\n\n<p><strong>Entwarnung?<\/strong><\/p>\n\n\n\n<p>Unsere Analyse des Energiemarktes l\u00e4sst darauf schlie\u00dfen, dass die Folgen der aktuellen Energiekrise kaum die Auswirkungen der ersten \u00d6lkrise von 1973\/74 erreichen werden. F\u00fcr eine Entwarnung scheint es aber dennoch zu fr\u00fch:<\/p>\n\n\n\n<ul class=\"wp-block-list\">\n<li>1973 kam es nur zu einem recht kurzen R\u00fcckgang der \u00d6lf\u00f6rderung. Sollte die aktuelle Krise nicht bald enden, drohen l\u00e4nger anhaltende Ausf\u00e4lle mit entsprechend gr\u00f6\u00dferen Auswirkungen. Im Unterschied zur ersten \u00d6lkrise wurden jetzt auch \u00d6l- und Gasf\u00f6rderanlagen in der Golfregion besch\u00e4digt. Darunter f\u00e4llt neben zahlreichen Raffinerien auch die weltgr\u00f6\u00dfte Anlage f\u00fcr die Erdgasverfl\u00fcssigung in Katar. Die Reparatur dieser Anlage d\u00fcrfte l\u00e4ngere Zeit in Anspruch nehmen.<\/li>\n\n\n\n<li>Der Mittlere Osten liefert jetzt im Unterschied zu den 1970er Jahren nicht nur Erd\u00f6l, sondern wichtige Vorprodukte f\u00fcr die Landwirtschaft und die Industrie der OECD-L\u00e4nder. Darunter sind die Lieferungen von Helium (wichtig beispielsweise f\u00fcr die Halbleiterproduktion) und Petrochemikalien besonders problematisch, in abgeschw\u00e4chter Form auch D\u00fcngemittel. M\u00f6gliche Lieferkettenprobleme k\u00f6nnten den Schock f\u00fcr die westlichen Wirtschaften verst\u00e4rken.<\/li>\n\n\n\n<li>St\u00e4rker als die OECD-L\u00e4nder sind einige asiatische L\u00e4nder von den ausbleibenden \u00d6llieferungen aus dem Persischen Golf betroffen. Sollte es bei ihnen wegen eines Energiemangels zu Produktionsausf\u00e4llen kommen, k\u00f6nnte auch dies die Lieferketten der Industrie in den OECD-L\u00e4ndern beeintr\u00e4chtigen (siehe auch <a href=\"https:\/\/research.commerzbank.com\/links2\/link\/html\/ab853f28-338c-4a42-8860-7ec60c6c448b\/4cda34b1-1d13-45d4-8942-fd141d35f486\" target=\"_blank\" rel=\"noreferrer noopener\">hier<\/a>).<\/li>\n<\/ul>\n\n\n\n<p><em>[1] Der Yom-Kippur-Krieg vom Oktober 1973 zwischen Israel und verschiedenen arabischen Staaten l\u00f6ste die erste gro\u00dfe \u00d6lkrise aus. Die zweite traf die Weltwirtschaft in Folge der Iranischen Revolution vom Dezember 1978 (dieser Schock wurde durch den irakischen Angriffskrieg gegen den Iran ab 1980 versch\u00e4rft, der zu weiteren F\u00f6rderausf\u00e4llen f\u00fchrte). Die Krise von 2022 stand im Zusammenhang mit dem russischen Angriff auf die Ukraine. <\/em><\/p>\n\n\n\n<p><strong>Blog-Beitr\u00e4ge zum Thema:<\/strong><\/p>\n\n\n\n<p>Sebastian Panreck (WWU, 2026): <a href=\"https:\/\/wirtschaftlichefreiheit.de\/wordpress\/?p=43359\">Abzocke an der Zapfs\u00e4ule?<\/a><\/p>\n\n\n\n<p>Norbert Berthold (JMU, 2025): <a href=\"https:\/\/wirtschaftlichefreiheit.de\/wordpress\/?p=42068\">Seltene Erden: Das \u201eneue\u201c \u00d6l? China ist der Elefant im Raum<\/a><\/p>\n\n\n\n<p>Norbert Berthold (JMU, 2022): <a href=\"https:\/\/wirtschaftlichefreiheit.de\/wordpress\/?p=31477\">Energiepreis-Krise, \u00dcbergewinne und Hilfspakete. \u201eNeue\u201c (schuldenfinanzierte) Verteilungspolitik mit der Gie\u00dfkanne?<\/a><\/p>\n<!-- AddThis Advanced Settings generic via filter on the_content --><!-- AddThis Share Buttons generic via filter on the_content --><!-- AddThis Related Posts generic via filter on the_content -->","protected":false},"excerpt":{"rendered":"<p>Trotz eines st\u00e4rkeren R\u00fcckgangs der \u00d6lf\u00f6rderung d\u00fcrften die Industriel\u00e4nder unter der aktuellen Energiekrise weniger leiden als w\u00e4hrend der beiden \u00d6lkrisen der 1970er Jahre. Dies liegt daran, dass die Preise weniger stark gestiegen sind als damals und die Wirtschaft heute deutlich weniger \u201e\u00f6lintensiv\u201c ist als vor 50 Jahren. Selbst wenn man die steigenden Erdgaspreise mit einbezieht, die damals kaum eine Rolle spielten, \u00e4ndert dies nichts an dieser Schlussfolgerung. Allerdings stellen Probleme in der Lieferkette ein erhebliches Risiko dar. Daher ist es f\u00fcr eine Entwarnung noch zu fr\u00fch.<!-- AddThis Advanced Settings generic via filter on wp_trim_excerpt --><!-- AddThis Share Buttons generic via filter on wp_trim_excerpt --><!-- AddThis Related Posts generic via filter on wp_trim_excerpt --><\/p>\n","protected":false},"author":359,"featured_media":43720,"comment_status":"open","ping_status":"open","sticky":false,"template":"","format":"standard","meta":{"footnotes":""},"categories":[1213],"tags":[3361,4900],"class_list":["post-43681","post","type-post","status-publish","format-standard","has-post-thumbnail","hentry","category-energiepolitisches","tag-weidensteiner","tag-oelpreisschock"],"yoast_head":"<!-- This site is optimized with the Yoast SEO plugin v27.2 - https:\/\/yoast.com\/product\/yoast-seo-wordpress\/ -->\n<title>Gastbeitrag \u00d6lpreisschock Schlimmer als in den 70ern?  - Wirtschaftliche Freiheit<\/title>\n<meta name=\"robots\" content=\"index, follow, max-snippet:-1, max-image-preview:large, max-video-preview:-1\" \/>\n<link rel=\"canonical\" href=\"https:\/\/wirtschaftlichefreiheit.de\/wordpress\/?p=43681\" \/>\n<meta property=\"og:locale\" content=\"de_DE\" \/>\n<meta property=\"og:type\" content=\"article\" \/>\n<meta property=\"og:title\" content=\"Gastbeitrag \u00d6lpreisschock Schlimmer als in den 70ern?  - Wirtschaftliche Freiheit\" \/>\n<meta property=\"og:description\" content=\"Trotz eines st\u00e4rkeren R\u00fcckgangs der \u00d6lf\u00f6rderung d\u00fcrften die Industriel\u00e4nder unter der aktuellen Energiekrise weniger leiden als w\u00e4hrend der beiden \u00d6lkrisen der 1970er Jahre. Dies liegt daran, dass die Preise weniger stark gestiegen sind als damals und die Wirtschaft heute deutlich weniger \u201e\u00f6lintensiv\u201c ist als vor 50 Jahren. Selbst wenn man die steigenden Erdgaspreise mit einbezieht, die damals kaum eine Rolle spielten, \u00e4ndert dies nichts an dieser Schlussfolgerung. Allerdings stellen Probleme in der Lieferkette ein erhebliches Risiko dar. Daher ist es f\u00fcr eine Entwarnung noch zu fr\u00fch.\" \/>\n<meta property=\"og:url\" content=\"https:\/\/wirtschaftlichefreiheit.de\/wordpress\/?p=43681\" \/>\n<meta property=\"og:site_name\" content=\"Wirtschaftliche Freiheit\" \/>\n<meta property=\"article:published_time\" content=\"2026-04-23T23:42:00+00:00\" \/>\n<meta property=\"article:modified_time\" content=\"2026-04-25T08:39:48+00:00\" \/>\n<meta property=\"og:image\" content=\"http:\/\/wirtschaftlichefreiheit.de\/wordpress\/bilder\/oelpreise-1024x653.png\" \/>\n\t<meta property=\"og:image:width\" content=\"1024\" \/>\n\t<meta property=\"og:image:height\" content=\"653\" \/>\n\t<meta property=\"og:image:type\" content=\"image\/png\" \/>\n<meta name=\"author\" content=\"Bernd Weidensteiner\" \/>\n<meta name=\"twitter:card\" content=\"summary_large_image\" \/>\n<meta name=\"twitter:label1\" content=\"Verfasst von\" \/>\n\t<meta name=\"twitter:data1\" content=\"Bernd Weidensteiner\" \/>\n\t<meta name=\"twitter:label2\" content=\"Gesch\u00e4tzte Lesezeit\" \/>\n\t<meta name=\"twitter:data2\" content=\"1\u00a0Minute\" \/>\n<script type=\"application\/ld+json\" class=\"yoast-schema-graph\">{\"@context\":\"https:\/\/schema.org\",\"@graph\":[{\"@type\":\"Article\",\"@id\":\"https:\/\/wirtschaftlichefreiheit.de\/wordpress\/?p=43681#article\",\"isPartOf\":{\"@id\":\"https:\/\/wirtschaftlichefreiheit.de\/wordpress\/?p=43681\"},\"author\":{\"name\":\"Bernd Weidensteiner\",\"@id\":\"https:\/\/wirtschaftlichefreiheit.de\/wordpress\/#\/schema\/person\/55e179e1c8e3e7bf0bac63eea758e9ab\"},\"headline\":\"Gastbeitrag \u00d6lpreisschock Schlimmer als in den 70ern?\",\"datePublished\":\"2026-04-23T23:42:00+00:00\",\"dateModified\":\"2026-04-25T08:39:48+00:00\",\"mainEntityOfPage\":{\"@id\":\"https:\/\/wirtschaftlichefreiheit.de\/wordpress\/?p=43681\"},\"wordCount\":1332,\"commentCount\":0,\"image\":{\"@id\":\"https:\/\/wirtschaftlichefreiheit.de\/wordpress\/?p=43681#primaryimage\"},\"thumbnailUrl\":\"https:\/\/wirtschaftlichefreiheit.de\/wordpress\/bilder\/oelpreise.png\",\"keywords\":[\"Weidensteiner\",\"\u00d6lpreisschock\"],\"articleSection\":[\"Energiepolitisches\"],\"inLanguage\":\"de\",\"potentialAction\":[{\"@type\":\"CommentAction\",\"name\":\"Comment\",\"target\":[\"https:\/\/wirtschaftlichefreiheit.de\/wordpress\/?p=43681#respond\"]}]},{\"@type\":\"WebPage\",\"@id\":\"https:\/\/wirtschaftlichefreiheit.de\/wordpress\/?p=43681\",\"url\":\"https:\/\/wirtschaftlichefreiheit.de\/wordpress\/?p=43681\",\"name\":\"Gastbeitrag \u00d6lpreisschock Schlimmer als in den 70ern? - Wirtschaftliche Freiheit\",\"isPartOf\":{\"@id\":\"https:\/\/wirtschaftlichefreiheit.de\/wordpress\/#website\"},\"primaryImageOfPage\":{\"@id\":\"https:\/\/wirtschaftlichefreiheit.de\/wordpress\/?p=43681#primaryimage\"},\"image\":{\"@id\":\"https:\/\/wirtschaftlichefreiheit.de\/wordpress\/?p=43681#primaryimage\"},\"thumbnailUrl\":\"https:\/\/wirtschaftlichefreiheit.de\/wordpress\/bilder\/oelpreise.png\",\"datePublished\":\"2026-04-23T23:42:00+00:00\",\"dateModified\":\"2026-04-25T08:39:48+00:00\",\"author\":{\"@id\":\"https:\/\/wirtschaftlichefreiheit.de\/wordpress\/#\/schema\/person\/55e179e1c8e3e7bf0bac63eea758e9ab\"},\"breadcrumb\":{\"@id\":\"https:\/\/wirtschaftlichefreiheit.de\/wordpress\/?p=43681#breadcrumb\"},\"inLanguage\":\"de\",\"potentialAction\":[{\"@type\":\"ReadAction\",\"target\":[\"https:\/\/wirtschaftlichefreiheit.de\/wordpress\/?p=43681\"]}]},{\"@type\":\"ImageObject\",\"inLanguage\":\"de\",\"@id\":\"https:\/\/wirtschaftlichefreiheit.de\/wordpress\/?p=43681#primaryimage\",\"url\":\"https:\/\/wirtschaftlichefreiheit.de\/wordpress\/bilder\/oelpreise.png\",\"contentUrl\":\"https:\/\/wirtschaftlichefreiheit.de\/wordpress\/bilder\/oelpreise.png\",\"width\":2037,\"height\":1299},{\"@type\":\"BreadcrumbList\",\"@id\":\"https:\/\/wirtschaftlichefreiheit.de\/wordpress\/?p=43681#breadcrumb\",\"itemListElement\":[{\"@type\":\"ListItem\",\"position\":1,\"name\":\"Startseite\",\"item\":\"https:\/\/wirtschaftlichefreiheit.de\/wordpress\"},{\"@type\":\"ListItem\",\"position\":2,\"name\":\"Gastbeitrag \u00d6lpreisschock Schlimmer als in den 70ern?\"}]},{\"@type\":\"WebSite\",\"@id\":\"https:\/\/wirtschaftlichefreiheit.de\/wordpress\/#website\",\"url\":\"https:\/\/wirtschaftlichefreiheit.de\/wordpress\/\",\"name\":\"Wirtschaftliche Freiheit\",\"description\":\"Das ordnungspolitische Journal\",\"potentialAction\":[{\"@type\":\"SearchAction\",\"target\":{\"@type\":\"EntryPoint\",\"urlTemplate\":\"https:\/\/wirtschaftlichefreiheit.de\/wordpress\/?s={search_term_string}\"},\"query-input\":{\"@type\":\"PropertyValueSpecification\",\"valueRequired\":true,\"valueName\":\"search_term_string\"}}],\"inLanguage\":\"de\"},{\"@type\":\"Person\",\"@id\":\"https:\/\/wirtschaftlichefreiheit.de\/wordpress\/#\/schema\/person\/55e179e1c8e3e7bf0bac63eea758e9ab\",\"name\":\"Bernd Weidensteiner\",\"image\":{\"@type\":\"ImageObject\",\"inLanguage\":\"de\",\"@id\":\"https:\/\/wirtschaftlichefreiheit.de\/wordpress\/bilder\/weid.png\",\"url\":\"https:\/\/wirtschaftlichefreiheit.de\/wordpress\/bilder\/weid.png\",\"contentUrl\":\"https:\/\/wirtschaftlichefreiheit.de\/wordpress\/bilder\/weid.png\",\"caption\":\"Bernd Weidensteiner\"},\"description\":\"Commerzbank Research\",\"url\":\"https:\/\/wirtschaftlichefreiheit.de\/wordpress\/?author=359\"}]}<\/script>\n<!-- \/ Yoast SEO plugin. -->","yoast_head_json":{"title":"Gastbeitrag \u00d6lpreisschock Schlimmer als in den 70ern?  - Wirtschaftliche Freiheit","robots":{"index":"index","follow":"follow","max-snippet":"max-snippet:-1","max-image-preview":"max-image-preview:large","max-video-preview":"max-video-preview:-1"},"canonical":"https:\/\/wirtschaftlichefreiheit.de\/wordpress\/?p=43681","og_locale":"de_DE","og_type":"article","og_title":"Gastbeitrag \u00d6lpreisschock Schlimmer als in den 70ern?  - Wirtschaftliche Freiheit","og_description":"Trotz eines st\u00e4rkeren R\u00fcckgangs der \u00d6lf\u00f6rderung d\u00fcrften die Industriel\u00e4nder unter der aktuellen Energiekrise weniger leiden als w\u00e4hrend der beiden \u00d6lkrisen der 1970er Jahre. Dies liegt daran, dass die Preise weniger stark gestiegen sind als damals und die Wirtschaft heute deutlich weniger \u201e\u00f6lintensiv\u201c ist als vor 50 Jahren. Selbst wenn man die steigenden Erdgaspreise mit einbezieht, die damals kaum eine Rolle spielten, \u00e4ndert dies nichts an dieser Schlussfolgerung. Allerdings stellen Probleme in der Lieferkette ein erhebliches Risiko dar. Daher ist es f\u00fcr eine Entwarnung noch zu fr\u00fch.","og_url":"https:\/\/wirtschaftlichefreiheit.de\/wordpress\/?p=43681","og_site_name":"Wirtschaftliche Freiheit","article_published_time":"2026-04-23T23:42:00+00:00","article_modified_time":"2026-04-25T08:39:48+00:00","og_image":[{"width":1024,"height":653,"url":"http:\/\/wirtschaftlichefreiheit.de\/wordpress\/bilder\/oelpreise-1024x653.png","type":"image\/png"}],"author":"Bernd Weidensteiner","twitter_card":"summary_large_image","twitter_misc":{"Verfasst von":"Bernd Weidensteiner","Gesch\u00e4tzte Lesezeit":"1\u00a0Minute"},"schema":{"@context":"https:\/\/schema.org","@graph":[{"@type":"Article","@id":"https:\/\/wirtschaftlichefreiheit.de\/wordpress\/?p=43681#article","isPartOf":{"@id":"https:\/\/wirtschaftlichefreiheit.de\/wordpress\/?p=43681"},"author":{"name":"Bernd Weidensteiner","@id":"https:\/\/wirtschaftlichefreiheit.de\/wordpress\/#\/schema\/person\/55e179e1c8e3e7bf0bac63eea758e9ab"},"headline":"Gastbeitrag \u00d6lpreisschock Schlimmer als in den 70ern?","datePublished":"2026-04-23T23:42:00+00:00","dateModified":"2026-04-25T08:39:48+00:00","mainEntityOfPage":{"@id":"https:\/\/wirtschaftlichefreiheit.de\/wordpress\/?p=43681"},"wordCount":1332,"commentCount":0,"image":{"@id":"https:\/\/wirtschaftlichefreiheit.de\/wordpress\/?p=43681#primaryimage"},"thumbnailUrl":"https:\/\/wirtschaftlichefreiheit.de\/wordpress\/bilder\/oelpreise.png","keywords":["Weidensteiner","\u00d6lpreisschock"],"articleSection":["Energiepolitisches"],"inLanguage":"de","potentialAction":[{"@type":"CommentAction","name":"Comment","target":["https:\/\/wirtschaftlichefreiheit.de\/wordpress\/?p=43681#respond"]}]},{"@type":"WebPage","@id":"https:\/\/wirtschaftlichefreiheit.de\/wordpress\/?p=43681","url":"https:\/\/wirtschaftlichefreiheit.de\/wordpress\/?p=43681","name":"Gastbeitrag \u00d6lpreisschock Schlimmer als in den 70ern? - Wirtschaftliche Freiheit","isPartOf":{"@id":"https:\/\/wirtschaftlichefreiheit.de\/wordpress\/#website"},"primaryImageOfPage":{"@id":"https:\/\/wirtschaftlichefreiheit.de\/wordpress\/?p=43681#primaryimage"},"image":{"@id":"https:\/\/wirtschaftlichefreiheit.de\/wordpress\/?p=43681#primaryimage"},"thumbnailUrl":"https:\/\/wirtschaftlichefreiheit.de\/wordpress\/bilder\/oelpreise.png","datePublished":"2026-04-23T23:42:00+00:00","dateModified":"2026-04-25T08:39:48+00:00","author":{"@id":"https:\/\/wirtschaftlichefreiheit.de\/wordpress\/#\/schema\/person\/55e179e1c8e3e7bf0bac63eea758e9ab"},"breadcrumb":{"@id":"https:\/\/wirtschaftlichefreiheit.de\/wordpress\/?p=43681#breadcrumb"},"inLanguage":"de","potentialAction":[{"@type":"ReadAction","target":["https:\/\/wirtschaftlichefreiheit.de\/wordpress\/?p=43681"]}]},{"@type":"ImageObject","inLanguage":"de","@id":"https:\/\/wirtschaftlichefreiheit.de\/wordpress\/?p=43681#primaryimage","url":"https:\/\/wirtschaftlichefreiheit.de\/wordpress\/bilder\/oelpreise.png","contentUrl":"https:\/\/wirtschaftlichefreiheit.de\/wordpress\/bilder\/oelpreise.png","width":2037,"height":1299},{"@type":"BreadcrumbList","@id":"https:\/\/wirtschaftlichefreiheit.de\/wordpress\/?p=43681#breadcrumb","itemListElement":[{"@type":"ListItem","position":1,"name":"Startseite","item":"https:\/\/wirtschaftlichefreiheit.de\/wordpress"},{"@type":"ListItem","position":2,"name":"Gastbeitrag \u00d6lpreisschock Schlimmer als in den 70ern?"}]},{"@type":"WebSite","@id":"https:\/\/wirtschaftlichefreiheit.de\/wordpress\/#website","url":"https:\/\/wirtschaftlichefreiheit.de\/wordpress\/","name":"Wirtschaftliche Freiheit","description":"Das ordnungspolitische Journal","potentialAction":[{"@type":"SearchAction","target":{"@type":"EntryPoint","urlTemplate":"https:\/\/wirtschaftlichefreiheit.de\/wordpress\/?s={search_term_string}"},"query-input":{"@type":"PropertyValueSpecification","valueRequired":true,"valueName":"search_term_string"}}],"inLanguage":"de"},{"@type":"Person","@id":"https:\/\/wirtschaftlichefreiheit.de\/wordpress\/#\/schema\/person\/55e179e1c8e3e7bf0bac63eea758e9ab","name":"Bernd Weidensteiner","image":{"@type":"ImageObject","inLanguage":"de","@id":"https:\/\/wirtschaftlichefreiheit.de\/wordpress\/bilder\/weid.png","url":"https:\/\/wirtschaftlichefreiheit.de\/wordpress\/bilder\/weid.png","contentUrl":"https:\/\/wirtschaftlichefreiheit.de\/wordpress\/bilder\/weid.png","caption":"Bernd Weidensteiner"},"description":"Commerzbank Research","url":"https:\/\/wirtschaftlichefreiheit.de\/wordpress\/?author=359"}]}},"_links":{"self":[{"href":"https:\/\/wirtschaftlichefreiheit.de\/wordpress\/index.php?rest_route=\/wp\/v2\/posts\/43681","targetHints":{"allow":["GET"]}}],"collection":[{"href":"https:\/\/wirtschaftlichefreiheit.de\/wordpress\/index.php?rest_route=\/wp\/v2\/posts"}],"about":[{"href":"https:\/\/wirtschaftlichefreiheit.de\/wordpress\/index.php?rest_route=\/wp\/v2\/types\/post"}],"author":[{"embeddable":true,"href":"https:\/\/wirtschaftlichefreiheit.de\/wordpress\/index.php?rest_route=\/wp\/v2\/users\/359"}],"replies":[{"embeddable":true,"href":"https:\/\/wirtschaftlichefreiheit.de\/wordpress\/index.php?rest_route=%2Fwp%2Fv2%2Fcomments&post=43681"}],"version-history":[{"count":9,"href":"https:\/\/wirtschaftlichefreiheit.de\/wordpress\/index.php?rest_route=\/wp\/v2\/posts\/43681\/revisions"}],"predecessor-version":[{"id":43727,"href":"https:\/\/wirtschaftlichefreiheit.de\/wordpress\/index.php?rest_route=\/wp\/v2\/posts\/43681\/revisions\/43727"}],"wp:featuredmedia":[{"embeddable":true,"href":"https:\/\/wirtschaftlichefreiheit.de\/wordpress\/index.php?rest_route=\/wp\/v2\/media\/43720"}],"wp:attachment":[{"href":"https:\/\/wirtschaftlichefreiheit.de\/wordpress\/index.php?rest_route=%2Fwp%2Fv2%2Fmedia&parent=43681"}],"wp:term":[{"taxonomy":"category","embeddable":true,"href":"https:\/\/wirtschaftlichefreiheit.de\/wordpress\/index.php?rest_route=%2Fwp%2Fv2%2Fcategories&post=43681"},{"taxonomy":"post_tag","embeddable":true,"href":"https:\/\/wirtschaftlichefreiheit.de\/wordpress\/index.php?rest_route=%2Fwp%2Fv2%2Ftags&post=43681"}],"curies":[{"name":"wp","href":"https:\/\/api.w.org\/{rel}","templated":true}]}}