{"id":43758,"date":"2026-04-27T08:36:00","date_gmt":"2026-04-27T07:36:00","guid":{"rendered":"https:\/\/wirtschaftlichefreiheit.de\/wordpress\/?p=43758"},"modified":"2026-04-27T10:06:28","modified_gmt":"2026-04-27T09:06:28","slug":"podcast-die-geplante-gesundheitsreform-grosser-wurf-oder-klein-klein","status":"publish","type":"post","link":"https:\/\/wirtschaftlichefreiheit.de\/wordpress\/?p=43758","title":{"rendered":"<b>Podcast <\/b><br>Die geplante Gesundheitsreform <br><b>Gro\u00dfer Wurf oder Klein-Klein? <\/b>"},"content":{"rendered":"\n<p>Der Gesundheitssektor ist ein Wachstumsmarkt, er ist gesund. Die Gesetzliche Krankenversicherung produziert seit langem fiskalische Defizite, sie ist krank. Lange hat die Politik die Augen verschlossen, lange hat sie versucht, die Probleme mit Geld zuzusch\u00fctten. Nun hat sich die Bundesregierung entschlossen, das Gesundheitswesen zu reformieren. Die \u201eFinanzkommission Gesundheit\u201c hat mit 66 Vorschl\u00e4gen den Weg bereitet. Das Gesundheitsministerium hat einen Referentenentwurf vorgelegt. Darin wird kleinteilig vorgeschlagen, wie es die Finanzierungsprobleme in den Griff bekommen will. Leitgedanke ist eine einnahmeorientierte Ausgabenpolitik. Das Ministerium stellt fest, was schon lange unstrittig ist, wir haben kein Einnahmeproblem, wir haben ein gravierendes Ausgabenproblem. Der Schwerpunkt der Vorschl\u00e4ge liegt deshalb auch auf der Ausgabenseite. Ob dies nach dem Beschluss des Bundestages dann auch noch so sein wird, wird sich zeigen. Was vielfach \u00fcbersehen wird: Noch geht es aber gar nicht um echte Strukturreformen. Die sollen in einem 2. Schritt erst noch kommen, wenn sich die \u201eFinanzkommission Gesundheit\u201c bis zum Ende des Jahres noch einmal ge\u00e4u\u00dfert hat.<\/p>\n\n\n\n<p>Prof. (em.) Dr. <strong>Norbert Berthold <\/strong>(JMU) im Gespr\u00e4ch mit <strong>Christian Hagist<\/strong> (WHU)<\/p>\n\n\n\n<figure class=\"wp-block-embed is-type-rich is-provider-spotify wp-block-embed-spotify wp-embed-aspect-21-9 wp-has-aspect-ratio\"><div class=\"wp-block-embed__wrapper\">\n<iframe title=\"Spotify Embed: #97: Die geplante Gesundheitsreform - Gro\u00dfer Wurf oder Klein-Klein?\" style=\"border-radius: 12px\" width=\"100%\" height=\"152\" frameborder=\"0\" allowfullscreen allow=\"autoplay; clipboard-write; encrypted-media; fullscreen; picture-in-picture\" loading=\"lazy\" src=\"https:\/\/open.spotify.com\/embed\/episode\/7mn1uvwdweIkaVn4pSwmpZ?si=i3EGa-VNTzCY64k87X6fvw&amp;utm_source=oembed\"><\/iframe>\n<\/div><\/figure>\n\n\n<p><iframe allow=\"autoplay *; encrypted-media *; fullscreen *; clipboard-write\" frameborder=\"0\" height=\"175\" style=\"width:100%;max-width:660px;overflow:hidden;border-radius:10px;\" sandbox=\"allow-forms allow-popups allow-same-origin allow-scripts allow-storage-access-by-user-activation allow-top-navigation-by-user-activation\" src=https:\/\/embed.podcasts.apple.com\/il\/podcast\/die-geplante-gesundheitsreform-gro%C3%9Fer-wurf-oder-klein\/id1547580182?i=1000763652819><\/iframe><\/p>\n\n\n<p><strong>Teilnehmer:<\/strong><\/p>\n\n\n\n<p><strong>Christian Hagist<\/strong> ist Inhaber des Lehrstuhls f\u00fcr Wirtschafts- und Sozialpolitik an der WHU \u2013 Otto Beisheim School of Management in Vallendar und Akademischer Direktor des \u201eCenter f\u00fcr Intergenerative Finanzwissenschaft (CIF)\u201c. Er ist Experte f\u00fcr die langfristige Finanzierbarkeit der Sozialsysteme. Seine Karriere ist eng mit der Albert-Ludwigs-Universit\u00e4t Freiburg und dem \u201eForschungszentrum Generationenvertr\u00e4ge\u201c (FZG) von Bernd Raffelh\u00fcschen verbunden, das mit ihm an die WHU umgezogen ist.<\/p>\n\n\n\n<p><strong>Norbert Berthold<\/strong>&nbsp;ist Professor (em.) f\u00fcr Volkswirtschaftslehre, insbesondere Wirtschaftsordnung und Sozialpolitik an der Julius-Maximilians-Universit\u00e4t W\u00fcrzburg. Er war an den Universit\u00e4ten Freiburg, M\u00fcnster, Basel, Hamburg, Konstanz, D\u00fcsseldorf und W\u00fcrzburg t\u00e4tig.&nbsp;Norbert Berthold ist Initiator und Betreiber des \u00d6konomen-Blogs \u201eWirtschaftliche Freiheit\u201c und zusammen mit J\u00f6rn Quitzau (Bergos) auch Namensgeber und Initiator dieses Podcast.<\/p>\n\n\n\n<p><strong>Blog-Beitr\u00e4ge zum Thema:<\/strong><\/p>\n\n\n\n<p>Norbert Berthold (JMU, 2026): <a href=\"https:\/\/wirtschaftlichefreiheit.de\/wordpress\/?p=43633\">Versicherungsfremde Leistungen in der GKV. Gerechtigkeit oder Strukturreform?<\/a><\/p>\n\n\n\n<p>Jochen Zimmermann (Uni Bremen, 2026): <a href=\"https:\/\/wirtschaftlichefreiheit.de\/wordpress\/?p=43505\">F\u00fcr alle, alles, jederzeit. Warum die deutsche Gesundheitspolitik an ihrem eigenen Versprechen scheitert<\/a><\/p>\n\n\n\n<p>Norbert Berthold (JUM, 2017): <a href=\"https:\/\/wirtschaftlichefreiheit.de\/wordpress\/?p=21917\">Die (linke) B\u00fcrgerversicherung ist tot. Es lebe die (liberale) B\u00fcrgerversicherung! Private Krankenversicherung f\u00fcr Alle<\/a><\/p>\n<!-- AddThis Advanced Settings generic via filter on the_content --><!-- AddThis Share Buttons generic via filter on the_content --><!-- AddThis Related Posts generic via filter on the_content -->","protected":false},"excerpt":{"rendered":"<p>Der Gesundheitssektor ist ein Wachstumsmarkt, er ist gesund. Die Gesetzliche Krankenversicherung produziert seit langem fiskalische Defizite, sie ist krank. Lange hat die Politik die Augen &hellip; <\/p>\n<p class=\"link-more\"><a href=\"https:\/\/wirtschaftlichefreiheit.de\/wordpress\/?p=43758\" class=\"more-link\"><span class=\"screen-reader-text\">\u201e<b>Podcast <\/b><br \/>Die geplante Gesundheitsreform <br \/><b>Gro\u00dfer Wurf oder Klein-Klein? <\/b>\u201c <\/span>weiterlesen<\/a><\/p>\n<p><!-- AddThis Advanced Settings generic via filter on wp_trim_excerpt --><!-- AddThis Share Buttons generic via filter on wp_trim_excerpt --><!-- AddThis Related Posts generic via filter on wp_trim_excerpt --><\/p>\n","protected":false},"author":58,"featured_media":43769,"comment_status":"open","ping_status":"open","sticky":false,"template":"","format":"standard","meta":{"footnotes":""},"categories":[2123,4378],"tags":[556,656,4891],"class_list":["post-43758","post","type-post","status-publish","format-standard","has-post-thumbnail","hentry","category-krankes","category-podcasts","tag-berthold","tag-gesundheitsreform","tag-hagist"],"yoast_head":"<!-- This site is optimized with the Yoast SEO plugin v27.2 - https:\/\/yoast.com\/product\/yoast-seo-wordpress\/ -->\n<title>Podcast Die geplante Gesundheitsreform Gro\u00dfer Wurf oder Klein-Klein?  - Wirtschaftliche Freiheit<\/title>\n<meta name=\"robots\" content=\"index, follow, max-snippet:-1, max-image-preview:large, max-video-preview:-1\" \/>\n<link rel=\"canonical\" href=\"https:\/\/wirtschaftlichefreiheit.de\/wordpress\/?p=43758\" \/>\n<meta property=\"og:locale\" content=\"de_DE\" \/>\n<meta property=\"og:type\" content=\"article\" \/>\n<meta property=\"og:title\" content=\"Podcast Die geplante Gesundheitsreform Gro\u00dfer Wurf oder Klein-Klein?  - Wirtschaftliche Freiheit\" \/>\n<meta property=\"og:description\" content=\"Der Gesundheitssektor ist ein Wachstumsmarkt, er ist gesund. Die Gesetzliche Krankenversicherung produziert seit langem fiskalische Defizite, sie ist krank. Lange hat die Politik die Augen &hellip; \u201ePodcast Die geplante Gesundheitsreform Gro\u00dfer Wurf oder Klein-Klein? \u201c weiterlesen\" \/>\n<meta property=\"og:url\" content=\"https:\/\/wirtschaftlichefreiheit.de\/wordpress\/?p=43758\" \/>\n<meta property=\"og:site_name\" content=\"Wirtschaftliche Freiheit\" \/>\n<meta property=\"article:published_time\" content=\"2026-04-27T07:36:00+00:00\" \/>\n<meta property=\"article:modified_time\" content=\"2026-04-27T09:06:28+00:00\" \/>\n<meta property=\"og:image\" content=\"http:\/\/wirtschaftlichefreiheit.de\/wordpress\/bilder\/berthag1-scaled.png\" \/>\n\t<meta property=\"og:image:width\" content=\"2560\" \/>\n\t<meta property=\"og:image:height\" content=\"1600\" \/>\n\t<meta property=\"og:image:type\" content=\"image\/png\" \/>\n<meta name=\"author\" content=\"Wirtschaftliche Freiheit\" \/>\n<meta name=\"twitter:card\" content=\"summary_large_image\" \/>\n<meta name=\"twitter:label1\" content=\"Verfasst von\" \/>\n\t<meta name=\"twitter:data1\" content=\"Wirtschaftliche Freiheit\" \/>\n\t<meta name=\"twitter:label2\" content=\"Gesch\u00e4tzte Lesezeit\" \/>\n\t<meta name=\"twitter:data2\" content=\"3\u00a0Minuten\" \/>\n<script type=\"application\/ld+json\" class=\"yoast-schema-graph\">{\"@context\":\"https:\/\/schema.org\",\"@graph\":[{\"@type\":\"Article\",\"@id\":\"https:\/\/wirtschaftlichefreiheit.de\/wordpress\/?p=43758#article\",\"isPartOf\":{\"@id\":\"https:\/\/wirtschaftlichefreiheit.de\/wordpress\/?p=43758\"},\"author\":{\"name\":\"Wirtschaftliche Freiheit\",\"@id\":\"https:\/\/wirtschaftlichefreiheit.de\/wordpress\/#\/schema\/person\/788618a184d31b0801c59c1fadd473c4\"},\"headline\":\"Podcast Die geplante Gesundheitsreform Gro\u00dfer Wurf oder Klein-Klein?\",\"datePublished\":\"2026-04-27T07:36:00+00:00\",\"dateModified\":\"2026-04-27T09:06:28+00:00\",\"mainEntityOfPage\":{\"@id\":\"https:\/\/wirtschaftlichefreiheit.de\/wordpress\/?p=43758\"},\"wordCount\":383,\"commentCount\":0,\"image\":{\"@id\":\"https:\/\/wirtschaftlichefreiheit.de\/wordpress\/?p=43758#primaryimage\"},\"thumbnailUrl\":\"https:\/\/wirtschaftlichefreiheit.de\/wordpress\/bilder\/berthag1-scaled.png\",\"keywords\":[\"Berthold\",\"Gesundheitsreform\",\"Hagist\"],\"articleSection\":[\"Krankes\",\"Podcasts (neu)\"],\"inLanguage\":\"de\",\"potentialAction\":[{\"@type\":\"CommentAction\",\"name\":\"Comment\",\"target\":[\"https:\/\/wirtschaftlichefreiheit.de\/wordpress\/?p=43758#respond\"]}]},{\"@type\":\"WebPage\",\"@id\":\"https:\/\/wirtschaftlichefreiheit.de\/wordpress\/?p=43758\",\"url\":\"https:\/\/wirtschaftlichefreiheit.de\/wordpress\/?p=43758\",\"name\":\"Podcast Die geplante Gesundheitsreform Gro\u00dfer Wurf oder Klein-Klein? - Wirtschaftliche Freiheit\",\"isPartOf\":{\"@id\":\"https:\/\/wirtschaftlichefreiheit.de\/wordpress\/#website\"},\"primaryImageOfPage\":{\"@id\":\"https:\/\/wirtschaftlichefreiheit.de\/wordpress\/?p=43758#primaryimage\"},\"image\":{\"@id\":\"https:\/\/wirtschaftlichefreiheit.de\/wordpress\/?p=43758#primaryimage\"},\"thumbnailUrl\":\"https:\/\/wirtschaftlichefreiheit.de\/wordpress\/bilder\/berthag1-scaled.png\",\"datePublished\":\"2026-04-27T07:36:00+00:00\",\"dateModified\":\"2026-04-27T09:06:28+00:00\",\"author\":{\"@id\":\"https:\/\/wirtschaftlichefreiheit.de\/wordpress\/#\/schema\/person\/788618a184d31b0801c59c1fadd473c4\"},\"breadcrumb\":{\"@id\":\"https:\/\/wirtschaftlichefreiheit.de\/wordpress\/?p=43758#breadcrumb\"},\"inLanguage\":\"de\",\"potentialAction\":[{\"@type\":\"ReadAction\",\"target\":[\"https:\/\/wirtschaftlichefreiheit.de\/wordpress\/?p=43758\"]}]},{\"@type\":\"ImageObject\",\"inLanguage\":\"de\",\"@id\":\"https:\/\/wirtschaftlichefreiheit.de\/wordpress\/?p=43758#primaryimage\",\"url\":\"https:\/\/wirtschaftlichefreiheit.de\/wordpress\/bilder\/berthag1-scaled.png\",\"contentUrl\":\"https:\/\/wirtschaftlichefreiheit.de\/wordpress\/bilder\/berthag1-scaled.png\",\"width\":2560,\"height\":1600},{\"@type\":\"BreadcrumbList\",\"@id\":\"https:\/\/wirtschaftlichefreiheit.de\/wordpress\/?p=43758#breadcrumb\",\"itemListElement\":[{\"@type\":\"ListItem\",\"position\":1,\"name\":\"Startseite\",\"item\":\"https:\/\/wirtschaftlichefreiheit.de\/wordpress\"},{\"@type\":\"ListItem\",\"position\":2,\"name\":\"Podcast Die geplante Gesundheitsreform Gro\u00dfer Wurf oder Klein-Klein?\"}]},{\"@type\":\"WebSite\",\"@id\":\"https:\/\/wirtschaftlichefreiheit.de\/wordpress\/#website\",\"url\":\"https:\/\/wirtschaftlichefreiheit.de\/wordpress\/\",\"name\":\"Wirtschaftliche Freiheit\",\"description\":\"Das ordnungspolitische Journal\",\"potentialAction\":[{\"@type\":\"SearchAction\",\"target\":{\"@type\":\"EntryPoint\",\"urlTemplate\":\"https:\/\/wirtschaftlichefreiheit.de\/wordpress\/?s={search_term_string}\"},\"query-input\":{\"@type\":\"PropertyValueSpecification\",\"valueRequired\":true,\"valueName\":\"search_term_string\"}}],\"inLanguage\":\"de\"},{\"@type\":\"Person\",\"@id\":\"https:\/\/wirtschaftlichefreiheit.de\/wordpress\/#\/schema\/person\/788618a184d31b0801c59c1fadd473c4\",\"name\":\"Wirtschaftliche Freiheit\",\"image\":{\"@type\":\"ImageObject\",\"inLanguage\":\"de\",\"@id\":\"https:\/\/wirtschaftlichefreiheit.de\/wordpress\/bilder\/189780_211178845564593_6670846_n.jpg\",\"url\":\"https:\/\/wirtschaftlichefreiheit.de\/wordpress\/bilder\/189780_211178845564593_6670846_n.jpg\",\"contentUrl\":\"https:\/\/wirtschaftlichefreiheit.de\/wordpress\/bilder\/189780_211178845564593_6670846_n.jpg\",\"caption\":\"Wirtschaftliche Freiheit\"},\"description\":\"Das ordnungspolitische Journal\",\"url\":\"https:\/\/wirtschaftlichefreiheit.de\/wordpress\/?author=58\"}]}<\/script>\n<!-- \/ Yoast SEO plugin. -->","yoast_head_json":{"title":"Podcast Die geplante Gesundheitsreform Gro\u00dfer Wurf oder Klein-Klein?  - Wirtschaftliche Freiheit","robots":{"index":"index","follow":"follow","max-snippet":"max-snippet:-1","max-image-preview":"max-image-preview:large","max-video-preview":"max-video-preview:-1"},"canonical":"https:\/\/wirtschaftlichefreiheit.de\/wordpress\/?p=43758","og_locale":"de_DE","og_type":"article","og_title":"Podcast Die geplante Gesundheitsreform Gro\u00dfer Wurf oder Klein-Klein?  - Wirtschaftliche Freiheit","og_description":"Der Gesundheitssektor ist ein Wachstumsmarkt, er ist gesund. Die Gesetzliche Krankenversicherung produziert seit langem fiskalische Defizite, sie ist krank. Lange hat die Politik die Augen &hellip; \u201ePodcast Die geplante Gesundheitsreform Gro\u00dfer Wurf oder Klein-Klein? \u201c weiterlesen","og_url":"https:\/\/wirtschaftlichefreiheit.de\/wordpress\/?p=43758","og_site_name":"Wirtschaftliche Freiheit","article_published_time":"2026-04-27T07:36:00+00:00","article_modified_time":"2026-04-27T09:06:28+00:00","og_image":[{"width":2560,"height":1600,"url":"http:\/\/wirtschaftlichefreiheit.de\/wordpress\/bilder\/berthag1-scaled.png","type":"image\/png"}],"author":"Wirtschaftliche Freiheit","twitter_card":"summary_large_image","twitter_misc":{"Verfasst von":"Wirtschaftliche Freiheit","Gesch\u00e4tzte Lesezeit":"3\u00a0Minuten"},"schema":{"@context":"https:\/\/schema.org","@graph":[{"@type":"Article","@id":"https:\/\/wirtschaftlichefreiheit.de\/wordpress\/?p=43758#article","isPartOf":{"@id":"https:\/\/wirtschaftlichefreiheit.de\/wordpress\/?p=43758"},"author":{"name":"Wirtschaftliche Freiheit","@id":"https:\/\/wirtschaftlichefreiheit.de\/wordpress\/#\/schema\/person\/788618a184d31b0801c59c1fadd473c4"},"headline":"Podcast Die geplante Gesundheitsreform Gro\u00dfer Wurf oder Klein-Klein?","datePublished":"2026-04-27T07:36:00+00:00","dateModified":"2026-04-27T09:06:28+00:00","mainEntityOfPage":{"@id":"https:\/\/wirtschaftlichefreiheit.de\/wordpress\/?p=43758"},"wordCount":383,"commentCount":0,"image":{"@id":"https:\/\/wirtschaftlichefreiheit.de\/wordpress\/?p=43758#primaryimage"},"thumbnailUrl":"https:\/\/wirtschaftlichefreiheit.de\/wordpress\/bilder\/berthag1-scaled.png","keywords":["Berthold","Gesundheitsreform","Hagist"],"articleSection":["Krankes","Podcasts (neu)"],"inLanguage":"de","potentialAction":[{"@type":"CommentAction","name":"Comment","target":["https:\/\/wirtschaftlichefreiheit.de\/wordpress\/?p=43758#respond"]}]},{"@type":"WebPage","@id":"https:\/\/wirtschaftlichefreiheit.de\/wordpress\/?p=43758","url":"https:\/\/wirtschaftlichefreiheit.de\/wordpress\/?p=43758","name":"Podcast Die geplante Gesundheitsreform Gro\u00dfer Wurf oder Klein-Klein? - Wirtschaftliche Freiheit","isPartOf":{"@id":"https:\/\/wirtschaftlichefreiheit.de\/wordpress\/#website"},"primaryImageOfPage":{"@id":"https:\/\/wirtschaftlichefreiheit.de\/wordpress\/?p=43758#primaryimage"},"image":{"@id":"https:\/\/wirtschaftlichefreiheit.de\/wordpress\/?p=43758#primaryimage"},"thumbnailUrl":"https:\/\/wirtschaftlichefreiheit.de\/wordpress\/bilder\/berthag1-scaled.png","datePublished":"2026-04-27T07:36:00+00:00","dateModified":"2026-04-27T09:06:28+00:00","author":{"@id":"https:\/\/wirtschaftlichefreiheit.de\/wordpress\/#\/schema\/person\/788618a184d31b0801c59c1fadd473c4"},"breadcrumb":{"@id":"https:\/\/wirtschaftlichefreiheit.de\/wordpress\/?p=43758#breadcrumb"},"inLanguage":"de","potentialAction":[{"@type":"ReadAction","target":["https:\/\/wirtschaftlichefreiheit.de\/wordpress\/?p=43758"]}]},{"@type":"ImageObject","inLanguage":"de","@id":"https:\/\/wirtschaftlichefreiheit.de\/wordpress\/?p=43758#primaryimage","url":"https:\/\/wirtschaftlichefreiheit.de\/wordpress\/bilder\/berthag1-scaled.png","contentUrl":"https:\/\/wirtschaftlichefreiheit.de\/wordpress\/bilder\/berthag1-scaled.png","width":2560,"height":1600},{"@type":"BreadcrumbList","@id":"https:\/\/wirtschaftlichefreiheit.de\/wordpress\/?p=43758#breadcrumb","itemListElement":[{"@type":"ListItem","position":1,"name":"Startseite","item":"https:\/\/wirtschaftlichefreiheit.de\/wordpress"},{"@type":"ListItem","position":2,"name":"Podcast Die geplante Gesundheitsreform Gro\u00dfer Wurf oder Klein-Klein?"}]},{"@type":"WebSite","@id":"https:\/\/wirtschaftlichefreiheit.de\/wordpress\/#website","url":"https:\/\/wirtschaftlichefreiheit.de\/wordpress\/","name":"Wirtschaftliche Freiheit","description":"Das ordnungspolitische Journal","potentialAction":[{"@type":"SearchAction","target":{"@type":"EntryPoint","urlTemplate":"https:\/\/wirtschaftlichefreiheit.de\/wordpress\/?s={search_term_string}"},"query-input":{"@type":"PropertyValueSpecification","valueRequired":true,"valueName":"search_term_string"}}],"inLanguage":"de"},{"@type":"Person","@id":"https:\/\/wirtschaftlichefreiheit.de\/wordpress\/#\/schema\/person\/788618a184d31b0801c59c1fadd473c4","name":"Wirtschaftliche Freiheit","image":{"@type":"ImageObject","inLanguage":"de","@id":"https:\/\/wirtschaftlichefreiheit.de\/wordpress\/bilder\/189780_211178845564593_6670846_n.jpg","url":"https:\/\/wirtschaftlichefreiheit.de\/wordpress\/bilder\/189780_211178845564593_6670846_n.jpg","contentUrl":"https:\/\/wirtschaftlichefreiheit.de\/wordpress\/bilder\/189780_211178845564593_6670846_n.jpg","caption":"Wirtschaftliche Freiheit"},"description":"Das ordnungspolitische Journal","url":"https:\/\/wirtschaftlichefreiheit.de\/wordpress\/?author=58"}]}},"_links":{"self":[{"href":"https:\/\/wirtschaftlichefreiheit.de\/wordpress\/index.php?rest_route=\/wp\/v2\/posts\/43758","targetHints":{"allow":["GET"]}}],"collection":[{"href":"https:\/\/wirtschaftlichefreiheit.de\/wordpress\/index.php?rest_route=\/wp\/v2\/posts"}],"about":[{"href":"https:\/\/wirtschaftlichefreiheit.de\/wordpress\/index.php?rest_route=\/wp\/v2\/types\/post"}],"author":[{"embeddable":true,"href":"https:\/\/wirtschaftlichefreiheit.de\/wordpress\/index.php?rest_route=\/wp\/v2\/users\/58"}],"replies":[{"embeddable":true,"href":"https:\/\/wirtschaftlichefreiheit.de\/wordpress\/index.php?rest_route=%2Fwp%2Fv2%2Fcomments&post=43758"}],"version-history":[{"count":10,"href":"https:\/\/wirtschaftlichefreiheit.de\/wordpress\/index.php?rest_route=\/wp\/v2\/posts\/43758\/revisions"}],"predecessor-version":[{"id":43775,"href":"https:\/\/wirtschaftlichefreiheit.de\/wordpress\/index.php?rest_route=\/wp\/v2\/posts\/43758\/revisions\/43775"}],"wp:featuredmedia":[{"embeddable":true,"href":"https:\/\/wirtschaftlichefreiheit.de\/wordpress\/index.php?rest_route=\/wp\/v2\/media\/43769"}],"wp:attachment":[{"href":"https:\/\/wirtschaftlichefreiheit.de\/wordpress\/index.php?rest_route=%2Fwp%2Fv2%2Fmedia&parent=43758"}],"wp:term":[{"taxonomy":"category","embeddable":true,"href":"https:\/\/wirtschaftlichefreiheit.de\/wordpress\/index.php?rest_route=%2Fwp%2Fv2%2Fcategories&post=43758"},{"taxonomy":"post_tag","embeddable":true,"href":"https:\/\/wirtschaftlichefreiheit.de\/wordpress\/index.php?rest_route=%2Fwp%2Fv2%2Ftags&post=43758"}],"curies":[{"name":"wp","href":"https:\/\/api.w.org\/{rel}","templated":true}]}}