{"id":4707,"date":"2010-12-10T07:32:07","date_gmt":"2010-12-10T06:32:07","guid":{"rendered":"http:\/\/wirtschaftlichefreiheit.de\/wordpress\/?p=4707"},"modified":"2010-12-10T07:32:07","modified_gmt":"2010-12-10T06:32:07","slug":"alle-jahre-wieder-der-markt-fuer-studentenwohnungen","status":"publish","type":"post","link":"https:\/\/wirtschaftlichefreiheit.de\/wordpress\/?p=4707","title":{"rendered":"Alle Jahre wieder: Der Markt f\u00fcr Studentenwohnungen"},"content":{"rendered":"<p>P\u00fcnktlich vor Beginn des Wintersemesters sind jedes Jahr Tausende von Studienanf\u00e4ngern und Studienplatzwechslern auf der Suche nach einer Wohnung bzw. einem Zimmer. Durch die Umsetzung der Bologna-Reform hat sich diese Situation weiter versch\u00e4rft, da ein Wechsel zum Sommersemester, bspw. nach Abschluss eines dreisemestrigen Grundstudiums, unwahrscheinlicher geworden ist. Besonders in St\u00e4dten mit einem hohen prozentualen Anteil von Studierenden wie Jena, M\u00fcnster oder T\u00fcbingen erh\u00f6ht dies f\u00fcr einen kurzen Zeitraum die Nachfrage nach entsprechenden Immobilien sprunghaft.<\/p>\n<p><!--more--><\/p>\n<p>Als Unterkunft f\u00fcr Studierende bieten sich in der Regel mehrere Alternativen an: Die erste besteht in Form der Studentenwohnheime, die von den jeweiligen Studentenwerken, aber auch von anderen Tr\u00e4gern wie den Kirchen betrieben werden. Im weiteren Sinne k\u00f6nnen auch Verbindungsh\u00e4user dieser Gruppe zugeordnet werden. Auch wenn in den gro\u00dfen Universit\u00e4tsst\u00e4dten mehrere tausend entsprechender Wohneinheiten vorliegen, reicht diese Zahl doch bei weitem nicht aus, um die Nachfrage zu befriedigen. Die Zuteilung erfolgt in der Regel \u00fcber ein Losverfahren. Neben diesen Wohnheimen bieten sich Wohngemeinschaften oder kleine Appartements mit einem oder zwei Zimmern als Unterkunft an. M\u00f6blierte Zimmer sind insbesondere f\u00fcr Erstsemester vorteilhaft. Voraussetzungen sind eine gute Anbindung an den \u00d6PNV bzw. die N\u00e4he zur Hochschule und eine verh\u00e4ltnism\u00e4\u00dfig geringe Miete, die in der Regel mit einer schlechten Ausstattung der Wohnung einhergeht. Als vor\u00fcbergehende Bleibe w\u00e4hlen Studenten zudem oftmals die Jugendherberge. Auf Dauer d\u00fcrfte diese Alternative jedoch kaum den Anforderungen gen\u00fcgen.<\/p>\n<p>Prinzipiell liegt auf dem Wohnungsmarkt eine polypolistische Struktur vor. Von Wohnungsbaugesellschaften und Genossenschaften abgesehen finden sich auf der Anbieterseite keine Konzentrationen; die Nachfrageseite ist ebenfalls atomisiert. Ein Mangel an Wohnraum herrscht in Deutschland selbst in Ballungsr\u00e4umen kaum vor, so dass unter normalen Umst\u00e4nden eher von einem Nachfrager-, denn von einem Anbietermarkt gesprochen werden kann.<\/p>\n<p>Im Falle von Studentenwohnungen und -zimmern kehrt sich diese Situation in den Monaten September und Oktober jedoch um. Das Angebot ist kurzfristig konstant, durch die Zuteilung von Studienpl\u00e4tzen kommt es zu einem massiven Nachfrageschub binnen weniger Wochen. W\u00e4hrend Wohnungssuchende in der Regel \u00fcber ausreichend Zeit verf\u00fcgen, eine geeignete Unterkunft zu finden \u2013 die minimale K\u00fcndigungsfrist f\u00fcr eine Wohnung betr\u00e4gt drei Monate, selbst bei der Anmeldung von Eigenbedarf \u2013\u00c2\u00a0 steht Studienanf\u00e4ngern in der Regel nur ein deutlich geringerer Zeitraum zur Verf\u00fcgung, da zwischen Zulassung und Vorlesungsbeginn selten mehr als vier bis sechs Wochen liegen. Im Falle eines Wohnortwechsels erschwert die Distanz zwischen dem bisherigen Wohnort und dem Studienort die Suche weiter. Schlie\u00dflich ist das Budget in der Regel gering. Ohne \u00dcbertreibung kann so in vielen F\u00e4llen von einer Notsituation gesprochen werden. Die Unterkunft ist ein Dringlichkeitsgut, bei dem wenig Zeit f\u00fcr Preis- und Qualit\u00e4tsvergleiche bleibt. Die Eigenschaften eines vollkommenen Marktes (perfekte Information, unendliche schnelle Reaktionszeit etc.) liegen hier also in keiner Weise vor. Im hier betrachteten Teilmarkt besteht f\u00fcr die Eigent\u00fcmer somit ein minimales Risiko selbst bei schlechter Qualit\u00e4t, eine studentengerechte Wohnung zum Semesterbeginn nicht vermieten zu k\u00f6nnen. Der massive Nachfrage\u00fcberhang f\u00fchrt dazu, dass auch unsanierte Wohnungen akzeptiert werden und notwendige Investitionen durch den Mieter statt durch den Vermieter vorgenommen werden. Seitens der Eigent\u00fcmer werden nur notwendigste Reparaturen durchgef\u00fchrt; die Qualit\u00e4t der Wohnung verbleibt langfristig auf einem niedrigen Niveau.<\/p>\n<p>Studenten verf\u00fcgen im Gegensatz zu \u201eregul\u00e4ren\u201c Mietern \u00fcber keine Interessenvertretung im Stile eines Mieterschutzbundes. Diesem k\u00f6nnen sie zwar theoretisch beitreten, jedoch ist die Mitgliedschaft (i) kostenpflichtig und (ii) sind Beratungen in der Regel erst nach einer Mitgliedschaft von mehreren Monaten m\u00f6glich. Insbesondere Studienanf\u00e4nger, die erstmals aus dem Elternhaus ausziehen, haben daher keine M\u00f6glichkeit, ihre Interessen vertreten zu lassen.<\/p>\n<p>Aus diesen Rahmenbedingungen k\u00f6nnte die Notwendigkeit einer staatlichen Intervention etwa in Form eines Mieth\u00f6chstpreises abgeleitet werden. Beispielsweise k\u00f6nnte bestimmter Wohnraum als \u201eStudentenwohnung\u201c definiert werden, wenn die entsprechende Wohnung innerhalb der letzten Jahre zu mehr als 50 % einer bestimmten Zeitspanne an Studenten vermietet war. Sofern diese Bedingung erf\u00fcllt wird, k\u00f6nnte ein lokal zu bestimmender H\u00f6chstpreis pro Quadratmeter festgelegt werden. Negative Auswirkungen auf die Qualit\u00e4t des Wohnraums sind kaum zu erwarten, da bereits heute die Investitionen auf einem minimalen Niveau liegen. Allerdings schafft eine derartige Regelung Anreize, studentenfreundliche Wohnungen eben nicht an diese Gruppe zu vermieten und f\u00fchrt damit in letzter Instanz zu einer weiteren Verknappung des verf\u00fcgbaren Wohnraums. Eine derartige Ma\u00dfnahme w\u00e4re also kaum zielkonform und zudem auch nicht systemkonform, da sie den Preismechanismus nahezu ausschaltet.<\/p>\n<p>Eine andere ordnungs\u00f6konomisch weit angenehmere L\u00f6sung k\u00f6nnte das Auftreten der Universit\u00e4ten als Mieter sein: Diese k\u00f6nnten Wohnungen anmieten und an ihre Studierenden untervermieten. Eine Hochschule als Nachfrager vereint die notwendige Nachfragemacht, um markt\u00fcbliche Preise durchzusetzen und die Qualit\u00e4t des Produkts sicherzustellen. Dar\u00fcber hinaus k\u00f6nnten sich einzelne Hochschulen im Wettbewerb um die Studenten so einen Vorteil erarbeiten. Als nachteilig sind der hohe Verwaltungsaufwand, der mit einem derartigen Vorgehen verbunden ist, sowie eventuelle Interessenskonflikte mit dem \u00f6rtlichen Studentenwerk zu bewerten. Vermutlich ist der Druck der Studenten auf die Einrichtungen momentan noch nicht hoch genug, um solche Schritte zu erm\u00f6glichen.<\/p>\n<!-- AddThis Advanced Settings generic via filter on the_content --><!-- AddThis Share Buttons generic via filter on the_content --><!-- AddThis Related Posts generic via filter on the_content -->","protected":false},"excerpt":{"rendered":"<p>P\u00fcnktlich vor Beginn des Wintersemesters sind jedes Jahr Tausende von Studienanf\u00e4ngern und Studienplatzwechslern auf der Suche nach einer Wohnung bzw. einem Zimmer. Durch die Umsetzung &hellip; <\/p>\n<p class=\"link-more\"><a href=\"https:\/\/wirtschaftlichefreiheit.de\/wordpress\/?p=4707\" class=\"more-link\"><span class=\"screen-reader-text\">\u201eAlle Jahre wieder: Der Markt f\u00fcr Studentenwohnungen\u201c <\/span>weiterlesen<\/a><\/p>\n<p><!-- AddThis Advanced Settings generic via filter on wp_trim_excerpt --><!-- AddThis Share Buttons generic via filter on wp_trim_excerpt --><!-- AddThis Related Posts generic via filter on wp_trim_excerpt --><\/p>\n","protected":false},"author":32,"featured_media":0,"comment_status":"open","ping_status":"open","sticky":false,"template":"","format":"standard","meta":{"footnotes":""},"categories":[6,1],"tags":[452,451,449,450],"class_list":["post-4707","post","type-post","status-publish","format-standard","hentry","category-alles","category-allgmeines","tag-hoechstpreis","tag-studenten","tag-studentenwohnungen","tag-wohnungsmarkt"],"yoast_head":"<!-- This site is optimized with the Yoast SEO plugin v27.2 - https:\/\/yoast.com\/product\/yoast-seo-wordpress\/ -->\n<title>Alle Jahre wieder: Der Markt f\u00fcr Studentenwohnungen - Wirtschaftliche Freiheit<\/title>\n<meta name=\"robots\" content=\"index, follow, max-snippet:-1, max-image-preview:large, max-video-preview:-1\" \/>\n<link rel=\"canonical\" href=\"https:\/\/wirtschaftlichefreiheit.de\/wordpress\/?p=4707\" \/>\n<meta property=\"og:locale\" content=\"de_DE\" \/>\n<meta property=\"og:type\" content=\"article\" \/>\n<meta property=\"og:title\" content=\"Alle Jahre wieder: Der Markt f\u00fcr Studentenwohnungen - Wirtschaftliche Freiheit\" \/>\n<meta property=\"og:description\" content=\"P\u00fcnktlich vor Beginn des Wintersemesters sind jedes Jahr Tausende von Studienanf\u00e4ngern und Studienplatzwechslern auf der Suche nach einer Wohnung bzw. einem Zimmer. Durch die Umsetzung &hellip; \u201eAlle Jahre wieder: Der Markt f\u00fcr Studentenwohnungen\u201c weiterlesen\" \/>\n<meta property=\"og:url\" content=\"https:\/\/wirtschaftlichefreiheit.de\/wordpress\/?p=4707\" \/>\n<meta property=\"og:site_name\" content=\"Wirtschaftliche Freiheit\" \/>\n<meta property=\"article:published_time\" content=\"2010-12-10T06:32:07+00:00\" \/>\n<meta name=\"author\" content=\"Frank Daumann\" \/>\n<meta name=\"twitter:card\" content=\"summary_large_image\" \/>\n<meta name=\"twitter:label1\" content=\"Verfasst von\" \/>\n\t<meta name=\"twitter:data1\" content=\"Frank Daumann\" \/>\n\t<meta name=\"twitter:label2\" content=\"Gesch\u00e4tzte Lesezeit\" \/>\n\t<meta name=\"twitter:data2\" content=\"4\u00a0Minuten\" \/>\n<script type=\"application\/ld+json\" class=\"yoast-schema-graph\">{\"@context\":\"https:\/\/schema.org\",\"@graph\":[{\"@type\":\"Article\",\"@id\":\"https:\/\/wirtschaftlichefreiheit.de\/wordpress\/?p=4707#article\",\"isPartOf\":{\"@id\":\"https:\/\/wirtschaftlichefreiheit.de\/wordpress\/?p=4707\"},\"author\":{\"name\":\"Frank Daumann\",\"@id\":\"https:\/\/wirtschaftlichefreiheit.de\/wordpress\/#\/schema\/person\/048a8948abcb03ac85c5aebeac85fbcc\"},\"headline\":\"Alle Jahre wieder: Der Markt f\u00fcr Studentenwohnungen\",\"datePublished\":\"2010-12-10T06:32:07+00:00\",\"mainEntityOfPage\":{\"@id\":\"https:\/\/wirtschaftlichefreiheit.de\/wordpress\/?p=4707\"},\"wordCount\":864,\"commentCount\":0,\"keywords\":[\"H\u00f6chstpreis\",\"Studenten\",\"Studentenwohnungen\",\"Wohnungsmarkt\"],\"articleSection\":[\"Alle Kategorien\",\"Allgemeines\"],\"inLanguage\":\"de\",\"potentialAction\":[{\"@type\":\"CommentAction\",\"name\":\"Comment\",\"target\":[\"https:\/\/wirtschaftlichefreiheit.de\/wordpress\/?p=4707#respond\"]}]},{\"@type\":\"WebPage\",\"@id\":\"https:\/\/wirtschaftlichefreiheit.de\/wordpress\/?p=4707\",\"url\":\"https:\/\/wirtschaftlichefreiheit.de\/wordpress\/?p=4707\",\"name\":\"Alle Jahre wieder: Der Markt f\u00fcr Studentenwohnungen - Wirtschaftliche Freiheit\",\"isPartOf\":{\"@id\":\"https:\/\/wirtschaftlichefreiheit.de\/wordpress\/#website\"},\"datePublished\":\"2010-12-10T06:32:07+00:00\",\"author\":{\"@id\":\"https:\/\/wirtschaftlichefreiheit.de\/wordpress\/#\/schema\/person\/048a8948abcb03ac85c5aebeac85fbcc\"},\"breadcrumb\":{\"@id\":\"https:\/\/wirtschaftlichefreiheit.de\/wordpress\/?p=4707#breadcrumb\"},\"inLanguage\":\"de\",\"potentialAction\":[{\"@type\":\"ReadAction\",\"target\":[\"https:\/\/wirtschaftlichefreiheit.de\/wordpress\/?p=4707\"]}]},{\"@type\":\"BreadcrumbList\",\"@id\":\"https:\/\/wirtschaftlichefreiheit.de\/wordpress\/?p=4707#breadcrumb\",\"itemListElement\":[{\"@type\":\"ListItem\",\"position\":1,\"name\":\"Startseite\",\"item\":\"https:\/\/wirtschaftlichefreiheit.de\/wordpress\"},{\"@type\":\"ListItem\",\"position\":2,\"name\":\"Alle Jahre wieder: Der Markt f\u00fcr Studentenwohnungen\"}]},{\"@type\":\"WebSite\",\"@id\":\"https:\/\/wirtschaftlichefreiheit.de\/wordpress\/#website\",\"url\":\"https:\/\/wirtschaftlichefreiheit.de\/wordpress\/\",\"name\":\"Wirtschaftliche Freiheit\",\"description\":\"Das ordnungspolitische Journal\",\"potentialAction\":[{\"@type\":\"SearchAction\",\"target\":{\"@type\":\"EntryPoint\",\"urlTemplate\":\"https:\/\/wirtschaftlichefreiheit.de\/wordpress\/?s={search_term_string}\"},\"query-input\":{\"@type\":\"PropertyValueSpecification\",\"valueRequired\":true,\"valueName\":\"search_term_string\"}}],\"inLanguage\":\"de\"},{\"@type\":\"Person\",\"@id\":\"https:\/\/wirtschaftlichefreiheit.de\/wordpress\/#\/schema\/person\/048a8948abcb03ac85c5aebeac85fbcc\",\"name\":\"Frank Daumann\",\"image\":{\"@type\":\"ImageObject\",\"inLanguage\":\"de\",\"@id\":\"https:\/\/wirtschaftlichefreiheit.de\/wordpress\/bilder\/frank_daumann1.jpg\",\"url\":\"https:\/\/wirtschaftlichefreiheit.de\/wordpress\/bilder\/frank_daumann1.jpg\",\"contentUrl\":\"https:\/\/wirtschaftlichefreiheit.de\/wordpress\/bilder\/frank_daumann1.jpg\",\"caption\":\"Frank Daumann\"},\"description\":\"Friedrich-Schiller-Universit\u00e4t Jena\",\"url\":\"https:\/\/wirtschaftlichefreiheit.de\/wordpress\/?author=32\"}]}<\/script>\n<!-- \/ Yoast SEO plugin. -->","yoast_head_json":{"title":"Alle Jahre wieder: Der Markt f\u00fcr Studentenwohnungen - Wirtschaftliche Freiheit","robots":{"index":"index","follow":"follow","max-snippet":"max-snippet:-1","max-image-preview":"max-image-preview:large","max-video-preview":"max-video-preview:-1"},"canonical":"https:\/\/wirtschaftlichefreiheit.de\/wordpress\/?p=4707","og_locale":"de_DE","og_type":"article","og_title":"Alle Jahre wieder: Der Markt f\u00fcr Studentenwohnungen - Wirtschaftliche Freiheit","og_description":"P\u00fcnktlich vor Beginn des Wintersemesters sind jedes Jahr Tausende von Studienanf\u00e4ngern und Studienplatzwechslern auf der Suche nach einer Wohnung bzw. einem Zimmer. Durch die Umsetzung &hellip; \u201eAlle Jahre wieder: Der Markt f\u00fcr Studentenwohnungen\u201c weiterlesen","og_url":"https:\/\/wirtschaftlichefreiheit.de\/wordpress\/?p=4707","og_site_name":"Wirtschaftliche Freiheit","article_published_time":"2010-12-10T06:32:07+00:00","author":"Frank Daumann","twitter_card":"summary_large_image","twitter_misc":{"Verfasst von":"Frank Daumann","Gesch\u00e4tzte Lesezeit":"4\u00a0Minuten"},"schema":{"@context":"https:\/\/schema.org","@graph":[{"@type":"Article","@id":"https:\/\/wirtschaftlichefreiheit.de\/wordpress\/?p=4707#article","isPartOf":{"@id":"https:\/\/wirtschaftlichefreiheit.de\/wordpress\/?p=4707"},"author":{"name":"Frank Daumann","@id":"https:\/\/wirtschaftlichefreiheit.de\/wordpress\/#\/schema\/person\/048a8948abcb03ac85c5aebeac85fbcc"},"headline":"Alle Jahre wieder: Der Markt f\u00fcr Studentenwohnungen","datePublished":"2010-12-10T06:32:07+00:00","mainEntityOfPage":{"@id":"https:\/\/wirtschaftlichefreiheit.de\/wordpress\/?p=4707"},"wordCount":864,"commentCount":0,"keywords":["H\u00f6chstpreis","Studenten","Studentenwohnungen","Wohnungsmarkt"],"articleSection":["Alle Kategorien","Allgemeines"],"inLanguage":"de","potentialAction":[{"@type":"CommentAction","name":"Comment","target":["https:\/\/wirtschaftlichefreiheit.de\/wordpress\/?p=4707#respond"]}]},{"@type":"WebPage","@id":"https:\/\/wirtschaftlichefreiheit.de\/wordpress\/?p=4707","url":"https:\/\/wirtschaftlichefreiheit.de\/wordpress\/?p=4707","name":"Alle Jahre wieder: Der Markt f\u00fcr Studentenwohnungen - Wirtschaftliche Freiheit","isPartOf":{"@id":"https:\/\/wirtschaftlichefreiheit.de\/wordpress\/#website"},"datePublished":"2010-12-10T06:32:07+00:00","author":{"@id":"https:\/\/wirtschaftlichefreiheit.de\/wordpress\/#\/schema\/person\/048a8948abcb03ac85c5aebeac85fbcc"},"breadcrumb":{"@id":"https:\/\/wirtschaftlichefreiheit.de\/wordpress\/?p=4707#breadcrumb"},"inLanguage":"de","potentialAction":[{"@type":"ReadAction","target":["https:\/\/wirtschaftlichefreiheit.de\/wordpress\/?p=4707"]}]},{"@type":"BreadcrumbList","@id":"https:\/\/wirtschaftlichefreiheit.de\/wordpress\/?p=4707#breadcrumb","itemListElement":[{"@type":"ListItem","position":1,"name":"Startseite","item":"https:\/\/wirtschaftlichefreiheit.de\/wordpress"},{"@type":"ListItem","position":2,"name":"Alle Jahre wieder: Der Markt f\u00fcr Studentenwohnungen"}]},{"@type":"WebSite","@id":"https:\/\/wirtschaftlichefreiheit.de\/wordpress\/#website","url":"https:\/\/wirtschaftlichefreiheit.de\/wordpress\/","name":"Wirtschaftliche Freiheit","description":"Das ordnungspolitische Journal","potentialAction":[{"@type":"SearchAction","target":{"@type":"EntryPoint","urlTemplate":"https:\/\/wirtschaftlichefreiheit.de\/wordpress\/?s={search_term_string}"},"query-input":{"@type":"PropertyValueSpecification","valueRequired":true,"valueName":"search_term_string"}}],"inLanguage":"de"},{"@type":"Person","@id":"https:\/\/wirtschaftlichefreiheit.de\/wordpress\/#\/schema\/person\/048a8948abcb03ac85c5aebeac85fbcc","name":"Frank Daumann","image":{"@type":"ImageObject","inLanguage":"de","@id":"https:\/\/wirtschaftlichefreiheit.de\/wordpress\/bilder\/frank_daumann1.jpg","url":"https:\/\/wirtschaftlichefreiheit.de\/wordpress\/bilder\/frank_daumann1.jpg","contentUrl":"https:\/\/wirtschaftlichefreiheit.de\/wordpress\/bilder\/frank_daumann1.jpg","caption":"Frank Daumann"},"description":"Friedrich-Schiller-Universit\u00e4t Jena","url":"https:\/\/wirtschaftlichefreiheit.de\/wordpress\/?author=32"}]}},"_links":{"self":[{"href":"https:\/\/wirtschaftlichefreiheit.de\/wordpress\/index.php?rest_route=\/wp\/v2\/posts\/4707","targetHints":{"allow":["GET"]}}],"collection":[{"href":"https:\/\/wirtschaftlichefreiheit.de\/wordpress\/index.php?rest_route=\/wp\/v2\/posts"}],"about":[{"href":"https:\/\/wirtschaftlichefreiheit.de\/wordpress\/index.php?rest_route=\/wp\/v2\/types\/post"}],"author":[{"embeddable":true,"href":"https:\/\/wirtschaftlichefreiheit.de\/wordpress\/index.php?rest_route=\/wp\/v2\/users\/32"}],"replies":[{"embeddable":true,"href":"https:\/\/wirtschaftlichefreiheit.de\/wordpress\/index.php?rest_route=%2Fwp%2Fv2%2Fcomments&post=4707"}],"version-history":[{"count":8,"href":"https:\/\/wirtschaftlichefreiheit.de\/wordpress\/index.php?rest_route=\/wp\/v2\/posts\/4707\/revisions"}],"predecessor-version":[{"id":4890,"href":"https:\/\/wirtschaftlichefreiheit.de\/wordpress\/index.php?rest_route=\/wp\/v2\/posts\/4707\/revisions\/4890"}],"wp:attachment":[{"href":"https:\/\/wirtschaftlichefreiheit.de\/wordpress\/index.php?rest_route=%2Fwp%2Fv2%2Fmedia&parent=4707"}],"wp:term":[{"taxonomy":"category","embeddable":true,"href":"https:\/\/wirtschaftlichefreiheit.de\/wordpress\/index.php?rest_route=%2Fwp%2Fv2%2Fcategories&post=4707"},{"taxonomy":"post_tag","embeddable":true,"href":"https:\/\/wirtschaftlichefreiheit.de\/wordpress\/index.php?rest_route=%2Fwp%2Fv2%2Ftags&post=4707"}],"curies":[{"name":"wp","href":"https:\/\/api.w.org\/{rel}","templated":true}]}}