{"id":6965,"date":"2011-09-10T10:27:30","date_gmt":"2011-09-10T09:27:30","guid":{"rendered":"http:\/\/wirtschaftlichefreiheit.de\/wordpress\/?p=6965"},"modified":"2011-09-24T15:17:12","modified_gmt":"2011-09-24T14:17:12","slug":"junge-autorenein-netz-voller-clusterfunktionierende-netzwerke-versprechen-dicke-fische","status":"publish","type":"post","link":"https:\/\/wirtschaftlichefreiheit.de\/wordpress\/?p=6965","title":{"rendered":"<small>Junge Ordnungs\u00f6konomik<\/small><br>Ein Netz voller Cluster<br><small>Funktionierende Netzwerke versprechen dicke Fische<\/small>"},"content":{"rendered":"<p>Vielleicht sollte man sich ein Cluster wie ein engmaschiges Fischernetz vorstellen. An den Stellen im Netz, wo die F\u00e4den fest zusammen gezurrt sind und die Knotenpunkte sehr nahe beieinander liegen, bleibt am meisten Beute h\u00e4ngen. Dort, wo die Verbindungen ausgeleiert sind oder sich sogar schon erste L\u00f6cher auftun, geht ein Teil des potenziellen Fangs fl\u00f6ten, was sich negativ auf Umsatz und Gewinn auswirkt. \u00dcbertragen auf die \u00d6konomie sind diejenigen Unternehmen besonders erfolgreich, die regionale und enge Kooperationen mit anderen Unternehmen und Forschungs-einrichtungen eingehen. Dagegen entwickeln sich lokal isolierte Unternehmen am Markt schw\u00e4cher.<\/p>\n<p><!--more--><\/p>\n<p style=\"text-align: center;\"><strong>Drei Marshall\u2019sche Lokalisationsvorteile<\/strong><\/p>\n<p>Das muss nat\u00fcrlich nicht zwangsl\u00e4ufig  so sein. In der empirischen Literatur gibt es indes einen breiten Konsens dar\u00fcber, dass Lokalisationsvorteile in der Realit\u00e4t existieren, wenn auch die gew\u00e4hlte Methode und das Ausma\u00df sehr stark schwanken. Eine enge Verflechtung mit Zulieferern, Produzenten und Kunden, ein gr\u00f6\u00dferer Markt f\u00fcr spezialisierte Arbeitskr\u00e4fte und Wissensspillovers sind f\u00fcr die Undurchl\u00e4ssigkeit des Netzes die entscheidenden Stellschrauben.<\/p>\n<p>F\u00fcr Aufl\u00f6sungserscheinungen sorgen dagegen Ballungsnachteile wie eine h\u00f6here Verkehrsbelastung oder steigende Grundst\u00fcckspreise, weshalb es eine optimale Clustergr\u00f6\u00dfe gibt, die von Branche zu Branche und Region zu Region variieren kann. Die drei Lokalisationsvorteile werden auf Marshall zur\u00fcckgef\u00fchrt, der bereits vor \u00fcber 100 Jahren in englischen Industrievierteln funktionierende Unternehmensnetzwerke beobachtet hat, in denen ein R\u00e4dchen ins andere griff.<\/p>\n<p>Noch heute aktuelle Beispiele f\u00fcr nat\u00fcrlich gewachsene Cluster finden sich in der Schuh- und Textilindustrie in Norditalien und im Automobilbereich in Baden-W\u00fcrttemberg. In Hochtechnologie-branchen wie dem Maschinenbau oder der Biotechnologie d\u00fcrfte zirkulierendes Wissen \u2013 ausgel\u00f6st durch Arbeitsplatzwechsel und gemeinsame Forschungsprojekte \u2013 der dominierende Clustervorteil sein, in der Schuh- und Textilindustrie sind es wohl eher die \u00fcber viele Jahre gewachsenen Zulieferer- und Abnehmerbeziehungen.<\/p>\n<p style=\"text-align: center;\"><strong>Erfolg in einer globalisierten Welt<\/strong><\/p>\n<p>Gemein sind solchen funktionierenden Unternehmensnetzwerken die Umsetzung von regionalen Innovationspotenzialen in dauerhafte Wertsch\u00f6pfung und der Erfolg in einer globalisierten Welt. So konnten sich die italienischen Schuhproduzenten lange Zeit gegen die Billighersteller aus Fernost behaupten, auch die deutschen Maschinenbauer sind in vielen Segmenten Weltmarktf\u00fchrer. Das sind Vorzeige-Beispiele.<\/p>\n<p>Aber ballen sich tats\u00e4chlich alle Unternehmen einer Volkswirtschaft in optimaler Weise? Haben die bestehenden Cluster fl\u00e4chendeckend die ideale Gr\u00f6\u00dfe? Oder bringen die Unternehmen durch freiwillige Kooperationen nur eine suboptimale Menge zustande? Die Politik geht offensichtlich von zu wenigen Clusterbildungen in der Wirtschaft aus, anders sind die vielen Clusterinitiativen nicht zu erkl\u00e4ren, die seit den neunziger Jahren wie Pilze aus dem Boden schie\u00dfen \u2013 in Deutschland und Europa genau wie in den USA.<\/p>\n<p>Im Januar 2012 werden die Gewinner der dritten Auflage des Spitzencluster-Wettbewerbs des Bundesministeriums f\u00fcr Bildung und Forschung bekanntgegeben. K\u00fcrzlich hat das BMBF die elf Finalisten ver\u00f6ffentlicht, darunter Cluster aus den unterschiedlichsten Branchen und Regionen. Auch die Landesregierungen unterhalten zahlreiche solcher Programme, etwa der Freistaat Bayern mit der Cluster-Offensive, deren selbsterkl\u00e4rtes Ziel es ist, 19 Kompetenzfelder zu f\u00f6rdern und Unternehmen, Hochschulen, Forschungseinrichtungen, Dienstleister und Geldgeber miteinander zu vernetzen.<\/p>\n<p style=\"text-align: center;\"><strong>Flie\u00dfender \u00dcbergang von Forschung zu Entwicklung<\/strong><\/p>\n<p>Solange sich die F\u00f6rderung auf den vorwettbewerblichen Bereich beschr\u00e4nkt und technologieneutral erfolgt, ist dagegen nichts einzuwenden. Das Problem ist nur, dass der \u00dcbergang von der Forschung zur industriellen Entwicklung h\u00e4ufig flie\u00dfend ist. \u201eDie Trennsch\u00e4rfe, die in der Literatur behauptet wird, gibt es in der Praxis nicht\u201c, sagt VDMA-Pr\u00e4sident Thomas Lindner in einem Interview, das in der Oktober-Ausgabe der Fachzeitschrift <a href=\"http:\/\/vahlen.becksche.de\/zneu\/vahlen\/zeitschriften.asp?zeitschrift=WiSt\">WiSt<\/a> erscheint.<\/p>\n<p>Je n\u00e4her der Markt r\u00fcckt, desto gr\u00f6\u00dfer ist die Gefahr von Diskriminierung, Mitnahmeeffekten und Wettbewerbsverzerrungen durch eine staatliche Clusterf\u00f6rderung. Zudem gilt genau wie bei anderen Erscheinungsformen einer modernen Industriepolitik: Wer wei\u00df schon, ob die dominierende Technologie eines Clusters von heute auch morgen noch gefragt sein wird?<\/p>\n<p>Nat\u00fcrlich ist auch die Privatwirtschaft nicht allwissend, aber genau darin liegen die Chancen eines jeden unternehmerisch handelnden Wirtschaftssubjekts, wie Lindner im WiSt-Interview betont: \u201eEs ist Kernaufgabe und Kernkompetenz eines Unternehmens, in die Zukunft zu investieren und dann auch Gewinne zu erzielen beziehungsweise das unternehmerische Risiko zu tragen.\u201c<\/p>\n<p style=\"text-align: center;\"><strong>FuE-Kooperationen auf dem Vormarsch<\/strong><\/p>\n<p>F\u00fcr den wirtschaftlichen Erfolg gehen zunehmend mehr Unternehmen intensive Kooperationen mit der regionalen Konkurrenz ein, auch und gerade in sehr sensiblen Bereichen wie der Forschung und Entwicklung. Hinweise auf Marktineffizienzen bei der Clusterbildung gibt es dabei kaum, das zeigt unter anderem eine 2009 durchgef\u00fchrte <a href=\"http:\/\/www.impuls-stiftung.de\/ecomaXL\/index_04_detail.php?site=VDMA_studien_detail_115.html\">Umfrage<\/a> unter den deutschen Maschinen- und Anlagenbauern. Es wird vielfach kooperiert, Schl\u00fcsseltechnologien finden so gut wie immer bereits im Produktionsprozess Anwendung. Auch regional scheinen die Unternehmen so geballt zu sein, wie es aus volkswirtschaftlicher Sicht optimal ist. Von einem breiten Marktversagen bei der Clusterbildung kann also keine Rede sein.<\/p>\n<p style=\"text-align: center;\"><strong>Fazit<\/strong><\/p>\n<p>Deshalb sollte der Staat nur den N\u00e4hrboden f\u00fcr solche Netzwerke bereiten, etwa durch Investitionen in Bildung und Grundlagenforschung. Der Auf- und Ausbau von <a href=\"http:\/\/wirtschaftlichefreiheit.de\/wordpress\/?p=3492\">Clusterstrukturen<\/a> aber muss den Unternehmen selbst vorbehalten sein, weil sie am besten ihre Bed\u00fcrfnisse absch\u00e4tzen k\u00f6nnen und zum Scheitern verurteile Kooperationen und Projekte von vornherein nicht eingehen. Verhei\u00dfungsvollen Verbunden werden sie dagegen von sich aus offen gegen\u00fcber stehen. Denn mit funktionierenden Clusterstrukturen werden sich auch in Zukunft dicke Fische an Land ziehen lassen.<\/p>\n<p>&nbsp;<\/p>\n<p>&nbsp;<\/p>\n<p><img loading=\"lazy\" decoding=\"async\" src=\"http:\/\/vg02.met.vgwort.de\/na\/58b5435803654de3af3ab87c50f06407\" alt=\"\" width=\"1\" height=\"1\" \/><\/p>\n<!-- AddThis Advanced Settings generic via filter on the_content --><!-- AddThis Share Buttons generic via filter on the_content --><!-- AddThis Related Posts generic via filter on the_content -->","protected":false},"excerpt":{"rendered":"<p>Vielleicht sollte man sich ein Cluster wie ein engmaschiges Fischernetz vorstellen. An den Stellen im Netz, wo die F\u00e4den fest zusammen gezurrt sind und die &hellip; <\/p>\n<p class=\"link-more\"><a href=\"https:\/\/wirtschaftlichefreiheit.de\/wordpress\/?p=6965\" class=\"more-link\"><span class=\"screen-reader-text\">\u201e<small>Junge Ordnungs\u00f6konomik<\/small><br \/>Ein Netz voller Cluster<br \/><small>Funktionierende Netzwerke versprechen dicke Fische<\/small>\u201c <\/span>weiterlesen<\/a><\/p>\n<p><!-- AddThis Advanced Settings generic via filter on wp_trim_excerpt --><!-- AddThis Share Buttons generic via filter on wp_trim_excerpt --><!-- AddThis Related Posts generic via filter on wp_trim_excerpt --><\/p>\n","protected":false},"author":55,"featured_media":0,"comment_status":"open","ping_status":"open","sticky":false,"template":"","format":"standard","meta":{"footnotes":""},"categories":[524,33,21,23],"tags":[202,659,605],"class_list":["post-6965","post","type-post","status-publish","format-standard","hentry","category-kooperatives","category-makrooekonomisches","category-unternehmerisches","category-wettbewerbliches","tag-cluster","tag-fue","tag-netzwerke"],"yoast_head":"<!-- This site is optimized with the Yoast SEO plugin v27.2 - https:\/\/yoast.com\/product\/yoast-seo-wordpress\/ -->\n<title>Junge Ordnungs\u00f6konomikEin Netz voller ClusterFunktionierende Netzwerke versprechen dicke Fische - Wirtschaftliche Freiheit<\/title>\n<meta name=\"robots\" content=\"index, follow, max-snippet:-1, max-image-preview:large, max-video-preview:-1\" \/>\n<link rel=\"canonical\" href=\"https:\/\/wirtschaftlichefreiheit.de\/wordpress\/?p=6965\" \/>\n<meta property=\"og:locale\" content=\"de_DE\" \/>\n<meta property=\"og:type\" content=\"article\" \/>\n<meta property=\"og:title\" content=\"Junge Ordnungs\u00f6konomikEin Netz voller ClusterFunktionierende Netzwerke versprechen dicke Fische - Wirtschaftliche Freiheit\" \/>\n<meta property=\"og:description\" content=\"Vielleicht sollte man sich ein Cluster wie ein engmaschiges Fischernetz vorstellen. An den Stellen im Netz, wo die F\u00e4den fest zusammen gezurrt sind und die &hellip; \u201eJunge Ordnungs\u00f6konomikEin Netz voller ClusterFunktionierende Netzwerke versprechen dicke Fische\u201c weiterlesen\" \/>\n<meta property=\"og:url\" content=\"https:\/\/wirtschaftlichefreiheit.de\/wordpress\/?p=6965\" \/>\n<meta property=\"og:site_name\" content=\"Wirtschaftliche Freiheit\" \/>\n<meta property=\"article:published_time\" content=\"2011-09-10T09:27:30+00:00\" \/>\n<meta property=\"article:modified_time\" content=\"2011-09-24T14:17:12+00:00\" \/>\n<meta property=\"og:image\" content=\"http:\/\/vg02.met.vgwort.de\/na\/58b5435803654de3af3ab87c50f06407\" \/>\n<meta name=\"author\" content=\"J\u00f6rg Rieger\" \/>\n<meta name=\"twitter:card\" content=\"summary_large_image\" \/>\n<meta name=\"twitter:label1\" content=\"Verfasst von\" \/>\n\t<meta name=\"twitter:data1\" content=\"J\u00f6rg Rieger\" \/>\n\t<meta name=\"twitter:label2\" content=\"Gesch\u00e4tzte Lesezeit\" \/>\n\t<meta name=\"twitter:data2\" content=\"4\u00a0Minuten\" \/>\n<script type=\"application\/ld+json\" class=\"yoast-schema-graph\">{\"@context\":\"https:\/\/schema.org\",\"@graph\":[{\"@type\":\"Article\",\"@id\":\"https:\/\/wirtschaftlichefreiheit.de\/wordpress\/?p=6965#article\",\"isPartOf\":{\"@id\":\"https:\/\/wirtschaftlichefreiheit.de\/wordpress\/?p=6965\"},\"author\":{\"name\":\"J\u00f6rg Rieger\",\"@id\":\"https:\/\/wirtschaftlichefreiheit.de\/wordpress\/#\/schema\/person\/9cf3b0ad879003bc9d64f56587e66c1f\"},\"headline\":\"Junge Ordnungs\u00f6konomik Ein Netz voller Cluster Funktionierende Netzwerke versprechen dicke Fische\",\"datePublished\":\"2011-09-10T09:27:30+00:00\",\"dateModified\":\"2011-09-24T14:17:12+00:00\",\"mainEntityOfPage\":{\"@id\":\"https:\/\/wirtschaftlichefreiheit.de\/wordpress\/?p=6965\"},\"wordCount\":867,\"commentCount\":0,\"image\":{\"@id\":\"https:\/\/wirtschaftlichefreiheit.de\/wordpress\/?p=6965#primaryimage\"},\"thumbnailUrl\":\"http:\/\/vg02.met.vgwort.de\/na\/58b5435803654de3af3ab87c50f06407\",\"keywords\":[\"Cluster\",\"FuE\",\"Netzwerke\"],\"articleSection\":[\"Kooperatives\",\"Makro\u00f6konomisches\",\"Unternehmerisches\",\"Wettbewerbliches\"],\"inLanguage\":\"de\",\"potentialAction\":[{\"@type\":\"CommentAction\",\"name\":\"Comment\",\"target\":[\"https:\/\/wirtschaftlichefreiheit.de\/wordpress\/?p=6965#respond\"]}]},{\"@type\":\"WebPage\",\"@id\":\"https:\/\/wirtschaftlichefreiheit.de\/wordpress\/?p=6965\",\"url\":\"https:\/\/wirtschaftlichefreiheit.de\/wordpress\/?p=6965\",\"name\":\"Junge Ordnungs\u00f6konomik Ein Netz voller Cluster Funktionierende Netzwerke versprechen dicke Fische - Wirtschaftliche Freiheit\",\"isPartOf\":{\"@id\":\"https:\/\/wirtschaftlichefreiheit.de\/wordpress\/#website\"},\"primaryImageOfPage\":{\"@id\":\"https:\/\/wirtschaftlichefreiheit.de\/wordpress\/?p=6965#primaryimage\"},\"image\":{\"@id\":\"https:\/\/wirtschaftlichefreiheit.de\/wordpress\/?p=6965#primaryimage\"},\"thumbnailUrl\":\"http:\/\/vg02.met.vgwort.de\/na\/58b5435803654de3af3ab87c50f06407\",\"datePublished\":\"2011-09-10T09:27:30+00:00\",\"dateModified\":\"2011-09-24T14:17:12+00:00\",\"author\":{\"@id\":\"https:\/\/wirtschaftlichefreiheit.de\/wordpress\/#\/schema\/person\/9cf3b0ad879003bc9d64f56587e66c1f\"},\"breadcrumb\":{\"@id\":\"https:\/\/wirtschaftlichefreiheit.de\/wordpress\/?p=6965#breadcrumb\"},\"inLanguage\":\"de\",\"potentialAction\":[{\"@type\":\"ReadAction\",\"target\":[\"https:\/\/wirtschaftlichefreiheit.de\/wordpress\/?p=6965\"]}]},{\"@type\":\"ImageObject\",\"inLanguage\":\"de\",\"@id\":\"https:\/\/wirtschaftlichefreiheit.de\/wordpress\/?p=6965#primaryimage\",\"url\":\"http:\/\/vg02.met.vgwort.de\/na\/58b5435803654de3af3ab87c50f06407\",\"contentUrl\":\"http:\/\/vg02.met.vgwort.de\/na\/58b5435803654de3af3ab87c50f06407\"},{\"@type\":\"BreadcrumbList\",\"@id\":\"https:\/\/wirtschaftlichefreiheit.de\/wordpress\/?p=6965#breadcrumb\",\"itemListElement\":[{\"@type\":\"ListItem\",\"position\":1,\"name\":\"Startseite\",\"item\":\"https:\/\/wirtschaftlichefreiheit.de\/wordpress\"},{\"@type\":\"ListItem\",\"position\":2,\"name\":\"Junge Ordnungs\u00f6konomikEin Netz voller ClusterFunktionierende Netzwerke versprechen dicke Fische\"}]},{\"@type\":\"WebSite\",\"@id\":\"https:\/\/wirtschaftlichefreiheit.de\/wordpress\/#website\",\"url\":\"https:\/\/wirtschaftlichefreiheit.de\/wordpress\/\",\"name\":\"Wirtschaftliche Freiheit\",\"description\":\"Das ordnungspolitische Journal\",\"potentialAction\":[{\"@type\":\"SearchAction\",\"target\":{\"@type\":\"EntryPoint\",\"urlTemplate\":\"https:\/\/wirtschaftlichefreiheit.de\/wordpress\/?s={search_term_string}\"},\"query-input\":{\"@type\":\"PropertyValueSpecification\",\"valueRequired\":true,\"valueName\":\"search_term_string\"}}],\"inLanguage\":\"de\"},{\"@type\":\"Person\",\"@id\":\"https:\/\/wirtschaftlichefreiheit.de\/wordpress\/#\/schema\/person\/9cf3b0ad879003bc9d64f56587e66c1f\",\"name\":\"J\u00f6rg Rieger\",\"image\":{\"@type\":\"ImageObject\",\"inLanguage\":\"de\",\"@id\":\"https:\/\/wirtschaftlichefreiheit.de\/wordpress\/bilder\/6696698_writer_1pidD5_arKLj5.jpg\",\"url\":\"https:\/\/wirtschaftlichefreiheit.de\/wordpress\/bilder\/6696698_writer_1pidD5_arKLj5.jpg\",\"contentUrl\":\"https:\/\/wirtschaftlichefreiheit.de\/wordpress\/bilder\/6696698_writer_1pidD5_arKLj5.jpg\",\"caption\":\"J\u00f6rg Rieger\"},\"description\":\"Freiberuflicher Autor und Redenschreiber\",\"url\":\"https:\/\/wirtschaftlichefreiheit.de\/wordpress\/?author=55\"}]}<\/script>\n<!-- \/ Yoast SEO plugin. -->","yoast_head_json":{"title":"Junge Ordnungs\u00f6konomikEin Netz voller ClusterFunktionierende Netzwerke versprechen dicke Fische - Wirtschaftliche Freiheit","robots":{"index":"index","follow":"follow","max-snippet":"max-snippet:-1","max-image-preview":"max-image-preview:large","max-video-preview":"max-video-preview:-1"},"canonical":"https:\/\/wirtschaftlichefreiheit.de\/wordpress\/?p=6965","og_locale":"de_DE","og_type":"article","og_title":"Junge Ordnungs\u00f6konomikEin Netz voller ClusterFunktionierende Netzwerke versprechen dicke Fische - Wirtschaftliche Freiheit","og_description":"Vielleicht sollte man sich ein Cluster wie ein engmaschiges Fischernetz vorstellen. An den Stellen im Netz, wo die F\u00e4den fest zusammen gezurrt sind und die &hellip; \u201eJunge Ordnungs\u00f6konomikEin Netz voller ClusterFunktionierende Netzwerke versprechen dicke Fische\u201c weiterlesen","og_url":"https:\/\/wirtschaftlichefreiheit.de\/wordpress\/?p=6965","og_site_name":"Wirtschaftliche Freiheit","article_published_time":"2011-09-10T09:27:30+00:00","article_modified_time":"2011-09-24T14:17:12+00:00","og_image":[{"url":"http:\/\/vg02.met.vgwort.de\/na\/58b5435803654de3af3ab87c50f06407","type":"","width":"","height":""}],"author":"J\u00f6rg Rieger","twitter_card":"summary_large_image","twitter_misc":{"Verfasst von":"J\u00f6rg Rieger","Gesch\u00e4tzte Lesezeit":"4\u00a0Minuten"},"schema":{"@context":"https:\/\/schema.org","@graph":[{"@type":"Article","@id":"https:\/\/wirtschaftlichefreiheit.de\/wordpress\/?p=6965#article","isPartOf":{"@id":"https:\/\/wirtschaftlichefreiheit.de\/wordpress\/?p=6965"},"author":{"name":"J\u00f6rg Rieger","@id":"https:\/\/wirtschaftlichefreiheit.de\/wordpress\/#\/schema\/person\/9cf3b0ad879003bc9d64f56587e66c1f"},"headline":"Junge Ordnungs\u00f6konomik Ein Netz voller Cluster Funktionierende Netzwerke versprechen dicke Fische","datePublished":"2011-09-10T09:27:30+00:00","dateModified":"2011-09-24T14:17:12+00:00","mainEntityOfPage":{"@id":"https:\/\/wirtschaftlichefreiheit.de\/wordpress\/?p=6965"},"wordCount":867,"commentCount":0,"image":{"@id":"https:\/\/wirtschaftlichefreiheit.de\/wordpress\/?p=6965#primaryimage"},"thumbnailUrl":"http:\/\/vg02.met.vgwort.de\/na\/58b5435803654de3af3ab87c50f06407","keywords":["Cluster","FuE","Netzwerke"],"articleSection":["Kooperatives","Makro\u00f6konomisches","Unternehmerisches","Wettbewerbliches"],"inLanguage":"de","potentialAction":[{"@type":"CommentAction","name":"Comment","target":["https:\/\/wirtschaftlichefreiheit.de\/wordpress\/?p=6965#respond"]}]},{"@type":"WebPage","@id":"https:\/\/wirtschaftlichefreiheit.de\/wordpress\/?p=6965","url":"https:\/\/wirtschaftlichefreiheit.de\/wordpress\/?p=6965","name":"Junge Ordnungs\u00f6konomik Ein Netz voller Cluster Funktionierende Netzwerke versprechen dicke Fische - Wirtschaftliche Freiheit","isPartOf":{"@id":"https:\/\/wirtschaftlichefreiheit.de\/wordpress\/#website"},"primaryImageOfPage":{"@id":"https:\/\/wirtschaftlichefreiheit.de\/wordpress\/?p=6965#primaryimage"},"image":{"@id":"https:\/\/wirtschaftlichefreiheit.de\/wordpress\/?p=6965#primaryimage"},"thumbnailUrl":"http:\/\/vg02.met.vgwort.de\/na\/58b5435803654de3af3ab87c50f06407","datePublished":"2011-09-10T09:27:30+00:00","dateModified":"2011-09-24T14:17:12+00:00","author":{"@id":"https:\/\/wirtschaftlichefreiheit.de\/wordpress\/#\/schema\/person\/9cf3b0ad879003bc9d64f56587e66c1f"},"breadcrumb":{"@id":"https:\/\/wirtschaftlichefreiheit.de\/wordpress\/?p=6965#breadcrumb"},"inLanguage":"de","potentialAction":[{"@type":"ReadAction","target":["https:\/\/wirtschaftlichefreiheit.de\/wordpress\/?p=6965"]}]},{"@type":"ImageObject","inLanguage":"de","@id":"https:\/\/wirtschaftlichefreiheit.de\/wordpress\/?p=6965#primaryimage","url":"http:\/\/vg02.met.vgwort.de\/na\/58b5435803654de3af3ab87c50f06407","contentUrl":"http:\/\/vg02.met.vgwort.de\/na\/58b5435803654de3af3ab87c50f06407"},{"@type":"BreadcrumbList","@id":"https:\/\/wirtschaftlichefreiheit.de\/wordpress\/?p=6965#breadcrumb","itemListElement":[{"@type":"ListItem","position":1,"name":"Startseite","item":"https:\/\/wirtschaftlichefreiheit.de\/wordpress"},{"@type":"ListItem","position":2,"name":"Junge Ordnungs\u00f6konomikEin Netz voller ClusterFunktionierende Netzwerke versprechen dicke Fische"}]},{"@type":"WebSite","@id":"https:\/\/wirtschaftlichefreiheit.de\/wordpress\/#website","url":"https:\/\/wirtschaftlichefreiheit.de\/wordpress\/","name":"Wirtschaftliche Freiheit","description":"Das ordnungspolitische Journal","potentialAction":[{"@type":"SearchAction","target":{"@type":"EntryPoint","urlTemplate":"https:\/\/wirtschaftlichefreiheit.de\/wordpress\/?s={search_term_string}"},"query-input":{"@type":"PropertyValueSpecification","valueRequired":true,"valueName":"search_term_string"}}],"inLanguage":"de"},{"@type":"Person","@id":"https:\/\/wirtschaftlichefreiheit.de\/wordpress\/#\/schema\/person\/9cf3b0ad879003bc9d64f56587e66c1f","name":"J\u00f6rg Rieger","image":{"@type":"ImageObject","inLanguage":"de","@id":"https:\/\/wirtschaftlichefreiheit.de\/wordpress\/bilder\/6696698_writer_1pidD5_arKLj5.jpg","url":"https:\/\/wirtschaftlichefreiheit.de\/wordpress\/bilder\/6696698_writer_1pidD5_arKLj5.jpg","contentUrl":"https:\/\/wirtschaftlichefreiheit.de\/wordpress\/bilder\/6696698_writer_1pidD5_arKLj5.jpg","caption":"J\u00f6rg Rieger"},"description":"Freiberuflicher Autor und Redenschreiber","url":"https:\/\/wirtschaftlichefreiheit.de\/wordpress\/?author=55"}]}},"_links":{"self":[{"href":"https:\/\/wirtschaftlichefreiheit.de\/wordpress\/index.php?rest_route=\/wp\/v2\/posts\/6965","targetHints":{"allow":["GET"]}}],"collection":[{"href":"https:\/\/wirtschaftlichefreiheit.de\/wordpress\/index.php?rest_route=\/wp\/v2\/posts"}],"about":[{"href":"https:\/\/wirtschaftlichefreiheit.de\/wordpress\/index.php?rest_route=\/wp\/v2\/types\/post"}],"author":[{"embeddable":true,"href":"https:\/\/wirtschaftlichefreiheit.de\/wordpress\/index.php?rest_route=\/wp\/v2\/users\/55"}],"replies":[{"embeddable":true,"href":"https:\/\/wirtschaftlichefreiheit.de\/wordpress\/index.php?rest_route=%2Fwp%2Fv2%2Fcomments&post=6965"}],"version-history":[{"count":16,"href":"https:\/\/wirtschaftlichefreiheit.de\/wordpress\/index.php?rest_route=\/wp\/v2\/posts\/6965\/revisions"}],"predecessor-version":[{"id":7149,"href":"https:\/\/wirtschaftlichefreiheit.de\/wordpress\/index.php?rest_route=\/wp\/v2\/posts\/6965\/revisions\/7149"}],"wp:attachment":[{"href":"https:\/\/wirtschaftlichefreiheit.de\/wordpress\/index.php?rest_route=%2Fwp%2Fv2%2Fmedia&parent=6965"}],"wp:term":[{"taxonomy":"category","embeddable":true,"href":"https:\/\/wirtschaftlichefreiheit.de\/wordpress\/index.php?rest_route=%2Fwp%2Fv2%2Fcategories&post=6965"},{"taxonomy":"post_tag","embeddable":true,"href":"https:\/\/wirtschaftlichefreiheit.de\/wordpress\/index.php?rest_route=%2Fwp%2Fv2%2Ftags&post=6965"}],"curies":[{"name":"wp","href":"https:\/\/api.w.org\/{rel}","templated":true}]}}