{"id":7361,"date":"2011-10-19T00:01:15","date_gmt":"2011-10-18T23:01:15","guid":{"rendered":"http:\/\/wirtschaftlichefreiheit.de\/wordpress\/?p=7361"},"modified":"2011-10-18T14:48:45","modified_gmt":"2011-10-18T13:48:45","slug":"seltsame-besatzer-die-occupy-protestbewegung","status":"publish","type":"post","link":"https:\/\/wirtschaftlichefreiheit.de\/wordpress\/?p=7361","title":{"rendered":"Seltsame Besatzer: Die &#8222;Occupy&#8220;-Protestbewegung"},"content":{"rendered":"<p>Eigentlich hat es erstaunlich lange gedauert, bis die Finanzkrise eine Protestbewegung hervorbrachte, aber nun ist es wohl soweit. Am 15. Oktober gingen von Tokyo \u00fcber Frankfurt bis New York Demonstranten auf die Stra\u00dfe, um gegen die Banken, die Finanzm\u00e4rkte, die Ungleichheit und manches andere zu protestieren. Seinen Anfang nahm all das in New York, mit der &#8222;Occupy Wall Street&#8220;-Bewegung, also: &#8222;Besetzt Wall Street!&#8220;. Kurz darauf gab es die ersten Ableger in anderen amerikanischen St\u00e4dten, und nun also auch in anderen Kontinenten. Globalisierung funktioniert eben nicht nur mit Konsumg\u00fctern.<\/p>\n<p><!--more--><\/p>\n<p>Die Demonstationen erscheinen \u00e4u\u00dferlich als ziemlich heterogen. Die Amerikaner etwa pflegen reichlich bizarre Umgangsformen, wie in <a href=\"http:\/\/www.youtube.com\/watch?v=3QZlp3eGMNI\">diesem Video<\/a> zu sehen. Applaus ist verboten, er gilt als repressiv, stattdessen sind stumme Gesten als Zustimmungs\u00e4u\u00dferung vorgesehen. Au\u00dferdem wird alles, was ein Redner sagt, von der Menge wiederholt. W\u00e4hrend man es in den USA also wohl &#8211; trotz des Mottos &#8222;We are the 99 percent&#8220; &#8211; tats\u00e4chlich mit eigenwilligen Sektierergruppen zu tun hat, sah man auf den Bildern der deutschen Demonstrationen neben den \u00fcblichen Verd\u00e4chtigen von attac und Linkspartei vor allem viele landestypische Wutb\u00fcrger aus dem Mittelstand.<\/p>\n<p>Nun mu\u00df man trotz der weltweiten Proteste nicht damit rechnen, da\u00df eine Weltrevolution unmittelbar bevorsteht. Aus New York wird von Teilnehmerzahlen im niedrigen vierstelligen Bereich berichtet, in Frankfurt waren es etwa 8000. Diese pflegen zwar teils ein erstaunliches Widerstandspathos und vergessen dabei wohl, da\u00df sie in offenen Demokratien demonstrieren und nicht in China oder Syrien. Aber die bisher formulierten Ziele wirken doch gr\u00f6\u00dftenteils unausgegoren und vage oder, wo es konkreter wird, widerspr\u00fcchlich. So fordert etwa der amerikanische Zweig der Bewegung zugleich Einfuhrz\u00f6lle und einen weitgehenden Verzicht auf internationalen Handel, aber auch die v\u00f6llige \u00d6ffnung der Grenzen f\u00fcr internationale Migration. Da\u00df beides nicht zusammengeht d\u00fcrfte aber eigentlich klar sein.<\/p>\n<p>Ansonsten nat\u00fcrlich: h\u00f6here Einkommensteuern f\u00fcr Reiche und solche, die man daf\u00fcr h\u00e4lt, die Verm\u00f6gensteuer wieder einf\u00fchren, auch eine Transaktionssteuer f\u00fcr die Finanzm\u00e4rkte, eine irgendwie engere Regulierung der Finanzm\u00e4rkte und vor allem der Banken, oder gleich die vollst\u00e4ndige Abschaffung &#8222;des Zinssystems&#8220;. Unsinnige Fundamentalkritik an der Marktwirtschaft insgesamt findet mal also genauso wie problematische Detailfoderungen: Die historische Erfahrung mit der Verm\u00f6gensteuer nicht nur in Deutschland zeigt, da\u00df es sich hier um eine ziemlich aufkommensarme Steuer handelt, von der man sich fiskalisch nicht viel erhoffen kann. In der Einkommensteuer beginnt die Proportionalzone mit einem Grenzsteuersatz von 42% bei knapp 53.000 Euro. Will man nun wirklich hier schon Belastungen (inklusive Solidarit\u00e4tszuschlag) von \u00fcber 50% herbeif\u00fchren?<\/p>\n<p>Nat\u00fcrlich ist es von einer Protestbewegung zuviel verlangt, ein durchdachtes Konzept etwa zu einer effizienteren Regulierung von Finanzm\u00e4rkten vorzulegen. Aber der Glaube an die Probleml\u00f6sungsf\u00e4higkeit des Staates scheint doch ein wenig zu ausgepr\u00e4gt. Ein Beispiel zur Erinnerung: Es ist heute rund dreieinhalb Jahre her, seit Bear Stearns einen Bailout ben\u00f6tigte. Ebenso lange ist es her, da\u00df Regierungen auf der ganzen Welt sich vornahmen, den Bankensektor so neu zu regulieren, da\u00df ein <em>too big to fail<\/em> zuk\u00fcnftig ausgeschlossen sein sollte. Passiert ist seither wenig entscheidendes. Ist das nur ein Durchsetzungsproblem? Sind die Regierungen fest in der Hand der Bankenlobby? So etwas in der Art w\u00fcrden die Vertreter der Protestbewegungen wohl behaupten, aber es gibt nat\u00fcrlich auch eine andere M\u00f6glichkeit: Es handelt sich hier einfach um ein sehr schwierig zu l\u00f6sendes Problem, nicht nur \u00f6konomisch, sondern auch im Hinblick auf die politische und rechtsstaatliche Durchsetzbarkeit. Die Politik kommt an ihre Kapazit\u00e4tsgrenze, oder vielleicht auch dar\u00fcber hinaus.<\/p>\n<p>Wirklich gef\u00e4hrlich wird die Protestbewegung, wenn sie dazu beitr\u00e4gt da\u00df die aktuellen wirtschaftspolitischen Schwierigkeiten noch mehr als ohnehin schon durch die Brille der Verteilungspolitik gesehen werden, w\u00e4hrend Fragen der \u00f6konomischen Effizienz noch mehr in den Hintergrund treten. Eine weitere St\u00fctzung von Banken, die mit nicht geringer Wahrscheinlichkeit als Folge der Staatsschuldenkrise in den n\u00e4chsten Monaten n\u00f6tig wird, lehnen die Protestierer beispielsweise grunds\u00e4tzlich ab, und zwar aus kurzfristigen und kurzsichtigen Gerechtigkeitserw\u00e4gungen; die Langfristfolgen werden dagegen nicht ber\u00fccksichtigt.<\/p>\n<p>Genau hier liegt dann auch tats\u00e4chlich der Hase im Pfeffer. Nehmen wir einmal den schlimmsten Fall an: Der Protest in Deutschland schwillt an und erreicht Dimensionen, die mit den Demonstrationen gegen Stuttgart 21 vergleichbar sind oder dar\u00fcber hinaus gehen. Gleichzeitig wird der wackelige Krisen-Status Quo mit dem bekannten europ\u00e4ischen Durchwursteln noch eine Weile aufrechterhalten, sagen wir einmal bis ins zweite Halbjahr 2012, wenn in Berlin der n\u00e4chste Bundestagswahlkampf bereits das Denken und Handeln beherrscht. Das w\u00e4ren keine g\u00fcnstigen Randbedingungen f\u00fcr rationale politische Entscheidungen in einer dann immer noch schwelenden europ\u00e4ischen Staatsschuldenkrise. Ein Ende mit Schrecken w\u00e4re einem Schrecken ohne Ende deshalb vorzuziehen: eine Bankenrekapitalisierung und ein Schuldenschnitt Griechenlands, so schnell wie m\u00f6glich.<\/p>\n<!-- AddThis Advanced Settings generic via filter on the_content --><!-- AddThis Share Buttons generic via filter on the_content --><!-- AddThis Related Posts generic via filter on the_content -->","protected":false},"excerpt":{"rendered":"<p>Eigentlich hat es erstaunlich lange gedauert, bis die Finanzkrise eine Protestbewegung hervorbrachte, aber nun ist es wohl soweit. Am 15. Oktober gingen von Tokyo \u00fcber &hellip; <\/p>\n<p class=\"link-more\"><a href=\"https:\/\/wirtschaftlichefreiheit.de\/wordpress\/?p=7361\" class=\"more-link\"><span class=\"screen-reader-text\">\u201eSeltsame Besatzer: Die &#8222;Occupy&#8220;-Protestbewegung\u201c <\/span>weiterlesen<\/a><\/p>\n<p><!-- AddThis Advanced Settings generic via filter on wp_trim_excerpt --><!-- AddThis Share Buttons generic via filter on wp_trim_excerpt --><!-- AddThis Related Posts generic via filter on wp_trim_excerpt --><\/p>\n","protected":false},"author":37,"featured_media":0,"comment_status":"open","ping_status":"open","sticky":false,"template":"","format":"standard","meta":{"footnotes":""},"categories":[6,7,34],"tags":[471,399,687],"class_list":["post-7361","post","type-post","status-publish","format-standard","hentry","category-alles","category-globales","category-kapitalistisches","tag-banken","tag-kapitalismus","tag-occupy-wallstreet"],"yoast_head":"<!-- This site is optimized with the Yoast SEO plugin v27.2 - https:\/\/yoast.com\/product\/yoast-seo-wordpress\/ -->\n<title>Seltsame Besatzer: Die &quot;Occupy&quot;-Protestbewegung - Wirtschaftliche Freiheit<\/title>\n<meta name=\"robots\" content=\"index, follow, max-snippet:-1, max-image-preview:large, max-video-preview:-1\" \/>\n<link rel=\"canonical\" href=\"https:\/\/wirtschaftlichefreiheit.de\/wordpress\/?p=7361\" \/>\n<meta property=\"og:locale\" content=\"de_DE\" \/>\n<meta property=\"og:type\" content=\"article\" \/>\n<meta property=\"og:title\" content=\"Seltsame Besatzer: Die &quot;Occupy&quot;-Protestbewegung - Wirtschaftliche Freiheit\" \/>\n<meta property=\"og:description\" content=\"Eigentlich hat es erstaunlich lange gedauert, bis die Finanzkrise eine Protestbewegung hervorbrachte, aber nun ist es wohl soweit. Am 15. Oktober gingen von Tokyo \u00fcber &hellip; \u201eSeltsame Besatzer: Die &#8222;Occupy&#8220;-Protestbewegung\u201c weiterlesen\" \/>\n<meta property=\"og:url\" content=\"https:\/\/wirtschaftlichefreiheit.de\/wordpress\/?p=7361\" \/>\n<meta property=\"og:site_name\" content=\"Wirtschaftliche Freiheit\" \/>\n<meta property=\"article:published_time\" content=\"2011-10-18T23:01:15+00:00\" \/>\n<meta name=\"author\" content=\"Jan Schnellenbach\" \/>\n<meta name=\"twitter:card\" content=\"summary_large_image\" \/>\n<meta name=\"twitter:label1\" content=\"Verfasst von\" \/>\n\t<meta name=\"twitter:data1\" content=\"Jan Schnellenbach\" \/>\n\t<meta name=\"twitter:label2\" content=\"Gesch\u00e4tzte Lesezeit\" \/>\n\t<meta name=\"twitter:data2\" content=\"4\u00a0Minuten\" \/>\n<script type=\"application\/ld+json\" class=\"yoast-schema-graph\">{\"@context\":\"https:\/\/schema.org\",\"@graph\":[{\"@type\":\"Article\",\"@id\":\"https:\/\/wirtschaftlichefreiheit.de\/wordpress\/?p=7361#article\",\"isPartOf\":{\"@id\":\"https:\/\/wirtschaftlichefreiheit.de\/wordpress\/?p=7361\"},\"author\":{\"name\":\"Jan Schnellenbach\",\"@id\":\"https:\/\/wirtschaftlichefreiheit.de\/wordpress\/#\/schema\/person\/b4e3f13ea24d514f6e985c29be203360\"},\"headline\":\"Seltsame Besatzer: Die &#8222;Occupy&#8220;-Protestbewegung\",\"datePublished\":\"2011-10-18T23:01:15+00:00\",\"mainEntityOfPage\":{\"@id\":\"https:\/\/wirtschaftlichefreiheit.de\/wordpress\/?p=7361\"},\"wordCount\":805,\"commentCount\":5,\"keywords\":[\"Banken\",\"Kapitalismus\",\"Occupy Wallstreet\"],\"articleSection\":[\"Alle Kategorien\",\"Globales\",\"Kapitalistisches\"],\"inLanguage\":\"de\",\"potentialAction\":[{\"@type\":\"CommentAction\",\"name\":\"Comment\",\"target\":[\"https:\/\/wirtschaftlichefreiheit.de\/wordpress\/?p=7361#respond\"]}]},{\"@type\":\"WebPage\",\"@id\":\"https:\/\/wirtschaftlichefreiheit.de\/wordpress\/?p=7361\",\"url\":\"https:\/\/wirtschaftlichefreiheit.de\/wordpress\/?p=7361\",\"name\":\"Seltsame Besatzer: Die \\\"Occupy\\\"-Protestbewegung - Wirtschaftliche Freiheit\",\"isPartOf\":{\"@id\":\"https:\/\/wirtschaftlichefreiheit.de\/wordpress\/#website\"},\"datePublished\":\"2011-10-18T23:01:15+00:00\",\"author\":{\"@id\":\"https:\/\/wirtschaftlichefreiheit.de\/wordpress\/#\/schema\/person\/b4e3f13ea24d514f6e985c29be203360\"},\"breadcrumb\":{\"@id\":\"https:\/\/wirtschaftlichefreiheit.de\/wordpress\/?p=7361#breadcrumb\"},\"inLanguage\":\"de\",\"potentialAction\":[{\"@type\":\"ReadAction\",\"target\":[\"https:\/\/wirtschaftlichefreiheit.de\/wordpress\/?p=7361\"]}]},{\"@type\":\"BreadcrumbList\",\"@id\":\"https:\/\/wirtschaftlichefreiheit.de\/wordpress\/?p=7361#breadcrumb\",\"itemListElement\":[{\"@type\":\"ListItem\",\"position\":1,\"name\":\"Startseite\",\"item\":\"https:\/\/wirtschaftlichefreiheit.de\/wordpress\"},{\"@type\":\"ListItem\",\"position\":2,\"name\":\"Seltsame Besatzer: Die &#8222;Occupy&#8220;-Protestbewegung\"}]},{\"@type\":\"WebSite\",\"@id\":\"https:\/\/wirtschaftlichefreiheit.de\/wordpress\/#website\",\"url\":\"https:\/\/wirtschaftlichefreiheit.de\/wordpress\/\",\"name\":\"Wirtschaftliche Freiheit\",\"description\":\"Das ordnungspolitische Journal\",\"potentialAction\":[{\"@type\":\"SearchAction\",\"target\":{\"@type\":\"EntryPoint\",\"urlTemplate\":\"https:\/\/wirtschaftlichefreiheit.de\/wordpress\/?s={search_term_string}\"},\"query-input\":{\"@type\":\"PropertyValueSpecification\",\"valueRequired\":true,\"valueName\":\"search_term_string\"}}],\"inLanguage\":\"de\"},{\"@type\":\"Person\",\"@id\":\"https:\/\/wirtschaftlichefreiheit.de\/wordpress\/#\/schema\/person\/b4e3f13ea24d514f6e985c29be203360\",\"name\":\"Jan Schnellenbach\",\"image\":{\"@type\":\"ImageObject\",\"inLanguage\":\"de\",\"@id\":\"https:\/\/wirtschaftlichefreiheit.de\/wordpress\/bilder\/jans.png\",\"url\":\"https:\/\/wirtschaftlichefreiheit.de\/wordpress\/bilder\/jans.png\",\"contentUrl\":\"https:\/\/wirtschaftlichefreiheit.de\/wordpress\/bilder\/jans.png\",\"caption\":\"Jan Schnellenbach\"},\"description\":\"Brandenburgische Technische Universit\u00e4t Cottbus\",\"url\":\"https:\/\/wirtschaftlichefreiheit.de\/wordpress\/?author=37\"}]}<\/script>\n<!-- \/ Yoast SEO plugin. -->","yoast_head_json":{"title":"Seltsame Besatzer: Die \"Occupy\"-Protestbewegung - Wirtschaftliche Freiheit","robots":{"index":"index","follow":"follow","max-snippet":"max-snippet:-1","max-image-preview":"max-image-preview:large","max-video-preview":"max-video-preview:-1"},"canonical":"https:\/\/wirtschaftlichefreiheit.de\/wordpress\/?p=7361","og_locale":"de_DE","og_type":"article","og_title":"Seltsame Besatzer: Die \"Occupy\"-Protestbewegung - Wirtschaftliche Freiheit","og_description":"Eigentlich hat es erstaunlich lange gedauert, bis die Finanzkrise eine Protestbewegung hervorbrachte, aber nun ist es wohl soweit. Am 15. Oktober gingen von Tokyo \u00fcber &hellip; \u201eSeltsame Besatzer: Die &#8222;Occupy&#8220;-Protestbewegung\u201c weiterlesen","og_url":"https:\/\/wirtschaftlichefreiheit.de\/wordpress\/?p=7361","og_site_name":"Wirtschaftliche Freiheit","article_published_time":"2011-10-18T23:01:15+00:00","author":"Jan Schnellenbach","twitter_card":"summary_large_image","twitter_misc":{"Verfasst von":"Jan Schnellenbach","Gesch\u00e4tzte Lesezeit":"4\u00a0Minuten"},"schema":{"@context":"https:\/\/schema.org","@graph":[{"@type":"Article","@id":"https:\/\/wirtschaftlichefreiheit.de\/wordpress\/?p=7361#article","isPartOf":{"@id":"https:\/\/wirtschaftlichefreiheit.de\/wordpress\/?p=7361"},"author":{"name":"Jan Schnellenbach","@id":"https:\/\/wirtschaftlichefreiheit.de\/wordpress\/#\/schema\/person\/b4e3f13ea24d514f6e985c29be203360"},"headline":"Seltsame Besatzer: Die &#8222;Occupy&#8220;-Protestbewegung","datePublished":"2011-10-18T23:01:15+00:00","mainEntityOfPage":{"@id":"https:\/\/wirtschaftlichefreiheit.de\/wordpress\/?p=7361"},"wordCount":805,"commentCount":5,"keywords":["Banken","Kapitalismus","Occupy Wallstreet"],"articleSection":["Alle Kategorien","Globales","Kapitalistisches"],"inLanguage":"de","potentialAction":[{"@type":"CommentAction","name":"Comment","target":["https:\/\/wirtschaftlichefreiheit.de\/wordpress\/?p=7361#respond"]}]},{"@type":"WebPage","@id":"https:\/\/wirtschaftlichefreiheit.de\/wordpress\/?p=7361","url":"https:\/\/wirtschaftlichefreiheit.de\/wordpress\/?p=7361","name":"Seltsame Besatzer: Die \"Occupy\"-Protestbewegung - Wirtschaftliche Freiheit","isPartOf":{"@id":"https:\/\/wirtschaftlichefreiheit.de\/wordpress\/#website"},"datePublished":"2011-10-18T23:01:15+00:00","author":{"@id":"https:\/\/wirtschaftlichefreiheit.de\/wordpress\/#\/schema\/person\/b4e3f13ea24d514f6e985c29be203360"},"breadcrumb":{"@id":"https:\/\/wirtschaftlichefreiheit.de\/wordpress\/?p=7361#breadcrumb"},"inLanguage":"de","potentialAction":[{"@type":"ReadAction","target":["https:\/\/wirtschaftlichefreiheit.de\/wordpress\/?p=7361"]}]},{"@type":"BreadcrumbList","@id":"https:\/\/wirtschaftlichefreiheit.de\/wordpress\/?p=7361#breadcrumb","itemListElement":[{"@type":"ListItem","position":1,"name":"Startseite","item":"https:\/\/wirtschaftlichefreiheit.de\/wordpress"},{"@type":"ListItem","position":2,"name":"Seltsame Besatzer: Die &#8222;Occupy&#8220;-Protestbewegung"}]},{"@type":"WebSite","@id":"https:\/\/wirtschaftlichefreiheit.de\/wordpress\/#website","url":"https:\/\/wirtschaftlichefreiheit.de\/wordpress\/","name":"Wirtschaftliche Freiheit","description":"Das ordnungspolitische Journal","potentialAction":[{"@type":"SearchAction","target":{"@type":"EntryPoint","urlTemplate":"https:\/\/wirtschaftlichefreiheit.de\/wordpress\/?s={search_term_string}"},"query-input":{"@type":"PropertyValueSpecification","valueRequired":true,"valueName":"search_term_string"}}],"inLanguage":"de"},{"@type":"Person","@id":"https:\/\/wirtschaftlichefreiheit.de\/wordpress\/#\/schema\/person\/b4e3f13ea24d514f6e985c29be203360","name":"Jan Schnellenbach","image":{"@type":"ImageObject","inLanguage":"de","@id":"https:\/\/wirtschaftlichefreiheit.de\/wordpress\/bilder\/jans.png","url":"https:\/\/wirtschaftlichefreiheit.de\/wordpress\/bilder\/jans.png","contentUrl":"https:\/\/wirtschaftlichefreiheit.de\/wordpress\/bilder\/jans.png","caption":"Jan Schnellenbach"},"description":"Brandenburgische Technische Universit\u00e4t Cottbus","url":"https:\/\/wirtschaftlichefreiheit.de\/wordpress\/?author=37"}]}},"_links":{"self":[{"href":"https:\/\/wirtschaftlichefreiheit.de\/wordpress\/index.php?rest_route=\/wp\/v2\/posts\/7361","targetHints":{"allow":["GET"]}}],"collection":[{"href":"https:\/\/wirtschaftlichefreiheit.de\/wordpress\/index.php?rest_route=\/wp\/v2\/posts"}],"about":[{"href":"https:\/\/wirtschaftlichefreiheit.de\/wordpress\/index.php?rest_route=\/wp\/v2\/types\/post"}],"author":[{"embeddable":true,"href":"https:\/\/wirtschaftlichefreiheit.de\/wordpress\/index.php?rest_route=\/wp\/v2\/users\/37"}],"replies":[{"embeddable":true,"href":"https:\/\/wirtschaftlichefreiheit.de\/wordpress\/index.php?rest_route=%2Fwp%2Fv2%2Fcomments&post=7361"}],"version-history":[{"count":2,"href":"https:\/\/wirtschaftlichefreiheit.de\/wordpress\/index.php?rest_route=\/wp\/v2\/posts\/7361\/revisions"}],"predecessor-version":[{"id":7368,"href":"https:\/\/wirtschaftlichefreiheit.de\/wordpress\/index.php?rest_route=\/wp\/v2\/posts\/7361\/revisions\/7368"}],"wp:attachment":[{"href":"https:\/\/wirtschaftlichefreiheit.de\/wordpress\/index.php?rest_route=%2Fwp%2Fv2%2Fmedia&parent=7361"}],"wp:term":[{"taxonomy":"category","embeddable":true,"href":"https:\/\/wirtschaftlichefreiheit.de\/wordpress\/index.php?rest_route=%2Fwp%2Fv2%2Fcategories&post=7361"},{"taxonomy":"post_tag","embeddable":true,"href":"https:\/\/wirtschaftlichefreiheit.de\/wordpress\/index.php?rest_route=%2Fwp%2Fv2%2Ftags&post=7361"}],"curies":[{"name":"wp","href":"https:\/\/api.w.org\/{rel}","templated":true}]}}