{"id":7791,"date":"2011-12-06T15:01:14","date_gmt":"2011-12-06T14:01:14","guid":{"rendered":"http:\/\/wirtschaftlichefreiheit.de\/wordpress\/?p=7791"},"modified":"2011-12-24T09:13:06","modified_gmt":"2011-12-24T08:13:06","slug":"versinkt-europa-im-schuldensumpfein-ranking-der-fiskalischen-sunder","status":"publish","type":"post","link":"https:\/\/wirtschaftlichefreiheit.de\/wordpress\/?p=7791","title":{"rendered":"Versinkt Europa im Schuldensumpf?<br><small>Ein Ranking der fiskalischen S\u00fcnder<\/small>"},"content":{"rendered":"<blockquote><p>&#8222;Als es Europa noch besser ging, war der Papst italienisch und der Notenbanker deutsch.&#8220; (Dieter Spethmann)<\/p><\/blockquote>\n<p>Das Endspiel um den Euro hat begonnen. \u00dcber sein Schicksal wird in den n\u00e4chsten Wochen entschieden. Das Problem sind die staatlichen Schuldenberge. \u00dcberall wurden sie \u00fcber Jahrzehnte aufgeh\u00e4uft. Gelingt es der Politik nicht, einen glaubw\u00fcrdigen Plan zum Abbau vorzulegen, wird Europa unter den Schulden begraben. Dann werden Staaten und Banken wie Dominosteine fallen. Das griechische Schicksal der Pleite droht allen. Noch ist Deutschland der Fels in der Brandung. Das kann sich aber schnell \u00e4ndern, wie die angedrohte niedrigere Bewertung des gesamten Euro-Raums von Standard &amp; Poor&#8217;s zeigt. Die fiskalische Lage der L\u00e4nder der EWU ist heterogen. Ein Ranking gibt einen ersten \u00dcberblick \u00fcber kurz- und langfristige fiskalische N\u00f6te.<\/p>\n<p><!--more--><\/p>\n<p style=\"text-align: center;\"><strong>Die Vorgehensweise<\/strong><\/p>\n<p>Auf den ersten Blick behandeln Kapitalm\u00e4rkte die L\u00e4nder recht unterschiedlich. Ein Land wie Italien, das viele f\u00fcr illiquid nicht aber f\u00fcr insolvent halten, zahlt bisweilen h\u00f6here Zinsen als Spanien, von dessen Pleite eine Vielzahl von \u00d6konomen \u00fcberzeugt ist. Noch unverst\u00e4ndlicher wird vielen das Verhalten der M\u00e4rkte, wenn die USA, UK oder Japan betrachtet werden. Japan ist weit h\u00f6her verschuldet als Griechenland. Dennoch kann sich der Staat immer noch zu g\u00fcnstigen Zinsen verschulden. Das gilt auch f\u00fcr die USA und Gro\u00dfbritannien. Offensichtlich gibt es aber neben staatlichen Defiziten und Schuldenst\u00e4nden noch andere Faktoren, die \u00fcber die Tragf\u00e4higkeit von Staatsschulden entscheiden.<\/p>\n<p>Der Internationale W\u00e4hrungsfonds listet in seinem Fiscal Monitor eine Reihe von Indikatoren auf, die Auskunft \u00fcber die fiskalische Lage der L\u00e4nder geben. Wir werden uns im Wesentlichen an diesen Indikatoren orientieren, konnten allerdings mit dem Nettoauslandsverm\u00f6gen und den kapazit\u00e4tssteigernden staatlichen Investitionen zwei weitere wichtige Indikatoren staatlicher fiskalischer Solidit\u00e4t identifizieren. Der IWF unterscheidet generell zwischen kurzfristige und langfristige Indikatoren. In der heutigen Notfallsituation dominieren zwar kurzfristige Faktoren. Die Bewertung der L\u00e4nder durch die M\u00e4rkte h\u00e4ngt aber entscheidend auch von den langfristigen Faktoren ab, die L\u00e4nder fiskalisch beeinflussen.<\/p>\n<p>&nbsp;<\/p>\n<p style=\"text-align: center;\"><a href=\"\/wordpress\/bilder\/kurzind.png\"><img decoding=\"async\" class=\"aligncenter\" title=\"Kurzfristige Indikatoren\" src=\"\/wordpress\/bilder\/kurzind.png\" alt=\"Kurzfristige Indikatoren\" width=\"400\" \/><\/a><br \/>\n<small>&#8211; zum Vergr\u00f6\u00dfern bitte auf die Grafik klicken &#8211; <\/small><\/p>\n<p style=\"text-align: center;\"><a href=\"\/wordpress\/bilder\/langind.png\"><img decoding=\"async\" class=\"aligncenter\" title=\"Langfristige Indikatoren\" src=\"\/wordpress\/bilder\/langind.png\" alt=\"Langfristige Indikatoren\" width=\"400\" \/><\/a><br \/>\n<small>&#8211; zum Vergr\u00f6\u00dfern bitte auf die Grafik klicken &#8211; <\/small><\/p>\n<p>Die Vorgehensweise ist einfach. Wir ranken die L\u00e4nder &#8211; EWU, UK, USA und Japan &#8211; danach, auf welchem Tabellenplatz sie bei den 21 Indikatoren stehen. Das beste Land erh\u00e4lt 10 Punkte, das schlechteste einen Punkt. Die Punkte f\u00fcr die dazwischen liegenden L\u00e4nder werden mithilfe einer linearen Interpolation berechnet. Am Ende werden die\u00c2\u00a0 Punkte f\u00fcr die einzelnen Indikatoren aufsummiert. Kleine L\u00e4nder, wie Estland, Malta, Luxemburg und Zypern, wurden wegen fehlender oder l\u00fcckenhafter Daten nicht ber\u00fccksichtigt. Eine Vereinfachung war bei den Gewichten der einzelnen Indikatoren notwendig. Da die tats\u00e4chlichen Gewichte noch nicht exakt empirisch ermittelt werden konnten,\u00c2\u00a0 werden in einem ersten Schritt die Indikatoren gleich gewichtet.<\/p>\n<p style=\"text-align: center;\"><strong>Das Ranking<\/strong><\/p>\n<p>Das Gesamtranking, in dem alle Indikatoren enthalten sind, zeigt in der Spitze das \u00fcbliche Bild. Von den wirtschaftlich wichtigsten EWU-L\u00e4ndern sind die mit einem Triple A vorn. Erstaunlich ist allerdings, dass der Wackelkandidat Italien und das Vorzeigeland Niederlande nicht weit auseinander liegen. Nach wie vor gilt: <a href=\"http:\/\/wirtschaftlichefreiheit.de\/wordpress\/?p=7556\">Italien ist anders als die PIGS<\/a>. Auf den Abstiegspl\u00e4tzen liegen Griechenland und Portugal. Irland kann sich davon absetzen. Die USA und Japan sind im europ\u00e4ischen Vergleich stark abstiegsgef\u00e4hrdet. Demgegen\u00fcber h\u00e4lt sich Gro\u00dfbritannien weiter in der europ\u00e4ischen Spitzengruppe. Von den wirtschaftlichen Schwergewichten ist nur Deutschland besser.<\/p>\n<p style=\"text-align: center;\"><a href=\"\/wordpress\/bilder\/gesrank.png\"><img decoding=\"async\" class=\"aligncenter\" title=\"Ranking\" src=\"\/wordpress\/bilder\/gesrank.png\" alt=\"Ranking\" width=\"400\" \/><\/a><br \/>\n<small>&#8211; zum Vergr\u00f6\u00dfern bitte auf die Grafik klicken &#8211; <\/small><\/p>\n<p>Das Gesamtranking verdeckt allerdings, dass kurz- und langfristige Indikatoren unterschiedliche fiskalische Entwicklungen anzeigen k\u00f6nnen. Auf den M\u00e4rkten dominieren gegenw\u00e4rtig kurzfristige Faktoren. Bei diesen sind Deutschland, Finnland und \u00d6sterreich vorne. Mit Frankreich tanzt allerdings ein wichtiges Triple A-Land aus der Reihe. Es rangiert hinter Italien vor dem irischen Problemfall und den Abstiegskandidaten Portugal und Griechenland. Auch hier sehen Japan und die USA fiskalisch alt aus. Sie liegen noch hinter Italien und Spanien. Auch Gro\u00dfbritannien verliert an Boden, bleibt allerdings immer noch auf einem sicheren Platz im Mittelfeld.<\/p>\n<p style=\"text-align: center;\"><a href=\"\/wordpress\/bilder\/kurzefrist.png\"><img decoding=\"async\" class=\"aligncenter\" title=\"Ranking nach kurzfristigen fiskalischen Indikatoren\" src=\"\/wordpress\/bilder\/kurzefrist.png\" alt=\"Ranking nach kurzfristigen fiskalischen Indikatoren\" width=\"400\" \/><\/a><br \/>\n<small>&#8211; zum Vergr\u00f6\u00dfern bitte auf die Grafik klicken &#8211; <\/small><\/p>\n<p>Das Bild \u00e4ndert sich jedoch, wenn langfristige Faktoren ber\u00fccksichtigt werden. Vor allem Frankreich kann seine (demographischen) Vorteile ausspielen. Deutschland verliert als Fels in der fiskalischen Brandung an Boden. Die gescholtenen L\u00e4nder Italien und Spanien halten sich im sicheren Mittelfeld. Auch Triple A-L\u00e4nder, wie \u00d6sterreich und die Niederlande, sehen nicht mehr gut aus. Ganz d\u00fcster sieht es langfristig f\u00fcr die USA aus. H\u00e4lt die politische Blockade an, wird sich das Problem weiter versch\u00e4rfen. Sie liegen hinter Portugal und sind kaum besser als Griechenland. Auch Japan ist fiskalisch abstiegsgef\u00e4hrdet. Weiter gut h\u00e4lt sich das hochverschuldete Gro\u00dfbritannien in der Spitzengruppe.<\/p>\n<p style=\"text-align: center;\"><a href=\"\/wordpress\/bilder\/langrank.png\"><img decoding=\"async\" class=\"aligncenter\" title=\"Ranking nach langfristigen fiskalischen Indikatoren\" src=\"\/wordpress\/bilder\/langrank.png\" alt=\"Ranking nach langfristigen fiskalischen Indikatoren\" width=\"400\" \/><\/a><br \/>\n<small>&#8211; zum Vergr\u00f6\u00dfern bitte auf die Grafik klicken &#8211; <\/small><\/p>\n<p style=\"text-align: center;\"><strong>Die L\u00e4nderanalyse<\/strong><\/p>\n<p>Die Ergebnisse f\u00fcr die einzelnen L\u00e4nder basieren nur auf den 21 fiskalischen Faktoren. Mit Frankreich, Deutschland und UK sollen\u00c2\u00a0 exemplarisch drei L\u00e4nder im Detail betrachtet werden. Frankreich ist kurzfristig ein Instabilit\u00e4tsfaktor. Das gr\u00f6\u00dfte Manko sind die hohen Budgetdefizite und Finanzierungserfordernisse. Nicht viel besser steht es um die aktuellen und mittelfristigen Prim\u00e4rsalden. Auch bei der Schuldenquote rei\u00dft Frankreich keine B\u00e4ume aus. L\u00e4ngerfristig ist Frankreich allerdings eher ein Stabilit\u00e4tsanker, liegt es doch bei den Ausgaben f\u00fcr Pensionen ganz vorne. Auch bei der Differenz zwischen Zinssatz und Produktivit\u00e4tswachstum ist Frankreich in der Spitzengruppe.<\/p>\n<p style=\"text-align: center;\"><a href=\"\/wordpress\/bilder\/frarank.png\"><img decoding=\"async\" class=\"aligncenter\" title=\"Ranking Frankreich\" src=\"\/wordpress\/bilder\/frarank.png\" alt=\"Ranking Frankreich\" width=\"400\" \/><\/a><br \/>\n<small>&#8211; zum Vergr\u00f6\u00dfern bitte auf die Grafik klicken &#8211; <\/small><\/p>\n<p>Das wirtschaftlich st\u00e4rkste Land der Europ\u00e4ischen W\u00e4hrungsunion ist Deutschland. Bei der Rettung der EWU kommt ihm eine strategische Rolle zu. Tats\u00e4chlich ist Deutschland fiskalisch stark. Die St\u00e4rken liegen in positiven Prim\u00e4rsalden, relativ geringen gesamtwirtschaftlichen Finanzierungssalden, einem hohen Nettoauslandsverm\u00f6gen und einem noch relativ niedrigen Schuldenstand. Deutschland zeigt fiskalisch aber auch un\u00fcbersehbare Schw\u00e4chen. Die Staatspapiere haben eine relativ kurze Laufzeit, die langfristigen Lasten aus Pensionszahlungen sind \u00fcberdurchschnittlich hoch, die Zinsen \u00fcbersteigen in den n\u00e4chsten Jahren das Wachstum der Produktivit\u00e4t.<\/p>\n<p style=\"text-align: center;\"><a href=\"\/wordpress\/bilder\/gerrank.png\"><img decoding=\"async\" class=\"aligncenter\" title=\"Ranking Deutschland\" src=\"\/wordpress\/bilder\/gerrank.png\" alt=\"Ranking Deutschland\" width=\"400\" \/><\/a><br \/>\n<small>&#8211; zum Vergr\u00f6\u00dfern bitte auf die Grafik klicken &#8211; <\/small><\/p>\n<p>Das Vereinigte K\u00f6nigreich steht fiskalisch besser da, als der Blick auf die aktuell hohen Staatsdefizite vermuten l\u00e4sst. In der kurzen Frist wichtig sind die relativ langen Laufzeiten der Staatspapiere, der geringe Anteil der ausl\u00e4ndischen Gl\u00e4ubiger und die relativ niedrigen Risikoaufschl\u00e4ge f\u00fcr britische Staatspapiere. Das Wachstum der Produktivit\u00e4t \u00fcbersteigt den Zinssatz, der investive Anteil der staatlichen Verschuldung ist relativ hoch. Die fiskalischen Schw\u00e4chen liegen vor allem in den aktuellen und prognostizierten hohen Prim\u00e4rdefiziten. Ernsthafte Schwierigkeiten k\u00f6nnen Gro\u00dfbritannien l\u00e4ngerfristig hingegen aus den wachsenden Ausgaben im Gesundheitssektor erwachsen.<\/p>\n<p style=\"text-align: center;\"><a href=\"\/wordpress\/bilder\/ukrank.png\"><img decoding=\"async\" class=\"aligncenter\" title=\"Ranking UK\" src=\"\/wordpress\/bilder\/ukrank.png\" alt=\"Ranking UK\" width=\"400\" \/><\/a><br \/>\n<small>&#8211; zum Vergr\u00f6\u00dfern bitte auf die Grafik klicken &#8211; <\/small><\/p>\n<p style=\"text-align: center;\"><strong>Fazit<\/strong><\/p>\n<p>Die reiche Welt steckt im staatlichen Schuldensumpf. Sie versinkt darin nur dann nicht, wenn sie vom t\u00f6dlichen aktuellen Kurs abweicht. Alle staatlichen Aufgaben m\u00fcssen auf den Pr\u00fcfstand. Ein kleinerer und effizienterer Staat initiiert mehr wirtschaftliches Wachstum und generiert h\u00f6here staatliche Einnahmen. Dieser Weg ist aber noch wenig wahrscheinlich. Die Politik wird versuchen, weiter zu machen wie bisher. Finanzielle L\u00f6cher sollen auch k\u00fcnftig mit Krediten gestopft werden. \u00dcber Eurobonds degeneriert Europa endg\u00fcltig zur fiskalischen Haftungsunion. Standard &amp; Poor&#8217;s liegt mit dem negativen Ausblick auf den Euro-Raum schon richtig. W\u00e4chst der Widerstand der Geber, wird die Politik die EZB n\u00f6tigen, Staatsschulden in gro\u00dfem Stil zu monetisieren. Europa und die Welt werden dann auch inflation\u00e4r auf den Hund kommen.<\/p>\n<p style=\"text-align: center;\"><strong>Literatur und Datenquellen<\/strong><\/p>\n<p><a href=\"http:\/\/www.imf.org\/external\/pubs\/ft\/fm\/2011\/02\/pdf\/fm1102.pdf\">IMF (2011a)<\/a>: Fiscal Monitor. Adressing Fiscal Challenges to Reduce Economic Risks, <em>World Economic and Financial Surveys<\/em>, Sept. 2011, S.72-73.<\/p>\n<p><a href=\"http:\/\/www.imf.org\/external\/pubs\/ft\/gfsr\/2011\/02\/pdf\/text.pdf\">IMF (2011b)<\/a>: Global Financial Stability Report. Graplling with Crisis Legacies, <em>World Economic and Financial Surveys<\/em>, Sept. 2011, S.8.<\/p>\n<p>EUROSTAT (2011): Balance of payments statistics and International investment positions, Luxemburg.<\/p>\n<p><a href=\"http:\/\/www.cep.eu\/fileadmin\/user_upload\/Kurzanalysen\/CEP-Default-Index\/CEP-Studie_CEP-Default-Index.pdf\">GERKEN, L.\/ KULLAS, M. (2011)<\/a>: CEP-Default-Index. Zur Entwicklung der Kreditf\u00e4higkeit der Euro-L\u00e4nder, <em>cepStudie<\/em>, Freiburg.<\/p>\n<p><img loading=\"lazy\" decoding=\"async\" src=\"http:\/\/vg05.met.vgwort.de\/na\/7a1cfb437d574441aa2220c8198bdf19\" alt=\"\" width=\"1\" height=\"1\" \/><\/p>\n<!-- AddThis Advanced Settings generic via filter on the_content --><!-- AddThis Share Buttons generic via filter on the_content --><!-- AddThis Related Posts generic via filter on the_content -->","protected":false},"excerpt":{"rendered":"<p>&#8222;Als es Europa noch besser ging, war der Papst italienisch und der Notenbanker deutsch.&#8220; (Dieter Spethmann) Das Endspiel um den Euro hat begonnen. \u00dcber sein &hellip; <\/p>\n<p class=\"link-more\"><a href=\"https:\/\/wirtschaftlichefreiheit.de\/wordpress\/?p=7791\" class=\"more-link\"><span class=\"screen-reader-text\">\u201eVersinkt Europa im Schuldensumpf?<br \/><small>Ein Ranking der fiskalischen S\u00fcnder<\/small>\u201c <\/span>weiterlesen<\/a><\/p>\n<p><!-- AddThis Advanced Settings generic via filter on wp_trim_excerpt --><!-- AddThis Share Buttons generic via filter on wp_trim_excerpt --><!-- AddThis Related Posts generic via filter on wp_trim_excerpt --><\/p>\n","protected":false},"author":7,"featured_media":0,"comment_status":"open","ping_status":"open","sticky":false,"template":"","format":"standard","meta":{"footnotes":""},"categories":[6,8,10,33,31,434],"tags":[556,147,636,252,166,59],"class_list":["post-7791","post","type-post","status-publish","format-standard","hentry","category-alles","category-europaisches","category-fiskalisches","category-makrooekonomisches","category-politisches","category-waehrungspolitisches","tag-berthold","tag-euro","tag-ewu","tag-fiskalpolitik","tag-staatsausgaben","tag-staatsverschuldung"],"yoast_head":"<!-- This site is optimized with the Yoast SEO plugin v27.2 - https:\/\/yoast.com\/product\/yoast-seo-wordpress\/ -->\n<title>Versinkt Europa im Schuldensumpf?Ein Ranking der fiskalischen S\u00fcnder - Wirtschaftliche Freiheit<\/title>\n<meta name=\"robots\" content=\"index, follow, max-snippet:-1, max-image-preview:large, max-video-preview:-1\" \/>\n<link rel=\"canonical\" href=\"https:\/\/wirtschaftlichefreiheit.de\/wordpress\/?p=7791\" \/>\n<meta property=\"og:locale\" content=\"de_DE\" \/>\n<meta property=\"og:type\" content=\"article\" \/>\n<meta property=\"og:title\" content=\"Versinkt Europa im Schuldensumpf?Ein Ranking der fiskalischen S\u00fcnder - Wirtschaftliche Freiheit\" \/>\n<meta property=\"og:description\" content=\"&#8222;Als es Europa noch besser ging, war der Papst italienisch und der Notenbanker deutsch.&#8220; (Dieter Spethmann) Das Endspiel um den Euro hat begonnen. \u00dcber sein &hellip; \u201eVersinkt Europa im Schuldensumpf?Ein Ranking der fiskalischen S\u00fcnder\u201c weiterlesen\" \/>\n<meta property=\"og:url\" content=\"https:\/\/wirtschaftlichefreiheit.de\/wordpress\/?p=7791\" \/>\n<meta property=\"og:site_name\" content=\"Wirtschaftliche Freiheit\" \/>\n<meta property=\"article:published_time\" content=\"2011-12-06T14:01:14+00:00\" \/>\n<meta property=\"article:modified_time\" content=\"2011-12-24T08:13:06+00:00\" \/>\n<meta property=\"og:image\" content=\"http:\/\/vg05.met.vgwort.de\/na\/7a1cfb437d574441aa2220c8198bdf19\" \/>\n<meta name=\"author\" content=\"Norbert Berthold\" \/>\n<meta name=\"twitter:card\" content=\"summary_large_image\" \/>\n<meta name=\"twitter:label1\" content=\"Verfasst von\" \/>\n\t<meta name=\"twitter:data1\" content=\"Norbert Berthold\" \/>\n\t<meta name=\"twitter:label2\" content=\"Gesch\u00e4tzte Lesezeit\" \/>\n\t<meta name=\"twitter:data2\" content=\"7\u00a0Minuten\" \/>\n<script type=\"application\/ld+json\" class=\"yoast-schema-graph\">{\"@context\":\"https:\/\/schema.org\",\"@graph\":[{\"@type\":\"Article\",\"@id\":\"https:\/\/wirtschaftlichefreiheit.de\/wordpress\/?p=7791#article\",\"isPartOf\":{\"@id\":\"https:\/\/wirtschaftlichefreiheit.de\/wordpress\/?p=7791\"},\"author\":{\"name\":\"Norbert Berthold\",\"@id\":\"https:\/\/wirtschaftlichefreiheit.de\/wordpress\/#\/schema\/person\/bcf0039b0b5485b761fb6e35ed8ea554\"},\"headline\":\"Versinkt Europa im Schuldensumpf? Ein Ranking der fiskalischen S\u00fcnder\",\"datePublished\":\"2011-12-06T14:01:14+00:00\",\"dateModified\":\"2011-12-24T08:13:06+00:00\",\"mainEntityOfPage\":{\"@id\":\"https:\/\/wirtschaftlichefreiheit.de\/wordpress\/?p=7791\"},\"wordCount\":1321,\"commentCount\":3,\"image\":{\"@id\":\"https:\/\/wirtschaftlichefreiheit.de\/wordpress\/?p=7791#primaryimage\"},\"thumbnailUrl\":\"http:\/\/vg05.met.vgwort.de\/na\/7a1cfb437d574441aa2220c8198bdf19\",\"keywords\":[\"Berthold\",\"Euro\",\"EWU\",\"Fiskalpolitik\",\"Staatsausgaben\",\"Staatsverschuldung\"],\"articleSection\":[\"Alle Kategorien\",\"Europ\u00e4isches\",\"Fiskalisches\",\"Makro\u00f6konomisches\",\"Politisches\",\"W\u00e4hrungspolitisches\"],\"inLanguage\":\"de\",\"potentialAction\":[{\"@type\":\"CommentAction\",\"name\":\"Comment\",\"target\":[\"https:\/\/wirtschaftlichefreiheit.de\/wordpress\/?p=7791#respond\"]}]},{\"@type\":\"WebPage\",\"@id\":\"https:\/\/wirtschaftlichefreiheit.de\/wordpress\/?p=7791\",\"url\":\"https:\/\/wirtschaftlichefreiheit.de\/wordpress\/?p=7791\",\"name\":\"Versinkt Europa im Schuldensumpf? Ein Ranking der fiskalischen S\u00fcnder - Wirtschaftliche Freiheit\",\"isPartOf\":{\"@id\":\"https:\/\/wirtschaftlichefreiheit.de\/wordpress\/#website\"},\"primaryImageOfPage\":{\"@id\":\"https:\/\/wirtschaftlichefreiheit.de\/wordpress\/?p=7791#primaryimage\"},\"image\":{\"@id\":\"https:\/\/wirtschaftlichefreiheit.de\/wordpress\/?p=7791#primaryimage\"},\"thumbnailUrl\":\"http:\/\/vg05.met.vgwort.de\/na\/7a1cfb437d574441aa2220c8198bdf19\",\"datePublished\":\"2011-12-06T14:01:14+00:00\",\"dateModified\":\"2011-12-24T08:13:06+00:00\",\"author\":{\"@id\":\"https:\/\/wirtschaftlichefreiheit.de\/wordpress\/#\/schema\/person\/bcf0039b0b5485b761fb6e35ed8ea554\"},\"breadcrumb\":{\"@id\":\"https:\/\/wirtschaftlichefreiheit.de\/wordpress\/?p=7791#breadcrumb\"},\"inLanguage\":\"de\",\"potentialAction\":[{\"@type\":\"ReadAction\",\"target\":[\"https:\/\/wirtschaftlichefreiheit.de\/wordpress\/?p=7791\"]}]},{\"@type\":\"ImageObject\",\"inLanguage\":\"de\",\"@id\":\"https:\/\/wirtschaftlichefreiheit.de\/wordpress\/?p=7791#primaryimage\",\"url\":\"http:\/\/vg05.met.vgwort.de\/na\/7a1cfb437d574441aa2220c8198bdf19\",\"contentUrl\":\"http:\/\/vg05.met.vgwort.de\/na\/7a1cfb437d574441aa2220c8198bdf19\"},{\"@type\":\"BreadcrumbList\",\"@id\":\"https:\/\/wirtschaftlichefreiheit.de\/wordpress\/?p=7791#breadcrumb\",\"itemListElement\":[{\"@type\":\"ListItem\",\"position\":1,\"name\":\"Startseite\",\"item\":\"https:\/\/wirtschaftlichefreiheit.de\/wordpress\"},{\"@type\":\"ListItem\",\"position\":2,\"name\":\"Versinkt Europa im Schuldensumpf?Ein Ranking der fiskalischen S\u00fcnder\"}]},{\"@type\":\"WebSite\",\"@id\":\"https:\/\/wirtschaftlichefreiheit.de\/wordpress\/#website\",\"url\":\"https:\/\/wirtschaftlichefreiheit.de\/wordpress\/\",\"name\":\"Wirtschaftliche Freiheit\",\"description\":\"Das ordnungspolitische Journal\",\"potentialAction\":[{\"@type\":\"SearchAction\",\"target\":{\"@type\":\"EntryPoint\",\"urlTemplate\":\"https:\/\/wirtschaftlichefreiheit.de\/wordpress\/?s={search_term_string}\"},\"query-input\":{\"@type\":\"PropertyValueSpecification\",\"valueRequired\":true,\"valueName\":\"search_term_string\"}}],\"inLanguage\":\"de\"},{\"@type\":\"Person\",\"@id\":\"https:\/\/wirtschaftlichefreiheit.de\/wordpress\/#\/schema\/person\/bcf0039b0b5485b761fb6e35ed8ea554\",\"name\":\"Norbert Berthold\",\"image\":{\"@type\":\"ImageObject\",\"inLanguage\":\"de\",\"@id\":\"https:\/\/wirtschaftlichefreiheit.de\/wordpress\/bilder\/norbert_berthold.jpg\",\"url\":\"https:\/\/wirtschaftlichefreiheit.de\/wordpress\/bilder\/norbert_berthold.jpg\",\"contentUrl\":\"https:\/\/wirtschaftlichefreiheit.de\/wordpress\/bilder\/norbert_berthold.jpg\",\"caption\":\"Norbert Berthold\"},\"description\":\"Julius-Maximilians-Universit\u00e4t W\u00fcrzburg\",\"url\":\"https:\/\/wirtschaftlichefreiheit.de\/wordpress\/?author=7\"}]}<\/script>\n<!-- \/ Yoast SEO plugin. -->","yoast_head_json":{"title":"Versinkt Europa im Schuldensumpf?Ein Ranking der fiskalischen S\u00fcnder - Wirtschaftliche Freiheit","robots":{"index":"index","follow":"follow","max-snippet":"max-snippet:-1","max-image-preview":"max-image-preview:large","max-video-preview":"max-video-preview:-1"},"canonical":"https:\/\/wirtschaftlichefreiheit.de\/wordpress\/?p=7791","og_locale":"de_DE","og_type":"article","og_title":"Versinkt Europa im Schuldensumpf?Ein Ranking der fiskalischen S\u00fcnder - Wirtschaftliche Freiheit","og_description":"&#8222;Als es Europa noch besser ging, war der Papst italienisch und der Notenbanker deutsch.&#8220; (Dieter Spethmann) Das Endspiel um den Euro hat begonnen. \u00dcber sein &hellip; \u201eVersinkt Europa im Schuldensumpf?Ein Ranking der fiskalischen S\u00fcnder\u201c weiterlesen","og_url":"https:\/\/wirtschaftlichefreiheit.de\/wordpress\/?p=7791","og_site_name":"Wirtschaftliche Freiheit","article_published_time":"2011-12-06T14:01:14+00:00","article_modified_time":"2011-12-24T08:13:06+00:00","og_image":[{"url":"http:\/\/vg05.met.vgwort.de\/na\/7a1cfb437d574441aa2220c8198bdf19","type":"","width":"","height":""}],"author":"Norbert Berthold","twitter_card":"summary_large_image","twitter_misc":{"Verfasst von":"Norbert Berthold","Gesch\u00e4tzte Lesezeit":"7\u00a0Minuten"},"schema":{"@context":"https:\/\/schema.org","@graph":[{"@type":"Article","@id":"https:\/\/wirtschaftlichefreiheit.de\/wordpress\/?p=7791#article","isPartOf":{"@id":"https:\/\/wirtschaftlichefreiheit.de\/wordpress\/?p=7791"},"author":{"name":"Norbert Berthold","@id":"https:\/\/wirtschaftlichefreiheit.de\/wordpress\/#\/schema\/person\/bcf0039b0b5485b761fb6e35ed8ea554"},"headline":"Versinkt Europa im Schuldensumpf? Ein Ranking der fiskalischen S\u00fcnder","datePublished":"2011-12-06T14:01:14+00:00","dateModified":"2011-12-24T08:13:06+00:00","mainEntityOfPage":{"@id":"https:\/\/wirtschaftlichefreiheit.de\/wordpress\/?p=7791"},"wordCount":1321,"commentCount":3,"image":{"@id":"https:\/\/wirtschaftlichefreiheit.de\/wordpress\/?p=7791#primaryimage"},"thumbnailUrl":"http:\/\/vg05.met.vgwort.de\/na\/7a1cfb437d574441aa2220c8198bdf19","keywords":["Berthold","Euro","EWU","Fiskalpolitik","Staatsausgaben","Staatsverschuldung"],"articleSection":["Alle Kategorien","Europ\u00e4isches","Fiskalisches","Makro\u00f6konomisches","Politisches","W\u00e4hrungspolitisches"],"inLanguage":"de","potentialAction":[{"@type":"CommentAction","name":"Comment","target":["https:\/\/wirtschaftlichefreiheit.de\/wordpress\/?p=7791#respond"]}]},{"@type":"WebPage","@id":"https:\/\/wirtschaftlichefreiheit.de\/wordpress\/?p=7791","url":"https:\/\/wirtschaftlichefreiheit.de\/wordpress\/?p=7791","name":"Versinkt Europa im Schuldensumpf? Ein Ranking der fiskalischen S\u00fcnder - Wirtschaftliche Freiheit","isPartOf":{"@id":"https:\/\/wirtschaftlichefreiheit.de\/wordpress\/#website"},"primaryImageOfPage":{"@id":"https:\/\/wirtschaftlichefreiheit.de\/wordpress\/?p=7791#primaryimage"},"image":{"@id":"https:\/\/wirtschaftlichefreiheit.de\/wordpress\/?p=7791#primaryimage"},"thumbnailUrl":"http:\/\/vg05.met.vgwort.de\/na\/7a1cfb437d574441aa2220c8198bdf19","datePublished":"2011-12-06T14:01:14+00:00","dateModified":"2011-12-24T08:13:06+00:00","author":{"@id":"https:\/\/wirtschaftlichefreiheit.de\/wordpress\/#\/schema\/person\/bcf0039b0b5485b761fb6e35ed8ea554"},"breadcrumb":{"@id":"https:\/\/wirtschaftlichefreiheit.de\/wordpress\/?p=7791#breadcrumb"},"inLanguage":"de","potentialAction":[{"@type":"ReadAction","target":["https:\/\/wirtschaftlichefreiheit.de\/wordpress\/?p=7791"]}]},{"@type":"ImageObject","inLanguage":"de","@id":"https:\/\/wirtschaftlichefreiheit.de\/wordpress\/?p=7791#primaryimage","url":"http:\/\/vg05.met.vgwort.de\/na\/7a1cfb437d574441aa2220c8198bdf19","contentUrl":"http:\/\/vg05.met.vgwort.de\/na\/7a1cfb437d574441aa2220c8198bdf19"},{"@type":"BreadcrumbList","@id":"https:\/\/wirtschaftlichefreiheit.de\/wordpress\/?p=7791#breadcrumb","itemListElement":[{"@type":"ListItem","position":1,"name":"Startseite","item":"https:\/\/wirtschaftlichefreiheit.de\/wordpress"},{"@type":"ListItem","position":2,"name":"Versinkt Europa im Schuldensumpf?Ein Ranking der fiskalischen S\u00fcnder"}]},{"@type":"WebSite","@id":"https:\/\/wirtschaftlichefreiheit.de\/wordpress\/#website","url":"https:\/\/wirtschaftlichefreiheit.de\/wordpress\/","name":"Wirtschaftliche Freiheit","description":"Das ordnungspolitische Journal","potentialAction":[{"@type":"SearchAction","target":{"@type":"EntryPoint","urlTemplate":"https:\/\/wirtschaftlichefreiheit.de\/wordpress\/?s={search_term_string}"},"query-input":{"@type":"PropertyValueSpecification","valueRequired":true,"valueName":"search_term_string"}}],"inLanguage":"de"},{"@type":"Person","@id":"https:\/\/wirtschaftlichefreiheit.de\/wordpress\/#\/schema\/person\/bcf0039b0b5485b761fb6e35ed8ea554","name":"Norbert Berthold","image":{"@type":"ImageObject","inLanguage":"de","@id":"https:\/\/wirtschaftlichefreiheit.de\/wordpress\/bilder\/norbert_berthold.jpg","url":"https:\/\/wirtschaftlichefreiheit.de\/wordpress\/bilder\/norbert_berthold.jpg","contentUrl":"https:\/\/wirtschaftlichefreiheit.de\/wordpress\/bilder\/norbert_berthold.jpg","caption":"Norbert Berthold"},"description":"Julius-Maximilians-Universit\u00e4t W\u00fcrzburg","url":"https:\/\/wirtschaftlichefreiheit.de\/wordpress\/?author=7"}]}},"_links":{"self":[{"href":"https:\/\/wirtschaftlichefreiheit.de\/wordpress\/index.php?rest_route=\/wp\/v2\/posts\/7791","targetHints":{"allow":["GET"]}}],"collection":[{"href":"https:\/\/wirtschaftlichefreiheit.de\/wordpress\/index.php?rest_route=\/wp\/v2\/posts"}],"about":[{"href":"https:\/\/wirtschaftlichefreiheit.de\/wordpress\/index.php?rest_route=\/wp\/v2\/types\/post"}],"author":[{"embeddable":true,"href":"https:\/\/wirtschaftlichefreiheit.de\/wordpress\/index.php?rest_route=\/wp\/v2\/users\/7"}],"replies":[{"embeddable":true,"href":"https:\/\/wirtschaftlichefreiheit.de\/wordpress\/index.php?rest_route=%2Fwp%2Fv2%2Fcomments&post=7791"}],"version-history":[{"count":35,"href":"https:\/\/wirtschaftlichefreiheit.de\/wordpress\/index.php?rest_route=\/wp\/v2\/posts\/7791\/revisions"}],"predecessor-version":[{"id":7971,"href":"https:\/\/wirtschaftlichefreiheit.de\/wordpress\/index.php?rest_route=\/wp\/v2\/posts\/7791\/revisions\/7971"}],"wp:attachment":[{"href":"https:\/\/wirtschaftlichefreiheit.de\/wordpress\/index.php?rest_route=%2Fwp%2Fv2%2Fmedia&parent=7791"}],"wp:term":[{"taxonomy":"category","embeddable":true,"href":"https:\/\/wirtschaftlichefreiheit.de\/wordpress\/index.php?rest_route=%2Fwp%2Fv2%2Fcategories&post=7791"},{"taxonomy":"post_tag","embeddable":true,"href":"https:\/\/wirtschaftlichefreiheit.de\/wordpress\/index.php?rest_route=%2Fwp%2Fv2%2Ftags&post=7791"}],"curies":[{"name":"wp","href":"https:\/\/api.w.org\/{rel}","templated":true}]}}